{"id":6603,"date":"2021-06-29T21:56:07","date_gmt":"2021-06-30T00:56:07","guid":{"rendered":"https:\/\/sitsesp.org.br\/novo\/?p=6603"},"modified":"2021-06-29T21:56:07","modified_gmt":"2021-06-30T00:56:07","slug":"informe-assembleia-do-setor-de-enfermagem-aprova-a-escala-12x36","status":"publish","type":"post","link":"https:\/\/www.sitsesp.org.br\/novo\/informe-assembleia-do-setor-de-enfermagem-aprova-a-escala-12x36\/","title":{"rendered":"INFORME | ASSEMBLEIA DO SETOR DE ENFERMAGEM APROVA A ESCALA 12X36"},"content":{"rendered":"<p><!-- VideographyWP Plugin Message: Automatic video embedding prevented by plugin options. --><\/p>\n<div>Em 29 de junho \u00e0s 20h foi realizada a assembleia do setor da enfermagem do sistema socioeducativo do estado de S\u00e3o Paulo. A categoria aprovou com 85% dos votos a Cl\u00e1usula \u2013 Enfermagem do diss\u00eddio coletivo, julgada pelo TRT em 23 de junho.<\/div>\n<div><\/div>\n<div>\u201cCL\u00c1USULA-ENFERMAGEM: Os empregados (as) e servidores (as) que prestam seus servi\u00e7os em ambulat\u00f3rios cumprir\u00e3o jornada de trabalho das 07h \u00e0s 19h horas ou das 19h \u00e0s 07hs do dia seguinte, com a presen\u00e7a de um enfermeiro em per\u00edodo integral, podendo haver escala de trabalho no regime 12\u00d736, nos per\u00edodos noturno e diurno, n\u00e3o sendo computado nestas, 01 hora de refei\u00e7\u00e3o e descanso. Par\u00e1grafo Primeiro: Cada Centro de Interna\u00e7\u00e3o dever\u00e1 contar com uma equipe de sa\u00fade individualizada, conforme a lei que rege o exerc\u00edcio da profiss\u00e3o; Par\u00e1grafo Segundo: A jornada semanal dos enfermeiros e auxiliares de enfermagem ser\u00e1 de 30 horas; Par\u00e1grafo terceiro: Os enfermeiros e auxiliares de enfermagem poder\u00e3o fazer 02 (duas) trocas de plant\u00f5es entre si. Par\u00e1grafo quarto: A Funda\u00e7\u00e3o conceder\u00e1 folga no per\u00edodo de escala especial, ou seja, ap\u00f3s o 20\u00ba vig\u00e9simo dia do m\u00eas de dezembro. Par\u00e1grafo quinto: O setor da sa\u00fade contar\u00e1 com 3 (tr\u00eas) folgas mensais com o objetivo de reposi\u00e7\u00e3o das horas excedentes geradas pela escala 12\u00d736, al\u00e9m daquelas previstas na Portaria Normativa 337.\u201d<\/div>\n<div><\/div>\n<div>O setor de enfermagem seguir\u00e1 em luta para recuperar a 4\u00aa folga e conquistar melhores condi\u00e7\u00f5es de trabalho, valoriza\u00e7\u00e3o e seguran\u00e7a.<\/div>\n","protected":false},"excerpt":{"rendered":"<p>Em 29 de junho \u00e0s 20h foi realizada a assembleia do setor da enfermagem do sistema socioeducativo do estado de S\u00e3o&hellip;<\/p>\n","protected":false},"author":5,"featured_media":6604,"comment_status":"open","ping_status":"open","sticky":false,"template":"","format":"standard","meta":{"cybocfi_hide_featured_image":"","footnotes":""},"categories":[27,22],"tags":[45,44,37,39],"yoast_head":"<!-- This site is optimized with the Yoast SEO plugin v22.8 - https:\/\/yoast.com\/wordpress\/plugins\/seo\/ -->\n<title>INFORME | ASSEMBLEIA DO SETOR DE ENFERMAGEM APROVA A ESCALA 12X36 - SITSESP<\/title>\n<meta name=\"robots\" content=\"index, follow, max-snippet:-1, max-image-preview:large, max-video-preview:-1\" \/>\n<link rel=\"canonical\" href=\"https:\/\/www.sitsesp.org.br\/novo\/informe-assembleia-do-setor-de-enfermagem-aprova-a-escala-12x36\/\" \/>\n<meta property=\"og:locale\" content=\"pt_BR\" \/>\n<meta property=\"og:type\" content=\"article\" \/>\n<meta property=\"og:title\" content=\"INFORME | ASSEMBLEIA DO SETOR DE ENFERMAGEM APROVA A ESCALA 12X36 - SITSESP\" \/>\n<meta property=\"og:description\" content=\"Em 29 de junho \u00e0s 20h foi realizada a assembleia do setor da enfermagem do sistema socioeducativo do estado de S\u00e3o&hellip;\" \/>\n<meta property=\"og:url\" content=\"https:\/\/www.sitsesp.org.br\/novo\/informe-assembleia-do-setor-de-enfermagem-aprova-a-escala-12x36\/\" \/>\n<meta property=\"og:site_name\" content=\"SITSESP\" \/>\n<meta property=\"article:published_time\" content=\"2021-06-30T00:56:07+00:00\" \/>\n<meta property=\"og:image\" content=\"https:\/\/www.sitsesp.org.br\/novo\/wp-content\/uploads\/2021\/06\/enfermagem29.png\" \/>\n\t<meta property=\"og:image:width\" content=\"800\" \/>\n\t<meta property=\"og:image:height\" content=\"800\" \/>\n\t<meta property=\"og:image:type\" content=\"image\/png\" \/>\n<meta name=\"author\" content=\"imprensa\" \/>\n<meta name=\"twitter:card\" content=\"summary_large_image\" \/>\n<meta name=\"twitter:label1\" content=\"Escrito por\" \/>\n\t<meta name=\"twitter:data1\" content=\"imprensa\" \/>\n\t<meta name=\"twitter:label2\" content=\"Est. tempo de leitura\" \/>\n\t<meta name=\"twitter:data2\" content=\"2 minutos\" \/>\n<script type=\"application\/ld+json\" class=\"yoast-schema-graph\">{\"@context\":\"https:\/\/schema.org\",\"@graph\":[{\"@type\":\"Article\",\"@id\":\"https:\/\/www.sitsesp.org.br\/novo\/informe-assembleia-do-setor-de-enfermagem-aprova-a-escala-12x36\/#article\",\"isPartOf\":{\"@id\":\"https:\/\/www.sitsesp.org.br\/novo\/informe-assembleia-do-setor-de-enfermagem-aprova-a-escala-12x36\/\"},\"author\":{\"name\":\"imprensa\",\"@id\":\"https:\/\/www.sitsesp.org.br\/novo\/#\/schema\/person\/28e42eec160f373e81d0183b3643edbf\"},\"headline\":\"INFORME | ASSEMBLEIA DO SETOR DE ENFERMAGEM APROVA A ESCALA 12X36\",\"datePublished\":\"2021-06-30T00:56:07+00:00\",\"dateModified\":\"2021-06-30T00:56:07+00:00\",\"mainEntityOfPage\":{\"@id\":\"https:\/\/www.sitsesp.org.br\/novo\/informe-assembleia-do-setor-de-enfermagem-aprova-a-escala-12x36\/\"},\"wordCount\":266,\"commentCount\":0,\"publisher\":{\"@id\":\"https:\/\/www.sitsesp.org.br\/novo\/#organization\"},\"image\":{\"@id\":\"https:\/\/www.sitsesp.org.br\/novo\/informe-assembleia-do-setor-de-enfermagem-aprova-a-escala-12x36\/#primaryimage\"},\"thumbnailUrl\":\"https:\/\/www.sitsesp.org.br\/novo\/wp-content\/uploads\/2021\/06\/enfermagem29.png\",\"keywords\":[\"2021\",\"campanha salarial\",\"SITSESP\",\"SOCIOEDUCA\u00c7\u00c3O\"],\"articleSection\":[\"Destaque\",\"Noticias\"],\"inLanguage\":\"pt-BR\",\"potentialAction\":[{\"@type\":\"CommentAction\",\"name\":\"Comment\",\"target\":[\"https:\/\/www.sitsesp.org.br\/novo\/informe-assembleia-do-setor-de-enfermagem-aprova-a-escala-12x36\/#respond\"]}]},{\"@type\":\"WebPage\",\"@id\":\"https:\/\/www.sitsesp.org.br\/novo\/informe-assembleia-do-setor-de-enfermagem-aprova-a-escala-12x36\/\",\"url\":\"https:\/\/www.sitsesp.org.br\/novo\/informe-assembleia-do-setor-de-enfermagem-aprova-a-escala-12x36\/\",\"name\":\"INFORME | ASSEMBLEIA DO SETOR DE ENFERMAGEM APROVA A ESCALA 12X36 - SITSESP\",\"isPartOf\":{\"@id\":\"https:\/\/www.sitsesp.org.br\/novo\/#website\"},\"primaryImageOfPage\":{\"@id\":\"https:\/\/www.sitsesp.org.br\/novo\/informe-assembleia-do-setor-de-enfermagem-aprova-a-escala-12x36\/#primaryimage\"},\"image\":{\"@id\":\"https:\/\/www.sitsesp.org.br\/novo\/informe-assembleia-do-setor-de-enfermagem-aprova-a-escala-12x36\/#primaryimage\"},\"thumbnailUrl\":\"https:\/\/www.sitsesp.org.br\/novo\/wp-content\/uploads\/2021\/06\/enfermagem29.png\",\"datePublished\":\"2021-06-30T00:56:07+00:00\",\"dateModified\":\"2021-06-30T00:56:07+00:00\",\"breadcrumb\":{\"@id\":\"https:\/\/www.sitsesp.org.br\/novo\/informe-assembleia-do-setor-de-enfermagem-aprova-a-escala-12x36\/#breadcrumb\"},\"inLanguage\":\"pt-BR\",\"potentialAction\":[{\"@type\":\"ReadAction\",\"target\":[\"https:\/\/www.sitsesp.org.br\/novo\/informe-assembleia-do-setor-de-enfermagem-aprova-a-escala-12x36\/\"]}]},{\"@type\":\"ImageObject\",\"inLanguage\":\"pt-BR\",\"@id\":\"https:\/\/www.sitsesp.org.br\/novo\/informe-assembleia-do-setor-de-enfermagem-aprova-a-escala-12x36\/#primaryimage\",\"url\":\"https:\/\/www.sitsesp.org.br\/novo\/wp-content\/uploads\/2021\/06\/enfermagem29.png\",\"contentUrl\":\"https:\/\/www.sitsesp.org.br\/novo\/wp-content\/uploads\/2021\/06\/enfermagem29.png\",\"width\":800,\"height\":800},{\"@type\":\"BreadcrumbList\",\"@id\":\"https:\/\/www.sitsesp.org.br\/novo\/informe-assembleia-do-setor-de-enfermagem-aprova-a-escala-12x36\/#breadcrumb\",\"itemListElement\":[{\"@type\":\"ListItem\",\"position\":1,\"name\":\"In\u00edcio\",\"item\":\"https:\/\/www.sitsesp.org.br\/novo\/\"},{\"@type\":\"ListItem\",\"position\":2,\"name\":\"INFORME | ASSEMBLEIA DO SETOR DE ENFERMAGEM APROVA A ESCALA 12X36\"}]},{\"@type\":\"WebSite\",\"@id\":\"https:\/\/www.sitsesp.org.br\/novo\/#website\",\"url\":\"https:\/\/www.sitsesp.org.br\/novo\/\",\"name\":\"Sitsesp\",\"description\":\"SIndicato da Socioeduca\u00e7\u00e3o do Estado de S\u00e3o Paulo\",\"publisher\":{\"@id\":\"https:\/\/www.sitsesp.org.br\/novo\/#organization\"},\"potentialAction\":[{\"@type\":\"SearchAction\",\"target\":{\"@type\":\"EntryPoint\",\"urlTemplate\":\"https:\/\/www.sitsesp.org.br\/novo\/?s={search_term_string}\"},\"query-input\":\"required name=search_term_string\"}],\"inLanguage\":\"pt-BR\"},{\"@type\":\"Organization\",\"@id\":\"https:\/\/www.sitsesp.org.br\/novo\/#organization\",\"name\":\"Sitsesp\",\"url\":\"https:\/\/www.sitsesp.org.br\/novo\/\",\"logo\":{\"@type\":\"ImageObject\",\"inLanguage\":\"pt-BR\",\"@id\":\"https:\/\/www.sitsesp.org.br\/novo\/#\/schema\/logo\/image\/\",\"url\":\"https:\/\/www.sitsesp.org.br\/novo\/wp-content\/uploads\/2020\/09\/Design-sem-nome-1.jpg\",\"contentUrl\":\"https:\/\/www.sitsesp.org.br\/novo\/wp-content\/uploads\/2020\/09\/Design-sem-nome-1.jpg\",\"width\":300,\"height\":300,\"caption\":\"Sitsesp\"},\"image\":{\"@id\":\"https:\/\/www.sitsesp.org.br\/novo\/#\/schema\/logo\/image\/\"}},{\"@type\":\"Person\",\"@id\":\"https:\/\/www.sitsesp.org.br\/novo\/#\/schema\/person\/28e42eec160f373e81d0183b3643edbf\",\"name\":\"imprensa\",\"image\":{\"@type\":\"ImageObject\",\"inLanguage\":\"pt-BR\",\"@id\":\"https:\/\/www.sitsesp.org.br\/novo\/#\/schema\/person\/image\/\",\"url\":\"https:\/\/secure.gravatar.com\/avatar\/8d6ccd8d7d52b8959f34154e87d3fa29?s=96&d=mm&r=g\",\"contentUrl\":\"https:\/\/secure.gravatar.com\/avatar\/8d6ccd8d7d52b8959f34154e87d3fa29?s=96&d=mm&r=g\",\"caption\":\"imprensa\"}}]}<\/script>\n<!-- \/ Yoast SEO plugin. -->","yoast_head_json":{"title":"INFORME | ASSEMBLEIA DO SETOR DE ENFERMAGEM APROVA A ESCALA 12X36 - SITSESP","robots":{"index":"index","follow":"follow","max-snippet":"max-snippet:-1","max-image-preview":"max-image-preview:large","max-video-preview":"max-video-preview:-1"},"canonical":"https:\/\/www.sitsesp.org.br\/novo\/informe-assembleia-do-setor-de-enfermagem-aprova-a-escala-12x36\/","og_locale":"pt_BR","og_type":"article","og_title":"INFORME | ASSEMBLEIA DO SETOR DE ENFERMAGEM APROVA A ESCALA 12X36 - SITSESP","og_description":"Em 29 de junho \u00e0s 20h foi realizada a assembleia do setor da enfermagem do sistema socioeducativo do estado de S\u00e3o&hellip;","og_url":"https:\/\/www.sitsesp.org.br\/novo\/informe-assembleia-do-setor-de-enfermagem-aprova-a-escala-12x36\/","og_site_name":"SITSESP","article_published_time":"2021-06-30T00:56:07+00:00","og_image":[{"width":800,"height":800,"url":"https:\/\/www.sitsesp.org.br\/novo\/wp-content\/uploads\/2021\/06\/enfermagem29.png","type":"image\/png"}],"author":"imprensa","twitter_card":"summary_large_image","twitter_misc":{"Escrito por":"imprensa","Est. tempo de leitura":"2 minutos"},"schema":{"@context":"https:\/\/schema.org","@graph":[{"@type":"Article","@id":"https:\/\/www.sitsesp.org.br\/novo\/informe-assembleia-do-setor-de-enfermagem-aprova-a-escala-12x36\/#article","isPartOf":{"@id":"https:\/\/www.sitsesp.org.br\/novo\/informe-assembleia-do-setor-de-enfermagem-aprova-a-escala-12x36\/"},"author":{"name":"imprensa","@id":"https:\/\/www.sitsesp.org.br\/novo\/#\/schema\/person\/28e42eec160f373e81d0183b3643edbf"},"headline":"INFORME | ASSEMBLEIA DO SETOR DE ENFERMAGEM APROVA A ESCALA 12X36","datePublished":"2021-06-30T00:56:07+00:00","dateModified":"2021-06-30T00:56:07+00:00","mainEntityOfPage":{"@id":"https:\/\/www.sitsesp.org.br\/novo\/informe-assembleia-do-setor-de-enfermagem-aprova-a-escala-12x36\/"},"wordCount":266,"commentCount":0,"publisher":{"@id":"https:\/\/www.sitsesp.org.br\/novo\/#organization"},"image":{"@id":"https:\/\/www.sitsesp.org.br\/novo\/informe-assembleia-do-setor-de-enfermagem-aprova-a-escala-12x36\/#primaryimage"},"thumbnailUrl":"https:\/\/www.sitsesp.org.br\/novo\/wp-content\/uploads\/2021\/06\/enfermagem29.png","keywords":["2021","campanha salarial","SITSESP","SOCIOEDUCA\u00c7\u00c3O"],"articleSection":["Destaque","Noticias"],"inLanguage":"pt-BR","potentialAction":[{"@type":"CommentAction","name":"Comment","target":["https:\/\/www.sitsesp.org.br\/novo\/informe-assembleia-do-setor-de-enfermagem-aprova-a-escala-12x36\/#respond"]}]},{"@type":"WebPage","@id":"https:\/\/www.sitsesp.org.br\/novo\/informe-assembleia-do-setor-de-enfermagem-aprova-a-escala-12x36\/","url":"https:\/\/www.sitsesp.org.br\/novo\/informe-assembleia-do-setor-de-enfermagem-aprova-a-escala-12x36\/","name":"INFORME | ASSEMBLEIA DO SETOR DE ENFERMAGEM APROVA A ESCALA 12X36 - SITSESP","isPartOf":{"@id":"https:\/\/www.sitsesp.org.br\/novo\/#website"},"primaryImageOfPage":{"@id":"https:\/\/www.sitsesp.org.br\/novo\/informe-assembleia-do-setor-de-enfermagem-aprova-a-escala-12x36\/#primaryimage"},"image":{"@id":"https:\/\/www.sitsesp.org.br\/novo\/informe-assembleia-do-setor-de-enfermagem-aprova-a-escala-12x36\/#primaryimage"},"thumbnailUrl":"https:\/\/www.sitsesp.org.br\/novo\/wp-content\/uploads\/2021\/06\/enfermagem29.png","datePublished":"2021-06-30T00:56:07+00:00","dateModified":"2021-06-30T00:56:07+00:00","breadcrumb":{"@id":"https:\/\/www.sitsesp.org.br\/novo\/informe-assembleia-do-setor-de-enfermagem-aprova-a-escala-12x36\/#breadcrumb"},"inLanguage":"pt-BR","potentialAction":[{"@type":"ReadAction","target":["https:\/\/www.sitsesp.org.br\/novo\/informe-assembleia-do-setor-de-enfermagem-aprova-a-escala-12x36\/"]}]},{"@type":"ImageObject","inLanguage":"pt-BR","@id":"https:\/\/www.sitsesp.org.br\/novo\/informe-assembleia-do-setor-de-enfermagem-aprova-a-escala-12x36\/#primaryimage","url":"https:\/\/www.sitsesp.org.br\/novo\/wp-content\/uploads\/2021\/06\/enfermagem29.png","contentUrl":"https:\/\/www.sitsesp.org.br\/novo\/wp-content\/uploads\/2021\/06\/enfermagem29.png","width":800,"height":800},{"@type":"BreadcrumbList","@id":"https:\/\/www.sitsesp.org.br\/novo\/informe-assembleia-do-setor-de-enfermagem-aprova-a-escala-12x36\/#breadcrumb","itemListElement":[{"@type":"ListItem","position":1,"name":"In\u00edcio","item":"https:\/\/www.sitsesp.org.br\/novo\/"},{"@type":"ListItem","position":2,"name":"INFORME | ASSEMBLEIA DO SETOR DE ENFERMAGEM APROVA A ESCALA 12X36"}]},{"@type":"WebSite","@id":"https:\/\/www.sitsesp.org.br\/novo\/#website","url":"https:\/\/www.sitsesp.org.br\/novo\/","name":"Sitsesp","description":"SIndicato da Socioeduca\u00e7\u00e3o do Estado de S\u00e3o Paulo","publisher":{"@id":"https:\/\/www.sitsesp.org.br\/novo\/#organization"},"potentialAction":[{"@type":"SearchAction","target":{"@type":"EntryPoint","urlTemplate":"https:\/\/www.sitsesp.org.br\/novo\/?s={search_term_string}"},"query-input":"required name=search_term_string"}],"inLanguage":"pt-BR"},{"@type":"Organization","@id":"https:\/\/www.sitsesp.org.br\/novo\/#organization","name":"Sitsesp","url":"https:\/\/www.sitsesp.org.br\/novo\/","logo":{"@type":"ImageObject","inLanguage":"pt-BR","@id":"https:\/\/www.sitsesp.org.br\/novo\/#\/schema\/logo\/image\/","url":"https:\/\/www.sitsesp.org.br\/novo\/wp-content\/uploads\/2020\/09\/Design-sem-nome-1.jpg","contentUrl":"https:\/\/www.sitsesp.org.br\/novo\/wp-content\/uploads\/2020\/09\/Design-sem-nome-1.jpg","width":300,"height":300,"caption":"Sitsesp"},"image":{"@id":"https:\/\/www.sitsesp.org.br\/novo\/#\/schema\/logo\/image\/"}},{"@type":"Person","@id":"https:\/\/www.sitsesp.org.br\/novo\/#\/schema\/person\/28e42eec160f373e81d0183b3643edbf","name":"imprensa","image":{"@type":"ImageObject","inLanguage":"pt-BR","@id":"https:\/\/www.sitsesp.org.br\/novo\/#\/schema\/person\/image\/","url":"https:\/\/secure.gravatar.com\/avatar\/8d6ccd8d7d52b8959f34154e87d3fa29?s=96&d=mm&r=g","contentUrl":"https:\/\/secure.gravatar.com\/avatar\/8d6ccd8d7d52b8959f34154e87d3fa29?s=96&d=mm&r=g","caption":"imprensa"}}]}},"_links":{"self":[{"href":"https:\/\/www.sitsesp.org.br\/novo\/wp-json\/wp\/v2\/posts\/6603"}],"collection":[{"href":"https:\/\/www.sitsesp.org.br\/novo\/wp-json\/wp\/v2\/posts"}],"about":[{"href":"https:\/\/www.sitsesp.org.br\/novo\/wp-json\/wp\/v2\/types\/post"}],"author":[{"embeddable":true,"href":"https:\/\/www.sitsesp.org.br\/novo\/wp-json\/wp\/v2\/users\/5"}],"replies":[{"embeddable":true,"href":"https:\/\/www.sitsesp.org.br\/novo\/wp-json\/wp\/v2\/comments?post=6603"}],"version-history":[{"count":1,"href":"https:\/\/www.sitsesp.org.br\/novo\/wp-json\/wp\/v2\/posts\/6603\/revisions"}],"predecessor-version":[{"id":6605,"href":"https:\/\/www.sitsesp.org.br\/novo\/wp-json\/wp\/v2\/posts\/6603\/revisions\/6605"}],"wp:featuredmedia":[{"embeddable":true,"href":"https:\/\/www.sitsesp.org.br\/novo\/wp-json\/wp\/v2\/media\/6604"}],"wp:attachment":[{"href":"https:\/\/www.sitsesp.org.br\/novo\/wp-json\/wp\/v2\/media?parent=6603"}],"wp:term":[{"taxonomy":"category","embeddable":true,"href":"https:\/\/www.sitsesp.org.br\/novo\/wp-json\/wp\/v2\/categories?post=6603"},{"taxonomy":"post_tag","embeddable":true,"href":"https:\/\/www.sitsesp.org.br\/novo\/wp-json\/wp\/v2\/tags?post=6603"}],"curies":[{"name":"wp","href":"https:\/\/api.w.org\/{rel}","templated":true}]}}