{"id":6690,"date":"2021-07-27T17:45:45","date_gmt":"2021-07-27T20:45:45","guid":{"rendered":"https:\/\/sitsesp.org.br\/novo\/?p=6690"},"modified":"2021-07-27T17:45:45","modified_gmt":"2021-07-27T20:45:45","slug":"mais-um-ato-de-terrorismo-realizado-na-calada-da-noite-pela-direcao-da-fundacao-casa-e-por-este-governo-nefasto-de-sp-unidade-de-rio-claro-fechando","status":"publish","type":"post","link":"https:\/\/www.sitsesp.org.br\/novo\/mais-um-ato-de-terrorismo-realizado-na-calada-da-noite-pela-direcao-da-fundacao-casa-e-por-este-governo-nefasto-de-sp-unidade-de-rio-claro-fechando\/","title":{"rendered":"MAIS UM ATO DE TERRORISMO REALIZADO NA CALADA DA NOITE PELA DIRE\u00c7\u00c3O DA FUNDA\u00c7\u00c3O CASA E POR ESTE GOVERNO NEFASTO DE SP. UNIDADE DE RIO CLARO FECHANDO"},"content":{"rendered":"<p><!-- VideographyWP Plugin Message: Automatic video embedding prevented by plugin options. --><br \/>\nO SITSESP, mais uma vez, foi desafiado e desrespeitado por essa dire\u00e7\u00e3o mal\u00e9fica da Funda\u00e7\u00e3o CASA quando, na calada da noite, resolveu fechar o Centro CASA Rio Claro sem informar a categoria por interm\u00e9dio do Sindicato e de seus servidores que ali labutam.<\/p>\n<p>Apenas hoje o SITSESP ficou sabendo, atrav\u00e9s dos servidores do Centro Rio Claro, que amanh\u00e3 28\/07\/2021 o Centro Rio Claro ser\u00e1 fechado e haver\u00e1 uma anu\u00eancia nesse mesmo dia para \u201cJOGAR\u201d, isso mesmo, \u201cJOGAR\u201d os servidores para outros Centros longe de seus locais de domic\u00edlio familiar. O SITSESP deixa claro que se a Funda\u00e7\u00e3o CASA, por meio de seus gestores, ou pessoas que est\u00e3o imbu\u00eddas em jogar os servidores contra o sindicato, informarem que a entidade sindical sabia disso<strong>, isto \u00e9 MENTIRA.<\/strong><\/p>\n<p>\u00c9 lament\u00e1vel o que este governo est\u00e1 tramando para os servidores p\u00fablicos de todas as categorias do estado de S\u00e3o Paulo, em especial, aquelas que n\u00e3o colaboram com seus caixas eleitorais, onde eles podem simplesmente tirar vantagem para encherem seus bolsos em \u00e9pocas de elei\u00e7\u00f5es.<\/p>\n<p>Est\u00e3o tirando direitos e fechando postos de servi\u00e7os de Agentes Socioeducativos, Professores envolvidos na socioeduca\u00e7\u00e3o de adolescentes em conflito com a Lei e educa\u00e7\u00e3o, Policiais Civis, Policiais Militares, etc&#8230;<\/p>\n<p>Temos que nos unir contra este c\u00e2ncer que est\u00e1 assolando o ESTADO DA FEDERA\u00c7\u00c3O MAIS RICO E CAPTADOR DE IMPOSTOS NO NOSSO PAIS, minguando nossos sal\u00e1rios e matando os seus servidores de fome, retirando direitos e benef\u00edcios de todas as categorias de servidores p\u00fablicos, que foram conseguidos \u00e0s custas de muitas lutas e, agora, fechando mais postos de servi\u00e7o sem ao menos dar satisfa\u00e7\u00e3o aos representantes destes servidores.<\/p>\n<p>O SITSESP estar\u00e1 presente amanh\u00e3 nesta anu\u00eancia orientando juridicamente os seus servidores quanto a este terrorismo ditatorial que este governo e a presid\u00eancia da Funda\u00e7\u00e3o CASA est\u00e3o causando a categoria socioeducativa e estaremos divulgando na grande m\u00eddia do Estado de S\u00e3o Paulo.<\/p>\n","protected":false},"excerpt":{"rendered":"<p>O SITSESP, mais uma vez, foi desafiado e desrespeitado por essa dire\u00e7\u00e3o mal\u00e9fica da Funda\u00e7\u00e3o CASA quando, na calada da noite,&hellip;<\/p>\n","protected":false},"author":5,"featured_media":6691,"comment_status":"open","ping_status":"open","sticky":false,"template":"","format":"standard","meta":{"cybocfi_hide_featured_image":"","footnotes":""},"categories":[27,22],"tags":[38,37,39],"yoast_head":"<!-- This site is optimized with the Yoast SEO plugin v22.8 - https:\/\/yoast.com\/wordpress\/plugins\/seo\/ -->\n<title>MAIS UM ATO DE TERRORISMO REALIZADO NA CALADA DA NOITE PELA DIRE\u00c7\u00c3O DA FUNDA\u00c7\u00c3O CASA E POR ESTE GOVERNO NEFASTO DE SP. UNIDADE DE RIO CLARO FECHANDO - SITSESP<\/title>\n<meta name=\"robots\" content=\"index, follow, max-snippet:-1, max-image-preview:large, max-video-preview:-1\" \/>\n<link rel=\"canonical\" href=\"https:\/\/www.sitsesp.org.br\/novo\/mais-um-ato-de-terrorismo-realizado-na-calada-da-noite-pela-direcao-da-fundacao-casa-e-por-este-governo-nefasto-de-sp-unidade-de-rio-claro-fechando\/\" \/>\n<meta property=\"og:locale\" content=\"pt_BR\" \/>\n<meta property=\"og:type\" content=\"article\" \/>\n<meta property=\"og:title\" content=\"MAIS UM ATO DE TERRORISMO REALIZADO NA CALADA DA NOITE PELA DIRE\u00c7\u00c3O DA FUNDA\u00c7\u00c3O CASA E POR ESTE GOVERNO NEFASTO DE SP. UNIDADE DE RIO CLARO FECHANDO - SITSESP\" \/>\n<meta property=\"og:description\" content=\"O SITSESP, mais uma vez, foi desafiado e desrespeitado por essa dire\u00e7\u00e3o mal\u00e9fica da Funda\u00e7\u00e3o CASA quando, na calada da noite,&hellip;\" \/>\n<meta property=\"og:url\" content=\"https:\/\/www.sitsesp.org.br\/novo\/mais-um-ato-de-terrorismo-realizado-na-calada-da-noite-pela-direcao-da-fundacao-casa-e-por-este-governo-nefasto-de-sp-unidade-de-rio-claro-fechando\/\" \/>\n<meta property=\"og:site_name\" content=\"SITSESP\" \/>\n<meta property=\"article:published_time\" content=\"2021-07-27T20:45:45+00:00\" \/>\n<meta property=\"og:image\" content=\"https:\/\/www.sitsesp.org.br\/novo\/wp-content\/uploads\/2021\/07\/terroristas.jpg\" \/>\n\t<meta property=\"og:image:width\" content=\"800\" \/>\n\t<meta property=\"og:image:height\" content=\"800\" \/>\n\t<meta property=\"og:image:type\" content=\"image\/jpeg\" \/>\n<meta name=\"author\" content=\"imprensa\" \/>\n<meta name=\"twitter:card\" content=\"summary_large_image\" \/>\n<meta name=\"twitter:label1\" content=\"Escrito por\" \/>\n\t<meta name=\"twitter:data1\" content=\"imprensa\" \/>\n\t<meta name=\"twitter:label2\" content=\"Est. tempo de leitura\" \/>\n\t<meta name=\"twitter:data2\" content=\"2 minutos\" \/>\n<script type=\"application\/ld+json\" class=\"yoast-schema-graph\">{\"@context\":\"https:\/\/schema.org\",\"@graph\":[{\"@type\":\"Article\",\"@id\":\"https:\/\/www.sitsesp.org.br\/novo\/mais-um-ato-de-terrorismo-realizado-na-calada-da-noite-pela-direcao-da-fundacao-casa-e-por-este-governo-nefasto-de-sp-unidade-de-rio-claro-fechando\/#article\",\"isPartOf\":{\"@id\":\"https:\/\/www.sitsesp.org.br\/novo\/mais-um-ato-de-terrorismo-realizado-na-calada-da-noite-pela-direcao-da-fundacao-casa-e-por-este-governo-nefasto-de-sp-unidade-de-rio-claro-fechando\/\"},\"author\":{\"name\":\"imprensa\",\"@id\":\"https:\/\/www.sitsesp.org.br\/novo\/#\/schema\/person\/28e42eec160f373e81d0183b3643edbf\"},\"headline\":\"MAIS UM ATO DE TERRORISMO REALIZADO NA CALADA DA NOITE PELA DIRE\u00c7\u00c3O DA FUNDA\u00c7\u00c3O CASA E POR ESTE GOVERNO NEFASTO DE SP. UNIDADE DE RIO CLARO FECHANDO\",\"datePublished\":\"2021-07-27T20:45:45+00:00\",\"dateModified\":\"2021-07-27T20:45:45+00:00\",\"mainEntityOfPage\":{\"@id\":\"https:\/\/www.sitsesp.org.br\/novo\/mais-um-ato-de-terrorismo-realizado-na-calada-da-noite-pela-direcao-da-fundacao-casa-e-por-este-governo-nefasto-de-sp-unidade-de-rio-claro-fechando\/\"},\"wordCount\":367,\"commentCount\":0,\"publisher\":{\"@id\":\"https:\/\/www.sitsesp.org.br\/novo\/#organization\"},\"image\":{\"@id\":\"https:\/\/www.sitsesp.org.br\/novo\/mais-um-ato-de-terrorismo-realizado-na-calada-da-noite-pela-direcao-da-fundacao-casa-e-por-este-governo-nefasto-de-sp-unidade-de-rio-claro-fechando\/#primaryimage\"},\"thumbnailUrl\":\"https:\/\/www.sitsesp.org.br\/novo\/wp-content\/uploads\/2021\/07\/terroristas.jpg\",\"keywords\":[\"Funda\u00e7\u00e3o CASA\",\"SITSESP\",\"SOCIOEDUCA\u00c7\u00c3O\"],\"articleSection\":[\"Destaque\",\"Noticias\"],\"inLanguage\":\"pt-BR\",\"potentialAction\":[{\"@type\":\"CommentAction\",\"name\":\"Comment\",\"target\":[\"https:\/\/www.sitsesp.org.br\/novo\/mais-um-ato-de-terrorismo-realizado-na-calada-da-noite-pela-direcao-da-fundacao-casa-e-por-este-governo-nefasto-de-sp-unidade-de-rio-claro-fechando\/#respond\"]}]},{\"@type\":\"WebPage\",\"@id\":\"https:\/\/www.sitsesp.org.br\/novo\/mais-um-ato-de-terrorismo-realizado-na-calada-da-noite-pela-direcao-da-fundacao-casa-e-por-este-governo-nefasto-de-sp-unidade-de-rio-claro-fechando\/\",\"url\":\"https:\/\/www.sitsesp.org.br\/novo\/mais-um-ato-de-terrorismo-realizado-na-calada-da-noite-pela-direcao-da-fundacao-casa-e-por-este-governo-nefasto-de-sp-unidade-de-rio-claro-fechando\/\",\"name\":\"MAIS UM ATO DE TERRORISMO REALIZADO NA CALADA DA NOITE PELA DIRE\u00c7\u00c3O DA FUNDA\u00c7\u00c3O CASA E POR ESTE GOVERNO NEFASTO DE SP. UNIDADE DE RIO CLARO FECHANDO - SITSESP\",\"isPartOf\":{\"@id\":\"https:\/\/www.sitsesp.org.br\/novo\/#website\"},\"primaryImageOfPage\":{\"@id\":\"https:\/\/www.sitsesp.org.br\/novo\/mais-um-ato-de-terrorismo-realizado-na-calada-da-noite-pela-direcao-da-fundacao-casa-e-por-este-governo-nefasto-de-sp-unidade-de-rio-claro-fechando\/#primaryimage\"},\"image\":{\"@id\":\"https:\/\/www.sitsesp.org.br\/novo\/mais-um-ato-de-terrorismo-realizado-na-calada-da-noite-pela-direcao-da-fundacao-casa-e-por-este-governo-nefasto-de-sp-unidade-de-rio-claro-fechando\/#primaryimage\"},\"thumbnailUrl\":\"https:\/\/www.sitsesp.org.br\/novo\/wp-content\/uploads\/2021\/07\/terroristas.jpg\",\"datePublished\":\"2021-07-27T20:45:45+00:00\",\"dateModified\":\"2021-07-27T20:45:45+00:00\",\"breadcrumb\":{\"@id\":\"https:\/\/www.sitsesp.org.br\/novo\/mais-um-ato-de-terrorismo-realizado-na-calada-da-noite-pela-direcao-da-fundacao-casa-e-por-este-governo-nefasto-de-sp-unidade-de-rio-claro-fechando\/#breadcrumb\"},\"inLanguage\":\"pt-BR\",\"potentialAction\":[{\"@type\":\"ReadAction\",\"target\":[\"https:\/\/www.sitsesp.org.br\/novo\/mais-um-ato-de-terrorismo-realizado-na-calada-da-noite-pela-direcao-da-fundacao-casa-e-por-este-governo-nefasto-de-sp-unidade-de-rio-claro-fechando\/\"]}]},{\"@type\":\"ImageObject\",\"inLanguage\":\"pt-BR\",\"@id\":\"https:\/\/www.sitsesp.org.br\/novo\/mais-um-ato-de-terrorismo-realizado-na-calada-da-noite-pela-direcao-da-fundacao-casa-e-por-este-governo-nefasto-de-sp-unidade-de-rio-claro-fechando\/#primaryimage\",\"url\":\"https:\/\/www.sitsesp.org.br\/novo\/wp-content\/uploads\/2021\/07\/terroristas.jpg\",\"contentUrl\":\"https:\/\/www.sitsesp.org.br\/novo\/wp-content\/uploads\/2021\/07\/terroristas.jpg\",\"width\":800,\"height\":800},{\"@type\":\"BreadcrumbList\",\"@id\":\"https:\/\/www.sitsesp.org.br\/novo\/mais-um-ato-de-terrorismo-realizado-na-calada-da-noite-pela-direcao-da-fundacao-casa-e-por-este-governo-nefasto-de-sp-unidade-de-rio-claro-fechando\/#breadcrumb\",\"itemListElement\":[{\"@type\":\"ListItem\",\"position\":1,\"name\":\"In\u00edcio\",\"item\":\"https:\/\/www.sitsesp.org.br\/novo\/\"},{\"@type\":\"ListItem\",\"position\":2,\"name\":\"MAIS UM ATO DE TERRORISMO REALIZADO NA CALADA DA NOITE PELA DIRE\u00c7\u00c3O DA FUNDA\u00c7\u00c3O CASA E POR ESTE GOVERNO NEFASTO DE SP. UNIDADE DE RIO CLARO FECHANDO\"}]},{\"@type\":\"WebSite\",\"@id\":\"https:\/\/www.sitsesp.org.br\/novo\/#website\",\"url\":\"https:\/\/www.sitsesp.org.br\/novo\/\",\"name\":\"Sitsesp\",\"description\":\"SIndicato da Socioeduca\u00e7\u00e3o do Estado de S\u00e3o Paulo\",\"publisher\":{\"@id\":\"https:\/\/www.sitsesp.org.br\/novo\/#organization\"},\"potentialAction\":[{\"@type\":\"SearchAction\",\"target\":{\"@type\":\"EntryPoint\",\"urlTemplate\":\"https:\/\/www.sitsesp.org.br\/novo\/?s={search_term_string}\"},\"query-input\":\"required name=search_term_string\"}],\"inLanguage\":\"pt-BR\"},{\"@type\":\"Organization\",\"@id\":\"https:\/\/www.sitsesp.org.br\/novo\/#organization\",\"name\":\"Sitsesp\",\"url\":\"https:\/\/www.sitsesp.org.br\/novo\/\",\"logo\":{\"@type\":\"ImageObject\",\"inLanguage\":\"pt-BR\",\"@id\":\"https:\/\/www.sitsesp.org.br\/novo\/#\/schema\/logo\/image\/\",\"url\":\"https:\/\/www.sitsesp.org.br\/novo\/wp-content\/uploads\/2020\/09\/Design-sem-nome-1.jpg\",\"contentUrl\":\"https:\/\/www.sitsesp.org.br\/novo\/wp-content\/uploads\/2020\/09\/Design-sem-nome-1.jpg\",\"width\":300,\"height\":300,\"caption\":\"Sitsesp\"},\"image\":{\"@id\":\"https:\/\/www.sitsesp.org.br\/novo\/#\/schema\/logo\/image\/\"}},{\"@type\":\"Person\",\"@id\":\"https:\/\/www.sitsesp.org.br\/novo\/#\/schema\/person\/28e42eec160f373e81d0183b3643edbf\",\"name\":\"imprensa\",\"image\":{\"@type\":\"ImageObject\",\"inLanguage\":\"pt-BR\",\"@id\":\"https:\/\/www.sitsesp.org.br\/novo\/#\/schema\/person\/image\/\",\"url\":\"https:\/\/secure.gravatar.com\/avatar\/8d6ccd8d7d52b8959f34154e87d3fa29?s=96&d=mm&r=g\",\"contentUrl\":\"https:\/\/secure.gravatar.com\/avatar\/8d6ccd8d7d52b8959f34154e87d3fa29?s=96&d=mm&r=g\",\"caption\":\"imprensa\"}}]}<\/script>\n<!-- \/ Yoast SEO plugin. -->","yoast_head_json":{"title":"MAIS UM ATO DE TERRORISMO REALIZADO NA CALADA DA NOITE PELA DIRE\u00c7\u00c3O DA FUNDA\u00c7\u00c3O CASA E POR ESTE GOVERNO NEFASTO DE SP. UNIDADE DE RIO CLARO FECHANDO - SITSESP","robots":{"index":"index","follow":"follow","max-snippet":"max-snippet:-1","max-image-preview":"max-image-preview:large","max-video-preview":"max-video-preview:-1"},"canonical":"https:\/\/www.sitsesp.org.br\/novo\/mais-um-ato-de-terrorismo-realizado-na-calada-da-noite-pela-direcao-da-fundacao-casa-e-por-este-governo-nefasto-de-sp-unidade-de-rio-claro-fechando\/","og_locale":"pt_BR","og_type":"article","og_title":"MAIS UM ATO DE TERRORISMO REALIZADO NA CALADA DA NOITE PELA DIRE\u00c7\u00c3O DA FUNDA\u00c7\u00c3O CASA E POR ESTE GOVERNO NEFASTO DE SP. UNIDADE DE RIO CLARO FECHANDO - SITSESP","og_description":"O SITSESP, mais uma vez, foi desafiado e desrespeitado por essa dire\u00e7\u00e3o mal\u00e9fica da Funda\u00e7\u00e3o CASA quando, na calada da noite,&hellip;","og_url":"https:\/\/www.sitsesp.org.br\/novo\/mais-um-ato-de-terrorismo-realizado-na-calada-da-noite-pela-direcao-da-fundacao-casa-e-por-este-governo-nefasto-de-sp-unidade-de-rio-claro-fechando\/","og_site_name":"SITSESP","article_published_time":"2021-07-27T20:45:45+00:00","og_image":[{"width":800,"height":800,"url":"https:\/\/www.sitsesp.org.br\/novo\/wp-content\/uploads\/2021\/07\/terroristas.jpg","type":"image\/jpeg"}],"author":"imprensa","twitter_card":"summary_large_image","twitter_misc":{"Escrito por":"imprensa","Est. tempo de leitura":"2 minutos"},"schema":{"@context":"https:\/\/schema.org","@graph":[{"@type":"Article","@id":"https:\/\/www.sitsesp.org.br\/novo\/mais-um-ato-de-terrorismo-realizado-na-calada-da-noite-pela-direcao-da-fundacao-casa-e-por-este-governo-nefasto-de-sp-unidade-de-rio-claro-fechando\/#article","isPartOf":{"@id":"https:\/\/www.sitsesp.org.br\/novo\/mais-um-ato-de-terrorismo-realizado-na-calada-da-noite-pela-direcao-da-fundacao-casa-e-por-este-governo-nefasto-de-sp-unidade-de-rio-claro-fechando\/"},"author":{"name":"imprensa","@id":"https:\/\/www.sitsesp.org.br\/novo\/#\/schema\/person\/28e42eec160f373e81d0183b3643edbf"},"headline":"MAIS UM ATO DE TERRORISMO REALIZADO NA CALADA DA NOITE PELA DIRE\u00c7\u00c3O DA FUNDA\u00c7\u00c3O CASA E POR ESTE GOVERNO NEFASTO DE SP. UNIDADE DE RIO CLARO FECHANDO","datePublished":"2021-07-27T20:45:45+00:00","dateModified":"2021-07-27T20:45:45+00:00","mainEntityOfPage":{"@id":"https:\/\/www.sitsesp.org.br\/novo\/mais-um-ato-de-terrorismo-realizado-na-calada-da-noite-pela-direcao-da-fundacao-casa-e-por-este-governo-nefasto-de-sp-unidade-de-rio-claro-fechando\/"},"wordCount":367,"commentCount":0,"publisher":{"@id":"https:\/\/www.sitsesp.org.br\/novo\/#organization"},"image":{"@id":"https:\/\/www.sitsesp.org.br\/novo\/mais-um-ato-de-terrorismo-realizado-na-calada-da-noite-pela-direcao-da-fundacao-casa-e-por-este-governo-nefasto-de-sp-unidade-de-rio-claro-fechando\/#primaryimage"},"thumbnailUrl":"https:\/\/www.sitsesp.org.br\/novo\/wp-content\/uploads\/2021\/07\/terroristas.jpg","keywords":["Funda\u00e7\u00e3o CASA","SITSESP","SOCIOEDUCA\u00c7\u00c3O"],"articleSection":["Destaque","Noticias"],"inLanguage":"pt-BR","potentialAction":[{"@type":"CommentAction","name":"Comment","target":["https:\/\/www.sitsesp.org.br\/novo\/mais-um-ato-de-terrorismo-realizado-na-calada-da-noite-pela-direcao-da-fundacao-casa-e-por-este-governo-nefasto-de-sp-unidade-de-rio-claro-fechando\/#respond"]}]},{"@type":"WebPage","@id":"https:\/\/www.sitsesp.org.br\/novo\/mais-um-ato-de-terrorismo-realizado-na-calada-da-noite-pela-direcao-da-fundacao-casa-e-por-este-governo-nefasto-de-sp-unidade-de-rio-claro-fechando\/","url":"https:\/\/www.sitsesp.org.br\/novo\/mais-um-ato-de-terrorismo-realizado-na-calada-da-noite-pela-direcao-da-fundacao-casa-e-por-este-governo-nefasto-de-sp-unidade-de-rio-claro-fechando\/","name":"MAIS UM ATO DE TERRORISMO REALIZADO NA CALADA DA NOITE PELA DIRE\u00c7\u00c3O DA FUNDA\u00c7\u00c3O CASA E POR ESTE GOVERNO NEFASTO DE SP. UNIDADE DE RIO CLARO FECHANDO - SITSESP","isPartOf":{"@id":"https:\/\/www.sitsesp.org.br\/novo\/#website"},"primaryImageOfPage":{"@id":"https:\/\/www.sitsesp.org.br\/novo\/mais-um-ato-de-terrorismo-realizado-na-calada-da-noite-pela-direcao-da-fundacao-casa-e-por-este-governo-nefasto-de-sp-unidade-de-rio-claro-fechando\/#primaryimage"},"image":{"@id":"https:\/\/www.sitsesp.org.br\/novo\/mais-um-ato-de-terrorismo-realizado-na-calada-da-noite-pela-direcao-da-fundacao-casa-e-por-este-governo-nefasto-de-sp-unidade-de-rio-claro-fechando\/#primaryimage"},"thumbnailUrl":"https:\/\/www.sitsesp.org.br\/novo\/wp-content\/uploads\/2021\/07\/terroristas.jpg","datePublished":"2021-07-27T20:45:45+00:00","dateModified":"2021-07-27T20:45:45+00:00","breadcrumb":{"@id":"https:\/\/www.sitsesp.org.br\/novo\/mais-um-ato-de-terrorismo-realizado-na-calada-da-noite-pela-direcao-da-fundacao-casa-e-por-este-governo-nefasto-de-sp-unidade-de-rio-claro-fechando\/#breadcrumb"},"inLanguage":"pt-BR","potentialAction":[{"@type":"ReadAction","target":["https:\/\/www.sitsesp.org.br\/novo\/mais-um-ato-de-terrorismo-realizado-na-calada-da-noite-pela-direcao-da-fundacao-casa-e-por-este-governo-nefasto-de-sp-unidade-de-rio-claro-fechando\/"]}]},{"@type":"ImageObject","inLanguage":"pt-BR","@id":"https:\/\/www.sitsesp.org.br\/novo\/mais-um-ato-de-terrorismo-realizado-na-calada-da-noite-pela-direcao-da-fundacao-casa-e-por-este-governo-nefasto-de-sp-unidade-de-rio-claro-fechando\/#primaryimage","url":"https:\/\/www.sitsesp.org.br\/novo\/wp-content\/uploads\/2021\/07\/terroristas.jpg","contentUrl":"https:\/\/www.sitsesp.org.br\/novo\/wp-content\/uploads\/2021\/07\/terroristas.jpg","width":800,"height":800},{"@type":"BreadcrumbList","@id":"https:\/\/www.sitsesp.org.br\/novo\/mais-um-ato-de-terrorismo-realizado-na-calada-da-noite-pela-direcao-da-fundacao-casa-e-por-este-governo-nefasto-de-sp-unidade-de-rio-claro-fechando\/#breadcrumb","itemListElement":[{"@type":"ListItem","position":1,"name":"In\u00edcio","item":"https:\/\/www.sitsesp.org.br\/novo\/"},{"@type":"ListItem","position":2,"name":"MAIS UM ATO DE TERRORISMO REALIZADO NA CALADA DA NOITE PELA DIRE\u00c7\u00c3O DA FUNDA\u00c7\u00c3O CASA E POR ESTE GOVERNO NEFASTO DE SP. UNIDADE DE RIO CLARO FECHANDO"}]},{"@type":"WebSite","@id":"https:\/\/www.sitsesp.org.br\/novo\/#website","url":"https:\/\/www.sitsesp.org.br\/novo\/","name":"Sitsesp","description":"SIndicato da Socioeduca\u00e7\u00e3o do Estado de S\u00e3o Paulo","publisher":{"@id":"https:\/\/www.sitsesp.org.br\/novo\/#organization"},"potentialAction":[{"@type":"SearchAction","target":{"@type":"EntryPoint","urlTemplate":"https:\/\/www.sitsesp.org.br\/novo\/?s={search_term_string}"},"query-input":"required name=search_term_string"}],"inLanguage":"pt-BR"},{"@type":"Organization","@id":"https:\/\/www.sitsesp.org.br\/novo\/#organization","name":"Sitsesp","url":"https:\/\/www.sitsesp.org.br\/novo\/","logo":{"@type":"ImageObject","inLanguage":"pt-BR","@id":"https:\/\/www.sitsesp.org.br\/novo\/#\/schema\/logo\/image\/","url":"https:\/\/www.sitsesp.org.br\/novo\/wp-content\/uploads\/2020\/09\/Design-sem-nome-1.jpg","contentUrl":"https:\/\/www.sitsesp.org.br\/novo\/wp-content\/uploads\/2020\/09\/Design-sem-nome-1.jpg","width":300,"height":300,"caption":"Sitsesp"},"image":{"@id":"https:\/\/www.sitsesp.org.br\/novo\/#\/schema\/logo\/image\/"}},{"@type":"Person","@id":"https:\/\/www.sitsesp.org.br\/novo\/#\/schema\/person\/28e42eec160f373e81d0183b3643edbf","name":"imprensa","image":{"@type":"ImageObject","inLanguage":"pt-BR","@id":"https:\/\/www.sitsesp.org.br\/novo\/#\/schema\/person\/image\/","url":"https:\/\/secure.gravatar.com\/avatar\/8d6ccd8d7d52b8959f34154e87d3fa29?s=96&d=mm&r=g","contentUrl":"https:\/\/secure.gravatar.com\/avatar\/8d6ccd8d7d52b8959f34154e87d3fa29?s=96&d=mm&r=g","caption":"imprensa"}}]}},"_links":{"self":[{"href":"https:\/\/www.sitsesp.org.br\/novo\/wp-json\/wp\/v2\/posts\/6690"}],"collection":[{"href":"https:\/\/www.sitsesp.org.br\/novo\/wp-json\/wp\/v2\/posts"}],"about":[{"href":"https:\/\/www.sitsesp.org.br\/novo\/wp-json\/wp\/v2\/types\/post"}],"author":[{"embeddable":true,"href":"https:\/\/www.sitsesp.org.br\/novo\/wp-json\/wp\/v2\/users\/5"}],"replies":[{"embeddable":true,"href":"https:\/\/www.sitsesp.org.br\/novo\/wp-json\/wp\/v2\/comments?post=6690"}],"version-history":[{"count":1,"href":"https:\/\/www.sitsesp.org.br\/novo\/wp-json\/wp\/v2\/posts\/6690\/revisions"}],"predecessor-version":[{"id":6692,"href":"https:\/\/www.sitsesp.org.br\/novo\/wp-json\/wp\/v2\/posts\/6690\/revisions\/6692"}],"wp:featuredmedia":[{"embeddable":true,"href":"https:\/\/www.sitsesp.org.br\/novo\/wp-json\/wp\/v2\/media\/6691"}],"wp:attachment":[{"href":"https:\/\/www.sitsesp.org.br\/novo\/wp-json\/wp\/v2\/media?parent=6690"}],"wp:term":[{"taxonomy":"category","embeddable":true,"href":"https:\/\/www.sitsesp.org.br\/novo\/wp-json\/wp\/v2\/categories?post=6690"},{"taxonomy":"post_tag","embeddable":true,"href":"https:\/\/www.sitsesp.org.br\/novo\/wp-json\/wp\/v2\/tags?post=6690"}],"curies":[{"name":"wp","href":"https:\/\/api.w.org\/{rel}","templated":true}]}}