{"id":6773,"date":"2021-08-03T08:52:43","date_gmt":"2021-08-03T11:52:43","guid":{"rendered":"https:\/\/sitsesp.org.br\/novo\/?p=6773"},"modified":"2021-08-03T08:52:43","modified_gmt":"2021-08-03T11:52:43","slug":"sitsesp-participa-do-ato-politico-da-frente-paulista-em-defesa-do-servico-publico","status":"publish","type":"post","link":"https:\/\/www.sitsesp.org.br\/novo\/sitsesp-participa-do-ato-politico-da-frente-paulista-em-defesa-do-servico-publico\/","title":{"rendered":"SITSESP PARTICIPA DO ATO POL\u00cdTICO DA FRENTE PAULISTA EM DEFESA DO SERVI\u00c7O P\u00daBLICO"},"content":{"rendered":"<p><!-- VideographyWP Plugin Message: Automatic video embedding prevented by plugin options. --><br \/>\nAconteceu nesta segunda feira (02) um grande movimento da Frente Paulista em Defesa do Servi\u00e7o P\u00fablico com ato que envolveu entidades ligadas ao seguimento sindical e associa\u00e7\u00f5es representativas que lutam contra o desmonte do servi\u00e7o p\u00fablico proposto pela PEC 32\/20 (Reforma Administrativa), pela aprova\u00e7\u00e3o do PDL 22\/20, em defesa do IAMSP e contra a falta de reajuste salarial.<\/p>\n<p>O SITSESP marcou presen\u00e7a no ato com a Presidente Claudia Maria, o Diretor de Forma\u00e7\u00e3o Sindical Iure Teixeira e a Diretora de Benef\u00edcios Josilda Concei\u00e7\u00e3o. Al\u00e9m da participa\u00e7\u00e3o no ato, conversaram tamb\u00e9m com o Deputado Carlos Giannazi que \u00e9 categoricamente contra este projeto de Reforma Administrativa e estiveram no gabinete da Deputada Adriana Borgo conversando sobre o balan\u00e7o da campanha salarial 2021, sobre o or\u00e7amento, PCCS e outras demandas de interesse da categoria e dos servidores p\u00fablicos.<\/p>\n<p>Em discurso no ato que come\u00e7ou \u00e0s 12:30h em frente a entrada dos Deputados, a Presidente do SITSESP Claudia Maria deixa claro os preju\u00edzos que este projeto trar\u00e1 para os servidores p\u00fablicos: <em>\u201cN\u00f3s da categoria socioeducativa tamb\u00e9m somos contra esta reforma administrativa&#8230; n\u00f3s servidores p\u00fablicos prestamos concursos e entramos para o servi\u00e7o p\u00fablico pela porta da frente&#8230; esta reforma n\u00e3o vem para melhorar o nosso trabalho nem para nos beneficiar, vem sim, retirar os nossos direitos que conseguimos ao longo do tempo&#8230; n\u00e3o podemos deixar que isso aconte\u00e7a&#8230; aqui em S\u00e3o Paulo o governo Jo\u00e3o D\u00f3ria vem arrochando o sistema socioeducativo, fechando Centros de interna\u00e7\u00f5es, tirando o alimento dos servidores n\u00e3o podendo levar o p\u00e3o de cada dia aos seus familiares&#8230; trabalhadoras e trabalhadores, vamos entrar nesta luta, contamos com voc\u00eas.\u201d <\/em>\u00a0Finaliza a Presidente do SITSESP Claudia Maria.<\/p>\n<div style=\"width: 854px;\" class=\"wp-video\"><!--[if lt IE 9]><script>document.createElement('video');<\/script><![endif]-->\n<video class=\"wp-video-shortcode\" id=\"video-6773-1\" width=\"854\" height=\"480\" preload=\"metadata\" controls=\"controls\"><source type=\"video\/mp4\" src=\"https:\/\/sitsesp.org.br\/novo\/wp-content\/uploads\/2021\/08\/ato0208.mp4?_=1\" \/><a href=\"https:\/\/sitsesp.org.br\/novo\/wp-content\/uploads\/2021\/08\/ato0208.mp4\">https:\/\/sitsesp.org.br\/novo\/wp-content\/uploads\/2021\/08\/ato0208.mp4<\/a><\/video><\/div>\n<div id=\"penci-post-gallery__16012\" class=\"penci-post-gallery-container justified column-3\" data-height=\"150\" data-margin=\"3\"><a class=\"item-gallery-justified\" href=\"https:\/\/www.sitsesp.org.br\/novo\/wp-content\/uploads\/2021\/08\/WhatsApp-Image-2021-08-02-at-8.56.19-PM-2.jpeg\"><img decoding=\"async\" src=\"https:\/\/www.sitsesp.org.br\/novo\/wp-content\/uploads\/2021\/08\/WhatsApp-Image-2021-08-02-at-8.56.19-PM-2-585x439.jpeg\" alt=\"\" title=\"WhatsApp Image 2021-08-02 at 8.56.19 PM (2)\"><\/a><a class=\"item-gallery-justified\" href=\"https:\/\/www.sitsesp.org.br\/novo\/wp-content\/uploads\/2021\/08\/WhatsApp-Image-2021-08-02-at-8.56.19-PM.jpeg\"><img decoding=\"async\" src=\"https:\/\/www.sitsesp.org.br\/novo\/wp-content\/uploads\/2021\/08\/WhatsApp-Image-2021-08-02-at-8.56.19-PM.jpeg\" alt=\"\" title=\"WhatsApp Image 2021-08-02 at 8.56.19 PM\"><\/a><a class=\"item-gallery-justified\" href=\"https:\/\/www.sitsesp.org.br\/novo\/wp-content\/uploads\/2021\/08\/WhatsApp-Image-2021-08-02-at-8.56.19-PM-1.jpeg\"><img decoding=\"async\" src=\"https:\/\/www.sitsesp.org.br\/novo\/wp-content\/uploads\/2021\/08\/WhatsApp-Image-2021-08-02-at-8.56.19-PM-1-585x276.jpeg\" alt=\"\" title=\"WhatsApp Image 2021-08-02 at 8.56.19 PM (1)\"><\/a><a class=\"item-gallery-justified\" href=\"https:\/\/www.sitsesp.org.br\/novo\/wp-content\/uploads\/2021\/08\/WhatsApp-Image-2021-08-02-at-8.56.18-PM.jpeg\"><img decoding=\"async\" src=\"https:\/\/www.sitsesp.org.br\/novo\/wp-content\/uploads\/2021\/08\/WhatsApp-Image-2021-08-02-at-8.56.18-PM-585x780.jpeg\" alt=\"\" title=\"WhatsApp Image 2021-08-02 at 8.56.18 PM\"><\/a><\/div>\n","protected":false},"excerpt":{"rendered":"<p>Aconteceu nesta segunda feira (02) um grande movimento da Frente Paulista em Defesa do Servi\u00e7o P\u00fablico com ato que envolveu entidades&hellip;<\/p>\n","protected":false},"author":5,"featured_media":6776,"comment_status":"open","ping_status":"open","sticky":false,"template":"","format":"standard","meta":{"cybocfi_hide_featured_image":"","footnotes":""},"categories":[27,22],"tags":[38,40,37,39],"yoast_head":"<!-- This site is optimized with the Yoast SEO plugin v22.8 - https:\/\/yoast.com\/wordpress\/plugins\/seo\/ -->\n<title>SITSESP PARTICIPA DO ATO POL\u00cdTICO DA FRENTE PAULISTA EM DEFESA DO SERVI\u00c7O P\u00daBLICO - SITSESP<\/title>\n<meta name=\"description\" content=\"Aconteceu nesta segunda feira (02) um grande movimento da Frente Paulista em Defesa do Servi\u00e7o P\u00fablico com ato que envolveu entidades ligadas ao seguimento sindical e associa\u00e7\u00f5es representativas que lutam contra o desmonte do servi\u00e7o p\u00fablico proposto pela PEC 32\/20 (Reforma Administrativa), pela aprova\u00e7\u00e3o do PDL 22\/20, em defesa do IAMSP e contra a falta de reajuste salarial.\" \/>\n<meta name=\"robots\" content=\"index, follow, max-snippet:-1, max-image-preview:large, max-video-preview:-1\" \/>\n<link rel=\"canonical\" href=\"https:\/\/www.sitsesp.org.br\/novo\/sitsesp-participa-do-ato-politico-da-frente-paulista-em-defesa-do-servico-publico\/\" \/>\n<meta property=\"og:locale\" content=\"pt_BR\" \/>\n<meta property=\"og:type\" content=\"article\" \/>\n<meta property=\"og:title\" content=\"SITSESP PARTICIPA DO ATO POL\u00cdTICO DA FRENTE PAULISTA EM DEFESA DO SERVI\u00c7O P\u00daBLICO - SITSESP\" \/>\n<meta property=\"og:description\" content=\"Aconteceu nesta segunda feira (02) um grande movimento da Frente Paulista em Defesa do Servi\u00e7o P\u00fablico com ato que envolveu entidades ligadas ao seguimento sindical e associa\u00e7\u00f5es representativas que lutam contra o desmonte do servi\u00e7o p\u00fablico proposto pela PEC 32\/20 (Reforma Administrativa), pela aprova\u00e7\u00e3o do PDL 22\/20, em defesa do IAMSP e contra a falta de reajuste salarial.\" \/>\n<meta property=\"og:url\" content=\"https:\/\/www.sitsesp.org.br\/novo\/sitsesp-participa-do-ato-politico-da-frente-paulista-em-defesa-do-servico-publico\/\" \/>\n<meta property=\"og:site_name\" content=\"SITSESP\" \/>\n<meta property=\"article:published_time\" content=\"2021-08-03T11:52:43+00:00\" \/>\n<meta property=\"og:image\" content=\"https:\/\/www.sitsesp.org.br\/novo\/wp-content\/uploads\/2021\/08\/WhatsApp-Image-2021-08-02-at-8.56.19-PM-2.jpeg\" \/>\n\t<meta property=\"og:image:width\" content=\"800\" \/>\n\t<meta property=\"og:image:height\" content=\"600\" \/>\n\t<meta property=\"og:image:type\" content=\"image\/jpeg\" \/>\n<meta name=\"author\" content=\"imprensa\" \/>\n<meta name=\"twitter:card\" content=\"summary_large_image\" \/>\n<meta name=\"twitter:label1\" content=\"Escrito por\" \/>\n\t<meta name=\"twitter:data1\" content=\"imprensa\" \/>\n\t<meta name=\"twitter:label2\" content=\"Est. tempo de leitura\" \/>\n\t<meta name=\"twitter:data2\" content=\"2 minutos\" \/>\n<script type=\"application\/ld+json\" class=\"yoast-schema-graph\">{\"@context\":\"https:\/\/schema.org\",\"@graph\":[{\"@type\":\"Article\",\"@id\":\"https:\/\/www.sitsesp.org.br\/novo\/sitsesp-participa-do-ato-politico-da-frente-paulista-em-defesa-do-servico-publico\/#article\",\"isPartOf\":{\"@id\":\"https:\/\/www.sitsesp.org.br\/novo\/sitsesp-participa-do-ato-politico-da-frente-paulista-em-defesa-do-servico-publico\/\"},\"author\":{\"name\":\"imprensa\",\"@id\":\"https:\/\/www.sitsesp.org.br\/novo\/#\/schema\/person\/28e42eec160f373e81d0183b3643edbf\"},\"headline\":\"SITSESP PARTICIPA DO ATO POL\u00cdTICO DA FRENTE PAULISTA EM DEFESA DO SERVI\u00c7O P\u00daBLICO\",\"datePublished\":\"2021-08-03T11:52:43+00:00\",\"dateModified\":\"2021-08-03T11:52:43+00:00\",\"mainEntityOfPage\":{\"@id\":\"https:\/\/www.sitsesp.org.br\/novo\/sitsesp-participa-do-ato-politico-da-frente-paulista-em-defesa-do-servico-publico\/\"},\"wordCount\":335,\"commentCount\":0,\"publisher\":{\"@id\":\"https:\/\/www.sitsesp.org.br\/novo\/#organization\"},\"image\":{\"@id\":\"https:\/\/www.sitsesp.org.br\/novo\/sitsesp-participa-do-ato-politico-da-frente-paulista-em-defesa-do-servico-publico\/#primaryimage\"},\"thumbnailUrl\":\"https:\/\/www.sitsesp.org.br\/novo\/wp-content\/uploads\/2021\/08\/WhatsApp-Image-2021-08-02-at-8.56.19-PM-2.jpeg\",\"keywords\":[\"Funda\u00e7\u00e3o CASA\",\"SINDICATO\",\"SITSESP\",\"SOCIOEDUCA\u00c7\u00c3O\"],\"articleSection\":[\"Destaque\",\"Noticias\"],\"inLanguage\":\"pt-BR\",\"potentialAction\":[{\"@type\":\"CommentAction\",\"name\":\"Comment\",\"target\":[\"https:\/\/www.sitsesp.org.br\/novo\/sitsesp-participa-do-ato-politico-da-frente-paulista-em-defesa-do-servico-publico\/#respond\"]}]},{\"@type\":\"WebPage\",\"@id\":\"https:\/\/www.sitsesp.org.br\/novo\/sitsesp-participa-do-ato-politico-da-frente-paulista-em-defesa-do-servico-publico\/\",\"url\":\"https:\/\/www.sitsesp.org.br\/novo\/sitsesp-participa-do-ato-politico-da-frente-paulista-em-defesa-do-servico-publico\/\",\"name\":\"SITSESP PARTICIPA DO ATO POL\u00cdTICO DA FRENTE PAULISTA EM DEFESA DO SERVI\u00c7O P\u00daBLICO - SITSESP\",\"isPartOf\":{\"@id\":\"https:\/\/www.sitsesp.org.br\/novo\/#website\"},\"primaryImageOfPage\":{\"@id\":\"https:\/\/www.sitsesp.org.br\/novo\/sitsesp-participa-do-ato-politico-da-frente-paulista-em-defesa-do-servico-publico\/#primaryimage\"},\"image\":{\"@id\":\"https:\/\/www.sitsesp.org.br\/novo\/sitsesp-participa-do-ato-politico-da-frente-paulista-em-defesa-do-servico-publico\/#primaryimage\"},\"thumbnailUrl\":\"https:\/\/www.sitsesp.org.br\/novo\/wp-content\/uploads\/2021\/08\/WhatsApp-Image-2021-08-02-at-8.56.19-PM-2.jpeg\",\"datePublished\":\"2021-08-03T11:52:43+00:00\",\"dateModified\":\"2021-08-03T11:52:43+00:00\",\"description\":\"Aconteceu nesta segunda feira (02) um grande movimento da Frente Paulista em Defesa do Servi\u00e7o P\u00fablico com ato que envolveu entidades ligadas ao seguimento sindical e associa\u00e7\u00f5es representativas que lutam contra o desmonte do servi\u00e7o p\u00fablico proposto pela PEC 32\/20 (Reforma Administrativa), pela aprova\u00e7\u00e3o do PDL 22\/20, em defesa do IAMSP e contra a falta de reajuste salarial.\",\"breadcrumb\":{\"@id\":\"https:\/\/www.sitsesp.org.br\/novo\/sitsesp-participa-do-ato-politico-da-frente-paulista-em-defesa-do-servico-publico\/#breadcrumb\"},\"inLanguage\":\"pt-BR\",\"potentialAction\":[{\"@type\":\"ReadAction\",\"target\":[\"https:\/\/www.sitsesp.org.br\/novo\/sitsesp-participa-do-ato-politico-da-frente-paulista-em-defesa-do-servico-publico\/\"]}]},{\"@type\":\"ImageObject\",\"inLanguage\":\"pt-BR\",\"@id\":\"https:\/\/www.sitsesp.org.br\/novo\/sitsesp-participa-do-ato-politico-da-frente-paulista-em-defesa-do-servico-publico\/#primaryimage\",\"url\":\"https:\/\/www.sitsesp.org.br\/novo\/wp-content\/uploads\/2021\/08\/WhatsApp-Image-2021-08-02-at-8.56.19-PM-2.jpeg\",\"contentUrl\":\"https:\/\/www.sitsesp.org.br\/novo\/wp-content\/uploads\/2021\/08\/WhatsApp-Image-2021-08-02-at-8.56.19-PM-2.jpeg\",\"width\":800,\"height\":600},{\"@type\":\"BreadcrumbList\",\"@id\":\"https:\/\/www.sitsesp.org.br\/novo\/sitsesp-participa-do-ato-politico-da-frente-paulista-em-defesa-do-servico-publico\/#breadcrumb\",\"itemListElement\":[{\"@type\":\"ListItem\",\"position\":1,\"name\":\"In\u00edcio\",\"item\":\"https:\/\/www.sitsesp.org.br\/novo\/\"},{\"@type\":\"ListItem\",\"position\":2,\"name\":\"SITSESP PARTICIPA DO ATO POL\u00cdTICO DA FRENTE PAULISTA EM DEFESA DO SERVI\u00c7O P\u00daBLICO\"}]},{\"@type\":\"WebSite\",\"@id\":\"https:\/\/www.sitsesp.org.br\/novo\/#website\",\"url\":\"https:\/\/www.sitsesp.org.br\/novo\/\",\"name\":\"Sitsesp\",\"description\":\"SIndicato da Socioeduca\u00e7\u00e3o do Estado de S\u00e3o Paulo\",\"publisher\":{\"@id\":\"https:\/\/www.sitsesp.org.br\/novo\/#organization\"},\"potentialAction\":[{\"@type\":\"SearchAction\",\"target\":{\"@type\":\"EntryPoint\",\"urlTemplate\":\"https:\/\/www.sitsesp.org.br\/novo\/?s={search_term_string}\"},\"query-input\":\"required name=search_term_string\"}],\"inLanguage\":\"pt-BR\"},{\"@type\":\"Organization\",\"@id\":\"https:\/\/www.sitsesp.org.br\/novo\/#organization\",\"name\":\"Sitsesp\",\"url\":\"https:\/\/www.sitsesp.org.br\/novo\/\",\"logo\":{\"@type\":\"ImageObject\",\"inLanguage\":\"pt-BR\",\"@id\":\"https:\/\/www.sitsesp.org.br\/novo\/#\/schema\/logo\/image\/\",\"url\":\"https:\/\/www.sitsesp.org.br\/novo\/wp-content\/uploads\/2020\/09\/Design-sem-nome-1.jpg\",\"contentUrl\":\"https:\/\/www.sitsesp.org.br\/novo\/wp-content\/uploads\/2020\/09\/Design-sem-nome-1.jpg\",\"width\":300,\"height\":300,\"caption\":\"Sitsesp\"},\"image\":{\"@id\":\"https:\/\/www.sitsesp.org.br\/novo\/#\/schema\/logo\/image\/\"}},{\"@type\":\"Person\",\"@id\":\"https:\/\/www.sitsesp.org.br\/novo\/#\/schema\/person\/28e42eec160f373e81d0183b3643edbf\",\"name\":\"imprensa\",\"image\":{\"@type\":\"ImageObject\",\"inLanguage\":\"pt-BR\",\"@id\":\"https:\/\/www.sitsesp.org.br\/novo\/#\/schema\/person\/image\/\",\"url\":\"https:\/\/secure.gravatar.com\/avatar\/8d6ccd8d7d52b8959f34154e87d3fa29?s=96&d=mm&r=g\",\"contentUrl\":\"https:\/\/secure.gravatar.com\/avatar\/8d6ccd8d7d52b8959f34154e87d3fa29?s=96&d=mm&r=g\",\"caption\":\"imprensa\"}}]}<\/script>\n<!-- \/ Yoast SEO plugin. -->","yoast_head_json":{"title":"SITSESP PARTICIPA DO ATO POL\u00cdTICO DA FRENTE PAULISTA EM DEFESA DO SERVI\u00c7O P\u00daBLICO - SITSESP","description":"Aconteceu nesta segunda feira (02) um grande movimento da Frente Paulista em Defesa do Servi\u00e7o P\u00fablico com ato que envolveu entidades ligadas ao seguimento sindical e associa\u00e7\u00f5es representativas que lutam contra o desmonte do servi\u00e7o p\u00fablico proposto pela PEC 32\/20 (Reforma Administrativa), pela aprova\u00e7\u00e3o do PDL 22\/20, em defesa do IAMSP e contra a falta de reajuste salarial.","robots":{"index":"index","follow":"follow","max-snippet":"max-snippet:-1","max-image-preview":"max-image-preview:large","max-video-preview":"max-video-preview:-1"},"canonical":"https:\/\/www.sitsesp.org.br\/novo\/sitsesp-participa-do-ato-politico-da-frente-paulista-em-defesa-do-servico-publico\/","og_locale":"pt_BR","og_type":"article","og_title":"SITSESP PARTICIPA DO ATO POL\u00cdTICO DA FRENTE PAULISTA EM DEFESA DO SERVI\u00c7O P\u00daBLICO - SITSESP","og_description":"Aconteceu nesta segunda feira (02) um grande movimento da Frente Paulista em Defesa do Servi\u00e7o P\u00fablico com ato que envolveu entidades ligadas ao seguimento sindical e associa\u00e7\u00f5es representativas que lutam contra o desmonte do servi\u00e7o p\u00fablico proposto pela PEC 32\/20 (Reforma Administrativa), pela aprova\u00e7\u00e3o do PDL 22\/20, em defesa do IAMSP e contra a falta de reajuste salarial.","og_url":"https:\/\/www.sitsesp.org.br\/novo\/sitsesp-participa-do-ato-politico-da-frente-paulista-em-defesa-do-servico-publico\/","og_site_name":"SITSESP","article_published_time":"2021-08-03T11:52:43+00:00","og_image":[{"width":800,"height":600,"url":"https:\/\/www.sitsesp.org.br\/novo\/wp-content\/uploads\/2021\/08\/WhatsApp-Image-2021-08-02-at-8.56.19-PM-2.jpeg","type":"image\/jpeg"}],"author":"imprensa","twitter_card":"summary_large_image","twitter_misc":{"Escrito por":"imprensa","Est. tempo de leitura":"2 minutos"},"schema":{"@context":"https:\/\/schema.org","@graph":[{"@type":"Article","@id":"https:\/\/www.sitsesp.org.br\/novo\/sitsesp-participa-do-ato-politico-da-frente-paulista-em-defesa-do-servico-publico\/#article","isPartOf":{"@id":"https:\/\/www.sitsesp.org.br\/novo\/sitsesp-participa-do-ato-politico-da-frente-paulista-em-defesa-do-servico-publico\/"},"author":{"name":"imprensa","@id":"https:\/\/www.sitsesp.org.br\/novo\/#\/schema\/person\/28e42eec160f373e81d0183b3643edbf"},"headline":"SITSESP PARTICIPA DO ATO POL\u00cdTICO DA FRENTE PAULISTA EM DEFESA DO SERVI\u00c7O P\u00daBLICO","datePublished":"2021-08-03T11:52:43+00:00","dateModified":"2021-08-03T11:52:43+00:00","mainEntityOfPage":{"@id":"https:\/\/www.sitsesp.org.br\/novo\/sitsesp-participa-do-ato-politico-da-frente-paulista-em-defesa-do-servico-publico\/"},"wordCount":335,"commentCount":0,"publisher":{"@id":"https:\/\/www.sitsesp.org.br\/novo\/#organization"},"image":{"@id":"https:\/\/www.sitsesp.org.br\/novo\/sitsesp-participa-do-ato-politico-da-frente-paulista-em-defesa-do-servico-publico\/#primaryimage"},"thumbnailUrl":"https:\/\/www.sitsesp.org.br\/novo\/wp-content\/uploads\/2021\/08\/WhatsApp-Image-2021-08-02-at-8.56.19-PM-2.jpeg","keywords":["Funda\u00e7\u00e3o CASA","SINDICATO","SITSESP","SOCIOEDUCA\u00c7\u00c3O"],"articleSection":["Destaque","Noticias"],"inLanguage":"pt-BR","potentialAction":[{"@type":"CommentAction","name":"Comment","target":["https:\/\/www.sitsesp.org.br\/novo\/sitsesp-participa-do-ato-politico-da-frente-paulista-em-defesa-do-servico-publico\/#respond"]}]},{"@type":"WebPage","@id":"https:\/\/www.sitsesp.org.br\/novo\/sitsesp-participa-do-ato-politico-da-frente-paulista-em-defesa-do-servico-publico\/","url":"https:\/\/www.sitsesp.org.br\/novo\/sitsesp-participa-do-ato-politico-da-frente-paulista-em-defesa-do-servico-publico\/","name":"SITSESP PARTICIPA DO ATO POL\u00cdTICO DA FRENTE PAULISTA EM DEFESA DO SERVI\u00c7O P\u00daBLICO - SITSESP","isPartOf":{"@id":"https:\/\/www.sitsesp.org.br\/novo\/#website"},"primaryImageOfPage":{"@id":"https:\/\/www.sitsesp.org.br\/novo\/sitsesp-participa-do-ato-politico-da-frente-paulista-em-defesa-do-servico-publico\/#primaryimage"},"image":{"@id":"https:\/\/www.sitsesp.org.br\/novo\/sitsesp-participa-do-ato-politico-da-frente-paulista-em-defesa-do-servico-publico\/#primaryimage"},"thumbnailUrl":"https:\/\/www.sitsesp.org.br\/novo\/wp-content\/uploads\/2021\/08\/WhatsApp-Image-2021-08-02-at-8.56.19-PM-2.jpeg","datePublished":"2021-08-03T11:52:43+00:00","dateModified":"2021-08-03T11:52:43+00:00","description":"Aconteceu nesta segunda feira (02) um grande movimento da Frente Paulista em Defesa do Servi\u00e7o P\u00fablico com ato que envolveu entidades ligadas ao seguimento sindical e associa\u00e7\u00f5es representativas que lutam contra o desmonte do servi\u00e7o p\u00fablico proposto pela PEC 32\/20 (Reforma Administrativa), pela aprova\u00e7\u00e3o do PDL 22\/20, em defesa do IAMSP e contra a falta de reajuste salarial.","breadcrumb":{"@id":"https:\/\/www.sitsesp.org.br\/novo\/sitsesp-participa-do-ato-politico-da-frente-paulista-em-defesa-do-servico-publico\/#breadcrumb"},"inLanguage":"pt-BR","potentialAction":[{"@type":"ReadAction","target":["https:\/\/www.sitsesp.org.br\/novo\/sitsesp-participa-do-ato-politico-da-frente-paulista-em-defesa-do-servico-publico\/"]}]},{"@type":"ImageObject","inLanguage":"pt-BR","@id":"https:\/\/www.sitsesp.org.br\/novo\/sitsesp-participa-do-ato-politico-da-frente-paulista-em-defesa-do-servico-publico\/#primaryimage","url":"https:\/\/www.sitsesp.org.br\/novo\/wp-content\/uploads\/2021\/08\/WhatsApp-Image-2021-08-02-at-8.56.19-PM-2.jpeg","contentUrl":"https:\/\/www.sitsesp.org.br\/novo\/wp-content\/uploads\/2021\/08\/WhatsApp-Image-2021-08-02-at-8.56.19-PM-2.jpeg","width":800,"height":600},{"@type":"BreadcrumbList","@id":"https:\/\/www.sitsesp.org.br\/novo\/sitsesp-participa-do-ato-politico-da-frente-paulista-em-defesa-do-servico-publico\/#breadcrumb","itemListElement":[{"@type":"ListItem","position":1,"name":"In\u00edcio","item":"https:\/\/www.sitsesp.org.br\/novo\/"},{"@type":"ListItem","position":2,"name":"SITSESP PARTICIPA DO ATO POL\u00cdTICO DA FRENTE PAULISTA EM DEFESA DO SERVI\u00c7O P\u00daBLICO"}]},{"@type":"WebSite","@id":"https:\/\/www.sitsesp.org.br\/novo\/#website","url":"https:\/\/www.sitsesp.org.br\/novo\/","name":"Sitsesp","description":"SIndicato da Socioeduca\u00e7\u00e3o do Estado de S\u00e3o Paulo","publisher":{"@id":"https:\/\/www.sitsesp.org.br\/novo\/#organization"},"potentialAction":[{"@type":"SearchAction","target":{"@type":"EntryPoint","urlTemplate":"https:\/\/www.sitsesp.org.br\/novo\/?s={search_term_string}"},"query-input":"required name=search_term_string"}],"inLanguage":"pt-BR"},{"@type":"Organization","@id":"https:\/\/www.sitsesp.org.br\/novo\/#organization","name":"Sitsesp","url":"https:\/\/www.sitsesp.org.br\/novo\/","logo":{"@type":"ImageObject","inLanguage":"pt-BR","@id":"https:\/\/www.sitsesp.org.br\/novo\/#\/schema\/logo\/image\/","url":"https:\/\/www.sitsesp.org.br\/novo\/wp-content\/uploads\/2020\/09\/Design-sem-nome-1.jpg","contentUrl":"https:\/\/www.sitsesp.org.br\/novo\/wp-content\/uploads\/2020\/09\/Design-sem-nome-1.jpg","width":300,"height":300,"caption":"Sitsesp"},"image":{"@id":"https:\/\/www.sitsesp.org.br\/novo\/#\/schema\/logo\/image\/"}},{"@type":"Person","@id":"https:\/\/www.sitsesp.org.br\/novo\/#\/schema\/person\/28e42eec160f373e81d0183b3643edbf","name":"imprensa","image":{"@type":"ImageObject","inLanguage":"pt-BR","@id":"https:\/\/www.sitsesp.org.br\/novo\/#\/schema\/person\/image\/","url":"https:\/\/secure.gravatar.com\/avatar\/8d6ccd8d7d52b8959f34154e87d3fa29?s=96&d=mm&r=g","contentUrl":"https:\/\/secure.gravatar.com\/avatar\/8d6ccd8d7d52b8959f34154e87d3fa29?s=96&d=mm&r=g","caption":"imprensa"}}]}},"_links":{"self":[{"href":"https:\/\/www.sitsesp.org.br\/novo\/wp-json\/wp\/v2\/posts\/6773"}],"collection":[{"href":"https:\/\/www.sitsesp.org.br\/novo\/wp-json\/wp\/v2\/posts"}],"about":[{"href":"https:\/\/www.sitsesp.org.br\/novo\/wp-json\/wp\/v2\/types\/post"}],"author":[{"embeddable":true,"href":"https:\/\/www.sitsesp.org.br\/novo\/wp-json\/wp\/v2\/users\/5"}],"replies":[{"embeddable":true,"href":"https:\/\/www.sitsesp.org.br\/novo\/wp-json\/wp\/v2\/comments?post=6773"}],"version-history":[{"count":1,"href":"https:\/\/www.sitsesp.org.br\/novo\/wp-json\/wp\/v2\/posts\/6773\/revisions"}],"predecessor-version":[{"id":6779,"href":"https:\/\/www.sitsesp.org.br\/novo\/wp-json\/wp\/v2\/posts\/6773\/revisions\/6779"}],"wp:featuredmedia":[{"embeddable":true,"href":"https:\/\/www.sitsesp.org.br\/novo\/wp-json\/wp\/v2\/media\/6776"}],"wp:attachment":[{"href":"https:\/\/www.sitsesp.org.br\/novo\/wp-json\/wp\/v2\/media?parent=6773"}],"wp:term":[{"taxonomy":"category","embeddable":true,"href":"https:\/\/www.sitsesp.org.br\/novo\/wp-json\/wp\/v2\/categories?post=6773"},{"taxonomy":"post_tag","embeddable":true,"href":"https:\/\/www.sitsesp.org.br\/novo\/wp-json\/wp\/v2\/tags?post=6773"}],"curies":[{"name":"wp","href":"https:\/\/api.w.org\/{rel}","templated":true}]}}