{"id":6780,"date":"2021-08-03T20:18:47","date_gmt":"2021-08-03T23:18:47","guid":{"rendered":"https:\/\/sitsesp.org.br\/novo\/?p=6780"},"modified":"2021-08-03T20:18:47","modified_gmt":"2021-08-03T23:18:47","slug":"nota-de-imprensa-do-sitsesp-a-cbn","status":"publish","type":"post","link":"https:\/\/www.sitsesp.org.br\/novo\/nota-de-imprensa-do-sitsesp-a-cbn\/","title":{"rendered":"NOTA DE IMPRENSA DO SITSESP \u00c0 CBN"},"content":{"rendered":"<p><!-- VideographyWP Plugin Message: Automatic video embedding prevented by plugin options. --><br \/>\nEM RESPOSTA DA ENTREVISTA NA CBN S\u00c3O PAULO DO SECRET\u00c1RIO DE JUSTI\u00c7A E PRESIDENTE INTERINO DA FUNDA\u00c7\u00c3O CASA, FERNANDO JOS\u00c9 A JORNALISTA D\u00c9BORA.<\/p>\n<p>Em primeiro lugar, quero ser porta voz do SITSESP, que somos categoricamente contra os fechamentos de Centros, de transfer\u00eancias de Servidores e de adolescentes.<\/p>\n<p>Em segundo lugar, este que se diz Presidente da Funda\u00e7\u00e3o CASA, Fernando Jos\u00e9, \u00e9 um presidente interino que n\u00e3o comparece em nenhuma reuni\u00e3o junto a categoria e nem imagina como funciona um Centro de interna\u00e7\u00e3o socioeducativo.<\/p>\n<p>Vamos, ent\u00e3o, ao que ele explanou para a rep\u00f3rter D\u00e9bora em seu programa hoje da CBN:<\/p>\n<p>Esta restrutura\u00e7\u00e3o na verdade, \u00e9 um desmanche do servi\u00e7o p\u00fablico, especificamente, no setor socioeducativo do estado de S\u00e3o Paulo comandado pelo Governador Jo\u00e3o D\u00f3ria e, esta economia, vem sendo tirada dos trabalhadores que est\u00e3o perdendo seus vales refei\u00e7\u00f5es e alimenta\u00e7\u00f5es, benef\u00edcios e conquistas que foram adquiridos ao longo dos anos pela categoria.<\/p>\n<p>Quando ele diz, PDI (Programa de Demiss\u00e3o Incentivada) na realidade ele est\u00e1 simplesmente obrigando os servidores que s\u00e3o concursados abrirem m\u00e3o dos seus FGTS\u2019s, pagando apenas uma parte dos direitos que o servidor concursado teria direito, onde ele acreditava que mais de 1.800 trabalhadores que se encaixariam neste programa fossem aderir a este absurdo, infelizmente ou felizmente, cerca de 500 servidores aderiram por motivos particulares, mais que foram devidamente orientados pelo departamento jur\u00eddico do sindicato.<\/p>\n<p>Outra inverdade que este presidente interino ausente fala, que 150 centros foram constru\u00eddos em 2015, quando na verdade, os Centros oriundos da antiga FEBEM foram todos aproveitados e apenas algumas unidades denominadas de T-40 foram constru\u00eddas para agregar menor n\u00famero de adolescentes em cumprimento da medida socioeducativa.<\/p>\n<p>Quando ele fala que somos 11.000 mil servidores e pouco mais de 5.000 adolescentes, ele falta com a verdade pois, somente foi reduzido o n\u00famero de adolescentes a partir de 2015, quando a entidade sindical atrav\u00e9s do seu jur\u00eddico, come\u00e7ou a denunciar ao Minist\u00e9rio P\u00fablico do Trabalho, do Estado e das Promotorias que tratam do sistema socioeducativo sobre as superlota\u00e7\u00f5es que existiam naquela \u00e9poca dentro dos Centros. Haviam Centros que comportavam 60, 70, 80 adolescentes e estavam com 110, 115, e at\u00e9 140 adolescentes, inclusive alguns dormindo no ch\u00e3o.<\/p>\n<p>Quando ele fala que s\u00e3o 65% de adolescentes a menos, ele deixa de citar que isso foi apenas depois do Decreto da Pandemia onde v\u00e1rios servidores adoeceram e morreram por falta de uma<\/p>\n<p>&nbsp;<\/p>\n<p>pol\u00edtica de sa\u00fade para os servidores e conseguiram liberar adolescentes com medidas de baixo teor de periculosidade.<\/p>\n<p>Hoje somos menos de 10.000 servidores, e uma grande parte de n\u00f3s, estamos sendo atacados dia a dia por esta gest\u00e3o Fernando\/D\u00f3ria.<\/p>\n<p>N\u00e3o temos insumos como ele diz, para trabalhar. Nos falta \u00e1lcool em gel, luvas, m\u00e1scaras (cada servidor leva a sua) roupas (camisetas, cuecas e bermudas para os adolescentes). Quando ele diz das despesas reduzidas com energia el\u00e9trica, \u00e1gua, e manuten\u00e7\u00e3o dos Centros, ele quer dizer na realidade que est\u00e1 perseguindo os trabalhadores, enviando para longe dos seus domic\u00edlios e fechando os Centros, para no futuro quando aumentar as interna\u00e7\u00f5es, colocarem empresas terceirizadas nos Centros.<\/p>\n<p>Uma das maiores mentiras que ele fala na entrevista, \u00e9 a informatiza\u00e7\u00e3o dos Centros, para os adolescentes ter como ser conectar com o mundo fora da sua medida. H\u00e1 d\u00e9cadas que, quem doa aparelhagem de TV, computador, material para a distra\u00e7\u00e3o dos adolescentes, s\u00e3o os pr\u00f3prios servidores que fazem isso em via de doa\u00e7\u00f5es, pois h\u00e1 muito tempo a Funda\u00e7\u00e3o CASA deixou de enviar este tipo de insumo para os Centros.<\/p>\n<p>Quando ele fala que far\u00e1 parcerias com Prefeituras para assumir algum Centro, mais uma vez, como sempre, ele falta com a verdade, nenhuma prefeitura quer assumir uma despesa com estes Centros, a n\u00e3o ser aquelas que tem como patrono o PSDB\/D\u00f3ria, pois seria uma despesa com aquilo que n\u00e3o funciona de fato.<\/p>\n<p>Mente quando diz que n\u00e3o existe rebeli\u00f5es na Funda\u00e7\u00e3o CASA, onde j\u00e1 teve Centros na capital que ele mesmo visitou e ap\u00f3s sua sa\u00edda houve rebeli\u00e3o. Na sua fala a taxa de reincid\u00eancia \u00e9 de 20% a 25%, quando verificamos nos nossos locais de trabalho uma taxa de at\u00e9 60%. Tem Centros que o adolescente passa pela primeira medida aos 12 anos e aos 17\/18 anos ele j\u00e1 passou cinco ou seis vezes pela \u201csocioeduca\u00e7\u00e3o\u201d nos Centros da Funda\u00e7\u00e3o CASA, isso at\u00e9 a imprensa divulga nos seus cotidianos quando um adolescente \u00e9 apreendido.<\/p>\n<p>Mente mais uma vez quando diz que haver\u00e1 suporte socioeducativo e acompanhamento desses jovens ap\u00f3s sua desinterna\u00e7\u00e3o, mentira, mentira e mentira, pois este governo e outros passados, jamais gastaram ou gastar\u00e3o um centavo para acompanhar o adolescente fora dos recintos de medidas impostas pela justi\u00e7a, n\u00f3 m\u00e1ximo, liberam uma <em>verbinha<\/em> para os tutores visitarem seus adolescentes depois de comprovarem que n\u00e3o tem recursos para irem nos dias de visitas ao Centro.<\/p>\n<p>O trabalho que todos os servidores de todas as \u00e1reas, psicossociais, pedag\u00f3gicos, educacionais, seguran\u00e7a, sa\u00fade e outros, s\u00e3o realizados com refer\u00eancia e maestria dentro da medida socioeducativa, mas quando estes adolescentes s\u00e3o desinternados, \u00e9 Deus no comando, pois o governo, faz a mesma coisa que faz com esses trabalhadores, nada.<\/p>\n<p>Mente outra vez quando fala que abrir\u00e1 licita\u00e7\u00f5es para que o adolescente saia da Funda\u00e7\u00e3o CASA com acompanhamento visando um trabalho, quando ele mesmo encerrou os conv\u00eanios que tinha com o sistema \u201cS\u201d SENAI, SESC e SESI.<\/p>\n<p>O preju\u00edzo que este governo D\u00f3ria com este presidente Fernando Jos\u00e9 vem causando ao sistema Socioeducativo no estado de S\u00e3o Paulo ser\u00e1 irrevers\u00edvel.<\/p>\n<p>As reformas que eles est\u00e3o fazendo, realmente \u00e9 b\u00e1sica, quando ele fala do esgoto e das pinturas, \u00e9 s\u00f3, e mais nada.<\/p>\n<p>Tivemos 33 servidores mortos pela COVID-19, mas esses mesmos servidores, cuidaram para que nenhum adolescente morresse com esta doen\u00e7a.<\/p>\n<p>A realidade \u00e9 uma s\u00f3, o governo quer exterminar com o servi\u00e7o p\u00fablico, principalmente aqueles que n\u00e3o geram receitas, como as Funda\u00e7\u00f5es, educa\u00e7\u00e3o, seguran\u00e7a etc&#8230; Mas aqueles que geram receitas como Metr\u00f4, CPTM e outros setores que geram grandes receitas para seus palanques nas pr\u00f3ximas elei\u00e7\u00f5es, ele vai sempre ceder em alguma coisa.<\/p>\n<p>A categoria socioeducativa do estado de S\u00e3o Paulo est\u00e1 agonizando, desde 2014 sem aumento nos sal\u00e1rios, desde 2019 sem o repasse das infla\u00e7\u00f5es, agora, por meio de portaria normativa, o governo manda os servidores em comorbidades e afastados por idade compulsoriamente, retornarem ao trabalho. Tirando da mesa o seu alimento (vale Refei\u00e7\u00e3o e Alimenta\u00e7\u00e3o) no per\u00edodo que estiveram afastados.<\/p>\n<p>&nbsp;<\/p>\n<p><strong>Israel Leal de Souza<\/strong><br \/>\n<strong>Diretor de Imprensa S<u>ITSESP<\/u><\/strong><\/p>\n","protected":false},"excerpt":{"rendered":"<p>EM RESPOSTA DA ENTREVISTA NA CBN S\u00c3O PAULO DO SECRET\u00c1RIO DE JUSTI\u00c7A E PRESIDENTE INTERINO DA FUNDA\u00c7\u00c3O CASA, FERNANDO JOS\u00c9 A&hellip;<\/p>\n","protected":false},"author":5,"featured_media":6782,"comment_status":"open","ping_status":"open","sticky":false,"template":"","format":"standard","meta":{"cybocfi_hide_featured_image":"","footnotes":""},"categories":[27,22],"tags":[45,38,37,39],"yoast_head":"<!-- This site is optimized with the Yoast SEO plugin v22.8 - https:\/\/yoast.com\/wordpress\/plugins\/seo\/ -->\n<title>NOTA DE IMPRENSA DO SITSESP \u00c0 CBN - SITSESP<\/title>\n<meta name=\"robots\" content=\"index, follow, max-snippet:-1, max-image-preview:large, max-video-preview:-1\" \/>\n<link rel=\"canonical\" href=\"https:\/\/www.sitsesp.org.br\/novo\/nota-de-imprensa-do-sitsesp-a-cbn\/\" \/>\n<meta property=\"og:locale\" content=\"pt_BR\" \/>\n<meta property=\"og:type\" content=\"article\" \/>\n<meta property=\"og:title\" content=\"NOTA DE IMPRENSA DO SITSESP \u00c0 CBN - SITSESP\" \/>\n<meta property=\"og:description\" content=\"EM RESPOSTA DA ENTREVISTA NA CBN S\u00c3O PAULO DO SECRET\u00c1RIO DE JUSTI\u00c7A E PRESIDENTE INTERINO DA FUNDA\u00c7\u00c3O CASA, FERNANDO JOS\u00c9 A&hellip;\" \/>\n<meta property=\"og:url\" content=\"https:\/\/www.sitsesp.org.br\/novo\/nota-de-imprensa-do-sitsesp-a-cbn\/\" \/>\n<meta property=\"og:site_name\" content=\"SITSESP\" \/>\n<meta property=\"article:published_time\" content=\"2021-08-03T23:18:47+00:00\" \/>\n<meta property=\"og:image\" content=\"https:\/\/www.sitsesp.org.br\/novo\/wp-content\/uploads\/2021\/08\/03082.png\" \/>\n\t<meta property=\"og:image:width\" content=\"800\" \/>\n\t<meta property=\"og:image:height\" content=\"800\" \/>\n\t<meta property=\"og:image:type\" content=\"image\/png\" \/>\n<meta name=\"author\" content=\"imprensa\" \/>\n<meta name=\"twitter:card\" content=\"summary_large_image\" \/>\n<meta name=\"twitter:label1\" content=\"Escrito por\" \/>\n\t<meta name=\"twitter:data1\" content=\"imprensa\" \/>\n\t<meta name=\"twitter:label2\" content=\"Est. tempo de leitura\" \/>\n\t<meta name=\"twitter:data2\" content=\"5 minutos\" \/>\n<script type=\"application\/ld+json\" class=\"yoast-schema-graph\">{\"@context\":\"https:\/\/schema.org\",\"@graph\":[{\"@type\":\"Article\",\"@id\":\"https:\/\/www.sitsesp.org.br\/novo\/nota-de-imprensa-do-sitsesp-a-cbn\/#article\",\"isPartOf\":{\"@id\":\"https:\/\/www.sitsesp.org.br\/novo\/nota-de-imprensa-do-sitsesp-a-cbn\/\"},\"author\":{\"name\":\"imprensa\",\"@id\":\"https:\/\/www.sitsesp.org.br\/novo\/#\/schema\/person\/28e42eec160f373e81d0183b3643edbf\"},\"headline\":\"NOTA DE IMPRENSA DO SITSESP \u00c0 CBN\",\"datePublished\":\"2021-08-03T23:18:47+00:00\",\"dateModified\":\"2021-08-03T23:18:47+00:00\",\"mainEntityOfPage\":{\"@id\":\"https:\/\/www.sitsesp.org.br\/novo\/nota-de-imprensa-do-sitsesp-a-cbn\/\"},\"wordCount\":1151,\"commentCount\":0,\"publisher\":{\"@id\":\"https:\/\/www.sitsesp.org.br\/novo\/#organization\"},\"image\":{\"@id\":\"https:\/\/www.sitsesp.org.br\/novo\/nota-de-imprensa-do-sitsesp-a-cbn\/#primaryimage\"},\"thumbnailUrl\":\"https:\/\/www.sitsesp.org.br\/novo\/wp-content\/uploads\/2021\/08\/03082.png\",\"keywords\":[\"2021\",\"Funda\u00e7\u00e3o CASA\",\"SITSESP\",\"SOCIOEDUCA\u00c7\u00c3O\"],\"articleSection\":[\"Destaque\",\"Noticias\"],\"inLanguage\":\"pt-BR\",\"potentialAction\":[{\"@type\":\"CommentAction\",\"name\":\"Comment\",\"target\":[\"https:\/\/www.sitsesp.org.br\/novo\/nota-de-imprensa-do-sitsesp-a-cbn\/#respond\"]}]},{\"@type\":\"WebPage\",\"@id\":\"https:\/\/www.sitsesp.org.br\/novo\/nota-de-imprensa-do-sitsesp-a-cbn\/\",\"url\":\"https:\/\/www.sitsesp.org.br\/novo\/nota-de-imprensa-do-sitsesp-a-cbn\/\",\"name\":\"NOTA DE IMPRENSA DO SITSESP \u00c0 CBN - SITSESP\",\"isPartOf\":{\"@id\":\"https:\/\/www.sitsesp.org.br\/novo\/#website\"},\"primaryImageOfPage\":{\"@id\":\"https:\/\/www.sitsesp.org.br\/novo\/nota-de-imprensa-do-sitsesp-a-cbn\/#primaryimage\"},\"image\":{\"@id\":\"https:\/\/www.sitsesp.org.br\/novo\/nota-de-imprensa-do-sitsesp-a-cbn\/#primaryimage\"},\"thumbnailUrl\":\"https:\/\/www.sitsesp.org.br\/novo\/wp-content\/uploads\/2021\/08\/03082.png\",\"datePublished\":\"2021-08-03T23:18:47+00:00\",\"dateModified\":\"2021-08-03T23:18:47+00:00\",\"breadcrumb\":{\"@id\":\"https:\/\/www.sitsesp.org.br\/novo\/nota-de-imprensa-do-sitsesp-a-cbn\/#breadcrumb\"},\"inLanguage\":\"pt-BR\",\"potentialAction\":[{\"@type\":\"ReadAction\",\"target\":[\"https:\/\/www.sitsesp.org.br\/novo\/nota-de-imprensa-do-sitsesp-a-cbn\/\"]}]},{\"@type\":\"ImageObject\",\"inLanguage\":\"pt-BR\",\"@id\":\"https:\/\/www.sitsesp.org.br\/novo\/nota-de-imprensa-do-sitsesp-a-cbn\/#primaryimage\",\"url\":\"https:\/\/www.sitsesp.org.br\/novo\/wp-content\/uploads\/2021\/08\/03082.png\",\"contentUrl\":\"https:\/\/www.sitsesp.org.br\/novo\/wp-content\/uploads\/2021\/08\/03082.png\",\"width\":800,\"height\":800},{\"@type\":\"BreadcrumbList\",\"@id\":\"https:\/\/www.sitsesp.org.br\/novo\/nota-de-imprensa-do-sitsesp-a-cbn\/#breadcrumb\",\"itemListElement\":[{\"@type\":\"ListItem\",\"position\":1,\"name\":\"In\u00edcio\",\"item\":\"https:\/\/www.sitsesp.org.br\/novo\/\"},{\"@type\":\"ListItem\",\"position\":2,\"name\":\"NOTA DE IMPRENSA DO SITSESP \u00c0 CBN\"}]},{\"@type\":\"WebSite\",\"@id\":\"https:\/\/www.sitsesp.org.br\/novo\/#website\",\"url\":\"https:\/\/www.sitsesp.org.br\/novo\/\",\"name\":\"Sitsesp\",\"description\":\"SIndicato da Socioeduca\u00e7\u00e3o do Estado de S\u00e3o Paulo\",\"publisher\":{\"@id\":\"https:\/\/www.sitsesp.org.br\/novo\/#organization\"},\"potentialAction\":[{\"@type\":\"SearchAction\",\"target\":{\"@type\":\"EntryPoint\",\"urlTemplate\":\"https:\/\/www.sitsesp.org.br\/novo\/?s={search_term_string}\"},\"query-input\":\"required name=search_term_string\"}],\"inLanguage\":\"pt-BR\"},{\"@type\":\"Organization\",\"@id\":\"https:\/\/www.sitsesp.org.br\/novo\/#organization\",\"name\":\"Sitsesp\",\"url\":\"https:\/\/www.sitsesp.org.br\/novo\/\",\"logo\":{\"@type\":\"ImageObject\",\"inLanguage\":\"pt-BR\",\"@id\":\"https:\/\/www.sitsesp.org.br\/novo\/#\/schema\/logo\/image\/\",\"url\":\"https:\/\/www.sitsesp.org.br\/novo\/wp-content\/uploads\/2020\/09\/Design-sem-nome-1.jpg\",\"contentUrl\":\"https:\/\/www.sitsesp.org.br\/novo\/wp-content\/uploads\/2020\/09\/Design-sem-nome-1.jpg\",\"width\":300,\"height\":300,\"caption\":\"Sitsesp\"},\"image\":{\"@id\":\"https:\/\/www.sitsesp.org.br\/novo\/#\/schema\/logo\/image\/\"}},{\"@type\":\"Person\",\"@id\":\"https:\/\/www.sitsesp.org.br\/novo\/#\/schema\/person\/28e42eec160f373e81d0183b3643edbf\",\"name\":\"imprensa\",\"image\":{\"@type\":\"ImageObject\",\"inLanguage\":\"pt-BR\",\"@id\":\"https:\/\/www.sitsesp.org.br\/novo\/#\/schema\/person\/image\/\",\"url\":\"https:\/\/secure.gravatar.com\/avatar\/8d6ccd8d7d52b8959f34154e87d3fa29?s=96&d=mm&r=g\",\"contentUrl\":\"https:\/\/secure.gravatar.com\/avatar\/8d6ccd8d7d52b8959f34154e87d3fa29?s=96&d=mm&r=g\",\"caption\":\"imprensa\"}}]}<\/script>\n<!-- \/ Yoast SEO plugin. -->","yoast_head_json":{"title":"NOTA DE IMPRENSA DO SITSESP \u00c0 CBN - SITSESP","robots":{"index":"index","follow":"follow","max-snippet":"max-snippet:-1","max-image-preview":"max-image-preview:large","max-video-preview":"max-video-preview:-1"},"canonical":"https:\/\/www.sitsesp.org.br\/novo\/nota-de-imprensa-do-sitsesp-a-cbn\/","og_locale":"pt_BR","og_type":"article","og_title":"NOTA DE IMPRENSA DO SITSESP \u00c0 CBN - SITSESP","og_description":"EM RESPOSTA DA ENTREVISTA NA CBN S\u00c3O PAULO DO SECRET\u00c1RIO DE JUSTI\u00c7A E PRESIDENTE INTERINO DA FUNDA\u00c7\u00c3O CASA, FERNANDO JOS\u00c9 A&hellip;","og_url":"https:\/\/www.sitsesp.org.br\/novo\/nota-de-imprensa-do-sitsesp-a-cbn\/","og_site_name":"SITSESP","article_published_time":"2021-08-03T23:18:47+00:00","og_image":[{"width":800,"height":800,"url":"https:\/\/www.sitsesp.org.br\/novo\/wp-content\/uploads\/2021\/08\/03082.png","type":"image\/png"}],"author":"imprensa","twitter_card":"summary_large_image","twitter_misc":{"Escrito por":"imprensa","Est. tempo de leitura":"5 minutos"},"schema":{"@context":"https:\/\/schema.org","@graph":[{"@type":"Article","@id":"https:\/\/www.sitsesp.org.br\/novo\/nota-de-imprensa-do-sitsesp-a-cbn\/#article","isPartOf":{"@id":"https:\/\/www.sitsesp.org.br\/novo\/nota-de-imprensa-do-sitsesp-a-cbn\/"},"author":{"name":"imprensa","@id":"https:\/\/www.sitsesp.org.br\/novo\/#\/schema\/person\/28e42eec160f373e81d0183b3643edbf"},"headline":"NOTA DE IMPRENSA DO SITSESP \u00c0 CBN","datePublished":"2021-08-03T23:18:47+00:00","dateModified":"2021-08-03T23:18:47+00:00","mainEntityOfPage":{"@id":"https:\/\/www.sitsesp.org.br\/novo\/nota-de-imprensa-do-sitsesp-a-cbn\/"},"wordCount":1151,"commentCount":0,"publisher":{"@id":"https:\/\/www.sitsesp.org.br\/novo\/#organization"},"image":{"@id":"https:\/\/www.sitsesp.org.br\/novo\/nota-de-imprensa-do-sitsesp-a-cbn\/#primaryimage"},"thumbnailUrl":"https:\/\/www.sitsesp.org.br\/novo\/wp-content\/uploads\/2021\/08\/03082.png","keywords":["2021","Funda\u00e7\u00e3o CASA","SITSESP","SOCIOEDUCA\u00c7\u00c3O"],"articleSection":["Destaque","Noticias"],"inLanguage":"pt-BR","potentialAction":[{"@type":"CommentAction","name":"Comment","target":["https:\/\/www.sitsesp.org.br\/novo\/nota-de-imprensa-do-sitsesp-a-cbn\/#respond"]}]},{"@type":"WebPage","@id":"https:\/\/www.sitsesp.org.br\/novo\/nota-de-imprensa-do-sitsesp-a-cbn\/","url":"https:\/\/www.sitsesp.org.br\/novo\/nota-de-imprensa-do-sitsesp-a-cbn\/","name":"NOTA DE IMPRENSA DO SITSESP \u00c0 CBN - SITSESP","isPartOf":{"@id":"https:\/\/www.sitsesp.org.br\/novo\/#website"},"primaryImageOfPage":{"@id":"https:\/\/www.sitsesp.org.br\/novo\/nota-de-imprensa-do-sitsesp-a-cbn\/#primaryimage"},"image":{"@id":"https:\/\/www.sitsesp.org.br\/novo\/nota-de-imprensa-do-sitsesp-a-cbn\/#primaryimage"},"thumbnailUrl":"https:\/\/www.sitsesp.org.br\/novo\/wp-content\/uploads\/2021\/08\/03082.png","datePublished":"2021-08-03T23:18:47+00:00","dateModified":"2021-08-03T23:18:47+00:00","breadcrumb":{"@id":"https:\/\/www.sitsesp.org.br\/novo\/nota-de-imprensa-do-sitsesp-a-cbn\/#breadcrumb"},"inLanguage":"pt-BR","potentialAction":[{"@type":"ReadAction","target":["https:\/\/www.sitsesp.org.br\/novo\/nota-de-imprensa-do-sitsesp-a-cbn\/"]}]},{"@type":"ImageObject","inLanguage":"pt-BR","@id":"https:\/\/www.sitsesp.org.br\/novo\/nota-de-imprensa-do-sitsesp-a-cbn\/#primaryimage","url":"https:\/\/www.sitsesp.org.br\/novo\/wp-content\/uploads\/2021\/08\/03082.png","contentUrl":"https:\/\/www.sitsesp.org.br\/novo\/wp-content\/uploads\/2021\/08\/03082.png","width":800,"height":800},{"@type":"BreadcrumbList","@id":"https:\/\/www.sitsesp.org.br\/novo\/nota-de-imprensa-do-sitsesp-a-cbn\/#breadcrumb","itemListElement":[{"@type":"ListItem","position":1,"name":"In\u00edcio","item":"https:\/\/www.sitsesp.org.br\/novo\/"},{"@type":"ListItem","position":2,"name":"NOTA DE IMPRENSA DO SITSESP \u00c0 CBN"}]},{"@type":"WebSite","@id":"https:\/\/www.sitsesp.org.br\/novo\/#website","url":"https:\/\/www.sitsesp.org.br\/novo\/","name":"Sitsesp","description":"SIndicato da Socioeduca\u00e7\u00e3o do Estado de S\u00e3o Paulo","publisher":{"@id":"https:\/\/www.sitsesp.org.br\/novo\/#organization"},"potentialAction":[{"@type":"SearchAction","target":{"@type":"EntryPoint","urlTemplate":"https:\/\/www.sitsesp.org.br\/novo\/?s={search_term_string}"},"query-input":"required name=search_term_string"}],"inLanguage":"pt-BR"},{"@type":"Organization","@id":"https:\/\/www.sitsesp.org.br\/novo\/#organization","name":"Sitsesp","url":"https:\/\/www.sitsesp.org.br\/novo\/","logo":{"@type":"ImageObject","inLanguage":"pt-BR","@id":"https:\/\/www.sitsesp.org.br\/novo\/#\/schema\/logo\/image\/","url":"https:\/\/www.sitsesp.org.br\/novo\/wp-content\/uploads\/2020\/09\/Design-sem-nome-1.jpg","contentUrl":"https:\/\/www.sitsesp.org.br\/novo\/wp-content\/uploads\/2020\/09\/Design-sem-nome-1.jpg","width":300,"height":300,"caption":"Sitsesp"},"image":{"@id":"https:\/\/www.sitsesp.org.br\/novo\/#\/schema\/logo\/image\/"}},{"@type":"Person","@id":"https:\/\/www.sitsesp.org.br\/novo\/#\/schema\/person\/28e42eec160f373e81d0183b3643edbf","name":"imprensa","image":{"@type":"ImageObject","inLanguage":"pt-BR","@id":"https:\/\/www.sitsesp.org.br\/novo\/#\/schema\/person\/image\/","url":"https:\/\/secure.gravatar.com\/avatar\/8d6ccd8d7d52b8959f34154e87d3fa29?s=96&d=mm&r=g","contentUrl":"https:\/\/secure.gravatar.com\/avatar\/8d6ccd8d7d52b8959f34154e87d3fa29?s=96&d=mm&r=g","caption":"imprensa"}}]}},"_links":{"self":[{"href":"https:\/\/www.sitsesp.org.br\/novo\/wp-json\/wp\/v2\/posts\/6780"}],"collection":[{"href":"https:\/\/www.sitsesp.org.br\/novo\/wp-json\/wp\/v2\/posts"}],"about":[{"href":"https:\/\/www.sitsesp.org.br\/novo\/wp-json\/wp\/v2\/types\/post"}],"author":[{"embeddable":true,"href":"https:\/\/www.sitsesp.org.br\/novo\/wp-json\/wp\/v2\/users\/5"}],"replies":[{"embeddable":true,"href":"https:\/\/www.sitsesp.org.br\/novo\/wp-json\/wp\/v2\/comments?post=6780"}],"version-history":[{"count":1,"href":"https:\/\/www.sitsesp.org.br\/novo\/wp-json\/wp\/v2\/posts\/6780\/revisions"}],"predecessor-version":[{"id":6783,"href":"https:\/\/www.sitsesp.org.br\/novo\/wp-json\/wp\/v2\/posts\/6780\/revisions\/6783"}],"wp:featuredmedia":[{"embeddable":true,"href":"https:\/\/www.sitsesp.org.br\/novo\/wp-json\/wp\/v2\/media\/6782"}],"wp:attachment":[{"href":"https:\/\/www.sitsesp.org.br\/novo\/wp-json\/wp\/v2\/media?parent=6780"}],"wp:term":[{"taxonomy":"category","embeddable":true,"href":"https:\/\/www.sitsesp.org.br\/novo\/wp-json\/wp\/v2\/categories?post=6780"},{"taxonomy":"post_tag","embeddable":true,"href":"https:\/\/www.sitsesp.org.br\/novo\/wp-json\/wp\/v2\/tags?post=6780"}],"curies":[{"name":"wp","href":"https:\/\/api.w.org\/{rel}","templated":true}]}}