{"id":6784,"date":"2021-08-05T12:21:43","date_gmt":"2021-08-05T15:21:43","guid":{"rendered":"https:\/\/sitsesp.org.br\/novo\/?p=6784"},"modified":"2021-08-07T10:02:12","modified_gmt":"2021-08-07T13:02:12","slug":"eleicao-de-delegados-sindicais-confira-datas-e-locais-de-votacao","status":"publish","type":"post","link":"https:\/\/www.sitsesp.org.br\/novo\/eleicao-de-delegados-sindicais-confira-datas-e-locais-de-votacao\/","title":{"rendered":"Elei\u00e7\u00e3o de  delegados sindicais &#8211; Confira datas e locais de vota\u00e7\u00e3o"},"content":{"rendered":"<p><!-- VideographyWP Plugin Message: Automatic video embedding prevented by plugin options. --><br \/>\n<strong>ELEI\u00c7\u00d5ES DE DELEGADOS<\/strong><\/p>\n<p><strong>\u00a0<\/strong><\/p>\n<p>Nos dias 9, 10, 11, 12 e 13 de agosto de 2021 realizaremos as elei\u00e7\u00f5es dos novos delegados sindicais de base para o exerc\u00edcio do mandato de dois anos que ter\u00e3o como meta contribuir com os servidores e a diretoria do SITSESP na representa\u00e7\u00e3o do seu local de trabalho e regi\u00e3o.<\/p>\n<p>O trabalhador para se candidatar dever\u00e1 ser s\u00f3cio (a) do SITSESP no m\u00ednimo tr\u00eas meses e estar em dia com suas obriga\u00e7\u00f5es estatut\u00e1rias.<\/p>\n<p>Os candidatos(as) ser\u00e3o votados pelos colegas de trabalho de seu centro que n\u00e3o precisam ser s\u00f3cios do sindicato.<\/p>\n<p>Ser\u00e3o realizadas elei\u00e7\u00f5es nos centros pr\u00e9 determinados conforme anexado neste texto.<\/p>\n<p>As referidas elei\u00e7\u00f5es se dar\u00e3o por meio de assembleia nos locais pr\u00e9 determinados e as inscri\u00e7\u00f5es ocorreram no ato das elei\u00e7\u00f5es e o candidato dever\u00e1 estar presente.<\/p>\n<p>As elei\u00e7\u00f5es s\u00e3o convocadas pela presidente do SITSESP Claudia Maria de Jesus por meio de edital em jornal de grande circula\u00e7\u00e3o onde constar\u00e3o locais, datas e hor\u00e1rios.<\/p>\n<p>&nbsp;<\/p>\n<p><strong>As assembleias eleitorais ocorrer\u00e3o nos Centros em dia e hora determinados na forma que segue:<\/strong><\/p>\n<p><strong><u>09.08.2021 \u00e0s 7hs &#8211; RAPOSO TAVARES <\/u><\/strong><\/p>\n<p><strong>CASA NOVA AROEIRA &#8211; CASA IPE <\/strong><\/p>\n<p><strong>1 DELEGADO<\/strong><\/p>\n<p>Rodovia Raposo Tavares n\u00ba km 19,5 &#8211; S\u00e3o Paulo<\/p>\n<p>Jardim Arpoador- SP cep: 5577300<\/p>\n<p>LOCAL DE VOTA\u00c7\u00c3O RAPOSO TAVARES<\/p>\n<p>&nbsp;<\/p>\n<p><strong><u>09.08.2021 \u00e0s 12hs &#8211; SEDE<\/u><\/strong><\/p>\n<p><strong>DIRETORIA DE GESTAO E ARTICULACAO REGIONAL &#8211; SECAO DE ADMINISTRACAO PREDIAL E PROTOCOLO &#8211; SECAO DE PRESTACAO DE CONTAS DE PARCERIAS &#8211; DIVIS\u00c3O DE FINAN\u00c7AS &#8211; DIVISAO DE PATRIMONIO, INFRAESTRUTURA E LOGISTICA &#8211; DIVIS\u00c3O DE RECURSOS HUMANOS &#8211; DSUP &#8211; DIVISAO DE SUPRIMENTOS &#8211; DTI &#8211; DIVISAO DE TECNOLOGIA DA INFORMA\u00c7\u00c3O<\/strong><\/p>\n<p><strong>2 DELEGADO<\/strong><\/p>\n<p>Rua: Flor\u00eancio de Abreu, 848 &#8211; Luz<\/p>\n<p>cep: 01030-001<\/p>\n<p>LOCAL DE VOTA\u00c7\u00c3O SEDE<\/p>\n<p>&nbsp;<\/p>\n<p><strong><u>09.08.2021 \u00e0s 18hs30 &#8211; OSASCO<\/u><\/strong><\/p>\n<p><strong>CASA OSASCO I &#8211; CASA OSASCO II &#8211; CASA ARPOARDOR &#8211; CASA CEDRO &#8211; UAISAS RAPOSO<\/strong><\/p>\n<p><strong>1 DELEGADO<\/strong><\/p>\n<p>Rua: Jos\u00e9 Pascowitch n\u00ba 100 &#8211; Osasco<\/p>\n<p>Ch\u00e1cara Everest cep: 6149-070 &#8211; SP &#8211; LOCAL DE VOTA\u00c7\u00c3O OSASCO<\/p>\n<p>&nbsp;<\/p>\n<p><strong><u>09.08.2021 \u00e0s 7hs<\/u><\/strong> <strong><u>&#8211; FRANCO DA ROCHA<\/u><\/strong><\/p>\n<p><strong>CASA CAIP JACARANDA &#8211; CASA MANACA DA SERRA &#8211; CASA NOVO TEMPO &#8211; CASA TAPAJ\u00d3S<\/strong><\/p>\n<p><strong>1 DELEGADO<\/strong><\/p>\n<p>Estrada Governo n\u00ba s\/n Franco da Rocha &#8211; Pouso Alegre &#8211; SP<\/p>\n<p>cep: 7859340<\/p>\n<p>LOCAL DE VOTA\u00c7\u00c3O COMPLEXO FRANCO DA ROCHA<\/p>\n<p>&nbsp;<\/p>\n<p><strong><u>09.08.2021 \u00e0s 12hs &#8211; SOROCABA<\/u><\/strong><\/p>\n<p><strong>CASA SOROCABA I &#8211; CASA SOROCABA II &#8211; CASA SOROCABA III &#8211; CASA SOROCABA IV<\/strong><\/p>\n<p><strong>CASA ESPERAN\u00c7A &#8211; ITAPETININGA<\/strong><\/p>\n<p><strong>1 DELEGADO<\/strong><\/p>\n<p>Avenida Doutor Antonio de Souza Netto n\u00ba 570 &#8211; Sorocaba &#8211; Aparecidinha &#8211; SP<\/p>\n<p>LOCAL DE VOTA\u00c7\u00c3O CASA SOROCABA<\/p>\n<p>&nbsp;<\/p>\n<p><strong><u>09.08.2021 \u00e0s 18hs30 &#8211; S\u00c3O BERNARDO<\/u><\/strong><\/p>\n<p><strong>CASA S\u00c3O BERNARDO I &#8211; CASA S\u00c3O BERNARDO II &#8211; CASA MA\u00daA <\/strong><\/p>\n<p><strong>1 DELEGADO<\/strong><\/p>\n<p>Rua Servid\u00e3o Particular n\u00ba 112 &#8211; S\u00e3o Bernardo do Campo- Batistini &#8211; SP<\/p>\n<p>cep: 9842095<\/p>\n<p>LOCAL DE VOTA\u00c7\u00c3O CASA S\u00c3O BERNARDO<\/p>\n<p>&nbsp;<\/p>\n<p><strong><u>09.08.2021 \u00e0s 7hs &#8211; CAMPINAS <\/u><\/strong><\/p>\n<p><strong>CASA MAESTRO CARLOS GOMES &#8211; CASA ANDORINHAS &#8211; CASA CAMPINAS &#8211; CASA SEMILIBERDADE JUNDIAI &#8211; UAISAS DIVIS\u00c3O REGIONAL METROPOLITANA CAMPINAS <\/strong><\/p>\n<p><strong>1 DELEGADO<\/strong><\/p>\n<p>Avenida Comendador Aladino Selmi n\u00ba s\/n<\/p>\n<p>Campinas &#8211; Vila San Martin<\/p>\n<p>cep: 13069096<\/p>\n<p>LOCAL DE VOTA\u00c7\u00c3O COMPLEXO CAMPINAS<\/p>\n<p>&nbsp;<\/p>\n<p><strong><u>09.08.2021 \u00e0s 12hs &#8211; CAMPINAS <\/u><\/strong><\/p>\n<p><strong>CASA JEQUITIBA &#8211; CASA RIO AMAZONAS &#8211; DIVIS\u00c3O REGIONAL METROPOLITANA CAMPINAS <\/strong><\/p>\n<p><strong>1 DELEGADO<\/strong><\/p>\n<p>Rua Jose Perina n\u00ba 30 &#8211; Campinas &#8211; SP<\/p>\n<p>cep: 13045185<\/p>\n<p>LOCAL DE VOTA\u00c7\u00c3O CASA JEQUITIBA<\/p>\n<p>&nbsp;<\/p>\n<p><strong><u>09.08.2021 \u00e0s 18hs30 &#8211; MOGI MIRIM<\/u><\/strong><\/p>\n<p><strong>CASA MOGI MIRIM &#8211; CASA LARANJEIRAS\u00a0 <\/strong><\/p>\n<p><strong>1 DELEGADO <\/strong><\/p>\n<p>Rodovia Wilson Finardi n\u00ba 191<\/p>\n<p>Mogi Mirim &#8211; SP<\/p>\n<p>cep: 13800970<\/p>\n<p>LOCAL DE VOTA\u00c7\u00c3O CASA MOGI MIRIM<\/p>\n<p><strong><u>\u00a0<\/u><\/strong><\/p>\n<p><strong><u>10.08.2021 \u00e0s 7hs &#8211; CASA LEOPOLDINA <\/u><\/strong><\/p>\n<p><strong>CASA LEOPOLDINA &#8211; CASA S\u00c3O LUIZ I &#8211; CASA S\u00c3O LUIZ II <\/strong><\/p>\n<p><strong>1 DELEGADO<\/strong><\/p>\n<p>Avenida: Na\u00e7\u00f5es Unidas n\u00ba 1233 &#8211; Vila Leopoldina<\/p>\n<p>cep: 5310000<\/p>\n<p>LOCAL VOTA\u00c7\u00c3O CASA LEOPOLDINA<\/p>\n<p>&nbsp;<\/p>\n<p><strong><u>10.08.2021 \u00e0s 12hs &#8211; VILA MARIA<\/u><\/strong><\/p>\n<p><strong>CASA JO\u00c3O DO PULO &#8211; CASA NOVA VIDA &#8211; CASA PAULISTA &#8211; CASA OURO PRETO<\/strong><\/p>\n<p><strong>1 DELEGADO<\/strong><\/p>\n<p>Avenida: Morvan Dias Moraes de Figueiredo n\u00ba 4210 &#8211; Vila Maria<\/p>\n<p>cep: 2170000 &#8211; SP<\/p>\n<p>LOCAL DE VOTA\u00c7\u00c3O MORVAN VILA MARIA<\/p>\n<p>&nbsp;<\/p>\n<p><strong><u>10.08.2021 \u00e0s 18hs30 &#8211; VILA MARIA<\/u><\/strong><\/p>\n<p><strong>CASA BELA VISTA &#8211; CASA GOVERNADOR MARIO COVAS &#8211; CASA ONIX &#8211; <\/strong><\/p>\n<p><strong>CASA S\u00c3O PAULO &#8211; CASA VILA GUILHERME <\/strong><\/p>\n<p><strong>2 DELEGADOS<\/strong><\/p>\n<p>Avenida Condessa Elisabeth de Robiano n\u00ba 450<\/p>\n<p>Vila Maria &#8211; S\u00e3o Paulo<\/p>\n<p>cep: 30740000<\/p>\n<p>&nbsp;<\/p>\n<p><strong><u>10.08.2021 \u00e0s 7hs &#8211; GUARULHOS<\/u><\/strong><\/p>\n<p><strong>CASA GUARULHOS &#8211; CASA GUAY- CASA SERRA DA CANTAREIRA<\/strong><\/p>\n<p><strong>1 DELEGADO<\/strong><\/p>\n<p>Rua Ministro Hip\u00f3lito n\u00ba 3700 &#8211; Guarulhos &#8211; Cidade Aracilia -SP<\/p>\n<p>cep: 7250010<\/p>\n<p>LOCAL VOTA\u00c7\u00c3O CASA GUARULHOS<\/p>\n<p>&nbsp;<\/p>\n<p><strong><u>10.08.2021 \u00e0s 12hs &#8211; ARUJA<\/u><\/strong><\/p>\n<p><strong>CASA ARUJA &#8211; CASA ITAQUA -CASA TERRA NOVA<\/strong><\/p>\n<p><strong>1 DELEGADO<\/strong><\/p>\n<p>Rua Valdomiro Luis Coutinho n\u00ba 401 &#8211; Aruj\u00e1 &#8211; SP<\/p>\n<p>cep: 7442200<\/p>\n<p>LOCAL DE VOTA\u00c7\u00c3O CASA ARUJA<\/p>\n<p>&nbsp;<\/p>\n<p>&nbsp;<\/p>\n<p><strong><u>10.08.2021 \u00e0s 18hs30 &#8211; SANTO ANDR\u00c9 <\/u><\/strong><\/p>\n<p><strong>CASA SANTO ANDR\u00c9 I &#8211; CASA SANTO ANDR\u00c9 II &#8211; CASA SEMI S\u00c3O BERNARDO &#8211; CASA DIADEMA<\/strong><\/p>\n<p><strong>1 DELEGADO<\/strong><\/p>\n<p>Avenida Dom Jorge Marcos de Oliveira n\u00ba 193<\/p>\n<p>Santo Andr\u00e9 &#8211; SP<\/p>\n<p>cep: 9090480<\/p>\n<p>LOCAL DE VOTA\u00c7\u00c3O CASA SANTO ANDR\u00c9<\/p>\n<p>&nbsp;<\/p>\n<p><strong><u>10.08.2021 \u00e0s 7hs &#8211; PIRACICABA <\/u><\/strong><\/p>\n<p><strong>CASA RIO PIRACICABA &#8211; CASA MORRO AZUL &#8211; CASA RIO CLARO (SUSPENSA) &#8211; CASA MORRO AZUL <\/strong><\/p>\n<p><strong>1 DELEGADO<\/strong><\/p>\n<p>Rodovia SP &#8211; 147 n\u00ba km 138,5<\/p>\n<p>Piracicaba _ SP<\/p>\n<p>cep: 13414020<\/p>\n<p>LOCAL VOTA\u00c7\u00c3O CASA PIRACICABA<\/p>\n<p>&nbsp;<\/p>\n<p><strong><u>10.08.2021 \u00e0s 12hs &#8211; CERQUEIRA C\u00c9SAR <\/u><\/strong><\/p>\n<p><strong>CASA CERQUEIRA C\u00c9SAR &#8211; CASA ANITA GARIBALDI &#8211; CASA JO\u00c3O PAULO II &#8211; CASA MADRE TEREZA II (SUSPENSA)<\/strong><\/p>\n<p><strong>1<\/strong> <strong>DELEGADO <\/strong><\/p>\n<p>Rodovia Salim Antonio Curiati n\u00ba km 21 + 500 metros<\/p>\n<p>cep: 18769899<\/p>\n<p>LOCAL DE VOTA\u00c7\u00c3O CASA CERQUEIRA CESAR<\/p>\n<p><strong><u>\u00a0<\/u><\/strong><\/p>\n<p><strong><u>10.08.2021 \u00e0s 18hs30 &#8211; IARAS <\/u><\/strong><\/p>\n<p><strong>CASA MADRE TEREZA II &#8211; CASA RIO NOVO &#8211; CASA TR\u00caS RIOS &#8211; DIVIS\u00c3O REGIONAL SUDESTE &#8211;<\/strong><\/p>\n<p><strong>UAISAS DIVIS\u00c3O REGIONAL SUDESTE <\/strong><\/p>\n<p><strong>1 DELEGADO<\/strong><\/p>\n<p>Estrada Vicinal Jair Gilberto Campanatti n\u00ba km 2<\/p>\n<p>Iaras &#8211; SP<\/p>\n<p>cep: 18775000<\/p>\n<p>LOCAL DE VOTA\u00c7\u00c3O COMPLEXO IARAS<\/p>\n<p>&nbsp;<\/p>\n<p><strong><u>11.08. 2021 \u00e0s 7hs &#8211; PIRITUBA<\/u><\/strong><\/p>\n<p><strong>CASA PIRITUBA &#8211; DIVIS\u00c3O REGIONAL METROPOLITANA NOROESTE &#8211; UAISAS VILA MARIA <\/strong><\/p>\n<p><strong>1 DELEGADO<\/strong><\/p>\n<p>Rua: Stefano Mauser n\u00ba 661 &#8211; Ch\u00e1cara Para\u00edso<\/p>\n<p>cep: 5175200<\/p>\n<p>S\u00e3o Paulo<\/p>\n<p>LOCAL VOTA\u00c7\u00c3O CASA PIRITUBA<\/p>\n<p>&nbsp;<\/p>\n<p><strong><u>11.08.2021 \u00e0s 12hs &#8211; RUTH PISTORI<\/u><\/strong><\/p>\n<p><strong>CASA RUTH PISTORI &#8211; CASA BOM RETIRO &#8211; CASA SEMI FENIX<\/strong><\/p>\n<p><strong>1 DELEGADO<\/strong><\/p>\n<p>Avenida: Estado n\u00ba 1949 Bom Retiro<\/p>\n<p>S\u00e3o Paulo &#8211; cep: 1107000<\/p>\n<p>LOCAL VOTA\u00c7\u00c3O RUTH PISTORI<\/p>\n<p>&nbsp;<\/p>\n<p><strong><u>11.08.2021 \u00e0s 18hs30 &#8211; ITAQUERA <\/u><\/strong><\/p>\n<p><strong>CASA ITAQUERA &#8211; CASA SEMI S\u00c3O MATHEUS &#8211; CASA SEMI URAI &#8211; CASA GUAIANASES <\/strong><\/p>\n<p><strong>1 DELEGADO<\/strong><\/p>\n<p>Avenida Miguel Ign\u00e1cio Curi n\u00ba 1311 Itaquera<\/p>\n<p>cep: 8295005<\/p>\n<p>LOCAL DE VOTA\u00c7\u00c3O CASA ITAQUERA<\/p>\n<p>&nbsp;<\/p>\n<p><strong><u>11.08. 2021 \u00e0s 7hs &#8211; PRAIA GRANDE<\/u><\/strong><\/p>\n<p><strong>CASA S\u00c3O VICENTE &#8211; CASA PRAIA GRANDE II<\/strong><\/p>\n<p><strong>1 DELEGADO <\/strong><\/p>\n<p>Rua Couto de Magalh\u00e3es n\u00ba 16<\/p>\n<p>Praia Grande &#8211; SP<\/p>\n<p>cep: 11714290<\/p>\n<p>LOCAL VOTA\u00c7\u00c3O CASA PRAIA GRANDE<\/p>\n<p>&nbsp;<\/p>\n<p><strong><u>11.08.2021 \u00e1s 12hs &#8211; PERUIBE <\/u><\/strong><\/p>\n<p><strong>CASA PRAIA GRANDE I &#8211; CASA MONGUAGUA &#8211; CASA PERUIBE <\/strong><\/p>\n<p><strong>1 DELEGADO <\/strong><\/p>\n<p>Rodovia Padre Manoel da N\u00f3brega n\u00ba km 347 &#8211; Rua 4<\/p>\n<p>Peru\u00edbe &#8211; SP<\/p>\n<p>cep: 11750000<\/p>\n<p>LOCAL VOTA\u00c7\u00c3O CASA PERUIBE<\/p>\n<p>&nbsp;<\/p>\n<p><strong><u>11.08.2021 \u00e1s 18hs30 &#8211; GUARUJA <\/u><\/strong><\/p>\n<p><strong>CASA GUARUJA &#8211; CAE GUARUJA &#8211; DIVIS\u00c3O REGIONAL LITORAL &#8211; NAI &#8211; SE\u00c7\u00c3O ADMINISTRATIVA GUARUJA &#8211; SE\u00c7\u00c3O ADMINISTRATIVA DE DIADEMA &#8211; UAISAS DIADEMA &#8211; UAISAS GUARUJA &#8211; POLO ABC &#8211; SE\u00c7\u00c3O T\u00c9CNICA DIADEMA <\/strong><\/p>\n<p><strong>1 DELEGADO<\/strong><\/p>\n<p>Avenida Ademar de Barros n\u00ba 571<\/p>\n<p>Guaruja &#8211; SP<\/p>\n<p>cep: 11430000<\/p>\n<p>LOCAL DE VOTA\u00c7\u00c3O CASA GUARUJA<\/p>\n<p>&nbsp;<\/p>\n<ol start=\"7\">\n<li><strong><u> 11.08. 2021 \u00e0s 7hs &#8211; BAURU<\/u><\/strong><\/li>\n<\/ol>\n<p><strong>CASA BAURU &#8211; CASA NELSON MANDELA &#8211; CASA SEMILIBERDADE BAURU &#8211; CASA BOTUCATU<\/strong><\/p>\n<p><strong>1 DELEGADO<\/strong><\/p>\n<p>Avenida Lucio Luciano n\u00ba km 231<\/p>\n<p>Bauru &#8211; SP<\/p>\n<p>cep: 17033530<\/p>\n<p>LOCAL VOTA\u00c7\u00c3O CASA BAURU<\/p>\n<p>&nbsp;<\/p>\n<ol start=\"8\">\n<li><strong><u> 11.08.2021 \u00e0s 12hs &#8211; MARILIA<\/u><\/strong><\/li>\n<\/ol>\n<p><strong>CASA MARILIA &#8211; CASA SEMILIBERDADE MARILIA &#8211; DIVIS\u00c3O REGIONAL OESTE &#8211; UAISAS DIVIS\u00c3O REGIONAL OESTE <\/strong><\/p>\n<p><strong>1 <\/strong>DELEGADO<\/p>\n<p>Rodovia SP 333 n\u00ba km 343<\/p>\n<p>Mar\u00edlia -SP<\/p>\n<p>cep: 17500970<\/p>\n<p>LOCAL VOTA\u00c7\u00c3O CASA MARILIA<\/p>\n<p>&nbsp;<\/p>\n<p><strong><u>9.11.08.2021 \u00e0s 18hs30 &#8211; PRESIDENTE BERNARDES <\/u><\/strong><\/p>\n<p><strong>CASA PRESIDENTE BERNARDES &#8211; CASA IRAPURU I &#8211; CASA IRAPURU II <\/strong><\/p>\n<p><strong>1 DELEGADO<\/strong><\/p>\n<p>Rua Jo\u00e3o Pesente n\u00ba 517<\/p>\n<p>Presidente Bernardes &#8211; SP<\/p>\n<p>cep:\u00a0 19300000<\/p>\n<p>LOCAL DE VOTA\u00c7\u00c3O CASA PRESIDENTE BERNANDES<\/p>\n<p>&nbsp;<\/p>\n<p><strong><u>12.08.2021 \u00e0s 7hs &#8211; COMPLEXO BR\u00c1S <\/u><\/strong><\/p>\n<p><strong>CASA RIO TOCANTINS &#8211; CASA RIO TAMISA &#8211; CASA RIO PARANA &#8211; CASA JUQUIA &#8211; CASA TOPAZIO &#8211; CASA ITAPARICA &#8211; DIVIS\u00c3O REGIONAL METROPOLITANA SUDOESTE &#8211; UAISAS DRMSE = 5 DELEGADOS<\/strong><\/p>\n<p>Rua: Coronel Mursa n\u00ba 270 Br\u00e1s &#8211; SP<\/p>\n<p>cep: 3043050<\/p>\n<p>LOCAL DE VOTA\u00c7\u00c3O COMPLEXO BR\u00c1S<\/p>\n<p>&nbsp;<\/p>\n<p><strong><u>12.08.2021 \u00e0s 12hs &#8211; CHIQUINHA GONZAGA<\/u><\/strong><\/p>\n<p><strong>CHIQUINHA GONZAGA &#8211; CASA SEMI AZALEIA &#8211; CASA SEMI ARAR\u00c9 &#8211; CASA SEM CAETANOS &#8211;<\/strong><\/p>\n<p><strong>CASA SEMI GUARAREMA &#8211; CASA SEMI IBITURUNA<\/strong><\/p>\n<p><strong>2 DELEGADOS<\/strong><\/p>\n<p>Rua: Japuruchita n\u00ba 300 Alto da Mooca -SP<\/p>\n<p>cep: 3128070<\/p>\n<p>LOCAL DE VOTA\u00c7\u00c3O CHIQUINHA GONZAGA<\/p>\n<p>&nbsp;<\/p>\n<p><strong><u>12.08.2021 \u00e0s 18hs30 &#8211; PIRATININGA<\/u><\/strong><\/p>\n<p><strong>CAE GAIVOTAS &#8211; CASA RIO TURIASSU <\/strong><\/p>\n<p><strong>1 DELEGADO<\/strong><\/p>\n<p>Rua: Piratininga n\u00ba 85 Br\u00e1s &#8211; SP<\/p>\n<p>cep: 3042001<\/p>\n<p>LOCAL DE VOTA\u00c7\u00c3O CAE GAIVOTAS<\/p>\n<p>&nbsp;<\/p>\n<p>&nbsp;<\/p>\n<p><strong><u>12.08.2021 \u00e0s 7hs &#8211; LORENA<\/u><\/strong><\/p>\n<p><strong>CASA LORENA &#8211; CASA ATIBAIA &#8211; CASA JACAREI &#8211; CASA TAUBAT\u00c9 &#8211; UAISAS DRVP <\/strong><\/p>\n<p><strong>1 DELEGADO<\/strong><\/p>\n<p>Estrada Chiquito de Aquino n\u00ba km 002 + 100 m<\/p>\n<p>LORENA -SP<\/p>\n<p>cep: 12612550<\/p>\n<p>LOCAL DE VOTA\u00c7\u00c3O CASA LORENA<\/p>\n<p>&nbsp;<\/p>\n<p><strong><u>12.08.2021 \u00e0s 12hs &#8211; TAMOIOS <\/u><\/strong><\/p>\n<p><strong>CASA TAMOIOS &#8211; CASA SERRA DA MANTIQUEIRA &#8211; CASA SEMILIBERDADE S\u00c3O JOS\u00c9 DOS CAMPOS &#8211; DIVIS\u00c3O VALE DO PARAIBA &#8211; CASA CARAGUATATUBA<\/strong><\/p>\n<p><strong>1 DELEGADO<\/strong><\/p>\n<p>Rodovia Tamoios n\u00ba km 12<\/p>\n<p>S\u00e3o Jos\u00e9 dos Campos &#8211; SP<\/p>\n<p>cep: 12228845<\/p>\n<p>LOCAL DE VOTA\u00c7\u00c3O CASA TAMOIOS<\/p>\n<p>&nbsp;<\/p>\n<p><strong><u>12.08.2021 \u00e0s 7hs &#8211; LINS <\/u><\/strong><\/p>\n<p><strong>CASA RIO DOURADO &#8211; CASA VIT\u00d3RIA R\u00c9GIA &#8211; <\/strong><\/p>\n<p><strong>1 DELEGADO<\/strong><\/p>\n<p>Estrada do Sabino (Rodovia David Eid n\u00ba km 2 Lins )<\/p>\n<p>cep: 16400970<\/p>\n<p>LOCAL DE VOTA\u00c7\u00c3O CASA LINS<\/p>\n<p>&nbsp;<\/p>\n<p><strong><u>12.08.2021 \u00e0s 12hs &#8211; ARA\u00c7ATUBA<\/u><\/strong><\/p>\n<p><strong>CASA ARA\u00c7A &#8211; CASA ARA\u00c7ATUBA <\/strong><\/p>\n<p><strong>1 DELEGADO<\/strong><\/p>\n<p>Estrada Goulart n\u00ba km 1,45<\/p>\n<p>Ara\u00e7atuba &#8211; SP<\/p>\n<p>cep: 16060280<\/p>\n<p>LOCAL DE VOTA\u00c7\u00c3O CASA ARA\u00c7ATUBA<\/p>\n<p>&nbsp;<\/p>\n<p><strong><u>12.08.2021 \u00e0s 18hs30 &#8211; MIRASSOL<\/u><\/strong><\/p>\n<p><strong>CASA ALEXANDRE TOM\u00c9 DE SOUZA &#8211; CASA S\u00c3O JOS\u00c9 DO RIO PRETO &#8211; CASA TANABI &#8211; CASA SEMILIBERDADE S\u00c3O JOS\u00c9 DO RIO PRETO &#8211; CASA SEMILIBERDADE FERNAND\u00d3POLIS <\/strong><\/p>\n<p><strong>1 DELEGADO <\/strong><\/p>\n<p>Estrada \u00c1rea Rural de Mirassol n\u00ba s\/n<\/p>\n<p>Mirassol &#8211; SP<\/p>\n<p>cep: 15138899<\/p>\n<p>&nbsp;<\/p>\n<p><strong><u>13.08.2021 \u00e0s 7hs &#8211; TAQUARITINGA<\/u><\/strong><\/p>\n<p><strong>CASA TAQUARITINGA &#8211; CASA ARARAQUARA &#8211; CASA S\u00c3O CARLOS &#8211; CASA SERT\u00c3OZINHO <\/strong><\/p>\n<p><strong>1 DELEGADO<\/strong><\/p>\n<p>Estrada Municipal TQR 242 &#8211; Rodovia Carlos Tonani n\u00ba SP 333 &#8211; Km 140,7<\/p>\n<p>Taquaritinga &#8211; SP<\/p>\n<p>cep: 15900000<\/p>\n<p>LOCAL DE VOTA\u00c7\u00c3O CASA TAQUARITINGA<\/p>\n<p>&nbsp;<\/p>\n<p><strong><u>13.08.2021 \u00e0s 12hs &#8211; RIBEIR\u00c3O PRETO <\/u><\/strong><\/p>\n<p><strong>CASA RIO PARDO &#8211; CASA RIBEIR\u00c3O PRETO &#8211; CASA CANDIDO PORTINARI &#8211; DIVIS\u00c3O REGIONAL NORTE<\/strong><\/p>\n<p><strong>2 DELEGADOS <\/strong><\/p>\n<p>Rodovia Geovana Aparecida Deliberto, km 02 &#8211; Zona Rural<\/p>\n<p>CEP: 14001-970<\/p>\n<p>LOCAL DE VOTA\u00c7\u00c3O COMPLEXO RIBEIR\u00c3O PRERTO- DRN<\/p>\n<p>&nbsp;<\/p>\n<p><strong><u>13.08.2021 \u00e0s 18hs 30 &#8211; FRANCA <\/u><\/strong><\/p>\n<p><strong>CAIP FRANCA &#8211; CASA DOM HELDER CAMARA &#8211; CASA BATATAIS &#8211; CASA SEMILIBERDADE RIBEIR\u00c3O PRETO &#8211; UAISAS RIBEIR\u00c3O PRETO <\/strong><\/p>\n<p><strong>1 DELEGADO<\/strong><\/p>\n<p>Avenida Doutor Sidney Romeu de Andrade n\u00ba s\/n<\/p>\n<p>Franca &#8211; SP<\/p>\n<p>cep: 14409652<\/p>\n<p>LOCAL DE VOTA\u00c7\u00c3O FRANCA<\/p>\n","protected":false},"excerpt":{"rendered":"<p>ELEI\u00c7\u00d5ES DE DELEGADOS \u00a0 Nos dias 9, 10, 11, 12 e 13 de agosto de 2021 realizaremos as elei\u00e7\u00f5es dos novos&hellip;<\/p>\n","protected":false},"author":5,"featured_media":6804,"comment_status":"open","ping_status":"open","sticky":false,"template":"","format":"standard","meta":{"cybocfi_hide_featured_image":"","footnotes":""},"categories":[27,22],"tags":[45,60,40,37,39],"yoast_head":"<!-- This site is optimized with the Yoast SEO plugin v22.8 - https:\/\/yoast.com\/wordpress\/plugins\/seo\/ -->\n<title>Elei\u00e7\u00e3o de delegados sindicais - Confira datas e locais de vota\u00e7\u00e3o - SITSESP<\/title>\n<meta name=\"description\" content=\"Nos dias 9, 10, 11, 12 e 13 de agosto de 2021 realizaremos as elei\u00e7\u00f5es dos novos delegados sindicais de base para o exerc\u00edcio do mandato de dois anos que ter\u00e3o como meta contribuir com os servidores e a diretoria do SITSESP na representa\u00e7\u00e3o do seu local de trabalho e regi\u00e3o.\" \/>\n<meta name=\"robots\" content=\"index, follow, max-snippet:-1, max-image-preview:large, max-video-preview:-1\" \/>\n<link rel=\"canonical\" href=\"https:\/\/www.sitsesp.org.br\/novo\/eleicao-de-delegados-sindicais-confira-datas-e-locais-de-votacao\/\" \/>\n<meta property=\"og:locale\" content=\"pt_BR\" \/>\n<meta property=\"og:type\" content=\"article\" \/>\n<meta property=\"og:title\" content=\"Elei\u00e7\u00e3o de delegados sindicais - Confira datas e locais de vota\u00e7\u00e3o - SITSESP\" \/>\n<meta property=\"og:description\" content=\"Nos dias 9, 10, 11, 12 e 13 de agosto de 2021 realizaremos as elei\u00e7\u00f5es dos novos delegados sindicais de base para o exerc\u00edcio do mandato de dois anos que ter\u00e3o como meta contribuir com os servidores e a diretoria do SITSESP na representa\u00e7\u00e3o do seu local de trabalho e regi\u00e3o.\" \/>\n<meta property=\"og:url\" content=\"https:\/\/www.sitsesp.org.br\/novo\/eleicao-de-delegados-sindicais-confira-datas-e-locais-de-votacao\/\" \/>\n<meta property=\"og:site_name\" content=\"SITSESP\" \/>\n<meta property=\"article:published_time\" content=\"2021-08-05T15:21:43+00:00\" \/>\n<meta property=\"article:modified_time\" content=\"2021-08-07T13:02:12+00:00\" \/>\n<meta property=\"og:image\" content=\"https:\/\/www.sitsesp.org.br\/novo\/wp-content\/uploads\/2021\/08\/funca-1.jpg\" \/>\n\t<meta property=\"og:image:width\" content=\"800\" \/>\n\t<meta property=\"og:image:height\" content=\"800\" \/>\n\t<meta property=\"og:image:type\" content=\"image\/jpeg\" \/>\n<meta name=\"author\" content=\"imprensa\" \/>\n<meta name=\"twitter:card\" content=\"summary_large_image\" \/>\n<meta name=\"twitter:label1\" content=\"Escrito por\" \/>\n\t<meta name=\"twitter:data1\" content=\"imprensa\" \/>\n\t<meta name=\"twitter:label2\" content=\"Est. tempo de leitura\" \/>\n\t<meta name=\"twitter:data2\" content=\"7 minutos\" \/>\n<script type=\"application\/ld+json\" class=\"yoast-schema-graph\">{\"@context\":\"https:\/\/schema.org\",\"@graph\":[{\"@type\":\"Article\",\"@id\":\"https:\/\/www.sitsesp.org.br\/novo\/eleicao-de-delegados-sindicais-confira-datas-e-locais-de-votacao\/#article\",\"isPartOf\":{\"@id\":\"https:\/\/www.sitsesp.org.br\/novo\/eleicao-de-delegados-sindicais-confira-datas-e-locais-de-votacao\/\"},\"author\":{\"name\":\"imprensa\",\"@id\":\"https:\/\/www.sitsesp.org.br\/novo\/#\/schema\/person\/28e42eec160f373e81d0183b3643edbf\"},\"headline\":\"Elei\u00e7\u00e3o de delegados sindicais &#8211; Confira datas e locais de vota\u00e7\u00e3o\",\"datePublished\":\"2021-08-05T15:21:43+00:00\",\"dateModified\":\"2021-08-07T13:02:12+00:00\",\"mainEntityOfPage\":{\"@id\":\"https:\/\/www.sitsesp.org.br\/novo\/eleicao-de-delegados-sindicais-confira-datas-e-locais-de-votacao\/\"},\"wordCount\":1733,\"commentCount\":0,\"publisher\":{\"@id\":\"https:\/\/www.sitsesp.org.br\/novo\/#organization\"},\"image\":{\"@id\":\"https:\/\/www.sitsesp.org.br\/novo\/eleicao-de-delegados-sindicais-confira-datas-e-locais-de-votacao\/#primaryimage\"},\"thumbnailUrl\":\"https:\/\/www.sitsesp.org.br\/novo\/wp-content\/uploads\/2021\/08\/funca-1.jpg\",\"keywords\":[\"2021\",\"DELEGADOS\",\"SINDICATO\",\"SITSESP\",\"SOCIOEDUCA\u00c7\u00c3O\"],\"articleSection\":[\"Destaque\",\"Noticias\"],\"inLanguage\":\"pt-BR\",\"potentialAction\":[{\"@type\":\"CommentAction\",\"name\":\"Comment\",\"target\":[\"https:\/\/www.sitsesp.org.br\/novo\/eleicao-de-delegados-sindicais-confira-datas-e-locais-de-votacao\/#respond\"]}]},{\"@type\":\"WebPage\",\"@id\":\"https:\/\/www.sitsesp.org.br\/novo\/eleicao-de-delegados-sindicais-confira-datas-e-locais-de-votacao\/\",\"url\":\"https:\/\/www.sitsesp.org.br\/novo\/eleicao-de-delegados-sindicais-confira-datas-e-locais-de-votacao\/\",\"name\":\"Elei\u00e7\u00e3o de delegados sindicais - Confira datas e locais de vota\u00e7\u00e3o - SITSESP\",\"isPartOf\":{\"@id\":\"https:\/\/www.sitsesp.org.br\/novo\/#website\"},\"primaryImageOfPage\":{\"@id\":\"https:\/\/www.sitsesp.org.br\/novo\/eleicao-de-delegados-sindicais-confira-datas-e-locais-de-votacao\/#primaryimage\"},\"image\":{\"@id\":\"https:\/\/www.sitsesp.org.br\/novo\/eleicao-de-delegados-sindicais-confira-datas-e-locais-de-votacao\/#primaryimage\"},\"thumbnailUrl\":\"https:\/\/www.sitsesp.org.br\/novo\/wp-content\/uploads\/2021\/08\/funca-1.jpg\",\"datePublished\":\"2021-08-05T15:21:43+00:00\",\"dateModified\":\"2021-08-07T13:02:12+00:00\",\"description\":\"Nos dias 9, 10, 11, 12 e 13 de agosto de 2021 realizaremos as elei\u00e7\u00f5es dos novos delegados sindicais de base para o exerc\u00edcio do mandato de dois anos que ter\u00e3o como meta contribuir com os servidores e a diretoria do SITSESP na representa\u00e7\u00e3o do seu local de trabalho e regi\u00e3o.\",\"breadcrumb\":{\"@id\":\"https:\/\/www.sitsesp.org.br\/novo\/eleicao-de-delegados-sindicais-confira-datas-e-locais-de-votacao\/#breadcrumb\"},\"inLanguage\":\"pt-BR\",\"potentialAction\":[{\"@type\":\"ReadAction\",\"target\":[\"https:\/\/www.sitsesp.org.br\/novo\/eleicao-de-delegados-sindicais-confira-datas-e-locais-de-votacao\/\"]}]},{\"@type\":\"ImageObject\",\"inLanguage\":\"pt-BR\",\"@id\":\"https:\/\/www.sitsesp.org.br\/novo\/eleicao-de-delegados-sindicais-confira-datas-e-locais-de-votacao\/#primaryimage\",\"url\":\"https:\/\/www.sitsesp.org.br\/novo\/wp-content\/uploads\/2021\/08\/funca-1.jpg\",\"contentUrl\":\"https:\/\/www.sitsesp.org.br\/novo\/wp-content\/uploads\/2021\/08\/funca-1.jpg\",\"width\":800,\"height\":800},{\"@type\":\"BreadcrumbList\",\"@id\":\"https:\/\/www.sitsesp.org.br\/novo\/eleicao-de-delegados-sindicais-confira-datas-e-locais-de-votacao\/#breadcrumb\",\"itemListElement\":[{\"@type\":\"ListItem\",\"position\":1,\"name\":\"In\u00edcio\",\"item\":\"https:\/\/www.sitsesp.org.br\/novo\/\"},{\"@type\":\"ListItem\",\"position\":2,\"name\":\"Elei\u00e7\u00e3o de delegados sindicais &#8211; Confira datas e locais de vota\u00e7\u00e3o\"}]},{\"@type\":\"WebSite\",\"@id\":\"https:\/\/www.sitsesp.org.br\/novo\/#website\",\"url\":\"https:\/\/www.sitsesp.org.br\/novo\/\",\"name\":\"Sitsesp\",\"description\":\"SIndicato da Socioeduca\u00e7\u00e3o do Estado de S\u00e3o Paulo\",\"publisher\":{\"@id\":\"https:\/\/www.sitsesp.org.br\/novo\/#organization\"},\"potentialAction\":[{\"@type\":\"SearchAction\",\"target\":{\"@type\":\"EntryPoint\",\"urlTemplate\":\"https:\/\/www.sitsesp.org.br\/novo\/?s={search_term_string}\"},\"query-input\":\"required name=search_term_string\"}],\"inLanguage\":\"pt-BR\"},{\"@type\":\"Organization\",\"@id\":\"https:\/\/www.sitsesp.org.br\/novo\/#organization\",\"name\":\"Sitsesp\",\"url\":\"https:\/\/www.sitsesp.org.br\/novo\/\",\"logo\":{\"@type\":\"ImageObject\",\"inLanguage\":\"pt-BR\",\"@id\":\"https:\/\/www.sitsesp.org.br\/novo\/#\/schema\/logo\/image\/\",\"url\":\"https:\/\/www.sitsesp.org.br\/novo\/wp-content\/uploads\/2020\/09\/Design-sem-nome-1.jpg\",\"contentUrl\":\"https:\/\/www.sitsesp.org.br\/novo\/wp-content\/uploads\/2020\/09\/Design-sem-nome-1.jpg\",\"width\":300,\"height\":300,\"caption\":\"Sitsesp\"},\"image\":{\"@id\":\"https:\/\/www.sitsesp.org.br\/novo\/#\/schema\/logo\/image\/\"}},{\"@type\":\"Person\",\"@id\":\"https:\/\/www.sitsesp.org.br\/novo\/#\/schema\/person\/28e42eec160f373e81d0183b3643edbf\",\"name\":\"imprensa\",\"image\":{\"@type\":\"ImageObject\",\"inLanguage\":\"pt-BR\",\"@id\":\"https:\/\/www.sitsesp.org.br\/novo\/#\/schema\/person\/image\/\",\"url\":\"https:\/\/secure.gravatar.com\/avatar\/8d6ccd8d7d52b8959f34154e87d3fa29?s=96&d=mm&r=g\",\"contentUrl\":\"https:\/\/secure.gravatar.com\/avatar\/8d6ccd8d7d52b8959f34154e87d3fa29?s=96&d=mm&r=g\",\"caption\":\"imprensa\"}}]}<\/script>\n<!-- \/ Yoast SEO plugin. -->","yoast_head_json":{"title":"Elei\u00e7\u00e3o de delegados sindicais - Confira datas e locais de vota\u00e7\u00e3o - SITSESP","description":"Nos dias 9, 10, 11, 12 e 13 de agosto de 2021 realizaremos as elei\u00e7\u00f5es dos novos delegados sindicais de base para o exerc\u00edcio do mandato de dois anos que ter\u00e3o como meta contribuir com os servidores e a diretoria do SITSESP na representa\u00e7\u00e3o do seu local de trabalho e regi\u00e3o.","robots":{"index":"index","follow":"follow","max-snippet":"max-snippet:-1","max-image-preview":"max-image-preview:large","max-video-preview":"max-video-preview:-1"},"canonical":"https:\/\/www.sitsesp.org.br\/novo\/eleicao-de-delegados-sindicais-confira-datas-e-locais-de-votacao\/","og_locale":"pt_BR","og_type":"article","og_title":"Elei\u00e7\u00e3o de delegados sindicais - Confira datas e locais de vota\u00e7\u00e3o - SITSESP","og_description":"Nos dias 9, 10, 11, 12 e 13 de agosto de 2021 realizaremos as elei\u00e7\u00f5es dos novos delegados sindicais de base para o exerc\u00edcio do mandato de dois anos que ter\u00e3o como meta contribuir com os servidores e a diretoria do SITSESP na representa\u00e7\u00e3o do seu local de trabalho e regi\u00e3o.","og_url":"https:\/\/www.sitsesp.org.br\/novo\/eleicao-de-delegados-sindicais-confira-datas-e-locais-de-votacao\/","og_site_name":"SITSESP","article_published_time":"2021-08-05T15:21:43+00:00","article_modified_time":"2021-08-07T13:02:12+00:00","og_image":[{"width":800,"height":800,"url":"https:\/\/www.sitsesp.org.br\/novo\/wp-content\/uploads\/2021\/08\/funca-1.jpg","type":"image\/jpeg"}],"author":"imprensa","twitter_card":"summary_large_image","twitter_misc":{"Escrito por":"imprensa","Est. tempo de leitura":"7 minutos"},"schema":{"@context":"https:\/\/schema.org","@graph":[{"@type":"Article","@id":"https:\/\/www.sitsesp.org.br\/novo\/eleicao-de-delegados-sindicais-confira-datas-e-locais-de-votacao\/#article","isPartOf":{"@id":"https:\/\/www.sitsesp.org.br\/novo\/eleicao-de-delegados-sindicais-confira-datas-e-locais-de-votacao\/"},"author":{"name":"imprensa","@id":"https:\/\/www.sitsesp.org.br\/novo\/#\/schema\/person\/28e42eec160f373e81d0183b3643edbf"},"headline":"Elei\u00e7\u00e3o de delegados sindicais &#8211; Confira datas e locais de vota\u00e7\u00e3o","datePublished":"2021-08-05T15:21:43+00:00","dateModified":"2021-08-07T13:02:12+00:00","mainEntityOfPage":{"@id":"https:\/\/www.sitsesp.org.br\/novo\/eleicao-de-delegados-sindicais-confira-datas-e-locais-de-votacao\/"},"wordCount":1733,"commentCount":0,"publisher":{"@id":"https:\/\/www.sitsesp.org.br\/novo\/#organization"},"image":{"@id":"https:\/\/www.sitsesp.org.br\/novo\/eleicao-de-delegados-sindicais-confira-datas-e-locais-de-votacao\/#primaryimage"},"thumbnailUrl":"https:\/\/www.sitsesp.org.br\/novo\/wp-content\/uploads\/2021\/08\/funca-1.jpg","keywords":["2021","DELEGADOS","SINDICATO","SITSESP","SOCIOEDUCA\u00c7\u00c3O"],"articleSection":["Destaque","Noticias"],"inLanguage":"pt-BR","potentialAction":[{"@type":"CommentAction","name":"Comment","target":["https:\/\/www.sitsesp.org.br\/novo\/eleicao-de-delegados-sindicais-confira-datas-e-locais-de-votacao\/#respond"]}]},{"@type":"WebPage","@id":"https:\/\/www.sitsesp.org.br\/novo\/eleicao-de-delegados-sindicais-confira-datas-e-locais-de-votacao\/","url":"https:\/\/www.sitsesp.org.br\/novo\/eleicao-de-delegados-sindicais-confira-datas-e-locais-de-votacao\/","name":"Elei\u00e7\u00e3o de delegados sindicais - Confira datas e locais de vota\u00e7\u00e3o - SITSESP","isPartOf":{"@id":"https:\/\/www.sitsesp.org.br\/novo\/#website"},"primaryImageOfPage":{"@id":"https:\/\/www.sitsesp.org.br\/novo\/eleicao-de-delegados-sindicais-confira-datas-e-locais-de-votacao\/#primaryimage"},"image":{"@id":"https:\/\/www.sitsesp.org.br\/novo\/eleicao-de-delegados-sindicais-confira-datas-e-locais-de-votacao\/#primaryimage"},"thumbnailUrl":"https:\/\/www.sitsesp.org.br\/novo\/wp-content\/uploads\/2021\/08\/funca-1.jpg","datePublished":"2021-08-05T15:21:43+00:00","dateModified":"2021-08-07T13:02:12+00:00","description":"Nos dias 9, 10, 11, 12 e 13 de agosto de 2021 realizaremos as elei\u00e7\u00f5es dos novos delegados sindicais de base para o exerc\u00edcio do mandato de dois anos que ter\u00e3o como meta contribuir com os servidores e a diretoria do SITSESP na representa\u00e7\u00e3o do seu local de trabalho e regi\u00e3o.","breadcrumb":{"@id":"https:\/\/www.sitsesp.org.br\/novo\/eleicao-de-delegados-sindicais-confira-datas-e-locais-de-votacao\/#breadcrumb"},"inLanguage":"pt-BR","potentialAction":[{"@type":"ReadAction","target":["https:\/\/www.sitsesp.org.br\/novo\/eleicao-de-delegados-sindicais-confira-datas-e-locais-de-votacao\/"]}]},{"@type":"ImageObject","inLanguage":"pt-BR","@id":"https:\/\/www.sitsesp.org.br\/novo\/eleicao-de-delegados-sindicais-confira-datas-e-locais-de-votacao\/#primaryimage","url":"https:\/\/www.sitsesp.org.br\/novo\/wp-content\/uploads\/2021\/08\/funca-1.jpg","contentUrl":"https:\/\/www.sitsesp.org.br\/novo\/wp-content\/uploads\/2021\/08\/funca-1.jpg","width":800,"height":800},{"@type":"BreadcrumbList","@id":"https:\/\/www.sitsesp.org.br\/novo\/eleicao-de-delegados-sindicais-confira-datas-e-locais-de-votacao\/#breadcrumb","itemListElement":[{"@type":"ListItem","position":1,"name":"In\u00edcio","item":"https:\/\/www.sitsesp.org.br\/novo\/"},{"@type":"ListItem","position":2,"name":"Elei\u00e7\u00e3o de delegados sindicais &#8211; Confira datas e locais de vota\u00e7\u00e3o"}]},{"@type":"WebSite","@id":"https:\/\/www.sitsesp.org.br\/novo\/#website","url":"https:\/\/www.sitsesp.org.br\/novo\/","name":"Sitsesp","description":"SIndicato da Socioeduca\u00e7\u00e3o do Estado de S\u00e3o Paulo","publisher":{"@id":"https:\/\/www.sitsesp.org.br\/novo\/#organization"},"potentialAction":[{"@type":"SearchAction","target":{"@type":"EntryPoint","urlTemplate":"https:\/\/www.sitsesp.org.br\/novo\/?s={search_term_string}"},"query-input":"required name=search_term_string"}],"inLanguage":"pt-BR"},{"@type":"Organization","@id":"https:\/\/www.sitsesp.org.br\/novo\/#organization","name":"Sitsesp","url":"https:\/\/www.sitsesp.org.br\/novo\/","logo":{"@type":"ImageObject","inLanguage":"pt-BR","@id":"https:\/\/www.sitsesp.org.br\/novo\/#\/schema\/logo\/image\/","url":"https:\/\/www.sitsesp.org.br\/novo\/wp-content\/uploads\/2020\/09\/Design-sem-nome-1.jpg","contentUrl":"https:\/\/www.sitsesp.org.br\/novo\/wp-content\/uploads\/2020\/09\/Design-sem-nome-1.jpg","width":300,"height":300,"caption":"Sitsesp"},"image":{"@id":"https:\/\/www.sitsesp.org.br\/novo\/#\/schema\/logo\/image\/"}},{"@type":"Person","@id":"https:\/\/www.sitsesp.org.br\/novo\/#\/schema\/person\/28e42eec160f373e81d0183b3643edbf","name":"imprensa","image":{"@type":"ImageObject","inLanguage":"pt-BR","@id":"https:\/\/www.sitsesp.org.br\/novo\/#\/schema\/person\/image\/","url":"https:\/\/secure.gravatar.com\/avatar\/8d6ccd8d7d52b8959f34154e87d3fa29?s=96&d=mm&r=g","contentUrl":"https:\/\/secure.gravatar.com\/avatar\/8d6ccd8d7d52b8959f34154e87d3fa29?s=96&d=mm&r=g","caption":"imprensa"}}]}},"_links":{"self":[{"href":"https:\/\/www.sitsesp.org.br\/novo\/wp-json\/wp\/v2\/posts\/6784"}],"collection":[{"href":"https:\/\/www.sitsesp.org.br\/novo\/wp-json\/wp\/v2\/posts"}],"about":[{"href":"https:\/\/www.sitsesp.org.br\/novo\/wp-json\/wp\/v2\/types\/post"}],"author":[{"embeddable":true,"href":"https:\/\/www.sitsesp.org.br\/novo\/wp-json\/wp\/v2\/users\/5"}],"replies":[{"embeddable":true,"href":"https:\/\/www.sitsesp.org.br\/novo\/wp-json\/wp\/v2\/comments?post=6784"}],"version-history":[{"count":2,"href":"https:\/\/www.sitsesp.org.br\/novo\/wp-json\/wp\/v2\/posts\/6784\/revisions"}],"predecessor-version":[{"id":6802,"href":"https:\/\/www.sitsesp.org.br\/novo\/wp-json\/wp\/v2\/posts\/6784\/revisions\/6802"}],"wp:featuredmedia":[{"embeddable":true,"href":"https:\/\/www.sitsesp.org.br\/novo\/wp-json\/wp\/v2\/media\/6804"}],"wp:attachment":[{"href":"https:\/\/www.sitsesp.org.br\/novo\/wp-json\/wp\/v2\/media?parent=6784"}],"wp:term":[{"taxonomy":"category","embeddable":true,"href":"https:\/\/www.sitsesp.org.br\/novo\/wp-json\/wp\/v2\/categories?post=6784"},{"taxonomy":"post_tag","embeddable":true,"href":"https:\/\/www.sitsesp.org.br\/novo\/wp-json\/wp\/v2\/tags?post=6784"}],"curies":[{"name":"wp","href":"https:\/\/api.w.org\/{rel}","templated":true}]}}