{"id":6797,"date":"2021-08-05T18:27:03","date_gmt":"2021-08-05T21:27:03","guid":{"rendered":"https:\/\/sitsesp.org.br\/novo\/?p=6797"},"modified":"2021-08-05T18:27:03","modified_gmt":"2021-08-05T21:27:03","slug":"sitsesp-em-movimento-reuniao-com-o-deputado-caio-franca","status":"publish","type":"post","link":"https:\/\/www.sitsesp.org.br\/novo\/sitsesp-em-movimento-reuniao-com-o-deputado-caio-franca\/","title":{"rendered":"SITSESP EM MOVIMENTO &#8211; REUNI\u00c3O COM O DEPUTADO CAIO FRAN\u00c7A"},"content":{"rendered":"<p><!-- VideographyWP Plugin Message: Automatic video embedding prevented by plugin options. --><br \/>\nNa tarde de 05 de agosto os dirigentes Claudia Maria, Josilda e Iure Teixeira se reuniram com o Deputado Caio Fran\u00e7a no escrit\u00f3rio pol\u00edtico do PSB. Os dirigentes do SITSESP tamb\u00e9m foram recebidos pelo ex-Governador M\u00e1rcio Fran\u00e7a, o encontro teve a finalidade de tratar sobre as demandas da categoria Socioeducativa no estado de S\u00e3o Paulo. O SITSESP conversou sobre a Campanha Salarial, o aumento abusivo do Conv\u00eanio M\u00e9dico, PCCS, nomenclatura dos AAS e as perdas que os(as) trabalhadores(as) vem enfrentando com a Funda\u00e7\u00e3o Casa e a pol\u00edtica de sucateamento do governo do estado.<\/p>\n<p>A Gest\u00e3o Reconstru\u00e7\u00e3o e Luta est\u00e1 empenhada em construir uma rede de apoio \u00e0s demandas dos socioeducadores, reunindo partidos pol\u00edticos, parlamentares, vereadores e prefeitos comprometidos com a defesa dos direitos dos servidores socioeducativos no estado de S\u00e3o Paulo.<\/p>\n<p>&nbsp;<\/p>\n<div id=\"penci-post-gallery__37669\" class=\"penci-post-gallery-container justified column-3\" data-height=\"150\" data-margin=\"3\"><a class=\"item-gallery-justified\" href=\"https:\/\/www.sitsesp.org.br\/novo\/wp-content\/uploads\/2021\/08\/WhatsApp-Image-2021-08-05-at-4.23.38-PM.jpeg\"><img decoding=\"async\" src=\"https:\/\/www.sitsesp.org.br\/novo\/wp-content\/uploads\/2021\/08\/WhatsApp-Image-2021-08-05-at-4.23.38-PM-585x390.jpeg\" alt=\"\" title=\"WhatsApp Image 2021-08-05 at 4.23.38 PM\"><\/a><a class=\"item-gallery-justified\" href=\"https:\/\/www.sitsesp.org.br\/novo\/wp-content\/uploads\/2021\/08\/WhatsApp-Image-2021-08-05-at-4.27.22-PM.jpeg\"><img decoding=\"async\" src=\"https:\/\/www.sitsesp.org.br\/novo\/wp-content\/uploads\/2021\/08\/WhatsApp-Image-2021-08-05-at-4.27.22-PM.jpeg\" alt=\"\" title=\"WhatsApp Image 2021-08-05 at 4.27.22 PM\"><\/a><a class=\"item-gallery-justified\" href=\"https:\/\/www.sitsesp.org.br\/novo\/wp-content\/uploads\/2021\/08\/WhatsApp-Image-2021-08-05-at-4.26.12-PM.jpeg\"><img decoding=\"async\" src=\"https:\/\/www.sitsesp.org.br\/novo\/wp-content\/uploads\/2021\/08\/WhatsApp-Image-2021-08-05-at-4.26.12-PM-585x780.jpeg\" alt=\"\" title=\"WhatsApp Image 2021-08-05 at 4.26.12 PM\"><\/a><\/div>\n","protected":false},"excerpt":{"rendered":"<p>Na tarde de 05 de agosto os dirigentes Claudia Maria, Josilda e Iure Teixeira se reuniram com o Deputado Caio Fran\u00e7a&hellip;<\/p>\n","protected":false},"author":5,"featured_media":6798,"comment_status":"open","ping_status":"open","sticky":false,"template":"","format":"standard","meta":{"cybocfi_hide_featured_image":"","footnotes":""},"categories":[27,22],"tags":[45,37,39],"yoast_head":"<!-- This site is optimized with the Yoast SEO plugin v22.8 - https:\/\/yoast.com\/wordpress\/plugins\/seo\/ -->\n<title>SITSESP EM MOVIMENTO - REUNI\u00c3O COM O DEPUTADO CAIO FRAN\u00c7A - SITSESP<\/title>\n<meta name=\"robots\" content=\"index, follow, max-snippet:-1, max-image-preview:large, max-video-preview:-1\" \/>\n<link rel=\"canonical\" href=\"https:\/\/www.sitsesp.org.br\/novo\/sitsesp-em-movimento-reuniao-com-o-deputado-caio-franca\/\" \/>\n<meta property=\"og:locale\" content=\"pt_BR\" \/>\n<meta property=\"og:type\" content=\"article\" \/>\n<meta property=\"og:title\" content=\"SITSESP EM MOVIMENTO - REUNI\u00c3O COM O DEPUTADO CAIO FRAN\u00c7A - SITSESP\" \/>\n<meta property=\"og:description\" content=\"Na tarde de 05 de agosto os dirigentes Claudia Maria, Josilda e Iure Teixeira se reuniram com o Deputado Caio Fran\u00e7a&hellip;\" \/>\n<meta property=\"og:url\" content=\"https:\/\/www.sitsesp.org.br\/novo\/sitsesp-em-movimento-reuniao-com-o-deputado-caio-franca\/\" \/>\n<meta property=\"og:site_name\" content=\"SITSESP\" \/>\n<meta property=\"article:published_time\" content=\"2021-08-05T21:27:03+00:00\" \/>\n<meta property=\"og:image\" content=\"https:\/\/www.sitsesp.org.br\/novo\/wp-content\/uploads\/2021\/08\/WhatsApp-Image-2021-08-05-at-4.23.38-PM.jpeg\" \/>\n\t<meta property=\"og:image:width\" content=\"800\" \/>\n\t<meta property=\"og:image:height\" content=\"534\" \/>\n\t<meta property=\"og:image:type\" content=\"image\/jpeg\" \/>\n<meta name=\"author\" content=\"imprensa\" \/>\n<meta name=\"twitter:card\" content=\"summary_large_image\" \/>\n<meta name=\"twitter:label1\" content=\"Escrito por\" \/>\n\t<meta name=\"twitter:data1\" content=\"imprensa\" \/>\n\t<meta name=\"twitter:label2\" content=\"Est. tempo de leitura\" \/>\n\t<meta name=\"twitter:data2\" content=\"1 minuto\" \/>\n<script type=\"application\/ld+json\" class=\"yoast-schema-graph\">{\"@context\":\"https:\/\/schema.org\",\"@graph\":[{\"@type\":\"Article\",\"@id\":\"https:\/\/www.sitsesp.org.br\/novo\/sitsesp-em-movimento-reuniao-com-o-deputado-caio-franca\/#article\",\"isPartOf\":{\"@id\":\"https:\/\/www.sitsesp.org.br\/novo\/sitsesp-em-movimento-reuniao-com-o-deputado-caio-franca\/\"},\"author\":{\"name\":\"imprensa\",\"@id\":\"https:\/\/www.sitsesp.org.br\/novo\/#\/schema\/person\/28e42eec160f373e81d0183b3643edbf\"},\"headline\":\"SITSESP EM MOVIMENTO &#8211; REUNI\u00c3O COM O DEPUTADO CAIO FRAN\u00c7A\",\"datePublished\":\"2021-08-05T21:27:03+00:00\",\"dateModified\":\"2021-08-05T21:27:03+00:00\",\"mainEntityOfPage\":{\"@id\":\"https:\/\/www.sitsesp.org.br\/novo\/sitsesp-em-movimento-reuniao-com-o-deputado-caio-franca\/\"},\"wordCount\":162,\"commentCount\":0,\"publisher\":{\"@id\":\"https:\/\/www.sitsesp.org.br\/novo\/#organization\"},\"image\":{\"@id\":\"https:\/\/www.sitsesp.org.br\/novo\/sitsesp-em-movimento-reuniao-com-o-deputado-caio-franca\/#primaryimage\"},\"thumbnailUrl\":\"https:\/\/www.sitsesp.org.br\/novo\/wp-content\/uploads\/2021\/08\/WhatsApp-Image-2021-08-05-at-4.23.38-PM.jpeg\",\"keywords\":[\"2021\",\"SITSESP\",\"SOCIOEDUCA\u00c7\u00c3O\"],\"articleSection\":[\"Destaque\",\"Noticias\"],\"inLanguage\":\"pt-BR\",\"potentialAction\":[{\"@type\":\"CommentAction\",\"name\":\"Comment\",\"target\":[\"https:\/\/www.sitsesp.org.br\/novo\/sitsesp-em-movimento-reuniao-com-o-deputado-caio-franca\/#respond\"]}]},{\"@type\":\"WebPage\",\"@id\":\"https:\/\/www.sitsesp.org.br\/novo\/sitsesp-em-movimento-reuniao-com-o-deputado-caio-franca\/\",\"url\":\"https:\/\/www.sitsesp.org.br\/novo\/sitsesp-em-movimento-reuniao-com-o-deputado-caio-franca\/\",\"name\":\"SITSESP EM MOVIMENTO - REUNI\u00c3O COM O DEPUTADO CAIO FRAN\u00c7A - SITSESP\",\"isPartOf\":{\"@id\":\"https:\/\/www.sitsesp.org.br\/novo\/#website\"},\"primaryImageOfPage\":{\"@id\":\"https:\/\/www.sitsesp.org.br\/novo\/sitsesp-em-movimento-reuniao-com-o-deputado-caio-franca\/#primaryimage\"},\"image\":{\"@id\":\"https:\/\/www.sitsesp.org.br\/novo\/sitsesp-em-movimento-reuniao-com-o-deputado-caio-franca\/#primaryimage\"},\"thumbnailUrl\":\"https:\/\/www.sitsesp.org.br\/novo\/wp-content\/uploads\/2021\/08\/WhatsApp-Image-2021-08-05-at-4.23.38-PM.jpeg\",\"datePublished\":\"2021-08-05T21:27:03+00:00\",\"dateModified\":\"2021-08-05T21:27:03+00:00\",\"breadcrumb\":{\"@id\":\"https:\/\/www.sitsesp.org.br\/novo\/sitsesp-em-movimento-reuniao-com-o-deputado-caio-franca\/#breadcrumb\"},\"inLanguage\":\"pt-BR\",\"potentialAction\":[{\"@type\":\"ReadAction\",\"target\":[\"https:\/\/www.sitsesp.org.br\/novo\/sitsesp-em-movimento-reuniao-com-o-deputado-caio-franca\/\"]}]},{\"@type\":\"ImageObject\",\"inLanguage\":\"pt-BR\",\"@id\":\"https:\/\/www.sitsesp.org.br\/novo\/sitsesp-em-movimento-reuniao-com-o-deputado-caio-franca\/#primaryimage\",\"url\":\"https:\/\/www.sitsesp.org.br\/novo\/wp-content\/uploads\/2021\/08\/WhatsApp-Image-2021-08-05-at-4.23.38-PM.jpeg\",\"contentUrl\":\"https:\/\/www.sitsesp.org.br\/novo\/wp-content\/uploads\/2021\/08\/WhatsApp-Image-2021-08-05-at-4.23.38-PM.jpeg\",\"width\":800,\"height\":534},{\"@type\":\"BreadcrumbList\",\"@id\":\"https:\/\/www.sitsesp.org.br\/novo\/sitsesp-em-movimento-reuniao-com-o-deputado-caio-franca\/#breadcrumb\",\"itemListElement\":[{\"@type\":\"ListItem\",\"position\":1,\"name\":\"In\u00edcio\",\"item\":\"https:\/\/www.sitsesp.org.br\/novo\/\"},{\"@type\":\"ListItem\",\"position\":2,\"name\":\"SITSESP EM MOVIMENTO &#8211; REUNI\u00c3O COM O DEPUTADO CAIO FRAN\u00c7A\"}]},{\"@type\":\"WebSite\",\"@id\":\"https:\/\/www.sitsesp.org.br\/novo\/#website\",\"url\":\"https:\/\/www.sitsesp.org.br\/novo\/\",\"name\":\"Sitsesp\",\"description\":\"SIndicato da Socioeduca\u00e7\u00e3o do Estado de S\u00e3o Paulo\",\"publisher\":{\"@id\":\"https:\/\/www.sitsesp.org.br\/novo\/#organization\"},\"potentialAction\":[{\"@type\":\"SearchAction\",\"target\":{\"@type\":\"EntryPoint\",\"urlTemplate\":\"https:\/\/www.sitsesp.org.br\/novo\/?s={search_term_string}\"},\"query-input\":\"required name=search_term_string\"}],\"inLanguage\":\"pt-BR\"},{\"@type\":\"Organization\",\"@id\":\"https:\/\/www.sitsesp.org.br\/novo\/#organization\",\"name\":\"Sitsesp\",\"url\":\"https:\/\/www.sitsesp.org.br\/novo\/\",\"logo\":{\"@type\":\"ImageObject\",\"inLanguage\":\"pt-BR\",\"@id\":\"https:\/\/www.sitsesp.org.br\/novo\/#\/schema\/logo\/image\/\",\"url\":\"https:\/\/www.sitsesp.org.br\/novo\/wp-content\/uploads\/2020\/09\/Design-sem-nome-1.jpg\",\"contentUrl\":\"https:\/\/www.sitsesp.org.br\/novo\/wp-content\/uploads\/2020\/09\/Design-sem-nome-1.jpg\",\"width\":300,\"height\":300,\"caption\":\"Sitsesp\"},\"image\":{\"@id\":\"https:\/\/www.sitsesp.org.br\/novo\/#\/schema\/logo\/image\/\"}},{\"@type\":\"Person\",\"@id\":\"https:\/\/www.sitsesp.org.br\/novo\/#\/schema\/person\/28e42eec160f373e81d0183b3643edbf\",\"name\":\"imprensa\",\"image\":{\"@type\":\"ImageObject\",\"inLanguage\":\"pt-BR\",\"@id\":\"https:\/\/www.sitsesp.org.br\/novo\/#\/schema\/person\/image\/\",\"url\":\"https:\/\/secure.gravatar.com\/avatar\/8d6ccd8d7d52b8959f34154e87d3fa29?s=96&d=mm&r=g\",\"contentUrl\":\"https:\/\/secure.gravatar.com\/avatar\/8d6ccd8d7d52b8959f34154e87d3fa29?s=96&d=mm&r=g\",\"caption\":\"imprensa\"}}]}<\/script>\n<!-- \/ Yoast SEO plugin. -->","yoast_head_json":{"title":"SITSESP EM MOVIMENTO - REUNI\u00c3O COM O DEPUTADO CAIO FRAN\u00c7A - SITSESP","robots":{"index":"index","follow":"follow","max-snippet":"max-snippet:-1","max-image-preview":"max-image-preview:large","max-video-preview":"max-video-preview:-1"},"canonical":"https:\/\/www.sitsesp.org.br\/novo\/sitsesp-em-movimento-reuniao-com-o-deputado-caio-franca\/","og_locale":"pt_BR","og_type":"article","og_title":"SITSESP EM MOVIMENTO - REUNI\u00c3O COM O DEPUTADO CAIO FRAN\u00c7A - SITSESP","og_description":"Na tarde de 05 de agosto os dirigentes Claudia Maria, Josilda e Iure Teixeira se reuniram com o Deputado Caio Fran\u00e7a&hellip;","og_url":"https:\/\/www.sitsesp.org.br\/novo\/sitsesp-em-movimento-reuniao-com-o-deputado-caio-franca\/","og_site_name":"SITSESP","article_published_time":"2021-08-05T21:27:03+00:00","og_image":[{"width":800,"height":534,"url":"https:\/\/www.sitsesp.org.br\/novo\/wp-content\/uploads\/2021\/08\/WhatsApp-Image-2021-08-05-at-4.23.38-PM.jpeg","type":"image\/jpeg"}],"author":"imprensa","twitter_card":"summary_large_image","twitter_misc":{"Escrito por":"imprensa","Est. tempo de leitura":"1 minuto"},"schema":{"@context":"https:\/\/schema.org","@graph":[{"@type":"Article","@id":"https:\/\/www.sitsesp.org.br\/novo\/sitsesp-em-movimento-reuniao-com-o-deputado-caio-franca\/#article","isPartOf":{"@id":"https:\/\/www.sitsesp.org.br\/novo\/sitsesp-em-movimento-reuniao-com-o-deputado-caio-franca\/"},"author":{"name":"imprensa","@id":"https:\/\/www.sitsesp.org.br\/novo\/#\/schema\/person\/28e42eec160f373e81d0183b3643edbf"},"headline":"SITSESP EM MOVIMENTO &#8211; REUNI\u00c3O COM O DEPUTADO CAIO FRAN\u00c7A","datePublished":"2021-08-05T21:27:03+00:00","dateModified":"2021-08-05T21:27:03+00:00","mainEntityOfPage":{"@id":"https:\/\/www.sitsesp.org.br\/novo\/sitsesp-em-movimento-reuniao-com-o-deputado-caio-franca\/"},"wordCount":162,"commentCount":0,"publisher":{"@id":"https:\/\/www.sitsesp.org.br\/novo\/#organization"},"image":{"@id":"https:\/\/www.sitsesp.org.br\/novo\/sitsesp-em-movimento-reuniao-com-o-deputado-caio-franca\/#primaryimage"},"thumbnailUrl":"https:\/\/www.sitsesp.org.br\/novo\/wp-content\/uploads\/2021\/08\/WhatsApp-Image-2021-08-05-at-4.23.38-PM.jpeg","keywords":["2021","SITSESP","SOCIOEDUCA\u00c7\u00c3O"],"articleSection":["Destaque","Noticias"],"inLanguage":"pt-BR","potentialAction":[{"@type":"CommentAction","name":"Comment","target":["https:\/\/www.sitsesp.org.br\/novo\/sitsesp-em-movimento-reuniao-com-o-deputado-caio-franca\/#respond"]}]},{"@type":"WebPage","@id":"https:\/\/www.sitsesp.org.br\/novo\/sitsesp-em-movimento-reuniao-com-o-deputado-caio-franca\/","url":"https:\/\/www.sitsesp.org.br\/novo\/sitsesp-em-movimento-reuniao-com-o-deputado-caio-franca\/","name":"SITSESP EM MOVIMENTO - REUNI\u00c3O COM O DEPUTADO CAIO FRAN\u00c7A - SITSESP","isPartOf":{"@id":"https:\/\/www.sitsesp.org.br\/novo\/#website"},"primaryImageOfPage":{"@id":"https:\/\/www.sitsesp.org.br\/novo\/sitsesp-em-movimento-reuniao-com-o-deputado-caio-franca\/#primaryimage"},"image":{"@id":"https:\/\/www.sitsesp.org.br\/novo\/sitsesp-em-movimento-reuniao-com-o-deputado-caio-franca\/#primaryimage"},"thumbnailUrl":"https:\/\/www.sitsesp.org.br\/novo\/wp-content\/uploads\/2021\/08\/WhatsApp-Image-2021-08-05-at-4.23.38-PM.jpeg","datePublished":"2021-08-05T21:27:03+00:00","dateModified":"2021-08-05T21:27:03+00:00","breadcrumb":{"@id":"https:\/\/www.sitsesp.org.br\/novo\/sitsesp-em-movimento-reuniao-com-o-deputado-caio-franca\/#breadcrumb"},"inLanguage":"pt-BR","potentialAction":[{"@type":"ReadAction","target":["https:\/\/www.sitsesp.org.br\/novo\/sitsesp-em-movimento-reuniao-com-o-deputado-caio-franca\/"]}]},{"@type":"ImageObject","inLanguage":"pt-BR","@id":"https:\/\/www.sitsesp.org.br\/novo\/sitsesp-em-movimento-reuniao-com-o-deputado-caio-franca\/#primaryimage","url":"https:\/\/www.sitsesp.org.br\/novo\/wp-content\/uploads\/2021\/08\/WhatsApp-Image-2021-08-05-at-4.23.38-PM.jpeg","contentUrl":"https:\/\/www.sitsesp.org.br\/novo\/wp-content\/uploads\/2021\/08\/WhatsApp-Image-2021-08-05-at-4.23.38-PM.jpeg","width":800,"height":534},{"@type":"BreadcrumbList","@id":"https:\/\/www.sitsesp.org.br\/novo\/sitsesp-em-movimento-reuniao-com-o-deputado-caio-franca\/#breadcrumb","itemListElement":[{"@type":"ListItem","position":1,"name":"In\u00edcio","item":"https:\/\/www.sitsesp.org.br\/novo\/"},{"@type":"ListItem","position":2,"name":"SITSESP EM MOVIMENTO &#8211; REUNI\u00c3O COM O DEPUTADO CAIO FRAN\u00c7A"}]},{"@type":"WebSite","@id":"https:\/\/www.sitsesp.org.br\/novo\/#website","url":"https:\/\/www.sitsesp.org.br\/novo\/","name":"Sitsesp","description":"SIndicato da Socioeduca\u00e7\u00e3o do Estado de S\u00e3o Paulo","publisher":{"@id":"https:\/\/www.sitsesp.org.br\/novo\/#organization"},"potentialAction":[{"@type":"SearchAction","target":{"@type":"EntryPoint","urlTemplate":"https:\/\/www.sitsesp.org.br\/novo\/?s={search_term_string}"},"query-input":"required name=search_term_string"}],"inLanguage":"pt-BR"},{"@type":"Organization","@id":"https:\/\/www.sitsesp.org.br\/novo\/#organization","name":"Sitsesp","url":"https:\/\/www.sitsesp.org.br\/novo\/","logo":{"@type":"ImageObject","inLanguage":"pt-BR","@id":"https:\/\/www.sitsesp.org.br\/novo\/#\/schema\/logo\/image\/","url":"https:\/\/www.sitsesp.org.br\/novo\/wp-content\/uploads\/2020\/09\/Design-sem-nome-1.jpg","contentUrl":"https:\/\/www.sitsesp.org.br\/novo\/wp-content\/uploads\/2020\/09\/Design-sem-nome-1.jpg","width":300,"height":300,"caption":"Sitsesp"},"image":{"@id":"https:\/\/www.sitsesp.org.br\/novo\/#\/schema\/logo\/image\/"}},{"@type":"Person","@id":"https:\/\/www.sitsesp.org.br\/novo\/#\/schema\/person\/28e42eec160f373e81d0183b3643edbf","name":"imprensa","image":{"@type":"ImageObject","inLanguage":"pt-BR","@id":"https:\/\/www.sitsesp.org.br\/novo\/#\/schema\/person\/image\/","url":"https:\/\/secure.gravatar.com\/avatar\/8d6ccd8d7d52b8959f34154e87d3fa29?s=96&d=mm&r=g","contentUrl":"https:\/\/secure.gravatar.com\/avatar\/8d6ccd8d7d52b8959f34154e87d3fa29?s=96&d=mm&r=g","caption":"imprensa"}}]}},"_links":{"self":[{"href":"https:\/\/www.sitsesp.org.br\/novo\/wp-json\/wp\/v2\/posts\/6797"}],"collection":[{"href":"https:\/\/www.sitsesp.org.br\/novo\/wp-json\/wp\/v2\/posts"}],"about":[{"href":"https:\/\/www.sitsesp.org.br\/novo\/wp-json\/wp\/v2\/types\/post"}],"author":[{"embeddable":true,"href":"https:\/\/www.sitsesp.org.br\/novo\/wp-json\/wp\/v2\/users\/5"}],"replies":[{"embeddable":true,"href":"https:\/\/www.sitsesp.org.br\/novo\/wp-json\/wp\/v2\/comments?post=6797"}],"version-history":[{"count":1,"href":"https:\/\/www.sitsesp.org.br\/novo\/wp-json\/wp\/v2\/posts\/6797\/revisions"}],"predecessor-version":[{"id":6801,"href":"https:\/\/www.sitsesp.org.br\/novo\/wp-json\/wp\/v2\/posts\/6797\/revisions\/6801"}],"wp:featuredmedia":[{"embeddable":true,"href":"https:\/\/www.sitsesp.org.br\/novo\/wp-json\/wp\/v2\/media\/6798"}],"wp:attachment":[{"href":"https:\/\/www.sitsesp.org.br\/novo\/wp-json\/wp\/v2\/media?parent=6797"}],"wp:term":[{"taxonomy":"category","embeddable":true,"href":"https:\/\/www.sitsesp.org.br\/novo\/wp-json\/wp\/v2\/categories?post=6797"},{"taxonomy":"post_tag","embeddable":true,"href":"https:\/\/www.sitsesp.org.br\/novo\/wp-json\/wp\/v2\/tags?post=6797"}],"curies":[{"name":"wp","href":"https:\/\/api.w.org\/{rel}","templated":true}]}}