{"id":6823,"date":"2021-08-11T11:58:46","date_gmt":"2021-08-11T14:58:46","guid":{"rendered":"https:\/\/sitsesp.org.br\/novo\/?p=6823"},"modified":"2021-08-11T11:58:46","modified_gmt":"2021-08-11T14:58:46","slug":"delegados-sindicais-eleitos-em-10-de-agosto","status":"publish","type":"post","link":"https:\/\/www.sitsesp.org.br\/novo\/delegados-sindicais-eleitos-em-10-de-agosto\/","title":{"rendered":"DELEGADOS SINDICAIS ELEITOS EM 10 DE AGOSTO"},"content":{"rendered":"<p><!-- VideographyWP Plugin Message: Automatic video embedding prevented by plugin options. --><br \/>\nCASA LEOPOLDINA \u2013 CASA S\u00c3O LUIZ I \u2013 CASA S\u00c3O LUIZ II<br \/>\n<strong>&#8211; DELEGADO ELEITO: Francisco Alves Pereira<\/strong><\/p>\n<p>&nbsp;<\/p>\n<p>CASA ARUJA \u2013 CASA ITAQUA -CASA TERRA NOVA<br \/>\n<strong>&#8211; DELEGADO ELEITO: Jusimar Alves de Oliveira<\/strong><\/p>\n<p>&nbsp;<\/p>\n<p>CASA GUARULHOS \u2013 CASA GUAY- CASA SERRA DA CANTAREIRA<br \/>\n<strong>&#8211; DELEGADO ELEITO: Rafael Luciani Da Gama<\/strong><\/p>\n<p>&nbsp;<\/p>\n<p>CASA SANTO ANDR\u00c9 I \u2013 CASA SANTO ANDR\u00c9 II \u2013 CASA SEMI S\u00c3O BERNARDO \u2013 CASA DIADEMA<br \/>\n<strong>&#8211; DELEGADO ELEITO: Leandro Peixinho Santiago<\/strong><\/p>\n<p>&nbsp;<\/p>\n<p>CASA BELA VISTA \u2013 CASA GOVERNADOR MARIO COVAS \u2013 CASA ONIX \u2013 CASA S\u00c3O PAULO \u2013 CASA VILA GUILHERME<strong><br \/>\n&#8211; DELEGADO ELEITOS: Icanah Amelia Nogueira Lima e Jo\u00e3o Luiz Koren<\/p>\n<p><\/strong><\/p>\n<p>CASA MADRE TEREZA II \u2013 CASA RIO NOVO \u2013 CASA TR\u00caS RIOS \u2013 DIVIS\u00c3O REGIONAL SUDESTE \u2013 UAISAS DIVIS\u00c3O REGIONAL SUDESTE<strong><br \/>\n&#8211; DELEGADO ELEITO: FL\u00c1VIO JOS\u00c9 BERTINATTI<\/strong><\/p>\n<p>&nbsp;<\/p>\n<div id=\"penci-post-gallery__39834\" class=\"penci-post-gallery-container justified column-3\" data-height=\"150\" data-margin=\"3\"><a class=\"item-gallery-justified\" href=\"https:\/\/www.sitsesp.org.br\/novo\/wp-content\/uploads\/2021\/08\/WhatsApp-Image-2021-08-10-at-8.29.16-AM.jpeg\"><img decoding=\"async\" src=\"https:\/\/www.sitsesp.org.br\/novo\/wp-content\/uploads\/2021\/08\/WhatsApp-Image-2021-08-10-at-8.29.16-AM-585x439.jpeg\" alt=\"\" title=\"WhatsApp Image 2021-08-10 at 8.29.16 AM\"><\/a><a class=\"item-gallery-justified\" href=\"https:\/\/www.sitsesp.org.br\/novo\/wp-content\/uploads\/2021\/08\/WhatsApp-Image-2021-08-10-at-1.33.05-PM-1.jpeg\"><img decoding=\"async\" src=\"https:\/\/www.sitsesp.org.br\/novo\/wp-content\/uploads\/2021\/08\/WhatsApp-Image-2021-08-10-at-1.33.05-PM-1-585x439.jpeg\" alt=\"\" title=\"WhatsApp Image 2021-08-10 at 1.33.05 PM (1)\"><\/a><a class=\"item-gallery-justified\" href=\"https:\/\/www.sitsesp.org.br\/novo\/wp-content\/uploads\/2021\/08\/WhatsApp-Image-2021-08-10-at-10.13.37-AM.jpeg\"><img decoding=\"async\" src=\"https:\/\/www.sitsesp.org.br\/novo\/wp-content\/uploads\/2021\/08\/WhatsApp-Image-2021-08-10-at-10.13.37-AM-585x439.jpeg\" alt=\"\" title=\"WhatsApp Image 2021-08-10 at 10.13.37 AM\"><\/a><a class=\"item-gallery-justified\" href=\"https:\/\/www.sitsesp.org.br\/novo\/wp-content\/uploads\/2021\/08\/WhatsApp-Image-2021-08-10-at-8.19.20-PM.jpeg\"><img decoding=\"async\" src=\"https:\/\/www.sitsesp.org.br\/novo\/wp-content\/uploads\/2021\/08\/WhatsApp-Image-2021-08-10-at-8.19.20-PM.jpeg\" alt=\"\" title=\"WhatsApp Image 2021-08-10 at 8.19.20 PM\"><\/a><a class=\"item-gallery-justified\" href=\"https:\/\/www.sitsesp.org.br\/novo\/wp-content\/uploads\/2021\/08\/WhatsApp-Image-2021-08-10-at-8.07.53-PM.jpeg\"><img decoding=\"async\" src=\"https:\/\/www.sitsesp.org.br\/novo\/wp-content\/uploads\/2021\/08\/WhatsApp-Image-2021-08-10-at-8.07.53-PM-585x439.jpeg\" alt=\"\" title=\"WhatsApp Image 2021-08-10 at 8.07.53 PM\"><\/a><a class=\"item-gallery-justified\" href=\"https:\/\/www.sitsesp.org.br\/novo\/wp-content\/uploads\/2021\/08\/WhatsApp-Image-2021-08-10-at-8.09.51-PM-1.jpeg\"><img decoding=\"async\" src=\"https:\/\/www.sitsesp.org.br\/novo\/wp-content\/uploads\/2021\/08\/WhatsApp-Image-2021-08-10-at-8.09.51-PM-1-585x780.jpeg\" alt=\"\" title=\"WhatsApp Image 2021-08-10 at 8.09.51 PM (1)\"><\/a><a class=\"item-gallery-justified\" href=\"https:\/\/www.sitsesp.org.br\/novo\/wp-content\/uploads\/2021\/08\/WhatsApp-Image-2021-08-10-at-7.15.57-PM.jpeg\"><img decoding=\"async\" src=\"https:\/\/www.sitsesp.org.br\/novo\/wp-content\/uploads\/2021\/08\/WhatsApp-Image-2021-08-10-at-7.15.57-PM-585x263.jpeg\" alt=\"\" title=\"WhatsApp Image 2021-08-10 at 7.15.57 PM\"><\/a><\/div>\n<p><strong>\u00a0<\/strong><\/p>\n","protected":false},"excerpt":{"rendered":"<p>CASA LEOPOLDINA \u2013 CASA S\u00c3O LUIZ I \u2013 CASA S\u00c3O LUIZ II &#8211; DELEGADO ELEITO: Francisco Alves Pereira &nbsp; CASA ARUJA&hellip;<\/p>\n","protected":false},"author":5,"featured_media":6831,"comment_status":"open","ping_status":"open","sticky":false,"template":"","format":"standard","meta":{"cybocfi_hide_featured_image":"","footnotes":""},"categories":[27,22],"tags":[60,43,40,37],"yoast_head":"<!-- This site is optimized with the Yoast SEO plugin v22.8 - https:\/\/yoast.com\/wordpress\/plugins\/seo\/ -->\n<title>DELEGADOS SINDICAIS ELEITOS EM 10 DE AGOSTO - SITSESP<\/title>\n<meta name=\"robots\" content=\"index, follow, max-snippet:-1, max-image-preview:large, max-video-preview:-1\" \/>\n<link rel=\"canonical\" href=\"https:\/\/www.sitsesp.org.br\/novo\/delegados-sindicais-eleitos-em-10-de-agosto\/\" \/>\n<meta property=\"og:locale\" content=\"pt_BR\" \/>\n<meta property=\"og:type\" content=\"article\" \/>\n<meta property=\"og:title\" content=\"DELEGADOS SINDICAIS ELEITOS EM 10 DE AGOSTO - SITSESP\" \/>\n<meta property=\"og:description\" content=\"CASA LEOPOLDINA \u2013 CASA S\u00c3O LUIZ I \u2013 CASA S\u00c3O LUIZ II &#8211; DELEGADO ELEITO: Francisco Alves Pereira &nbsp; CASA ARUJA&hellip;\" \/>\n<meta property=\"og:url\" content=\"https:\/\/www.sitsesp.org.br\/novo\/delegados-sindicais-eleitos-em-10-de-agosto\/\" \/>\n<meta property=\"og:site_name\" content=\"SITSESP\" \/>\n<meta property=\"article:published_time\" content=\"2021-08-11T14:58:46+00:00\" \/>\n<meta property=\"og:image\" content=\"https:\/\/www.sitsesp.org.br\/novo\/wp-content\/uploads\/2021\/08\/deleeleitos10agosto.jpg\" \/>\n\t<meta property=\"og:image:width\" content=\"800\" \/>\n\t<meta property=\"og:image:height\" content=\"800\" \/>\n\t<meta property=\"og:image:type\" content=\"image\/jpeg\" \/>\n<meta name=\"author\" content=\"imprensa\" \/>\n<meta name=\"twitter:card\" content=\"summary_large_image\" \/>\n<meta name=\"twitter:label1\" content=\"Escrito por\" \/>\n\t<meta name=\"twitter:data1\" content=\"imprensa\" \/>\n\t<meta name=\"twitter:label2\" content=\"Est. tempo de leitura\" \/>\n\t<meta name=\"twitter:data2\" content=\"1 minuto\" \/>\n<script type=\"application\/ld+json\" class=\"yoast-schema-graph\">{\"@context\":\"https:\/\/schema.org\",\"@graph\":[{\"@type\":\"Article\",\"@id\":\"https:\/\/www.sitsesp.org.br\/novo\/delegados-sindicais-eleitos-em-10-de-agosto\/#article\",\"isPartOf\":{\"@id\":\"https:\/\/www.sitsesp.org.br\/novo\/delegados-sindicais-eleitos-em-10-de-agosto\/\"},\"author\":{\"name\":\"imprensa\",\"@id\":\"https:\/\/www.sitsesp.org.br\/novo\/#\/schema\/person\/28e42eec160f373e81d0183b3643edbf\"},\"headline\":\"DELEGADOS SINDICAIS ELEITOS EM 10 DE AGOSTO\",\"datePublished\":\"2021-08-11T14:58:46+00:00\",\"dateModified\":\"2021-08-11T14:58:46+00:00\",\"mainEntityOfPage\":{\"@id\":\"https:\/\/www.sitsesp.org.br\/novo\/delegados-sindicais-eleitos-em-10-de-agosto\/\"},\"wordCount\":136,\"commentCount\":0,\"publisher\":{\"@id\":\"https:\/\/www.sitsesp.org.br\/novo\/#organization\"},\"image\":{\"@id\":\"https:\/\/www.sitsesp.org.br\/novo\/delegados-sindicais-eleitos-em-10-de-agosto\/#primaryimage\"},\"thumbnailUrl\":\"https:\/\/www.sitsesp.org.br\/novo\/wp-content\/uploads\/2021\/08\/deleeleitos10agosto.jpg\",\"keywords\":[\"DELEGADOS\",\"FILIE-SE\",\"SINDICATO\",\"SITSESP\"],\"articleSection\":[\"Destaque\",\"Noticias\"],\"inLanguage\":\"pt-BR\",\"potentialAction\":[{\"@type\":\"CommentAction\",\"name\":\"Comment\",\"target\":[\"https:\/\/www.sitsesp.org.br\/novo\/delegados-sindicais-eleitos-em-10-de-agosto\/#respond\"]}]},{\"@type\":\"WebPage\",\"@id\":\"https:\/\/www.sitsesp.org.br\/novo\/delegados-sindicais-eleitos-em-10-de-agosto\/\",\"url\":\"https:\/\/www.sitsesp.org.br\/novo\/delegados-sindicais-eleitos-em-10-de-agosto\/\",\"name\":\"DELEGADOS SINDICAIS ELEITOS EM 10 DE AGOSTO - SITSESP\",\"isPartOf\":{\"@id\":\"https:\/\/www.sitsesp.org.br\/novo\/#website\"},\"primaryImageOfPage\":{\"@id\":\"https:\/\/www.sitsesp.org.br\/novo\/delegados-sindicais-eleitos-em-10-de-agosto\/#primaryimage\"},\"image\":{\"@id\":\"https:\/\/www.sitsesp.org.br\/novo\/delegados-sindicais-eleitos-em-10-de-agosto\/#primaryimage\"},\"thumbnailUrl\":\"https:\/\/www.sitsesp.org.br\/novo\/wp-content\/uploads\/2021\/08\/deleeleitos10agosto.jpg\",\"datePublished\":\"2021-08-11T14:58:46+00:00\",\"dateModified\":\"2021-08-11T14:58:46+00:00\",\"breadcrumb\":{\"@id\":\"https:\/\/www.sitsesp.org.br\/novo\/delegados-sindicais-eleitos-em-10-de-agosto\/#breadcrumb\"},\"inLanguage\":\"pt-BR\",\"potentialAction\":[{\"@type\":\"ReadAction\",\"target\":[\"https:\/\/www.sitsesp.org.br\/novo\/delegados-sindicais-eleitos-em-10-de-agosto\/\"]}]},{\"@type\":\"ImageObject\",\"inLanguage\":\"pt-BR\",\"@id\":\"https:\/\/www.sitsesp.org.br\/novo\/delegados-sindicais-eleitos-em-10-de-agosto\/#primaryimage\",\"url\":\"https:\/\/www.sitsesp.org.br\/novo\/wp-content\/uploads\/2021\/08\/deleeleitos10agosto.jpg\",\"contentUrl\":\"https:\/\/www.sitsesp.org.br\/novo\/wp-content\/uploads\/2021\/08\/deleeleitos10agosto.jpg\",\"width\":800,\"height\":800},{\"@type\":\"BreadcrumbList\",\"@id\":\"https:\/\/www.sitsesp.org.br\/novo\/delegados-sindicais-eleitos-em-10-de-agosto\/#breadcrumb\",\"itemListElement\":[{\"@type\":\"ListItem\",\"position\":1,\"name\":\"In\u00edcio\",\"item\":\"https:\/\/www.sitsesp.org.br\/novo\/\"},{\"@type\":\"ListItem\",\"position\":2,\"name\":\"DELEGADOS SINDICAIS ELEITOS EM 10 DE AGOSTO\"}]},{\"@type\":\"WebSite\",\"@id\":\"https:\/\/www.sitsesp.org.br\/novo\/#website\",\"url\":\"https:\/\/www.sitsesp.org.br\/novo\/\",\"name\":\"Sitsesp\",\"description\":\"SIndicato da Socioeduca\u00e7\u00e3o do Estado de S\u00e3o Paulo\",\"publisher\":{\"@id\":\"https:\/\/www.sitsesp.org.br\/novo\/#organization\"},\"potentialAction\":[{\"@type\":\"SearchAction\",\"target\":{\"@type\":\"EntryPoint\",\"urlTemplate\":\"https:\/\/www.sitsesp.org.br\/novo\/?s={search_term_string}\"},\"query-input\":\"required name=search_term_string\"}],\"inLanguage\":\"pt-BR\"},{\"@type\":\"Organization\",\"@id\":\"https:\/\/www.sitsesp.org.br\/novo\/#organization\",\"name\":\"Sitsesp\",\"url\":\"https:\/\/www.sitsesp.org.br\/novo\/\",\"logo\":{\"@type\":\"ImageObject\",\"inLanguage\":\"pt-BR\",\"@id\":\"https:\/\/www.sitsesp.org.br\/novo\/#\/schema\/logo\/image\/\",\"url\":\"https:\/\/www.sitsesp.org.br\/novo\/wp-content\/uploads\/2020\/09\/Design-sem-nome-1.jpg\",\"contentUrl\":\"https:\/\/www.sitsesp.org.br\/novo\/wp-content\/uploads\/2020\/09\/Design-sem-nome-1.jpg\",\"width\":300,\"height\":300,\"caption\":\"Sitsesp\"},\"image\":{\"@id\":\"https:\/\/www.sitsesp.org.br\/novo\/#\/schema\/logo\/image\/\"}},{\"@type\":\"Person\",\"@id\":\"https:\/\/www.sitsesp.org.br\/novo\/#\/schema\/person\/28e42eec160f373e81d0183b3643edbf\",\"name\":\"imprensa\",\"image\":{\"@type\":\"ImageObject\",\"inLanguage\":\"pt-BR\",\"@id\":\"https:\/\/www.sitsesp.org.br\/novo\/#\/schema\/person\/image\/\",\"url\":\"https:\/\/secure.gravatar.com\/avatar\/8d6ccd8d7d52b8959f34154e87d3fa29?s=96&d=mm&r=g\",\"contentUrl\":\"https:\/\/secure.gravatar.com\/avatar\/8d6ccd8d7d52b8959f34154e87d3fa29?s=96&d=mm&r=g\",\"caption\":\"imprensa\"}}]}<\/script>\n<!-- \/ Yoast SEO plugin. -->","yoast_head_json":{"title":"DELEGADOS SINDICAIS ELEITOS EM 10 DE AGOSTO - SITSESP","robots":{"index":"index","follow":"follow","max-snippet":"max-snippet:-1","max-image-preview":"max-image-preview:large","max-video-preview":"max-video-preview:-1"},"canonical":"https:\/\/www.sitsesp.org.br\/novo\/delegados-sindicais-eleitos-em-10-de-agosto\/","og_locale":"pt_BR","og_type":"article","og_title":"DELEGADOS SINDICAIS ELEITOS EM 10 DE AGOSTO - SITSESP","og_description":"CASA LEOPOLDINA \u2013 CASA S\u00c3O LUIZ I \u2013 CASA S\u00c3O LUIZ II &#8211; DELEGADO ELEITO: Francisco Alves Pereira &nbsp; CASA ARUJA&hellip;","og_url":"https:\/\/www.sitsesp.org.br\/novo\/delegados-sindicais-eleitos-em-10-de-agosto\/","og_site_name":"SITSESP","article_published_time":"2021-08-11T14:58:46+00:00","og_image":[{"width":800,"height":800,"url":"https:\/\/www.sitsesp.org.br\/novo\/wp-content\/uploads\/2021\/08\/deleeleitos10agosto.jpg","type":"image\/jpeg"}],"author":"imprensa","twitter_card":"summary_large_image","twitter_misc":{"Escrito por":"imprensa","Est. tempo de leitura":"1 minuto"},"schema":{"@context":"https:\/\/schema.org","@graph":[{"@type":"Article","@id":"https:\/\/www.sitsesp.org.br\/novo\/delegados-sindicais-eleitos-em-10-de-agosto\/#article","isPartOf":{"@id":"https:\/\/www.sitsesp.org.br\/novo\/delegados-sindicais-eleitos-em-10-de-agosto\/"},"author":{"name":"imprensa","@id":"https:\/\/www.sitsesp.org.br\/novo\/#\/schema\/person\/28e42eec160f373e81d0183b3643edbf"},"headline":"DELEGADOS SINDICAIS ELEITOS EM 10 DE AGOSTO","datePublished":"2021-08-11T14:58:46+00:00","dateModified":"2021-08-11T14:58:46+00:00","mainEntityOfPage":{"@id":"https:\/\/www.sitsesp.org.br\/novo\/delegados-sindicais-eleitos-em-10-de-agosto\/"},"wordCount":136,"commentCount":0,"publisher":{"@id":"https:\/\/www.sitsesp.org.br\/novo\/#organization"},"image":{"@id":"https:\/\/www.sitsesp.org.br\/novo\/delegados-sindicais-eleitos-em-10-de-agosto\/#primaryimage"},"thumbnailUrl":"https:\/\/www.sitsesp.org.br\/novo\/wp-content\/uploads\/2021\/08\/deleeleitos10agosto.jpg","keywords":["DELEGADOS","FILIE-SE","SINDICATO","SITSESP"],"articleSection":["Destaque","Noticias"],"inLanguage":"pt-BR","potentialAction":[{"@type":"CommentAction","name":"Comment","target":["https:\/\/www.sitsesp.org.br\/novo\/delegados-sindicais-eleitos-em-10-de-agosto\/#respond"]}]},{"@type":"WebPage","@id":"https:\/\/www.sitsesp.org.br\/novo\/delegados-sindicais-eleitos-em-10-de-agosto\/","url":"https:\/\/www.sitsesp.org.br\/novo\/delegados-sindicais-eleitos-em-10-de-agosto\/","name":"DELEGADOS SINDICAIS ELEITOS EM 10 DE AGOSTO - SITSESP","isPartOf":{"@id":"https:\/\/www.sitsesp.org.br\/novo\/#website"},"primaryImageOfPage":{"@id":"https:\/\/www.sitsesp.org.br\/novo\/delegados-sindicais-eleitos-em-10-de-agosto\/#primaryimage"},"image":{"@id":"https:\/\/www.sitsesp.org.br\/novo\/delegados-sindicais-eleitos-em-10-de-agosto\/#primaryimage"},"thumbnailUrl":"https:\/\/www.sitsesp.org.br\/novo\/wp-content\/uploads\/2021\/08\/deleeleitos10agosto.jpg","datePublished":"2021-08-11T14:58:46+00:00","dateModified":"2021-08-11T14:58:46+00:00","breadcrumb":{"@id":"https:\/\/www.sitsesp.org.br\/novo\/delegados-sindicais-eleitos-em-10-de-agosto\/#breadcrumb"},"inLanguage":"pt-BR","potentialAction":[{"@type":"ReadAction","target":["https:\/\/www.sitsesp.org.br\/novo\/delegados-sindicais-eleitos-em-10-de-agosto\/"]}]},{"@type":"ImageObject","inLanguage":"pt-BR","@id":"https:\/\/www.sitsesp.org.br\/novo\/delegados-sindicais-eleitos-em-10-de-agosto\/#primaryimage","url":"https:\/\/www.sitsesp.org.br\/novo\/wp-content\/uploads\/2021\/08\/deleeleitos10agosto.jpg","contentUrl":"https:\/\/www.sitsesp.org.br\/novo\/wp-content\/uploads\/2021\/08\/deleeleitos10agosto.jpg","width":800,"height":800},{"@type":"BreadcrumbList","@id":"https:\/\/www.sitsesp.org.br\/novo\/delegados-sindicais-eleitos-em-10-de-agosto\/#breadcrumb","itemListElement":[{"@type":"ListItem","position":1,"name":"In\u00edcio","item":"https:\/\/www.sitsesp.org.br\/novo\/"},{"@type":"ListItem","position":2,"name":"DELEGADOS SINDICAIS ELEITOS EM 10 DE AGOSTO"}]},{"@type":"WebSite","@id":"https:\/\/www.sitsesp.org.br\/novo\/#website","url":"https:\/\/www.sitsesp.org.br\/novo\/","name":"Sitsesp","description":"SIndicato da Socioeduca\u00e7\u00e3o do Estado de S\u00e3o Paulo","publisher":{"@id":"https:\/\/www.sitsesp.org.br\/novo\/#organization"},"potentialAction":[{"@type":"SearchAction","target":{"@type":"EntryPoint","urlTemplate":"https:\/\/www.sitsesp.org.br\/novo\/?s={search_term_string}"},"query-input":"required name=search_term_string"}],"inLanguage":"pt-BR"},{"@type":"Organization","@id":"https:\/\/www.sitsesp.org.br\/novo\/#organization","name":"Sitsesp","url":"https:\/\/www.sitsesp.org.br\/novo\/","logo":{"@type":"ImageObject","inLanguage":"pt-BR","@id":"https:\/\/www.sitsesp.org.br\/novo\/#\/schema\/logo\/image\/","url":"https:\/\/www.sitsesp.org.br\/novo\/wp-content\/uploads\/2020\/09\/Design-sem-nome-1.jpg","contentUrl":"https:\/\/www.sitsesp.org.br\/novo\/wp-content\/uploads\/2020\/09\/Design-sem-nome-1.jpg","width":300,"height":300,"caption":"Sitsesp"},"image":{"@id":"https:\/\/www.sitsesp.org.br\/novo\/#\/schema\/logo\/image\/"}},{"@type":"Person","@id":"https:\/\/www.sitsesp.org.br\/novo\/#\/schema\/person\/28e42eec160f373e81d0183b3643edbf","name":"imprensa","image":{"@type":"ImageObject","inLanguage":"pt-BR","@id":"https:\/\/www.sitsesp.org.br\/novo\/#\/schema\/person\/image\/","url":"https:\/\/secure.gravatar.com\/avatar\/8d6ccd8d7d52b8959f34154e87d3fa29?s=96&d=mm&r=g","contentUrl":"https:\/\/secure.gravatar.com\/avatar\/8d6ccd8d7d52b8959f34154e87d3fa29?s=96&d=mm&r=g","caption":"imprensa"}}]}},"_links":{"self":[{"href":"https:\/\/www.sitsesp.org.br\/novo\/wp-json\/wp\/v2\/posts\/6823"}],"collection":[{"href":"https:\/\/www.sitsesp.org.br\/novo\/wp-json\/wp\/v2\/posts"}],"about":[{"href":"https:\/\/www.sitsesp.org.br\/novo\/wp-json\/wp\/v2\/types\/post"}],"author":[{"embeddable":true,"href":"https:\/\/www.sitsesp.org.br\/novo\/wp-json\/wp\/v2\/users\/5"}],"replies":[{"embeddable":true,"href":"https:\/\/www.sitsesp.org.br\/novo\/wp-json\/wp\/v2\/comments?post=6823"}],"version-history":[{"count":1,"href":"https:\/\/www.sitsesp.org.br\/novo\/wp-json\/wp\/v2\/posts\/6823\/revisions"}],"predecessor-version":[{"id":6832,"href":"https:\/\/www.sitsesp.org.br\/novo\/wp-json\/wp\/v2\/posts\/6823\/revisions\/6832"}],"wp:featuredmedia":[{"embeddable":true,"href":"https:\/\/www.sitsesp.org.br\/novo\/wp-json\/wp\/v2\/media\/6831"}],"wp:attachment":[{"href":"https:\/\/www.sitsesp.org.br\/novo\/wp-json\/wp\/v2\/media?parent=6823"}],"wp:term":[{"taxonomy":"category","embeddable":true,"href":"https:\/\/www.sitsesp.org.br\/novo\/wp-json\/wp\/v2\/categories?post=6823"},{"taxonomy":"post_tag","embeddable":true,"href":"https:\/\/www.sitsesp.org.br\/novo\/wp-json\/wp\/v2\/tags?post=6823"}],"curies":[{"name":"wp","href":"https:\/\/api.w.org\/{rel}","templated":true}]}}