{"id":6833,"date":"2021-08-11T16:00:03","date_gmt":"2021-08-11T19:00:03","guid":{"rendered":"https:\/\/sitsesp.org.br\/novo\/?p=6833"},"modified":"2021-08-11T16:00:03","modified_gmt":"2021-08-11T19:00:03","slug":"comunicado-eleicao-de-delegados-sindicais-irapuru-e-aracatuba","status":"publish","type":"post","link":"https:\/\/www.sitsesp.org.br\/novo\/comunicado-eleicao-de-delegados-sindicais-irapuru-e-aracatuba\/","title":{"rendered":"COMUNICADO | ELEI\u00c7\u00c3O DE DELEGADOS SINDICAIS IRAPURU E ARA\u00c7ATUBA"},"content":{"rendered":"<p><!-- VideographyWP Plugin Message: Automatic video embedding prevented by plugin options. --><br \/>\n<strong>COMUNICADO | ELEI\u00c7\u00c3O DE DELEGADOS SINDICAIS IRAPURU E ARA\u00c7ATUBA<\/strong><\/p>\n<p>Tendo em considera\u00e7\u00e3o a aus\u00eancia de candidatos para delegados sindicais em dois locais de vota\u00e7\u00e3o (Mar\u00edlia e Piracicaba), a Comiss\u00e3o Eleitoral, de acordo com o regulamento, realocar\u00e1 as duas vagas de delegados sindicais para, assim, termos o m\u00e1ximo poss\u00edvel de delegados de base para ajudar na luta da nossa categoria.<\/p>\n<p>A Comiss\u00e3o Eleitoral definiu realocar as vagas para os centros de Irapuru (1 vaga para delegado sindical) e Ara\u00e7atuba (2 vagas para delegado sindical).<\/p>\n<p>Atualiza\u00e7\u00e3o do cronograma de elei\u00e7\u00e3o nesses centros:<\/p>\n<p>&#8211; CASA PRESIDENTE BERNARDES \u2013 Elei\u00e7\u00e3o dia 11 de agosto \u00e0s 18h30. Local de vota\u00e7\u00e3o: CASA PRESIDENTE BERNARDES<br \/>\n<strong>1 DELEGADO<\/strong><br \/>\n\u2013 CASA IRAPURU I \u2013 CASA IRAPURU II &#8211; Elei\u00e7\u00e3o dia 11 de agosto \u00e0s 18h30. Local de vota\u00e7\u00e3o: CASA IRAPURU I<br \/>\n<strong>1 DELEGADO<\/strong><\/p>\n<p>&#8211; CASA ARA\u00c7A \u2013 CASA ARA\u00c7ATUBA \u2013 Elei\u00e7\u00e3o dia 12 de agosto \u00e0s 12h. Local de vota\u00e7\u00e3o: CASA ARA\u00c7ATUBA.<br \/>\n<strong>2 DELEGADOS<\/strong><\/p>\n","protected":false},"excerpt":{"rendered":"<p>COMUNICADO | ELEI\u00c7\u00c3O DE DELEGADOS SINDICAIS IRAPURU E ARA\u00c7ATUBA Tendo em considera\u00e7\u00e3o a aus\u00eancia de candidatos para delegados sindicais em dois&hellip;<\/p>\n","protected":false},"author":5,"featured_media":6834,"comment_status":"open","ping_status":"open","sticky":false,"template":"","format":"standard","meta":{"cybocfi_hide_featured_image":"","footnotes":""},"categories":[27,22],"tags":[45,60,43,40,37],"yoast_head":"<!-- This site is optimized with the Yoast SEO plugin v22.8 - https:\/\/yoast.com\/wordpress\/plugins\/seo\/ -->\n<title>COMUNICADO | ELEI\u00c7\u00c3O DE DELEGADOS SINDICAIS IRAPURU E ARA\u00c7ATUBA - SITSESP<\/title>\n<meta name=\"description\" content=\"Tendo em considera\u00e7\u00e3o a aus\u00eancia de candidatos para delegados sindicais em dois locais de vota\u00e7\u00e3o (Mar\u00edlia e Piracicaba), a Comiss\u00e3o Eleitoral, de acordo com o regulamento, realocar\u00e1 as duas vagas de delegados sindicais para, assim, termos o m\u00e1ximo poss\u00edvel de delegados de base para ajudar na luta da nossa categoria. A Comiss\u00e3o Eleitoral definiu realocar as vagas para os centros de Irapuru (1 vaga para delegado sindical) e Ara\u00e7atuba (2 vagas para delegado sindical).\" \/>\n<meta name=\"robots\" content=\"index, follow, max-snippet:-1, max-image-preview:large, max-video-preview:-1\" \/>\n<link rel=\"canonical\" href=\"https:\/\/www.sitsesp.org.br\/novo\/comunicado-eleicao-de-delegados-sindicais-irapuru-e-aracatuba\/\" \/>\n<meta property=\"og:locale\" content=\"pt_BR\" \/>\n<meta property=\"og:type\" content=\"article\" \/>\n<meta property=\"og:title\" content=\"COMUNICADO | ELEI\u00c7\u00c3O DE DELEGADOS SINDICAIS IRAPURU E ARA\u00c7ATUBA - SITSESP\" \/>\n<meta property=\"og:description\" content=\"Tendo em considera\u00e7\u00e3o a aus\u00eancia de candidatos para delegados sindicais em dois locais de vota\u00e7\u00e3o (Mar\u00edlia e Piracicaba), a Comiss\u00e3o Eleitoral, de acordo com o regulamento, realocar\u00e1 as duas vagas de delegados sindicais para, assim, termos o m\u00e1ximo poss\u00edvel de delegados de base para ajudar na luta da nossa categoria. A Comiss\u00e3o Eleitoral definiu realocar as vagas para os centros de Irapuru (1 vaga para delegado sindical) e Ara\u00e7atuba (2 vagas para delegado sindical).\" \/>\n<meta property=\"og:url\" content=\"https:\/\/www.sitsesp.org.br\/novo\/comunicado-eleicao-de-delegados-sindicais-irapuru-e-aracatuba\/\" \/>\n<meta property=\"og:site_name\" content=\"SITSESP\" \/>\n<meta property=\"article:published_time\" content=\"2021-08-11T19:00:03+00:00\" \/>\n<meta property=\"og:image\" content=\"https:\/\/www.sitsesp.org.br\/novo\/wp-content\/uploads\/2021\/08\/COMUNICADOELEICAO.png\" \/>\n\t<meta property=\"og:image:width\" content=\"800\" \/>\n\t<meta property=\"og:image:height\" content=\"800\" \/>\n\t<meta property=\"og:image:type\" content=\"image\/png\" \/>\n<meta name=\"author\" content=\"imprensa\" \/>\n<meta name=\"twitter:card\" content=\"summary_large_image\" \/>\n<meta name=\"twitter:label1\" content=\"Escrito por\" \/>\n\t<meta name=\"twitter:data1\" content=\"imprensa\" \/>\n\t<meta name=\"twitter:label2\" content=\"Est. tempo de leitura\" \/>\n\t<meta name=\"twitter:data2\" content=\"1 minuto\" \/>\n<script type=\"application\/ld+json\" class=\"yoast-schema-graph\">{\"@context\":\"https:\/\/schema.org\",\"@graph\":[{\"@type\":\"Article\",\"@id\":\"https:\/\/www.sitsesp.org.br\/novo\/comunicado-eleicao-de-delegados-sindicais-irapuru-e-aracatuba\/#article\",\"isPartOf\":{\"@id\":\"https:\/\/www.sitsesp.org.br\/novo\/comunicado-eleicao-de-delegados-sindicais-irapuru-e-aracatuba\/\"},\"author\":{\"name\":\"imprensa\",\"@id\":\"https:\/\/www.sitsesp.org.br\/novo\/#\/schema\/person\/28e42eec160f373e81d0183b3643edbf\"},\"headline\":\"COMUNICADO | ELEI\u00c7\u00c3O DE DELEGADOS SINDICAIS IRAPURU E ARA\u00c7ATUBA\",\"datePublished\":\"2021-08-11T19:00:03+00:00\",\"dateModified\":\"2021-08-11T19:00:03+00:00\",\"mainEntityOfPage\":{\"@id\":\"https:\/\/www.sitsesp.org.br\/novo\/comunicado-eleicao-de-delegados-sindicais-irapuru-e-aracatuba\/\"},\"wordCount\":173,\"commentCount\":0,\"publisher\":{\"@id\":\"https:\/\/www.sitsesp.org.br\/novo\/#organization\"},\"image\":{\"@id\":\"https:\/\/www.sitsesp.org.br\/novo\/comunicado-eleicao-de-delegados-sindicais-irapuru-e-aracatuba\/#primaryimage\"},\"thumbnailUrl\":\"https:\/\/www.sitsesp.org.br\/novo\/wp-content\/uploads\/2021\/08\/COMUNICADOELEICAO.png\",\"keywords\":[\"2021\",\"DELEGADOS\",\"FILIE-SE\",\"SINDICATO\",\"SITSESP\"],\"articleSection\":[\"Destaque\",\"Noticias\"],\"inLanguage\":\"pt-BR\",\"potentialAction\":[{\"@type\":\"CommentAction\",\"name\":\"Comment\",\"target\":[\"https:\/\/www.sitsesp.org.br\/novo\/comunicado-eleicao-de-delegados-sindicais-irapuru-e-aracatuba\/#respond\"]}]},{\"@type\":\"WebPage\",\"@id\":\"https:\/\/www.sitsesp.org.br\/novo\/comunicado-eleicao-de-delegados-sindicais-irapuru-e-aracatuba\/\",\"url\":\"https:\/\/www.sitsesp.org.br\/novo\/comunicado-eleicao-de-delegados-sindicais-irapuru-e-aracatuba\/\",\"name\":\"COMUNICADO | ELEI\u00c7\u00c3O DE DELEGADOS SINDICAIS IRAPURU E ARA\u00c7ATUBA - SITSESP\",\"isPartOf\":{\"@id\":\"https:\/\/www.sitsesp.org.br\/novo\/#website\"},\"primaryImageOfPage\":{\"@id\":\"https:\/\/www.sitsesp.org.br\/novo\/comunicado-eleicao-de-delegados-sindicais-irapuru-e-aracatuba\/#primaryimage\"},\"image\":{\"@id\":\"https:\/\/www.sitsesp.org.br\/novo\/comunicado-eleicao-de-delegados-sindicais-irapuru-e-aracatuba\/#primaryimage\"},\"thumbnailUrl\":\"https:\/\/www.sitsesp.org.br\/novo\/wp-content\/uploads\/2021\/08\/COMUNICADOELEICAO.png\",\"datePublished\":\"2021-08-11T19:00:03+00:00\",\"dateModified\":\"2021-08-11T19:00:03+00:00\",\"description\":\"Tendo em considera\u00e7\u00e3o a aus\u00eancia de candidatos para delegados sindicais em dois locais de vota\u00e7\u00e3o (Mar\u00edlia e Piracicaba), a Comiss\u00e3o Eleitoral, de acordo com o regulamento, realocar\u00e1 as duas vagas de delegados sindicais para, assim, termos o m\u00e1ximo poss\u00edvel de delegados de base para ajudar na luta da nossa categoria. A Comiss\u00e3o Eleitoral definiu realocar as vagas para os centros de Irapuru (1 vaga para delegado sindical) e Ara\u00e7atuba (2 vagas para delegado sindical).\",\"breadcrumb\":{\"@id\":\"https:\/\/www.sitsesp.org.br\/novo\/comunicado-eleicao-de-delegados-sindicais-irapuru-e-aracatuba\/#breadcrumb\"},\"inLanguage\":\"pt-BR\",\"potentialAction\":[{\"@type\":\"ReadAction\",\"target\":[\"https:\/\/www.sitsesp.org.br\/novo\/comunicado-eleicao-de-delegados-sindicais-irapuru-e-aracatuba\/\"]}]},{\"@type\":\"ImageObject\",\"inLanguage\":\"pt-BR\",\"@id\":\"https:\/\/www.sitsesp.org.br\/novo\/comunicado-eleicao-de-delegados-sindicais-irapuru-e-aracatuba\/#primaryimage\",\"url\":\"https:\/\/www.sitsesp.org.br\/novo\/wp-content\/uploads\/2021\/08\/COMUNICADOELEICAO.png\",\"contentUrl\":\"https:\/\/www.sitsesp.org.br\/novo\/wp-content\/uploads\/2021\/08\/COMUNICADOELEICAO.png\",\"width\":800,\"height\":800},{\"@type\":\"BreadcrumbList\",\"@id\":\"https:\/\/www.sitsesp.org.br\/novo\/comunicado-eleicao-de-delegados-sindicais-irapuru-e-aracatuba\/#breadcrumb\",\"itemListElement\":[{\"@type\":\"ListItem\",\"position\":1,\"name\":\"In\u00edcio\",\"item\":\"https:\/\/www.sitsesp.org.br\/novo\/\"},{\"@type\":\"ListItem\",\"position\":2,\"name\":\"COMUNICADO | ELEI\u00c7\u00c3O DE DELEGADOS SINDICAIS IRAPURU E ARA\u00c7ATUBA\"}]},{\"@type\":\"WebSite\",\"@id\":\"https:\/\/www.sitsesp.org.br\/novo\/#website\",\"url\":\"https:\/\/www.sitsesp.org.br\/novo\/\",\"name\":\"Sitsesp\",\"description\":\"SIndicato da Socioeduca\u00e7\u00e3o do Estado de S\u00e3o Paulo\",\"publisher\":{\"@id\":\"https:\/\/www.sitsesp.org.br\/novo\/#organization\"},\"potentialAction\":[{\"@type\":\"SearchAction\",\"target\":{\"@type\":\"EntryPoint\",\"urlTemplate\":\"https:\/\/www.sitsesp.org.br\/novo\/?s={search_term_string}\"},\"query-input\":\"required name=search_term_string\"}],\"inLanguage\":\"pt-BR\"},{\"@type\":\"Organization\",\"@id\":\"https:\/\/www.sitsesp.org.br\/novo\/#organization\",\"name\":\"Sitsesp\",\"url\":\"https:\/\/www.sitsesp.org.br\/novo\/\",\"logo\":{\"@type\":\"ImageObject\",\"inLanguage\":\"pt-BR\",\"@id\":\"https:\/\/www.sitsesp.org.br\/novo\/#\/schema\/logo\/image\/\",\"url\":\"https:\/\/www.sitsesp.org.br\/novo\/wp-content\/uploads\/2020\/09\/Design-sem-nome-1.jpg\",\"contentUrl\":\"https:\/\/www.sitsesp.org.br\/novo\/wp-content\/uploads\/2020\/09\/Design-sem-nome-1.jpg\",\"width\":300,\"height\":300,\"caption\":\"Sitsesp\"},\"image\":{\"@id\":\"https:\/\/www.sitsesp.org.br\/novo\/#\/schema\/logo\/image\/\"}},{\"@type\":\"Person\",\"@id\":\"https:\/\/www.sitsesp.org.br\/novo\/#\/schema\/person\/28e42eec160f373e81d0183b3643edbf\",\"name\":\"imprensa\",\"image\":{\"@type\":\"ImageObject\",\"inLanguage\":\"pt-BR\",\"@id\":\"https:\/\/www.sitsesp.org.br\/novo\/#\/schema\/person\/image\/\",\"url\":\"https:\/\/secure.gravatar.com\/avatar\/8d6ccd8d7d52b8959f34154e87d3fa29?s=96&d=mm&r=g\",\"contentUrl\":\"https:\/\/secure.gravatar.com\/avatar\/8d6ccd8d7d52b8959f34154e87d3fa29?s=96&d=mm&r=g\",\"caption\":\"imprensa\"}}]}<\/script>\n<!-- \/ Yoast SEO plugin. -->","yoast_head_json":{"title":"COMUNICADO | ELEI\u00c7\u00c3O DE DELEGADOS SINDICAIS IRAPURU E ARA\u00c7ATUBA - SITSESP","description":"Tendo em considera\u00e7\u00e3o a aus\u00eancia de candidatos para delegados sindicais em dois locais de vota\u00e7\u00e3o (Mar\u00edlia e Piracicaba), a Comiss\u00e3o Eleitoral, de acordo com o regulamento, realocar\u00e1 as duas vagas de delegados sindicais para, assim, termos o m\u00e1ximo poss\u00edvel de delegados de base para ajudar na luta da nossa categoria. A Comiss\u00e3o Eleitoral definiu realocar as vagas para os centros de Irapuru (1 vaga para delegado sindical) e Ara\u00e7atuba (2 vagas para delegado sindical).","robots":{"index":"index","follow":"follow","max-snippet":"max-snippet:-1","max-image-preview":"max-image-preview:large","max-video-preview":"max-video-preview:-1"},"canonical":"https:\/\/www.sitsesp.org.br\/novo\/comunicado-eleicao-de-delegados-sindicais-irapuru-e-aracatuba\/","og_locale":"pt_BR","og_type":"article","og_title":"COMUNICADO | ELEI\u00c7\u00c3O DE DELEGADOS SINDICAIS IRAPURU E ARA\u00c7ATUBA - SITSESP","og_description":"Tendo em considera\u00e7\u00e3o a aus\u00eancia de candidatos para delegados sindicais em dois locais de vota\u00e7\u00e3o (Mar\u00edlia e Piracicaba), a Comiss\u00e3o Eleitoral, de acordo com o regulamento, realocar\u00e1 as duas vagas de delegados sindicais para, assim, termos o m\u00e1ximo poss\u00edvel de delegados de base para ajudar na luta da nossa categoria. A Comiss\u00e3o Eleitoral definiu realocar as vagas para os centros de Irapuru (1 vaga para delegado sindical) e Ara\u00e7atuba (2 vagas para delegado sindical).","og_url":"https:\/\/www.sitsesp.org.br\/novo\/comunicado-eleicao-de-delegados-sindicais-irapuru-e-aracatuba\/","og_site_name":"SITSESP","article_published_time":"2021-08-11T19:00:03+00:00","og_image":[{"width":800,"height":800,"url":"https:\/\/www.sitsesp.org.br\/novo\/wp-content\/uploads\/2021\/08\/COMUNICADOELEICAO.png","type":"image\/png"}],"author":"imprensa","twitter_card":"summary_large_image","twitter_misc":{"Escrito por":"imprensa","Est. tempo de leitura":"1 minuto"},"schema":{"@context":"https:\/\/schema.org","@graph":[{"@type":"Article","@id":"https:\/\/www.sitsesp.org.br\/novo\/comunicado-eleicao-de-delegados-sindicais-irapuru-e-aracatuba\/#article","isPartOf":{"@id":"https:\/\/www.sitsesp.org.br\/novo\/comunicado-eleicao-de-delegados-sindicais-irapuru-e-aracatuba\/"},"author":{"name":"imprensa","@id":"https:\/\/www.sitsesp.org.br\/novo\/#\/schema\/person\/28e42eec160f373e81d0183b3643edbf"},"headline":"COMUNICADO | ELEI\u00c7\u00c3O DE DELEGADOS SINDICAIS IRAPURU E ARA\u00c7ATUBA","datePublished":"2021-08-11T19:00:03+00:00","dateModified":"2021-08-11T19:00:03+00:00","mainEntityOfPage":{"@id":"https:\/\/www.sitsesp.org.br\/novo\/comunicado-eleicao-de-delegados-sindicais-irapuru-e-aracatuba\/"},"wordCount":173,"commentCount":0,"publisher":{"@id":"https:\/\/www.sitsesp.org.br\/novo\/#organization"},"image":{"@id":"https:\/\/www.sitsesp.org.br\/novo\/comunicado-eleicao-de-delegados-sindicais-irapuru-e-aracatuba\/#primaryimage"},"thumbnailUrl":"https:\/\/www.sitsesp.org.br\/novo\/wp-content\/uploads\/2021\/08\/COMUNICADOELEICAO.png","keywords":["2021","DELEGADOS","FILIE-SE","SINDICATO","SITSESP"],"articleSection":["Destaque","Noticias"],"inLanguage":"pt-BR","potentialAction":[{"@type":"CommentAction","name":"Comment","target":["https:\/\/www.sitsesp.org.br\/novo\/comunicado-eleicao-de-delegados-sindicais-irapuru-e-aracatuba\/#respond"]}]},{"@type":"WebPage","@id":"https:\/\/www.sitsesp.org.br\/novo\/comunicado-eleicao-de-delegados-sindicais-irapuru-e-aracatuba\/","url":"https:\/\/www.sitsesp.org.br\/novo\/comunicado-eleicao-de-delegados-sindicais-irapuru-e-aracatuba\/","name":"COMUNICADO | ELEI\u00c7\u00c3O DE DELEGADOS SINDICAIS IRAPURU E ARA\u00c7ATUBA - SITSESP","isPartOf":{"@id":"https:\/\/www.sitsesp.org.br\/novo\/#website"},"primaryImageOfPage":{"@id":"https:\/\/www.sitsesp.org.br\/novo\/comunicado-eleicao-de-delegados-sindicais-irapuru-e-aracatuba\/#primaryimage"},"image":{"@id":"https:\/\/www.sitsesp.org.br\/novo\/comunicado-eleicao-de-delegados-sindicais-irapuru-e-aracatuba\/#primaryimage"},"thumbnailUrl":"https:\/\/www.sitsesp.org.br\/novo\/wp-content\/uploads\/2021\/08\/COMUNICADOELEICAO.png","datePublished":"2021-08-11T19:00:03+00:00","dateModified":"2021-08-11T19:00:03+00:00","description":"Tendo em considera\u00e7\u00e3o a aus\u00eancia de candidatos para delegados sindicais em dois locais de vota\u00e7\u00e3o (Mar\u00edlia e Piracicaba), a Comiss\u00e3o Eleitoral, de acordo com o regulamento, realocar\u00e1 as duas vagas de delegados sindicais para, assim, termos o m\u00e1ximo poss\u00edvel de delegados de base para ajudar na luta da nossa categoria. A Comiss\u00e3o Eleitoral definiu realocar as vagas para os centros de Irapuru (1 vaga para delegado sindical) e Ara\u00e7atuba (2 vagas para delegado sindical).","breadcrumb":{"@id":"https:\/\/www.sitsesp.org.br\/novo\/comunicado-eleicao-de-delegados-sindicais-irapuru-e-aracatuba\/#breadcrumb"},"inLanguage":"pt-BR","potentialAction":[{"@type":"ReadAction","target":["https:\/\/www.sitsesp.org.br\/novo\/comunicado-eleicao-de-delegados-sindicais-irapuru-e-aracatuba\/"]}]},{"@type":"ImageObject","inLanguage":"pt-BR","@id":"https:\/\/www.sitsesp.org.br\/novo\/comunicado-eleicao-de-delegados-sindicais-irapuru-e-aracatuba\/#primaryimage","url":"https:\/\/www.sitsesp.org.br\/novo\/wp-content\/uploads\/2021\/08\/COMUNICADOELEICAO.png","contentUrl":"https:\/\/www.sitsesp.org.br\/novo\/wp-content\/uploads\/2021\/08\/COMUNICADOELEICAO.png","width":800,"height":800},{"@type":"BreadcrumbList","@id":"https:\/\/www.sitsesp.org.br\/novo\/comunicado-eleicao-de-delegados-sindicais-irapuru-e-aracatuba\/#breadcrumb","itemListElement":[{"@type":"ListItem","position":1,"name":"In\u00edcio","item":"https:\/\/www.sitsesp.org.br\/novo\/"},{"@type":"ListItem","position":2,"name":"COMUNICADO | ELEI\u00c7\u00c3O DE DELEGADOS SINDICAIS IRAPURU E ARA\u00c7ATUBA"}]},{"@type":"WebSite","@id":"https:\/\/www.sitsesp.org.br\/novo\/#website","url":"https:\/\/www.sitsesp.org.br\/novo\/","name":"Sitsesp","description":"SIndicato da Socioeduca\u00e7\u00e3o do Estado de S\u00e3o Paulo","publisher":{"@id":"https:\/\/www.sitsesp.org.br\/novo\/#organization"},"potentialAction":[{"@type":"SearchAction","target":{"@type":"EntryPoint","urlTemplate":"https:\/\/www.sitsesp.org.br\/novo\/?s={search_term_string}"},"query-input":"required name=search_term_string"}],"inLanguage":"pt-BR"},{"@type":"Organization","@id":"https:\/\/www.sitsesp.org.br\/novo\/#organization","name":"Sitsesp","url":"https:\/\/www.sitsesp.org.br\/novo\/","logo":{"@type":"ImageObject","inLanguage":"pt-BR","@id":"https:\/\/www.sitsesp.org.br\/novo\/#\/schema\/logo\/image\/","url":"https:\/\/www.sitsesp.org.br\/novo\/wp-content\/uploads\/2020\/09\/Design-sem-nome-1.jpg","contentUrl":"https:\/\/www.sitsesp.org.br\/novo\/wp-content\/uploads\/2020\/09\/Design-sem-nome-1.jpg","width":300,"height":300,"caption":"Sitsesp"},"image":{"@id":"https:\/\/www.sitsesp.org.br\/novo\/#\/schema\/logo\/image\/"}},{"@type":"Person","@id":"https:\/\/www.sitsesp.org.br\/novo\/#\/schema\/person\/28e42eec160f373e81d0183b3643edbf","name":"imprensa","image":{"@type":"ImageObject","inLanguage":"pt-BR","@id":"https:\/\/www.sitsesp.org.br\/novo\/#\/schema\/person\/image\/","url":"https:\/\/secure.gravatar.com\/avatar\/8d6ccd8d7d52b8959f34154e87d3fa29?s=96&d=mm&r=g","contentUrl":"https:\/\/secure.gravatar.com\/avatar\/8d6ccd8d7d52b8959f34154e87d3fa29?s=96&d=mm&r=g","caption":"imprensa"}}]}},"_links":{"self":[{"href":"https:\/\/www.sitsesp.org.br\/novo\/wp-json\/wp\/v2\/posts\/6833"}],"collection":[{"href":"https:\/\/www.sitsesp.org.br\/novo\/wp-json\/wp\/v2\/posts"}],"about":[{"href":"https:\/\/www.sitsesp.org.br\/novo\/wp-json\/wp\/v2\/types\/post"}],"author":[{"embeddable":true,"href":"https:\/\/www.sitsesp.org.br\/novo\/wp-json\/wp\/v2\/users\/5"}],"replies":[{"embeddable":true,"href":"https:\/\/www.sitsesp.org.br\/novo\/wp-json\/wp\/v2\/comments?post=6833"}],"version-history":[{"count":1,"href":"https:\/\/www.sitsesp.org.br\/novo\/wp-json\/wp\/v2\/posts\/6833\/revisions"}],"predecessor-version":[{"id":6835,"href":"https:\/\/www.sitsesp.org.br\/novo\/wp-json\/wp\/v2\/posts\/6833\/revisions\/6835"}],"wp:featuredmedia":[{"embeddable":true,"href":"https:\/\/www.sitsesp.org.br\/novo\/wp-json\/wp\/v2\/media\/6834"}],"wp:attachment":[{"href":"https:\/\/www.sitsesp.org.br\/novo\/wp-json\/wp\/v2\/media?parent=6833"}],"wp:term":[{"taxonomy":"category","embeddable":true,"href":"https:\/\/www.sitsesp.org.br\/novo\/wp-json\/wp\/v2\/categories?post=6833"},{"taxonomy":"post_tag","embeddable":true,"href":"https:\/\/www.sitsesp.org.br\/novo\/wp-json\/wp\/v2\/tags?post=6833"}],"curies":[{"name":"wp","href":"https:\/\/api.w.org\/{rel}","templated":true}]}}