{"id":6836,"date":"2021-08-12T12:08:57","date_gmt":"2021-08-12T15:08:57","guid":{"rendered":"https:\/\/sitsesp.org.br\/novo\/?p=6836"},"modified":"2021-08-12T12:08:57","modified_gmt":"2021-08-12T15:08:57","slug":"lucia-33-anos-de-socioeducacao-obrigado-por-toda-dedicacao","status":"publish","type":"post","link":"https:\/\/www.sitsesp.org.br\/novo\/lucia-33-anos-de-socioeducacao-obrigado-por-toda-dedicacao\/","title":{"rendered":"LUCIA, 33 ANOS DE SOCIOEDUCA\u00c7\u00c3O! Obrigado por toda dedica\u00e7\u00e3o!"},"content":{"rendered":"<p><!-- VideographyWP Plugin Message: Automatic video embedding prevented by plugin options. --><br \/>\nOl\u00e1 categoria! Na pr\u00f3xima sexta-feira, 13 de agosto, se aposentar\u00e1 a servidora Lucia Helena Nardi do CASA Batatais. Lucia trabalha no sistema socioeducativo desde 1988 e vivenciou diversos momentos e transforma\u00e7\u00f5es pelas quais a Funda\u00e7\u00e3o passou em todos esses anos. A seguir temos um relato da servidora sobre sua trajet\u00f3ria dentro da funda\u00e7\u00e3o.<\/p>\n<p><em>\u201cO que falar da minha pessoa? Trabalho na Funda\u00e7\u00e3o desde 03\/06\/1988, sou imensamente grata! Meu sonho era entrar para trabalhar l\u00e1 desde os meus 14 anos, per\u00edodo que ia brincar aos domingos com as crian\u00e7as pequenas no antigo lar da inf\u00e2ncia UE 14! L\u00e1 receb\u00edamos crian\u00e7as carentes e abandonadas de 0 a 12 anos. Entrei com 20 anos e trabalhei l\u00e1 de 1988 at\u00e9 1995 e depois, com o fechamento do lar da inf\u00e2ncia, fui transferida para antiga UEP5, local que tamb\u00e9m recebia crian\u00e7as carentes e abandonadas aqui em Batatais. L\u00e1 a idade das crian\u00e7as era de 12 anos a 18 anos. Em 1998 houve a municipaliza\u00e7\u00e3o e aquelas crian\u00e7as e adolescentes foram encaminhadas para suas fam\u00edlias, as que tinham, e as que n\u00e3o tinham fam\u00edlia tiveram outros encaminhamentos. Alguns funcion\u00e1rios foram trabalhar na capital e eu, que estava de licen\u00e7a maternidade, permaneci em Ribeir\u00e3o Preto.<\/em><\/p>\n<p><em>Me apresentei no CASA Ribeir\u00e3o Preto em 03 de agosto de 1998 para trabalhar no antigo pavilh\u00e3o, local onde vivi meus piores momentos dentro da institui\u00e7\u00e3o e, tamb\u00e9m, meus melhores momentos em rela\u00e7\u00e3o a aprendizagem, trabalho em equipe e uni\u00e3o entre os servidores, n\u00e3o posso citar nomes pois seria injusto se me esquecesse de algu\u00e9m. Neste mesmo local, em 2002, assumi o cargo de Assistente Social e em 2003 este pavilh\u00e3o fechou devido a in\u00fameras rebeli\u00f5es, o pr\u00e9dio ficou totalmente inapropriado para os adolescentes e servidores permanecerem l\u00e1. O CASA Ribeir\u00e3o Preto foi inaugurado \u00e0s pressas e l\u00e1 permaneci at\u00e9 2006.<\/em><\/p>\n<p><em>Com a descentraliza\u00e7\u00e3o e a cria\u00e7\u00e3o da divis\u00e3o das regionais foi criada a Divis\u00e3o Regional Norte, na qual fui indicada para ser supervisora, um cargo novo que ainda n\u00e3o sab\u00edamos como ia ser. Fizemos uma semana de treinamento em S\u00e3o Paulo e, neste cargo, permaneci at\u00e9 2012 sempre aprendendo e colaborando da melhor forma, sempre em busca de que o melhor fosse realizado! Meu cargo de origem era agente de apoio e com o Termo de Ajuste de Contrato, em 2011, voltei para meu cargo de origem, por\u00e9m, permaneci na supervis\u00e3o mais um ano. Tudo foi providencial pois, desta forma, poderia pedir minha transfer\u00eancia para minha cidade de origem, voltei a trabalhar no CASA Ribeir\u00e3o de agosto a dezembro de 2012 e no dia 22 de dezembro de 2012 me apresentei no Casa Batatais, local onde me despe\u00e7o da Funda\u00e7\u00e3o com o sentimento de dever cumprido ao longo destes 33 anos dois meses e 15 dias! Sou imensamente grata! Nestes longos anos fiz faculdade, ajudei minha fam\u00edlia, casei e tive meus tr\u00eas filhos! Conheci muitas pessoas pelas quais tenho carinho e alguns s\u00e3o meus melhores amigos\/madrinhas dos meus filhos e, hoje, saio com a sensa\u00e7\u00e3o de dever cumprido!<\/em><\/p>\n<p><em>Fiz de tudo dentro da funda\u00e7\u00e3o, desde lavar banheiro, limpar ch\u00e3o, at\u00e9 ser diretora substituta v\u00e1rias vezes quando estava no cargo de supervisora. Sempre me dediquei muito e sou imensamente grata. Saio com o cora\u00e7\u00e3o partido, por\u00e9m, acredito que este seja o melhor momento.\u201d<\/em><\/p>\n","protected":false},"excerpt":{"rendered":"<p>Ol\u00e1 categoria! Na pr\u00f3xima sexta-feira, 13 de agosto, se aposentar\u00e1 a servidora Lucia Helena Nardi do CASA Batatais. Lucia trabalha no&hellip;<\/p>\n","protected":false},"author":5,"featured_media":6837,"comment_status":"open","ping_status":"open","sticky":false,"template":"","format":"standard","meta":{"cybocfi_hide_featured_image":"","footnotes":""},"categories":[27,22],"tags":[38,37,39],"yoast_head":"<!-- This site is optimized with the Yoast SEO plugin v22.8 - https:\/\/yoast.com\/wordpress\/plugins\/seo\/ -->\n<title>LUCIA, 33 ANOS DE SOCIOEDUCA\u00c7\u00c3O! Obrigado por toda dedica\u00e7\u00e3o! - SITSESP<\/title>\n<meta name=\"description\" content=\"Ol\u00e1 categoria! Na pr\u00f3xima sexta-feira, 13 de agosto, se aposentar\u00e1 a servidora Lucia Helena Nardi do CASA Batatais. Lucia trabalha no sistema socioeducativo desde 1988 e vivenciou diversos momentos e transforma\u00e7\u00f5es pelas quais a Funda\u00e7\u00e3o passou em todos esses anos. A seguir temos um relato da servidora sobre sua trajet\u00f3ria dentro da funda\u00e7\u00e3o.\" \/>\n<meta name=\"robots\" content=\"index, follow, max-snippet:-1, max-image-preview:large, max-video-preview:-1\" \/>\n<link rel=\"canonical\" href=\"https:\/\/www.sitsesp.org.br\/novo\/lucia-33-anos-de-socioeducacao-obrigado-por-toda-dedicacao\/\" \/>\n<meta property=\"og:locale\" content=\"pt_BR\" \/>\n<meta property=\"og:type\" content=\"article\" \/>\n<meta property=\"og:title\" content=\"LUCIA, 33 ANOS DE SOCIOEDUCA\u00c7\u00c3O! Obrigado por toda dedica\u00e7\u00e3o! - SITSESP\" \/>\n<meta property=\"og:description\" content=\"Ol\u00e1 categoria! Na pr\u00f3xima sexta-feira, 13 de agosto, se aposentar\u00e1 a servidora Lucia Helena Nardi do CASA Batatais. Lucia trabalha no sistema socioeducativo desde 1988 e vivenciou diversos momentos e transforma\u00e7\u00f5es pelas quais a Funda\u00e7\u00e3o passou em todos esses anos. A seguir temos um relato da servidora sobre sua trajet\u00f3ria dentro da funda\u00e7\u00e3o.\" \/>\n<meta property=\"og:url\" content=\"https:\/\/www.sitsesp.org.br\/novo\/lucia-33-anos-de-socioeducacao-obrigado-por-toda-dedicacao\/\" \/>\n<meta property=\"og:site_name\" content=\"SITSESP\" \/>\n<meta property=\"article:published_time\" content=\"2021-08-12T15:08:57+00:00\" \/>\n<meta property=\"og:image\" content=\"https:\/\/www.sitsesp.org.br\/novo\/wp-content\/uploads\/2021\/08\/LUCIA.jpg\" \/>\n\t<meta property=\"og:image:width\" content=\"800\" \/>\n\t<meta property=\"og:image:height\" content=\"800\" \/>\n\t<meta property=\"og:image:type\" content=\"image\/jpeg\" \/>\n<meta name=\"author\" content=\"imprensa\" \/>\n<meta name=\"twitter:card\" content=\"summary_large_image\" \/>\n<meta name=\"twitter:label1\" content=\"Escrito por\" \/>\n\t<meta name=\"twitter:data1\" content=\"imprensa\" \/>\n\t<meta name=\"twitter:label2\" content=\"Est. tempo de leitura\" \/>\n\t<meta name=\"twitter:data2\" content=\"3 minutos\" \/>\n<script type=\"application\/ld+json\" class=\"yoast-schema-graph\">{\"@context\":\"https:\/\/schema.org\",\"@graph\":[{\"@type\":\"Article\",\"@id\":\"https:\/\/www.sitsesp.org.br\/novo\/lucia-33-anos-de-socioeducacao-obrigado-por-toda-dedicacao\/#article\",\"isPartOf\":{\"@id\":\"https:\/\/www.sitsesp.org.br\/novo\/lucia-33-anos-de-socioeducacao-obrigado-por-toda-dedicacao\/\"},\"author\":{\"name\":\"imprensa\",\"@id\":\"https:\/\/www.sitsesp.org.br\/novo\/#\/schema\/person\/28e42eec160f373e81d0183b3643edbf\"},\"headline\":\"LUCIA, 33 ANOS DE SOCIOEDUCA\u00c7\u00c3O! Obrigado por toda dedica\u00e7\u00e3o!\",\"datePublished\":\"2021-08-12T15:08:57+00:00\",\"dateModified\":\"2021-08-12T15:08:57+00:00\",\"mainEntityOfPage\":{\"@id\":\"https:\/\/www.sitsesp.org.br\/novo\/lucia-33-anos-de-socioeducacao-obrigado-por-toda-dedicacao\/\"},\"wordCount\":586,\"commentCount\":0,\"publisher\":{\"@id\":\"https:\/\/www.sitsesp.org.br\/novo\/#organization\"},\"image\":{\"@id\":\"https:\/\/www.sitsesp.org.br\/novo\/lucia-33-anos-de-socioeducacao-obrigado-por-toda-dedicacao\/#primaryimage\"},\"thumbnailUrl\":\"https:\/\/www.sitsesp.org.br\/novo\/wp-content\/uploads\/2021\/08\/LUCIA.jpg\",\"keywords\":[\"Funda\u00e7\u00e3o CASA\",\"SITSESP\",\"SOCIOEDUCA\u00c7\u00c3O\"],\"articleSection\":[\"Destaque\",\"Noticias\"],\"inLanguage\":\"pt-BR\",\"potentialAction\":[{\"@type\":\"CommentAction\",\"name\":\"Comment\",\"target\":[\"https:\/\/www.sitsesp.org.br\/novo\/lucia-33-anos-de-socioeducacao-obrigado-por-toda-dedicacao\/#respond\"]}]},{\"@type\":\"WebPage\",\"@id\":\"https:\/\/www.sitsesp.org.br\/novo\/lucia-33-anos-de-socioeducacao-obrigado-por-toda-dedicacao\/\",\"url\":\"https:\/\/www.sitsesp.org.br\/novo\/lucia-33-anos-de-socioeducacao-obrigado-por-toda-dedicacao\/\",\"name\":\"LUCIA, 33 ANOS DE SOCIOEDUCA\u00c7\u00c3O! Obrigado por toda dedica\u00e7\u00e3o! - SITSESP\",\"isPartOf\":{\"@id\":\"https:\/\/www.sitsesp.org.br\/novo\/#website\"},\"primaryImageOfPage\":{\"@id\":\"https:\/\/www.sitsesp.org.br\/novo\/lucia-33-anos-de-socioeducacao-obrigado-por-toda-dedicacao\/#primaryimage\"},\"image\":{\"@id\":\"https:\/\/www.sitsesp.org.br\/novo\/lucia-33-anos-de-socioeducacao-obrigado-por-toda-dedicacao\/#primaryimage\"},\"thumbnailUrl\":\"https:\/\/www.sitsesp.org.br\/novo\/wp-content\/uploads\/2021\/08\/LUCIA.jpg\",\"datePublished\":\"2021-08-12T15:08:57+00:00\",\"dateModified\":\"2021-08-12T15:08:57+00:00\",\"description\":\"Ol\u00e1 categoria! Na pr\u00f3xima sexta-feira, 13 de agosto, se aposentar\u00e1 a servidora Lucia Helena Nardi do CASA Batatais. Lucia trabalha no sistema socioeducativo desde 1988 e vivenciou diversos momentos e transforma\u00e7\u00f5es pelas quais a Funda\u00e7\u00e3o passou em todos esses anos. A seguir temos um relato da servidora sobre sua trajet\u00f3ria dentro da funda\u00e7\u00e3o.\",\"breadcrumb\":{\"@id\":\"https:\/\/www.sitsesp.org.br\/novo\/lucia-33-anos-de-socioeducacao-obrigado-por-toda-dedicacao\/#breadcrumb\"},\"inLanguage\":\"pt-BR\",\"potentialAction\":[{\"@type\":\"ReadAction\",\"target\":[\"https:\/\/www.sitsesp.org.br\/novo\/lucia-33-anos-de-socioeducacao-obrigado-por-toda-dedicacao\/\"]}]},{\"@type\":\"ImageObject\",\"inLanguage\":\"pt-BR\",\"@id\":\"https:\/\/www.sitsesp.org.br\/novo\/lucia-33-anos-de-socioeducacao-obrigado-por-toda-dedicacao\/#primaryimage\",\"url\":\"https:\/\/www.sitsesp.org.br\/novo\/wp-content\/uploads\/2021\/08\/LUCIA.jpg\",\"contentUrl\":\"https:\/\/www.sitsesp.org.br\/novo\/wp-content\/uploads\/2021\/08\/LUCIA.jpg\",\"width\":800,\"height\":800},{\"@type\":\"BreadcrumbList\",\"@id\":\"https:\/\/www.sitsesp.org.br\/novo\/lucia-33-anos-de-socioeducacao-obrigado-por-toda-dedicacao\/#breadcrumb\",\"itemListElement\":[{\"@type\":\"ListItem\",\"position\":1,\"name\":\"In\u00edcio\",\"item\":\"https:\/\/www.sitsesp.org.br\/novo\/\"},{\"@type\":\"ListItem\",\"position\":2,\"name\":\"LUCIA, 33 ANOS DE SOCIOEDUCA\u00c7\u00c3O! Obrigado por toda dedica\u00e7\u00e3o!\"}]},{\"@type\":\"WebSite\",\"@id\":\"https:\/\/www.sitsesp.org.br\/novo\/#website\",\"url\":\"https:\/\/www.sitsesp.org.br\/novo\/\",\"name\":\"Sitsesp\",\"description\":\"SIndicato da Socioeduca\u00e7\u00e3o do Estado de S\u00e3o Paulo\",\"publisher\":{\"@id\":\"https:\/\/www.sitsesp.org.br\/novo\/#organization\"},\"potentialAction\":[{\"@type\":\"SearchAction\",\"target\":{\"@type\":\"EntryPoint\",\"urlTemplate\":\"https:\/\/www.sitsesp.org.br\/novo\/?s={search_term_string}\"},\"query-input\":\"required name=search_term_string\"}],\"inLanguage\":\"pt-BR\"},{\"@type\":\"Organization\",\"@id\":\"https:\/\/www.sitsesp.org.br\/novo\/#organization\",\"name\":\"Sitsesp\",\"url\":\"https:\/\/www.sitsesp.org.br\/novo\/\",\"logo\":{\"@type\":\"ImageObject\",\"inLanguage\":\"pt-BR\",\"@id\":\"https:\/\/www.sitsesp.org.br\/novo\/#\/schema\/logo\/image\/\",\"url\":\"https:\/\/www.sitsesp.org.br\/novo\/wp-content\/uploads\/2020\/09\/Design-sem-nome-1.jpg\",\"contentUrl\":\"https:\/\/www.sitsesp.org.br\/novo\/wp-content\/uploads\/2020\/09\/Design-sem-nome-1.jpg\",\"width\":300,\"height\":300,\"caption\":\"Sitsesp\"},\"image\":{\"@id\":\"https:\/\/www.sitsesp.org.br\/novo\/#\/schema\/logo\/image\/\"}},{\"@type\":\"Person\",\"@id\":\"https:\/\/www.sitsesp.org.br\/novo\/#\/schema\/person\/28e42eec160f373e81d0183b3643edbf\",\"name\":\"imprensa\",\"image\":{\"@type\":\"ImageObject\",\"inLanguage\":\"pt-BR\",\"@id\":\"https:\/\/www.sitsesp.org.br\/novo\/#\/schema\/person\/image\/\",\"url\":\"https:\/\/secure.gravatar.com\/avatar\/8d6ccd8d7d52b8959f34154e87d3fa29?s=96&d=mm&r=g\",\"contentUrl\":\"https:\/\/secure.gravatar.com\/avatar\/8d6ccd8d7d52b8959f34154e87d3fa29?s=96&d=mm&r=g\",\"caption\":\"imprensa\"}}]}<\/script>\n<!-- \/ Yoast SEO plugin. -->","yoast_head_json":{"title":"LUCIA, 33 ANOS DE SOCIOEDUCA\u00c7\u00c3O! Obrigado por toda dedica\u00e7\u00e3o! - SITSESP","description":"Ol\u00e1 categoria! Na pr\u00f3xima sexta-feira, 13 de agosto, se aposentar\u00e1 a servidora Lucia Helena Nardi do CASA Batatais. Lucia trabalha no sistema socioeducativo desde 1988 e vivenciou diversos momentos e transforma\u00e7\u00f5es pelas quais a Funda\u00e7\u00e3o passou em todos esses anos. A seguir temos um relato da servidora sobre sua trajet\u00f3ria dentro da funda\u00e7\u00e3o.","robots":{"index":"index","follow":"follow","max-snippet":"max-snippet:-1","max-image-preview":"max-image-preview:large","max-video-preview":"max-video-preview:-1"},"canonical":"https:\/\/www.sitsesp.org.br\/novo\/lucia-33-anos-de-socioeducacao-obrigado-por-toda-dedicacao\/","og_locale":"pt_BR","og_type":"article","og_title":"LUCIA, 33 ANOS DE SOCIOEDUCA\u00c7\u00c3O! Obrigado por toda dedica\u00e7\u00e3o! - SITSESP","og_description":"Ol\u00e1 categoria! Na pr\u00f3xima sexta-feira, 13 de agosto, se aposentar\u00e1 a servidora Lucia Helena Nardi do CASA Batatais. Lucia trabalha no sistema socioeducativo desde 1988 e vivenciou diversos momentos e transforma\u00e7\u00f5es pelas quais a Funda\u00e7\u00e3o passou em todos esses anos. A seguir temos um relato da servidora sobre sua trajet\u00f3ria dentro da funda\u00e7\u00e3o.","og_url":"https:\/\/www.sitsesp.org.br\/novo\/lucia-33-anos-de-socioeducacao-obrigado-por-toda-dedicacao\/","og_site_name":"SITSESP","article_published_time":"2021-08-12T15:08:57+00:00","og_image":[{"width":800,"height":800,"url":"https:\/\/www.sitsesp.org.br\/novo\/wp-content\/uploads\/2021\/08\/LUCIA.jpg","type":"image\/jpeg"}],"author":"imprensa","twitter_card":"summary_large_image","twitter_misc":{"Escrito por":"imprensa","Est. tempo de leitura":"3 minutos"},"schema":{"@context":"https:\/\/schema.org","@graph":[{"@type":"Article","@id":"https:\/\/www.sitsesp.org.br\/novo\/lucia-33-anos-de-socioeducacao-obrigado-por-toda-dedicacao\/#article","isPartOf":{"@id":"https:\/\/www.sitsesp.org.br\/novo\/lucia-33-anos-de-socioeducacao-obrigado-por-toda-dedicacao\/"},"author":{"name":"imprensa","@id":"https:\/\/www.sitsesp.org.br\/novo\/#\/schema\/person\/28e42eec160f373e81d0183b3643edbf"},"headline":"LUCIA, 33 ANOS DE SOCIOEDUCA\u00c7\u00c3O! Obrigado por toda dedica\u00e7\u00e3o!","datePublished":"2021-08-12T15:08:57+00:00","dateModified":"2021-08-12T15:08:57+00:00","mainEntityOfPage":{"@id":"https:\/\/www.sitsesp.org.br\/novo\/lucia-33-anos-de-socioeducacao-obrigado-por-toda-dedicacao\/"},"wordCount":586,"commentCount":0,"publisher":{"@id":"https:\/\/www.sitsesp.org.br\/novo\/#organization"},"image":{"@id":"https:\/\/www.sitsesp.org.br\/novo\/lucia-33-anos-de-socioeducacao-obrigado-por-toda-dedicacao\/#primaryimage"},"thumbnailUrl":"https:\/\/www.sitsesp.org.br\/novo\/wp-content\/uploads\/2021\/08\/LUCIA.jpg","keywords":["Funda\u00e7\u00e3o CASA","SITSESP","SOCIOEDUCA\u00c7\u00c3O"],"articleSection":["Destaque","Noticias"],"inLanguage":"pt-BR","potentialAction":[{"@type":"CommentAction","name":"Comment","target":["https:\/\/www.sitsesp.org.br\/novo\/lucia-33-anos-de-socioeducacao-obrigado-por-toda-dedicacao\/#respond"]}]},{"@type":"WebPage","@id":"https:\/\/www.sitsesp.org.br\/novo\/lucia-33-anos-de-socioeducacao-obrigado-por-toda-dedicacao\/","url":"https:\/\/www.sitsesp.org.br\/novo\/lucia-33-anos-de-socioeducacao-obrigado-por-toda-dedicacao\/","name":"LUCIA, 33 ANOS DE SOCIOEDUCA\u00c7\u00c3O! Obrigado por toda dedica\u00e7\u00e3o! - SITSESP","isPartOf":{"@id":"https:\/\/www.sitsesp.org.br\/novo\/#website"},"primaryImageOfPage":{"@id":"https:\/\/www.sitsesp.org.br\/novo\/lucia-33-anos-de-socioeducacao-obrigado-por-toda-dedicacao\/#primaryimage"},"image":{"@id":"https:\/\/www.sitsesp.org.br\/novo\/lucia-33-anos-de-socioeducacao-obrigado-por-toda-dedicacao\/#primaryimage"},"thumbnailUrl":"https:\/\/www.sitsesp.org.br\/novo\/wp-content\/uploads\/2021\/08\/LUCIA.jpg","datePublished":"2021-08-12T15:08:57+00:00","dateModified":"2021-08-12T15:08:57+00:00","description":"Ol\u00e1 categoria! Na pr\u00f3xima sexta-feira, 13 de agosto, se aposentar\u00e1 a servidora Lucia Helena Nardi do CASA Batatais. Lucia trabalha no sistema socioeducativo desde 1988 e vivenciou diversos momentos e transforma\u00e7\u00f5es pelas quais a Funda\u00e7\u00e3o passou em todos esses anos. A seguir temos um relato da servidora sobre sua trajet\u00f3ria dentro da funda\u00e7\u00e3o.","breadcrumb":{"@id":"https:\/\/www.sitsesp.org.br\/novo\/lucia-33-anos-de-socioeducacao-obrigado-por-toda-dedicacao\/#breadcrumb"},"inLanguage":"pt-BR","potentialAction":[{"@type":"ReadAction","target":["https:\/\/www.sitsesp.org.br\/novo\/lucia-33-anos-de-socioeducacao-obrigado-por-toda-dedicacao\/"]}]},{"@type":"ImageObject","inLanguage":"pt-BR","@id":"https:\/\/www.sitsesp.org.br\/novo\/lucia-33-anos-de-socioeducacao-obrigado-por-toda-dedicacao\/#primaryimage","url":"https:\/\/www.sitsesp.org.br\/novo\/wp-content\/uploads\/2021\/08\/LUCIA.jpg","contentUrl":"https:\/\/www.sitsesp.org.br\/novo\/wp-content\/uploads\/2021\/08\/LUCIA.jpg","width":800,"height":800},{"@type":"BreadcrumbList","@id":"https:\/\/www.sitsesp.org.br\/novo\/lucia-33-anos-de-socioeducacao-obrigado-por-toda-dedicacao\/#breadcrumb","itemListElement":[{"@type":"ListItem","position":1,"name":"In\u00edcio","item":"https:\/\/www.sitsesp.org.br\/novo\/"},{"@type":"ListItem","position":2,"name":"LUCIA, 33 ANOS DE SOCIOEDUCA\u00c7\u00c3O! Obrigado por toda dedica\u00e7\u00e3o!"}]},{"@type":"WebSite","@id":"https:\/\/www.sitsesp.org.br\/novo\/#website","url":"https:\/\/www.sitsesp.org.br\/novo\/","name":"Sitsesp","description":"SIndicato da Socioeduca\u00e7\u00e3o do Estado de S\u00e3o Paulo","publisher":{"@id":"https:\/\/www.sitsesp.org.br\/novo\/#organization"},"potentialAction":[{"@type":"SearchAction","target":{"@type":"EntryPoint","urlTemplate":"https:\/\/www.sitsesp.org.br\/novo\/?s={search_term_string}"},"query-input":"required name=search_term_string"}],"inLanguage":"pt-BR"},{"@type":"Organization","@id":"https:\/\/www.sitsesp.org.br\/novo\/#organization","name":"Sitsesp","url":"https:\/\/www.sitsesp.org.br\/novo\/","logo":{"@type":"ImageObject","inLanguage":"pt-BR","@id":"https:\/\/www.sitsesp.org.br\/novo\/#\/schema\/logo\/image\/","url":"https:\/\/www.sitsesp.org.br\/novo\/wp-content\/uploads\/2020\/09\/Design-sem-nome-1.jpg","contentUrl":"https:\/\/www.sitsesp.org.br\/novo\/wp-content\/uploads\/2020\/09\/Design-sem-nome-1.jpg","width":300,"height":300,"caption":"Sitsesp"},"image":{"@id":"https:\/\/www.sitsesp.org.br\/novo\/#\/schema\/logo\/image\/"}},{"@type":"Person","@id":"https:\/\/www.sitsesp.org.br\/novo\/#\/schema\/person\/28e42eec160f373e81d0183b3643edbf","name":"imprensa","image":{"@type":"ImageObject","inLanguage":"pt-BR","@id":"https:\/\/www.sitsesp.org.br\/novo\/#\/schema\/person\/image\/","url":"https:\/\/secure.gravatar.com\/avatar\/8d6ccd8d7d52b8959f34154e87d3fa29?s=96&d=mm&r=g","contentUrl":"https:\/\/secure.gravatar.com\/avatar\/8d6ccd8d7d52b8959f34154e87d3fa29?s=96&d=mm&r=g","caption":"imprensa"}}]}},"_links":{"self":[{"href":"https:\/\/www.sitsesp.org.br\/novo\/wp-json\/wp\/v2\/posts\/6836"}],"collection":[{"href":"https:\/\/www.sitsesp.org.br\/novo\/wp-json\/wp\/v2\/posts"}],"about":[{"href":"https:\/\/www.sitsesp.org.br\/novo\/wp-json\/wp\/v2\/types\/post"}],"author":[{"embeddable":true,"href":"https:\/\/www.sitsesp.org.br\/novo\/wp-json\/wp\/v2\/users\/5"}],"replies":[{"embeddable":true,"href":"https:\/\/www.sitsesp.org.br\/novo\/wp-json\/wp\/v2\/comments?post=6836"}],"version-history":[{"count":1,"href":"https:\/\/www.sitsesp.org.br\/novo\/wp-json\/wp\/v2\/posts\/6836\/revisions"}],"predecessor-version":[{"id":6838,"href":"https:\/\/www.sitsesp.org.br\/novo\/wp-json\/wp\/v2\/posts\/6836\/revisions\/6838"}],"wp:featuredmedia":[{"embeddable":true,"href":"https:\/\/www.sitsesp.org.br\/novo\/wp-json\/wp\/v2\/media\/6837"}],"wp:attachment":[{"href":"https:\/\/www.sitsesp.org.br\/novo\/wp-json\/wp\/v2\/media?parent=6836"}],"wp:term":[{"taxonomy":"category","embeddable":true,"href":"https:\/\/www.sitsesp.org.br\/novo\/wp-json\/wp\/v2\/categories?post=6836"},{"taxonomy":"post_tag","embeddable":true,"href":"https:\/\/www.sitsesp.org.br\/novo\/wp-json\/wp\/v2\/tags?post=6836"}],"curies":[{"name":"wp","href":"https:\/\/api.w.org\/{rel}","templated":true}]}}