{"id":6855,"date":"2021-08-13T14:55:58","date_gmt":"2021-08-13T17:55:58","guid":{"rendered":"https:\/\/sitsesp.org.br\/novo\/?p=6855"},"modified":"2021-08-13T14:55:58","modified_gmt":"2021-08-13T17:55:58","slug":"delegados-sindicais-eleitos-em-12-de-agosto","status":"publish","type":"post","link":"https:\/\/www.sitsesp.org.br\/novo\/delegados-sindicais-eleitos-em-12-de-agosto\/","title":{"rendered":"DELEGADOS SINDICAIS ELEITOS EM 12 DE AGOSTO"},"content":{"rendered":"<p><!-- VideographyWP Plugin Message: Automatic video embedding prevented by plugin options. --><br \/>\nCASA RIO DOURADO \u2013 CASA VIT\u00d3RIA R\u00c9GIA<br \/>\n<strong>DELEGADA ELEITA: ALINE DE F\u00c1TIMA CAETANO ALONSO MOREIRA<\/strong><\/p>\n<p>CASA ARA\u00c7A \u2013 CASA ARA\u00c7ATUBA<br \/>\n<strong>DELEGADOS ELEITOS:\u00a0 Roberto Ant\u00f4nio Lopes\u00a0 e Patr\u00edcia Elaine da Silva\u00a0<\/strong><\/p>\n<p>CASA TAMOIOS \u2013 CASA SERRA DA MANTIQUEIRA \u2013 CASA SEMILIBERDADE S\u00c3O JOS\u00c9 DOS CAMPOS \u2013 DIVIS\u00c3O VALE DO PARAIBA \u2013 CASA CARAGUATATUBA<br \/>\n<strong>DELEGADO ELEITO: Evandro Luiz Benedito de Jesus\u00a0<\/strong><\/p>\n<p>CASA ALEXANDRE TOM\u00c9 DE SOUZA \u2013 CASA S\u00c3O JOS\u00c9 DO RIO PRETO \u2013 CASA TANABI \u2013 CASA SEMILIBERDADE S\u00c3O JOS\u00c9 DO RIO PRETO \u2013 CASA SEMILIBERDADE FERNAND\u00d3POLIS<br \/>\n<strong>DELEGADO ELEITO: JOS\u00c9 BOFF<br \/>\n<\/strong><br \/>\nCASA LORENA \u2013 CASA ATIBAIA \u2013 CASA JACAREI \u2013 CASA TAUBAT\u00c9 \u2013 UAISAS DRVP<br \/>\n<strong>DELEGADO ELEITO: Luis Rodrigo Silva<\/strong><\/p>\n<p>CAE GAIVOTAS \u2013 CASA RIO TURIASSU<br \/>\n<strong>DELEGADA ELEITA: Lilian Maria Costa<\/strong><\/p>\n<p>CASA RIO TOCANTINS \u2013 CASA RIO TAMISA \u2013 CASA RIO PARANA \u2013 CASA JUQUIA \u2013 CASA TOPAZIO \u2013 CASA ITAPARICA \u2013 DIVIS\u00c3O REGIONAL METROPOLITANA SUDOESTE \u2013 UAISAS DRMSE<br \/>\n<strong>DELEGADOS ELEITOS: Valdirene De Souza Santiago, Henrique de Paula Valerio Pires e Kele Cristina Marques Vaz do Nascimento\u00a0<\/strong><\/p>\n<p>CHIQUINHA GONZAGA \u2013 CASA SEMI AZALEIA \u2013 CASA SEMI ARAR\u00c9 \u2013 CASA SEM CAETANOS<br \/>\n<strong>DELEGADAS ELEITAS: Lediza Furuya e Maria Fernanda Resende Chaves\u00a0<\/strong><\/p>\n<div id=\"penci-post-gallery__59304\" class=\"penci-post-gallery-container justified column-3\" data-height=\"150\" data-margin=\"3\"><a class=\"item-gallery-justified\" href=\"https:\/\/www.sitsesp.org.br\/novo\/wp-content\/uploads\/2021\/08\/WhatsApp-Image-2021-08-12-at-10.09.54-AM.jpeg\"><img decoding=\"async\" src=\"https:\/\/www.sitsesp.org.br\/novo\/wp-content\/uploads\/2021\/08\/WhatsApp-Image-2021-08-12-at-10.09.54-AM-585x263.jpeg\" alt=\"\" title=\"WhatsApp Image 2021-08-12 at 10.09.54 AM\"><\/a><a class=\"item-gallery-justified\" href=\"https:\/\/www.sitsesp.org.br\/novo\/wp-content\/uploads\/2021\/08\/WhatsApp-Image-2021-08-12-at-1.23.02-PM.jpeg\"><img decoding=\"async\" src=\"https:\/\/www.sitsesp.org.br\/novo\/wp-content\/uploads\/2021\/08\/WhatsApp-Image-2021-08-12-at-1.23.02-PM-585x439.jpeg\" alt=\"\" title=\"WhatsApp Image 2021-08-12 at 1.23.02 PM\"><\/a><a class=\"item-gallery-justified\" href=\"https:\/\/www.sitsesp.org.br\/novo\/wp-content\/uploads\/2021\/08\/WhatsApp-Image-2021-08-13-at-9.11.59-AM.jpeg\"><img decoding=\"async\" src=\"https:\/\/www.sitsesp.org.br\/novo\/wp-content\/uploads\/2021\/08\/WhatsApp-Image-2021-08-13-at-9.11.59-AM-585x329.jpeg\" alt=\"\" title=\"WhatsApp Image 2021-08-13 at 9.11.59 AM\"><\/a><a class=\"item-gallery-justified\" href=\"https:\/\/www.sitsesp.org.br\/novo\/wp-content\/uploads\/2021\/08\/WhatsApp-Image-2021-08-13-at-1.03.40-PM.jpeg\"><img decoding=\"async\" src=\"https:\/\/www.sitsesp.org.br\/novo\/wp-content\/uploads\/2021\/08\/WhatsApp-Image-2021-08-13-at-1.03.40-PM-585x439.jpeg\" alt=\"\" title=\"WhatsApp Image 2021-08-13 at 1.03.40 PM\"><\/a><a class=\"item-gallery-justified\" href=\"https:\/\/www.sitsesp.org.br\/novo\/wp-content\/uploads\/2021\/08\/WhatsApp-Image-2021-08-13-at-10.46.53-AM.jpeg\"><img decoding=\"async\" src=\"https:\/\/www.sitsesp.org.br\/novo\/wp-content\/uploads\/2021\/08\/WhatsApp-Image-2021-08-13-at-10.46.53-AM-585x439.jpeg\" alt=\"\" title=\"WhatsApp Image 2021-08-13 at 10.46.53 AM\"><\/a><a class=\"item-gallery-justified\" href=\"https:\/\/www.sitsesp.org.br\/novo\/wp-content\/uploads\/2021\/08\/WhatsApp-Image-2021-08-13-at-8.06.35-AM.jpeg\"><img decoding=\"async\" src=\"https:\/\/www.sitsesp.org.br\/novo\/wp-content\/uploads\/2021\/08\/WhatsApp-Image-2021-08-13-at-8.06.35-AM-585x271.jpeg\" alt=\"\" title=\"WhatsApp Image 2021-08-13 at 8.06.35 AM\"><\/a><a class=\"item-gallery-justified\" href=\"https:\/\/www.sitsesp.org.br\/novo\/wp-content\/uploads\/2021\/08\/WhatsApp-Image-2021-08-13-at-8.00.27-AM.jpeg\"><img decoding=\"async\" src=\"https:\/\/www.sitsesp.org.br\/novo\/wp-content\/uploads\/2021\/08\/WhatsApp-Image-2021-08-13-at-8.00.27-AM-585x780.jpeg\" alt=\"\" title=\"WhatsApp Image 2021-08-13 at 8.00.27 AM\"><\/a><a class=\"item-gallery-justified\" href=\"https:\/\/www.sitsesp.org.br\/novo\/wp-content\/uploads\/2021\/08\/WhatsApp-Image-2021-08-13-at-8.01.07-AM.jpeg\"><img decoding=\"async\" src=\"https:\/\/www.sitsesp.org.br\/novo\/wp-content\/uploads\/2021\/08\/WhatsApp-Image-2021-08-13-at-8.01.07-AM-585x780.jpeg\" alt=\"\" title=\"WhatsApp Image 2021-08-13 at 8.01.07 AM\"><\/a><a class=\"item-gallery-justified\" href=\"https:\/\/www.sitsesp.org.br\/novo\/wp-content\/uploads\/2021\/08\/WhatsApp-Image-2021-08-13-at-10.34.16-AM.jpeg\"><img decoding=\"async\" src=\"https:\/\/www.sitsesp.org.br\/novo\/wp-content\/uploads\/2021\/08\/WhatsApp-Image-2021-08-13-at-10.34.16-AM-585x780.jpeg\" alt=\"\" title=\"WhatsApp Image 2021-08-13 at 10.34.16 AM\"><\/a><a class=\"item-gallery-justified\" href=\"https:\/\/www.sitsesp.org.br\/novo\/wp-content\/uploads\/2021\/08\/WhatsApp-Image-2021-08-13-at-10.34.15-AM.jpeg\"><img decoding=\"async\" src=\"https:\/\/www.sitsesp.org.br\/novo\/wp-content\/uploads\/2021\/08\/WhatsApp-Image-2021-08-13-at-10.34.15-AM-585x780.jpeg\" alt=\"\" title=\"WhatsApp Image 2021-08-13 at 10.34.15 AM\"><\/a><\/div>\n","protected":false},"excerpt":{"rendered":"<p>CASA RIO DOURADO \u2013 CASA VIT\u00d3RIA R\u00c9GIA DELEGADA ELEITA: ALINE DE F\u00c1TIMA CAETANO ALONSO MOREIRA CASA ARA\u00c7A \u2013 CASA ARA\u00c7ATUBA DELEGADOS&hellip;<\/p>\n","protected":false},"author":5,"featured_media":6866,"comment_status":"open","ping_status":"open","sticky":false,"template":"","format":"standard","meta":{"cybocfi_hide_featured_image":"","footnotes":""},"categories":[27,22],"tags":[60,43,40,37,39],"yoast_head":"<!-- This site is optimized with the Yoast SEO plugin v22.8 - https:\/\/yoast.com\/wordpress\/plugins\/seo\/ -->\n<title>DELEGADOS SINDICAIS ELEITOS EM 12 DE AGOSTO - SITSESP<\/title>\n<meta name=\"description\" content=\"DELEGADOS SINDICAIS ELEITOS EM 12 DE AGOSTO\" \/>\n<meta name=\"robots\" content=\"index, follow, max-snippet:-1, max-image-preview:large, max-video-preview:-1\" \/>\n<link rel=\"canonical\" href=\"https:\/\/www.sitsesp.org.br\/novo\/delegados-sindicais-eleitos-em-12-de-agosto\/\" \/>\n<meta property=\"og:locale\" content=\"pt_BR\" \/>\n<meta property=\"og:type\" content=\"article\" \/>\n<meta property=\"og:title\" content=\"DELEGADOS SINDICAIS ELEITOS EM 12 DE AGOSTO - SITSESP\" \/>\n<meta property=\"og:description\" content=\"DELEGADOS SINDICAIS ELEITOS EM 12 DE AGOSTO\" \/>\n<meta property=\"og:url\" content=\"https:\/\/www.sitsesp.org.br\/novo\/delegados-sindicais-eleitos-em-12-de-agosto\/\" \/>\n<meta property=\"og:site_name\" content=\"SITSESP\" \/>\n<meta property=\"article:published_time\" content=\"2021-08-13T17:55:58+00:00\" \/>\n<meta property=\"og:image\" content=\"https:\/\/www.sitsesp.org.br\/novo\/wp-content\/uploads\/2021\/08\/deleeleitos12.jpg\" \/>\n\t<meta property=\"og:image:width\" content=\"800\" \/>\n\t<meta property=\"og:image:height\" content=\"800\" \/>\n\t<meta property=\"og:image:type\" content=\"image\/jpeg\" \/>\n<meta name=\"author\" content=\"imprensa\" \/>\n<meta name=\"twitter:card\" content=\"summary_large_image\" \/>\n<meta name=\"twitter:label1\" content=\"Escrito por\" \/>\n\t<meta name=\"twitter:data1\" content=\"imprensa\" \/>\n\t<meta name=\"twitter:label2\" content=\"Est. tempo de leitura\" \/>\n\t<meta name=\"twitter:data2\" content=\"1 minuto\" \/>\n<script type=\"application\/ld+json\" class=\"yoast-schema-graph\">{\"@context\":\"https:\/\/schema.org\",\"@graph\":[{\"@type\":\"Article\",\"@id\":\"https:\/\/www.sitsesp.org.br\/novo\/delegados-sindicais-eleitos-em-12-de-agosto\/#article\",\"isPartOf\":{\"@id\":\"https:\/\/www.sitsesp.org.br\/novo\/delegados-sindicais-eleitos-em-12-de-agosto\/\"},\"author\":{\"name\":\"imprensa\",\"@id\":\"https:\/\/www.sitsesp.org.br\/novo\/#\/schema\/person\/28e42eec160f373e81d0183b3643edbf\"},\"headline\":\"DELEGADOS SINDICAIS ELEITOS EM 12 DE AGOSTO\",\"datePublished\":\"2021-08-13T17:55:58+00:00\",\"dateModified\":\"2021-08-13T17:55:58+00:00\",\"mainEntityOfPage\":{\"@id\":\"https:\/\/www.sitsesp.org.br\/novo\/delegados-sindicais-eleitos-em-12-de-agosto\/\"},\"wordCount\":185,\"commentCount\":0,\"publisher\":{\"@id\":\"https:\/\/www.sitsesp.org.br\/novo\/#organization\"},\"image\":{\"@id\":\"https:\/\/www.sitsesp.org.br\/novo\/delegados-sindicais-eleitos-em-12-de-agosto\/#primaryimage\"},\"thumbnailUrl\":\"https:\/\/www.sitsesp.org.br\/novo\/wp-content\/uploads\/2021\/08\/deleeleitos12.jpg\",\"keywords\":[\"DELEGADOS\",\"FILIE-SE\",\"SINDICATO\",\"SITSESP\",\"SOCIOEDUCA\u00c7\u00c3O\"],\"articleSection\":[\"Destaque\",\"Noticias\"],\"inLanguage\":\"pt-BR\",\"potentialAction\":[{\"@type\":\"CommentAction\",\"name\":\"Comment\",\"target\":[\"https:\/\/www.sitsesp.org.br\/novo\/delegados-sindicais-eleitos-em-12-de-agosto\/#respond\"]}]},{\"@type\":\"WebPage\",\"@id\":\"https:\/\/www.sitsesp.org.br\/novo\/delegados-sindicais-eleitos-em-12-de-agosto\/\",\"url\":\"https:\/\/www.sitsesp.org.br\/novo\/delegados-sindicais-eleitos-em-12-de-agosto\/\",\"name\":\"DELEGADOS SINDICAIS ELEITOS EM 12 DE AGOSTO - SITSESP\",\"isPartOf\":{\"@id\":\"https:\/\/www.sitsesp.org.br\/novo\/#website\"},\"primaryImageOfPage\":{\"@id\":\"https:\/\/www.sitsesp.org.br\/novo\/delegados-sindicais-eleitos-em-12-de-agosto\/#primaryimage\"},\"image\":{\"@id\":\"https:\/\/www.sitsesp.org.br\/novo\/delegados-sindicais-eleitos-em-12-de-agosto\/#primaryimage\"},\"thumbnailUrl\":\"https:\/\/www.sitsesp.org.br\/novo\/wp-content\/uploads\/2021\/08\/deleeleitos12.jpg\",\"datePublished\":\"2021-08-13T17:55:58+00:00\",\"dateModified\":\"2021-08-13T17:55:58+00:00\",\"description\":\"DELEGADOS SINDICAIS ELEITOS EM 12 DE AGOSTO\",\"breadcrumb\":{\"@id\":\"https:\/\/www.sitsesp.org.br\/novo\/delegados-sindicais-eleitos-em-12-de-agosto\/#breadcrumb\"},\"inLanguage\":\"pt-BR\",\"potentialAction\":[{\"@type\":\"ReadAction\",\"target\":[\"https:\/\/www.sitsesp.org.br\/novo\/delegados-sindicais-eleitos-em-12-de-agosto\/\"]}]},{\"@type\":\"ImageObject\",\"inLanguage\":\"pt-BR\",\"@id\":\"https:\/\/www.sitsesp.org.br\/novo\/delegados-sindicais-eleitos-em-12-de-agosto\/#primaryimage\",\"url\":\"https:\/\/www.sitsesp.org.br\/novo\/wp-content\/uploads\/2021\/08\/deleeleitos12.jpg\",\"contentUrl\":\"https:\/\/www.sitsesp.org.br\/novo\/wp-content\/uploads\/2021\/08\/deleeleitos12.jpg\",\"width\":800,\"height\":800},{\"@type\":\"BreadcrumbList\",\"@id\":\"https:\/\/www.sitsesp.org.br\/novo\/delegados-sindicais-eleitos-em-12-de-agosto\/#breadcrumb\",\"itemListElement\":[{\"@type\":\"ListItem\",\"position\":1,\"name\":\"In\u00edcio\",\"item\":\"https:\/\/www.sitsesp.org.br\/novo\/\"},{\"@type\":\"ListItem\",\"position\":2,\"name\":\"DELEGADOS SINDICAIS ELEITOS EM 12 DE AGOSTO\"}]},{\"@type\":\"WebSite\",\"@id\":\"https:\/\/www.sitsesp.org.br\/novo\/#website\",\"url\":\"https:\/\/www.sitsesp.org.br\/novo\/\",\"name\":\"Sitsesp\",\"description\":\"SIndicato da Socioeduca\u00e7\u00e3o do Estado de S\u00e3o Paulo\",\"publisher\":{\"@id\":\"https:\/\/www.sitsesp.org.br\/novo\/#organization\"},\"potentialAction\":[{\"@type\":\"SearchAction\",\"target\":{\"@type\":\"EntryPoint\",\"urlTemplate\":\"https:\/\/www.sitsesp.org.br\/novo\/?s={search_term_string}\"},\"query-input\":\"required name=search_term_string\"}],\"inLanguage\":\"pt-BR\"},{\"@type\":\"Organization\",\"@id\":\"https:\/\/www.sitsesp.org.br\/novo\/#organization\",\"name\":\"Sitsesp\",\"url\":\"https:\/\/www.sitsesp.org.br\/novo\/\",\"logo\":{\"@type\":\"ImageObject\",\"inLanguage\":\"pt-BR\",\"@id\":\"https:\/\/www.sitsesp.org.br\/novo\/#\/schema\/logo\/image\/\",\"url\":\"https:\/\/www.sitsesp.org.br\/novo\/wp-content\/uploads\/2020\/09\/Design-sem-nome-1.jpg\",\"contentUrl\":\"https:\/\/www.sitsesp.org.br\/novo\/wp-content\/uploads\/2020\/09\/Design-sem-nome-1.jpg\",\"width\":300,\"height\":300,\"caption\":\"Sitsesp\"},\"image\":{\"@id\":\"https:\/\/www.sitsesp.org.br\/novo\/#\/schema\/logo\/image\/\"}},{\"@type\":\"Person\",\"@id\":\"https:\/\/www.sitsesp.org.br\/novo\/#\/schema\/person\/28e42eec160f373e81d0183b3643edbf\",\"name\":\"imprensa\",\"image\":{\"@type\":\"ImageObject\",\"inLanguage\":\"pt-BR\",\"@id\":\"https:\/\/www.sitsesp.org.br\/novo\/#\/schema\/person\/image\/\",\"url\":\"https:\/\/secure.gravatar.com\/avatar\/8d6ccd8d7d52b8959f34154e87d3fa29?s=96&d=mm&r=g\",\"contentUrl\":\"https:\/\/secure.gravatar.com\/avatar\/8d6ccd8d7d52b8959f34154e87d3fa29?s=96&d=mm&r=g\",\"caption\":\"imprensa\"}}]}<\/script>\n<!-- \/ Yoast SEO plugin. -->","yoast_head_json":{"title":"DELEGADOS SINDICAIS ELEITOS EM 12 DE AGOSTO - SITSESP","description":"DELEGADOS SINDICAIS ELEITOS EM 12 DE AGOSTO","robots":{"index":"index","follow":"follow","max-snippet":"max-snippet:-1","max-image-preview":"max-image-preview:large","max-video-preview":"max-video-preview:-1"},"canonical":"https:\/\/www.sitsesp.org.br\/novo\/delegados-sindicais-eleitos-em-12-de-agosto\/","og_locale":"pt_BR","og_type":"article","og_title":"DELEGADOS SINDICAIS ELEITOS EM 12 DE AGOSTO - SITSESP","og_description":"DELEGADOS SINDICAIS ELEITOS EM 12 DE AGOSTO","og_url":"https:\/\/www.sitsesp.org.br\/novo\/delegados-sindicais-eleitos-em-12-de-agosto\/","og_site_name":"SITSESP","article_published_time":"2021-08-13T17:55:58+00:00","og_image":[{"width":800,"height":800,"url":"https:\/\/www.sitsesp.org.br\/novo\/wp-content\/uploads\/2021\/08\/deleeleitos12.jpg","type":"image\/jpeg"}],"author":"imprensa","twitter_card":"summary_large_image","twitter_misc":{"Escrito por":"imprensa","Est. tempo de leitura":"1 minuto"},"schema":{"@context":"https:\/\/schema.org","@graph":[{"@type":"Article","@id":"https:\/\/www.sitsesp.org.br\/novo\/delegados-sindicais-eleitos-em-12-de-agosto\/#article","isPartOf":{"@id":"https:\/\/www.sitsesp.org.br\/novo\/delegados-sindicais-eleitos-em-12-de-agosto\/"},"author":{"name":"imprensa","@id":"https:\/\/www.sitsesp.org.br\/novo\/#\/schema\/person\/28e42eec160f373e81d0183b3643edbf"},"headline":"DELEGADOS SINDICAIS ELEITOS EM 12 DE AGOSTO","datePublished":"2021-08-13T17:55:58+00:00","dateModified":"2021-08-13T17:55:58+00:00","mainEntityOfPage":{"@id":"https:\/\/www.sitsesp.org.br\/novo\/delegados-sindicais-eleitos-em-12-de-agosto\/"},"wordCount":185,"commentCount":0,"publisher":{"@id":"https:\/\/www.sitsesp.org.br\/novo\/#organization"},"image":{"@id":"https:\/\/www.sitsesp.org.br\/novo\/delegados-sindicais-eleitos-em-12-de-agosto\/#primaryimage"},"thumbnailUrl":"https:\/\/www.sitsesp.org.br\/novo\/wp-content\/uploads\/2021\/08\/deleeleitos12.jpg","keywords":["DELEGADOS","FILIE-SE","SINDICATO","SITSESP","SOCIOEDUCA\u00c7\u00c3O"],"articleSection":["Destaque","Noticias"],"inLanguage":"pt-BR","potentialAction":[{"@type":"CommentAction","name":"Comment","target":["https:\/\/www.sitsesp.org.br\/novo\/delegados-sindicais-eleitos-em-12-de-agosto\/#respond"]}]},{"@type":"WebPage","@id":"https:\/\/www.sitsesp.org.br\/novo\/delegados-sindicais-eleitos-em-12-de-agosto\/","url":"https:\/\/www.sitsesp.org.br\/novo\/delegados-sindicais-eleitos-em-12-de-agosto\/","name":"DELEGADOS SINDICAIS ELEITOS EM 12 DE AGOSTO - SITSESP","isPartOf":{"@id":"https:\/\/www.sitsesp.org.br\/novo\/#website"},"primaryImageOfPage":{"@id":"https:\/\/www.sitsesp.org.br\/novo\/delegados-sindicais-eleitos-em-12-de-agosto\/#primaryimage"},"image":{"@id":"https:\/\/www.sitsesp.org.br\/novo\/delegados-sindicais-eleitos-em-12-de-agosto\/#primaryimage"},"thumbnailUrl":"https:\/\/www.sitsesp.org.br\/novo\/wp-content\/uploads\/2021\/08\/deleeleitos12.jpg","datePublished":"2021-08-13T17:55:58+00:00","dateModified":"2021-08-13T17:55:58+00:00","description":"DELEGADOS SINDICAIS ELEITOS EM 12 DE AGOSTO","breadcrumb":{"@id":"https:\/\/www.sitsesp.org.br\/novo\/delegados-sindicais-eleitos-em-12-de-agosto\/#breadcrumb"},"inLanguage":"pt-BR","potentialAction":[{"@type":"ReadAction","target":["https:\/\/www.sitsesp.org.br\/novo\/delegados-sindicais-eleitos-em-12-de-agosto\/"]}]},{"@type":"ImageObject","inLanguage":"pt-BR","@id":"https:\/\/www.sitsesp.org.br\/novo\/delegados-sindicais-eleitos-em-12-de-agosto\/#primaryimage","url":"https:\/\/www.sitsesp.org.br\/novo\/wp-content\/uploads\/2021\/08\/deleeleitos12.jpg","contentUrl":"https:\/\/www.sitsesp.org.br\/novo\/wp-content\/uploads\/2021\/08\/deleeleitos12.jpg","width":800,"height":800},{"@type":"BreadcrumbList","@id":"https:\/\/www.sitsesp.org.br\/novo\/delegados-sindicais-eleitos-em-12-de-agosto\/#breadcrumb","itemListElement":[{"@type":"ListItem","position":1,"name":"In\u00edcio","item":"https:\/\/www.sitsesp.org.br\/novo\/"},{"@type":"ListItem","position":2,"name":"DELEGADOS SINDICAIS ELEITOS EM 12 DE AGOSTO"}]},{"@type":"WebSite","@id":"https:\/\/www.sitsesp.org.br\/novo\/#website","url":"https:\/\/www.sitsesp.org.br\/novo\/","name":"Sitsesp","description":"SIndicato da Socioeduca\u00e7\u00e3o do Estado de S\u00e3o Paulo","publisher":{"@id":"https:\/\/www.sitsesp.org.br\/novo\/#organization"},"potentialAction":[{"@type":"SearchAction","target":{"@type":"EntryPoint","urlTemplate":"https:\/\/www.sitsesp.org.br\/novo\/?s={search_term_string}"},"query-input":"required name=search_term_string"}],"inLanguage":"pt-BR"},{"@type":"Organization","@id":"https:\/\/www.sitsesp.org.br\/novo\/#organization","name":"Sitsesp","url":"https:\/\/www.sitsesp.org.br\/novo\/","logo":{"@type":"ImageObject","inLanguage":"pt-BR","@id":"https:\/\/www.sitsesp.org.br\/novo\/#\/schema\/logo\/image\/","url":"https:\/\/www.sitsesp.org.br\/novo\/wp-content\/uploads\/2020\/09\/Design-sem-nome-1.jpg","contentUrl":"https:\/\/www.sitsesp.org.br\/novo\/wp-content\/uploads\/2020\/09\/Design-sem-nome-1.jpg","width":300,"height":300,"caption":"Sitsesp"},"image":{"@id":"https:\/\/www.sitsesp.org.br\/novo\/#\/schema\/logo\/image\/"}},{"@type":"Person","@id":"https:\/\/www.sitsesp.org.br\/novo\/#\/schema\/person\/28e42eec160f373e81d0183b3643edbf","name":"imprensa","image":{"@type":"ImageObject","inLanguage":"pt-BR","@id":"https:\/\/www.sitsesp.org.br\/novo\/#\/schema\/person\/image\/","url":"https:\/\/secure.gravatar.com\/avatar\/8d6ccd8d7d52b8959f34154e87d3fa29?s=96&d=mm&r=g","contentUrl":"https:\/\/secure.gravatar.com\/avatar\/8d6ccd8d7d52b8959f34154e87d3fa29?s=96&d=mm&r=g","caption":"imprensa"}}]}},"_links":{"self":[{"href":"https:\/\/www.sitsesp.org.br\/novo\/wp-json\/wp\/v2\/posts\/6855"}],"collection":[{"href":"https:\/\/www.sitsesp.org.br\/novo\/wp-json\/wp\/v2\/posts"}],"about":[{"href":"https:\/\/www.sitsesp.org.br\/novo\/wp-json\/wp\/v2\/types\/post"}],"author":[{"embeddable":true,"href":"https:\/\/www.sitsesp.org.br\/novo\/wp-json\/wp\/v2\/users\/5"}],"replies":[{"embeddable":true,"href":"https:\/\/www.sitsesp.org.br\/novo\/wp-json\/wp\/v2\/comments?post=6855"}],"version-history":[{"count":1,"href":"https:\/\/www.sitsesp.org.br\/novo\/wp-json\/wp\/v2\/posts\/6855\/revisions"}],"predecessor-version":[{"id":6867,"href":"https:\/\/www.sitsesp.org.br\/novo\/wp-json\/wp\/v2\/posts\/6855\/revisions\/6867"}],"wp:featuredmedia":[{"embeddable":true,"href":"https:\/\/www.sitsesp.org.br\/novo\/wp-json\/wp\/v2\/media\/6866"}],"wp:attachment":[{"href":"https:\/\/www.sitsesp.org.br\/novo\/wp-json\/wp\/v2\/media?parent=6855"}],"wp:term":[{"taxonomy":"category","embeddable":true,"href":"https:\/\/www.sitsesp.org.br\/novo\/wp-json\/wp\/v2\/categories?post=6855"},{"taxonomy":"post_tag","embeddable":true,"href":"https:\/\/www.sitsesp.org.br\/novo\/wp-json\/wp\/v2\/tags?post=6855"}],"curies":[{"name":"wp","href":"https:\/\/api.w.org\/{rel}","templated":true}]}}