{"id":6868,"date":"2021-08-14T10:13:23","date_gmt":"2021-08-14T13:13:23","guid":{"rendered":"https:\/\/sitsesp.org.br\/novo\/?p=6868"},"modified":"2021-08-14T10:13:23","modified_gmt":"2021-08-14T13:13:23","slug":"sitsesp-em-movimento-dirigentes-sindicais-e-delegado-eleito-buscam-parcerias-em-aracatuba","status":"publish","type":"post","link":"https:\/\/www.sitsesp.org.br\/novo\/sitsesp-em-movimento-dirigentes-sindicais-e-delegado-eleito-buscam-parcerias-em-aracatuba\/","title":{"rendered":"SITSESP EM MOVIMENTO | DIRIGENTES SINDICAIS E DELEGADO ELEITO BUSCAM PARCERIAS EM ARA\u00c7ATUBA"},"content":{"rendered":"<p><!-- VideographyWP Plugin Message: Automatic video embedding prevented by plugin options. --><br \/>\nOl\u00e1 categoria! No dia de ontem (13) as dirigentes sindicais Edna, Josilda e Claudia, junto do advogado do sindicato, encontram-se na cidade de Ara\u00e7atuba. Eles visitaram os CASAS Ara\u00e7atuba e Ara\u00e7\u00e1 onde conversaram com os(as) trabalhadores(as) e aproveitaram para parabenizar os Delegados Sindicais eleitos em Ara\u00e7atuba. Junto do rec\u00e9m eleito Delegado Sindical Roberto Lopes o grupo se reuniu com o presidente do SECA \u2013 Sindicato dos Empregados no Com\u00e9rcio de Ara\u00e7atuba \u2013 senhor Jos\u00e9 Carlos dos Santos e foram apresentados \u00e0s depend\u00eancias do clube do SECA, local onde tamb\u00e9m est\u00e1 localizado o polo administrativo desse sindicato.<\/p>\n<p>Nossos dirigentes buscam por travar parcerias com clubes e col\u00f4nias de f\u00e9rias para o benef\u00edcio dos servidores do sistema socioeducativo.<\/p>\n<p>Aguardem, pois em breve teremos boas novidades para a categoria!<\/p>\n<p>&nbsp;<\/p>\n<p><img fetchpriority=\"high\" decoding=\"async\" class=\"alignnone size-full wp-image-6869\" src=\"https:\/\/sitsesp.org.br\/novo\/wp-content\/uploads\/2021\/08\/WhatsApp-Image-2021-08-13-at-8.59.28-PM.jpeg\" alt=\"\" width=\"800\" height=\"600\" srcset=\"https:\/\/www.sitsesp.org.br\/novo\/wp-content\/uploads\/2021\/08\/WhatsApp-Image-2021-08-13-at-8.59.28-PM.jpeg 800w, https:\/\/www.sitsesp.org.br\/novo\/wp-content\/uploads\/2021\/08\/WhatsApp-Image-2021-08-13-at-8.59.28-PM-300x225.jpeg 300w, https:\/\/www.sitsesp.org.br\/novo\/wp-content\/uploads\/2021\/08\/WhatsApp-Image-2021-08-13-at-8.59.28-PM-768x576.jpeg 768w, https:\/\/www.sitsesp.org.br\/novo\/wp-content\/uploads\/2021\/08\/WhatsApp-Image-2021-08-13-at-8.59.28-PM-585x439.jpeg 585w\" sizes=\"(max-width: 800px) 100vw, 800px\" \/> <img decoding=\"async\" class=\"alignnone size-full wp-image-6870\" src=\"https:\/\/sitsesp.org.br\/novo\/wp-content\/uploads\/2021\/08\/WhatsApp-Image-2021-08-13-at-8.57.39-PM.jpeg\" alt=\"\" width=\"800\" height=\"450\" srcset=\"https:\/\/www.sitsesp.org.br\/novo\/wp-content\/uploads\/2021\/08\/WhatsApp-Image-2021-08-13-at-8.57.39-PM.jpeg 800w, https:\/\/www.sitsesp.org.br\/novo\/wp-content\/uploads\/2021\/08\/WhatsApp-Image-2021-08-13-at-8.57.39-PM-300x169.jpeg 300w, https:\/\/www.sitsesp.org.br\/novo\/wp-content\/uploads\/2021\/08\/WhatsApp-Image-2021-08-13-at-8.57.39-PM-768x432.jpeg 768w, https:\/\/www.sitsesp.org.br\/novo\/wp-content\/uploads\/2021\/08\/WhatsApp-Image-2021-08-13-at-8.57.39-PM-585x329.jpeg 585w\" sizes=\"(max-width: 800px) 100vw, 800px\" \/> <img decoding=\"async\" class=\"alignnone size-full wp-image-6871\" src=\"https:\/\/sitsesp.org.br\/novo\/wp-content\/uploads\/2021\/08\/WhatsApp-Image-2021-08-13-at-12.38.05-PM.jpeg\" alt=\"\" width=\"800\" height=\"600\" srcset=\"https:\/\/www.sitsesp.org.br\/novo\/wp-content\/uploads\/2021\/08\/WhatsApp-Image-2021-08-13-at-12.38.05-PM.jpeg 800w, https:\/\/www.sitsesp.org.br\/novo\/wp-content\/uploads\/2021\/08\/WhatsApp-Image-2021-08-13-at-12.38.05-PM-300x225.jpeg 300w, https:\/\/www.sitsesp.org.br\/novo\/wp-content\/uploads\/2021\/08\/WhatsApp-Image-2021-08-13-at-12.38.05-PM-768x576.jpeg 768w, https:\/\/www.sitsesp.org.br\/novo\/wp-content\/uploads\/2021\/08\/WhatsApp-Image-2021-08-13-at-12.38.05-PM-585x439.jpeg 585w\" sizes=\"(max-width: 800px) 100vw, 800px\" \/><\/p>\n","protected":false},"excerpt":{"rendered":"<p>Ol\u00e1 categoria! No dia de ontem (13) as dirigentes sindicais Edna, Josilda e Claudia, junto do advogado do sindicato, encontram-se na&hellip;<\/p>\n","protected":false},"author":5,"featured_media":6869,"comment_status":"open","ping_status":"open","sticky":false,"template":"","format":"standard","meta":{"cybocfi_hide_featured_image":"","footnotes":""},"categories":[27,22],"tags":[],"yoast_head":"<!-- This site is optimized with the Yoast SEO plugin v22.8 - https:\/\/yoast.com\/wordpress\/plugins\/seo\/ -->\n<title>SITSESP EM MOVIMENTO | DIRIGENTES SINDICAIS E DELEGADO ELEITO BUSCAM PARCERIAS EM ARA\u00c7ATUBA - SITSESP<\/title>\n<meta name=\"description\" content=\"Nossos dirigentes buscam por travar parcerias com clubes e col\u00f4nias de f\u00e9rias para o benef\u00edcio dos servidores do sistema socioeducativo. Aguardem, pois em breve teremos boas novidades para a categoria!\" \/>\n<meta name=\"robots\" content=\"index, follow, max-snippet:-1, max-image-preview:large, max-video-preview:-1\" \/>\n<link rel=\"canonical\" href=\"https:\/\/www.sitsesp.org.br\/novo\/sitsesp-em-movimento-dirigentes-sindicais-e-delegado-eleito-buscam-parcerias-em-aracatuba\/\" \/>\n<meta property=\"og:locale\" content=\"pt_BR\" \/>\n<meta property=\"og:type\" content=\"article\" \/>\n<meta property=\"og:title\" content=\"SITSESP EM MOVIMENTO | DIRIGENTES SINDICAIS E DELEGADO ELEITO BUSCAM PARCERIAS EM ARA\u00c7ATUBA - SITSESP\" \/>\n<meta property=\"og:description\" content=\"Nossos dirigentes buscam por travar parcerias com clubes e col\u00f4nias de f\u00e9rias para o benef\u00edcio dos servidores do sistema socioeducativo. Aguardem, pois em breve teremos boas novidades para a categoria!\" \/>\n<meta property=\"og:url\" content=\"https:\/\/www.sitsesp.org.br\/novo\/sitsesp-em-movimento-dirigentes-sindicais-e-delegado-eleito-buscam-parcerias-em-aracatuba\/\" \/>\n<meta property=\"og:site_name\" content=\"SITSESP\" \/>\n<meta property=\"article:published_time\" content=\"2021-08-14T13:13:23+00:00\" \/>\n<meta property=\"og:image\" content=\"https:\/\/www.sitsesp.org.br\/novo\/wp-content\/uploads\/2021\/08\/WhatsApp-Image-2021-08-13-at-8.59.28-PM.jpeg\" \/>\n\t<meta property=\"og:image:width\" content=\"800\" \/>\n\t<meta property=\"og:image:height\" content=\"600\" \/>\n\t<meta property=\"og:image:type\" content=\"image\/jpeg\" \/>\n<meta name=\"author\" content=\"imprensa\" \/>\n<meta name=\"twitter:card\" content=\"summary_large_image\" \/>\n<meta name=\"twitter:label1\" content=\"Escrito por\" \/>\n\t<meta name=\"twitter:data1\" content=\"imprensa\" \/>\n\t<meta name=\"twitter:label2\" content=\"Est. tempo de leitura\" \/>\n\t<meta name=\"twitter:data2\" content=\"2 minutos\" \/>\n<script type=\"application\/ld+json\" class=\"yoast-schema-graph\">{\"@context\":\"https:\/\/schema.org\",\"@graph\":[{\"@type\":\"Article\",\"@id\":\"https:\/\/www.sitsesp.org.br\/novo\/sitsesp-em-movimento-dirigentes-sindicais-e-delegado-eleito-buscam-parcerias-em-aracatuba\/#article\",\"isPartOf\":{\"@id\":\"https:\/\/www.sitsesp.org.br\/novo\/sitsesp-em-movimento-dirigentes-sindicais-e-delegado-eleito-buscam-parcerias-em-aracatuba\/\"},\"author\":{\"name\":\"imprensa\",\"@id\":\"https:\/\/www.sitsesp.org.br\/novo\/#\/schema\/person\/28e42eec160f373e81d0183b3643edbf\"},\"headline\":\"SITSESP EM MOVIMENTO | DIRIGENTES SINDICAIS E DELEGADO ELEITO BUSCAM PARCERIAS EM ARA\u00c7ATUBA\",\"datePublished\":\"2021-08-14T13:13:23+00:00\",\"dateModified\":\"2021-08-14T13:13:23+00:00\",\"mainEntityOfPage\":{\"@id\":\"https:\/\/www.sitsesp.org.br\/novo\/sitsesp-em-movimento-dirigentes-sindicais-e-delegado-eleito-buscam-parcerias-em-aracatuba\/\"},\"wordCount\":150,\"commentCount\":0,\"publisher\":{\"@id\":\"https:\/\/www.sitsesp.org.br\/novo\/#organization\"},\"image\":{\"@id\":\"https:\/\/www.sitsesp.org.br\/novo\/sitsesp-em-movimento-dirigentes-sindicais-e-delegado-eleito-buscam-parcerias-em-aracatuba\/#primaryimage\"},\"thumbnailUrl\":\"https:\/\/www.sitsesp.org.br\/novo\/wp-content\/uploads\/2021\/08\/WhatsApp-Image-2021-08-13-at-8.59.28-PM.jpeg\",\"articleSection\":[\"Destaque\",\"Noticias\"],\"inLanguage\":\"pt-BR\",\"potentialAction\":[{\"@type\":\"CommentAction\",\"name\":\"Comment\",\"target\":[\"https:\/\/www.sitsesp.org.br\/novo\/sitsesp-em-movimento-dirigentes-sindicais-e-delegado-eleito-buscam-parcerias-em-aracatuba\/#respond\"]}]},{\"@type\":\"WebPage\",\"@id\":\"https:\/\/www.sitsesp.org.br\/novo\/sitsesp-em-movimento-dirigentes-sindicais-e-delegado-eleito-buscam-parcerias-em-aracatuba\/\",\"url\":\"https:\/\/www.sitsesp.org.br\/novo\/sitsesp-em-movimento-dirigentes-sindicais-e-delegado-eleito-buscam-parcerias-em-aracatuba\/\",\"name\":\"SITSESP EM MOVIMENTO | DIRIGENTES SINDICAIS E DELEGADO ELEITO BUSCAM PARCERIAS EM ARA\u00c7ATUBA - SITSESP\",\"isPartOf\":{\"@id\":\"https:\/\/www.sitsesp.org.br\/novo\/#website\"},\"primaryImageOfPage\":{\"@id\":\"https:\/\/www.sitsesp.org.br\/novo\/sitsesp-em-movimento-dirigentes-sindicais-e-delegado-eleito-buscam-parcerias-em-aracatuba\/#primaryimage\"},\"image\":{\"@id\":\"https:\/\/www.sitsesp.org.br\/novo\/sitsesp-em-movimento-dirigentes-sindicais-e-delegado-eleito-buscam-parcerias-em-aracatuba\/#primaryimage\"},\"thumbnailUrl\":\"https:\/\/www.sitsesp.org.br\/novo\/wp-content\/uploads\/2021\/08\/WhatsApp-Image-2021-08-13-at-8.59.28-PM.jpeg\",\"datePublished\":\"2021-08-14T13:13:23+00:00\",\"dateModified\":\"2021-08-14T13:13:23+00:00\",\"description\":\"Nossos dirigentes buscam por travar parcerias com clubes e col\u00f4nias de f\u00e9rias para o benef\u00edcio dos servidores do sistema socioeducativo. Aguardem, pois em breve teremos boas novidades para a categoria!\",\"breadcrumb\":{\"@id\":\"https:\/\/www.sitsesp.org.br\/novo\/sitsesp-em-movimento-dirigentes-sindicais-e-delegado-eleito-buscam-parcerias-em-aracatuba\/#breadcrumb\"},\"inLanguage\":\"pt-BR\",\"potentialAction\":[{\"@type\":\"ReadAction\",\"target\":[\"https:\/\/www.sitsesp.org.br\/novo\/sitsesp-em-movimento-dirigentes-sindicais-e-delegado-eleito-buscam-parcerias-em-aracatuba\/\"]}]},{\"@type\":\"ImageObject\",\"inLanguage\":\"pt-BR\",\"@id\":\"https:\/\/www.sitsesp.org.br\/novo\/sitsesp-em-movimento-dirigentes-sindicais-e-delegado-eleito-buscam-parcerias-em-aracatuba\/#primaryimage\",\"url\":\"https:\/\/www.sitsesp.org.br\/novo\/wp-content\/uploads\/2021\/08\/WhatsApp-Image-2021-08-13-at-8.59.28-PM.jpeg\",\"contentUrl\":\"https:\/\/www.sitsesp.org.br\/novo\/wp-content\/uploads\/2021\/08\/WhatsApp-Image-2021-08-13-at-8.59.28-PM.jpeg\",\"width\":800,\"height\":600},{\"@type\":\"BreadcrumbList\",\"@id\":\"https:\/\/www.sitsesp.org.br\/novo\/sitsesp-em-movimento-dirigentes-sindicais-e-delegado-eleito-buscam-parcerias-em-aracatuba\/#breadcrumb\",\"itemListElement\":[{\"@type\":\"ListItem\",\"position\":1,\"name\":\"In\u00edcio\",\"item\":\"https:\/\/www.sitsesp.org.br\/novo\/\"},{\"@type\":\"ListItem\",\"position\":2,\"name\":\"SITSESP EM MOVIMENTO | DIRIGENTES SINDICAIS E DELEGADO ELEITO BUSCAM PARCERIAS EM ARA\u00c7ATUBA\"}]},{\"@type\":\"WebSite\",\"@id\":\"https:\/\/www.sitsesp.org.br\/novo\/#website\",\"url\":\"https:\/\/www.sitsesp.org.br\/novo\/\",\"name\":\"Sitsesp\",\"description\":\"SIndicato da Socioeduca\u00e7\u00e3o do Estado de S\u00e3o Paulo\",\"publisher\":{\"@id\":\"https:\/\/www.sitsesp.org.br\/novo\/#organization\"},\"potentialAction\":[{\"@type\":\"SearchAction\",\"target\":{\"@type\":\"EntryPoint\",\"urlTemplate\":\"https:\/\/www.sitsesp.org.br\/novo\/?s={search_term_string}\"},\"query-input\":\"required name=search_term_string\"}],\"inLanguage\":\"pt-BR\"},{\"@type\":\"Organization\",\"@id\":\"https:\/\/www.sitsesp.org.br\/novo\/#organization\",\"name\":\"Sitsesp\",\"url\":\"https:\/\/www.sitsesp.org.br\/novo\/\",\"logo\":{\"@type\":\"ImageObject\",\"inLanguage\":\"pt-BR\",\"@id\":\"https:\/\/www.sitsesp.org.br\/novo\/#\/schema\/logo\/image\/\",\"url\":\"https:\/\/www.sitsesp.org.br\/novo\/wp-content\/uploads\/2020\/09\/Design-sem-nome-1.jpg\",\"contentUrl\":\"https:\/\/www.sitsesp.org.br\/novo\/wp-content\/uploads\/2020\/09\/Design-sem-nome-1.jpg\",\"width\":300,\"height\":300,\"caption\":\"Sitsesp\"},\"image\":{\"@id\":\"https:\/\/www.sitsesp.org.br\/novo\/#\/schema\/logo\/image\/\"}},{\"@type\":\"Person\",\"@id\":\"https:\/\/www.sitsesp.org.br\/novo\/#\/schema\/person\/28e42eec160f373e81d0183b3643edbf\",\"name\":\"imprensa\",\"image\":{\"@type\":\"ImageObject\",\"inLanguage\":\"pt-BR\",\"@id\":\"https:\/\/www.sitsesp.org.br\/novo\/#\/schema\/person\/image\/\",\"url\":\"https:\/\/secure.gravatar.com\/avatar\/8d6ccd8d7d52b8959f34154e87d3fa29?s=96&d=mm&r=g\",\"contentUrl\":\"https:\/\/secure.gravatar.com\/avatar\/8d6ccd8d7d52b8959f34154e87d3fa29?s=96&d=mm&r=g\",\"caption\":\"imprensa\"}}]}<\/script>\n<!-- \/ Yoast SEO plugin. -->","yoast_head_json":{"title":"SITSESP EM MOVIMENTO | DIRIGENTES SINDICAIS E DELEGADO ELEITO BUSCAM PARCERIAS EM ARA\u00c7ATUBA - SITSESP","description":"Nossos dirigentes buscam por travar parcerias com clubes e col\u00f4nias de f\u00e9rias para o benef\u00edcio dos servidores do sistema socioeducativo. Aguardem, pois em breve teremos boas novidades para a categoria!","robots":{"index":"index","follow":"follow","max-snippet":"max-snippet:-1","max-image-preview":"max-image-preview:large","max-video-preview":"max-video-preview:-1"},"canonical":"https:\/\/www.sitsesp.org.br\/novo\/sitsesp-em-movimento-dirigentes-sindicais-e-delegado-eleito-buscam-parcerias-em-aracatuba\/","og_locale":"pt_BR","og_type":"article","og_title":"SITSESP EM MOVIMENTO | DIRIGENTES SINDICAIS E DELEGADO ELEITO BUSCAM PARCERIAS EM ARA\u00c7ATUBA - SITSESP","og_description":"Nossos dirigentes buscam por travar parcerias com clubes e col\u00f4nias de f\u00e9rias para o benef\u00edcio dos servidores do sistema socioeducativo. Aguardem, pois em breve teremos boas novidades para a categoria!","og_url":"https:\/\/www.sitsesp.org.br\/novo\/sitsesp-em-movimento-dirigentes-sindicais-e-delegado-eleito-buscam-parcerias-em-aracatuba\/","og_site_name":"SITSESP","article_published_time":"2021-08-14T13:13:23+00:00","og_image":[{"width":800,"height":600,"url":"https:\/\/www.sitsesp.org.br\/novo\/wp-content\/uploads\/2021\/08\/WhatsApp-Image-2021-08-13-at-8.59.28-PM.jpeg","type":"image\/jpeg"}],"author":"imprensa","twitter_card":"summary_large_image","twitter_misc":{"Escrito por":"imprensa","Est. tempo de leitura":"2 minutos"},"schema":{"@context":"https:\/\/schema.org","@graph":[{"@type":"Article","@id":"https:\/\/www.sitsesp.org.br\/novo\/sitsesp-em-movimento-dirigentes-sindicais-e-delegado-eleito-buscam-parcerias-em-aracatuba\/#article","isPartOf":{"@id":"https:\/\/www.sitsesp.org.br\/novo\/sitsesp-em-movimento-dirigentes-sindicais-e-delegado-eleito-buscam-parcerias-em-aracatuba\/"},"author":{"name":"imprensa","@id":"https:\/\/www.sitsesp.org.br\/novo\/#\/schema\/person\/28e42eec160f373e81d0183b3643edbf"},"headline":"SITSESP EM MOVIMENTO | DIRIGENTES SINDICAIS E DELEGADO ELEITO BUSCAM PARCERIAS EM ARA\u00c7ATUBA","datePublished":"2021-08-14T13:13:23+00:00","dateModified":"2021-08-14T13:13:23+00:00","mainEntityOfPage":{"@id":"https:\/\/www.sitsesp.org.br\/novo\/sitsesp-em-movimento-dirigentes-sindicais-e-delegado-eleito-buscam-parcerias-em-aracatuba\/"},"wordCount":150,"commentCount":0,"publisher":{"@id":"https:\/\/www.sitsesp.org.br\/novo\/#organization"},"image":{"@id":"https:\/\/www.sitsesp.org.br\/novo\/sitsesp-em-movimento-dirigentes-sindicais-e-delegado-eleito-buscam-parcerias-em-aracatuba\/#primaryimage"},"thumbnailUrl":"https:\/\/www.sitsesp.org.br\/novo\/wp-content\/uploads\/2021\/08\/WhatsApp-Image-2021-08-13-at-8.59.28-PM.jpeg","articleSection":["Destaque","Noticias"],"inLanguage":"pt-BR","potentialAction":[{"@type":"CommentAction","name":"Comment","target":["https:\/\/www.sitsesp.org.br\/novo\/sitsesp-em-movimento-dirigentes-sindicais-e-delegado-eleito-buscam-parcerias-em-aracatuba\/#respond"]}]},{"@type":"WebPage","@id":"https:\/\/www.sitsesp.org.br\/novo\/sitsesp-em-movimento-dirigentes-sindicais-e-delegado-eleito-buscam-parcerias-em-aracatuba\/","url":"https:\/\/www.sitsesp.org.br\/novo\/sitsesp-em-movimento-dirigentes-sindicais-e-delegado-eleito-buscam-parcerias-em-aracatuba\/","name":"SITSESP EM MOVIMENTO | DIRIGENTES SINDICAIS E DELEGADO ELEITO BUSCAM PARCERIAS EM ARA\u00c7ATUBA - SITSESP","isPartOf":{"@id":"https:\/\/www.sitsesp.org.br\/novo\/#website"},"primaryImageOfPage":{"@id":"https:\/\/www.sitsesp.org.br\/novo\/sitsesp-em-movimento-dirigentes-sindicais-e-delegado-eleito-buscam-parcerias-em-aracatuba\/#primaryimage"},"image":{"@id":"https:\/\/www.sitsesp.org.br\/novo\/sitsesp-em-movimento-dirigentes-sindicais-e-delegado-eleito-buscam-parcerias-em-aracatuba\/#primaryimage"},"thumbnailUrl":"https:\/\/www.sitsesp.org.br\/novo\/wp-content\/uploads\/2021\/08\/WhatsApp-Image-2021-08-13-at-8.59.28-PM.jpeg","datePublished":"2021-08-14T13:13:23+00:00","dateModified":"2021-08-14T13:13:23+00:00","description":"Nossos dirigentes buscam por travar parcerias com clubes e col\u00f4nias de f\u00e9rias para o benef\u00edcio dos servidores do sistema socioeducativo. Aguardem, pois em breve teremos boas novidades para a categoria!","breadcrumb":{"@id":"https:\/\/www.sitsesp.org.br\/novo\/sitsesp-em-movimento-dirigentes-sindicais-e-delegado-eleito-buscam-parcerias-em-aracatuba\/#breadcrumb"},"inLanguage":"pt-BR","potentialAction":[{"@type":"ReadAction","target":["https:\/\/www.sitsesp.org.br\/novo\/sitsesp-em-movimento-dirigentes-sindicais-e-delegado-eleito-buscam-parcerias-em-aracatuba\/"]}]},{"@type":"ImageObject","inLanguage":"pt-BR","@id":"https:\/\/www.sitsesp.org.br\/novo\/sitsesp-em-movimento-dirigentes-sindicais-e-delegado-eleito-buscam-parcerias-em-aracatuba\/#primaryimage","url":"https:\/\/www.sitsesp.org.br\/novo\/wp-content\/uploads\/2021\/08\/WhatsApp-Image-2021-08-13-at-8.59.28-PM.jpeg","contentUrl":"https:\/\/www.sitsesp.org.br\/novo\/wp-content\/uploads\/2021\/08\/WhatsApp-Image-2021-08-13-at-8.59.28-PM.jpeg","width":800,"height":600},{"@type":"BreadcrumbList","@id":"https:\/\/www.sitsesp.org.br\/novo\/sitsesp-em-movimento-dirigentes-sindicais-e-delegado-eleito-buscam-parcerias-em-aracatuba\/#breadcrumb","itemListElement":[{"@type":"ListItem","position":1,"name":"In\u00edcio","item":"https:\/\/www.sitsesp.org.br\/novo\/"},{"@type":"ListItem","position":2,"name":"SITSESP EM MOVIMENTO | DIRIGENTES SINDICAIS E DELEGADO ELEITO BUSCAM PARCERIAS EM ARA\u00c7ATUBA"}]},{"@type":"WebSite","@id":"https:\/\/www.sitsesp.org.br\/novo\/#website","url":"https:\/\/www.sitsesp.org.br\/novo\/","name":"Sitsesp","description":"SIndicato da Socioeduca\u00e7\u00e3o do Estado de S\u00e3o Paulo","publisher":{"@id":"https:\/\/www.sitsesp.org.br\/novo\/#organization"},"potentialAction":[{"@type":"SearchAction","target":{"@type":"EntryPoint","urlTemplate":"https:\/\/www.sitsesp.org.br\/novo\/?s={search_term_string}"},"query-input":"required name=search_term_string"}],"inLanguage":"pt-BR"},{"@type":"Organization","@id":"https:\/\/www.sitsesp.org.br\/novo\/#organization","name":"Sitsesp","url":"https:\/\/www.sitsesp.org.br\/novo\/","logo":{"@type":"ImageObject","inLanguage":"pt-BR","@id":"https:\/\/www.sitsesp.org.br\/novo\/#\/schema\/logo\/image\/","url":"https:\/\/www.sitsesp.org.br\/novo\/wp-content\/uploads\/2020\/09\/Design-sem-nome-1.jpg","contentUrl":"https:\/\/www.sitsesp.org.br\/novo\/wp-content\/uploads\/2020\/09\/Design-sem-nome-1.jpg","width":300,"height":300,"caption":"Sitsesp"},"image":{"@id":"https:\/\/www.sitsesp.org.br\/novo\/#\/schema\/logo\/image\/"}},{"@type":"Person","@id":"https:\/\/www.sitsesp.org.br\/novo\/#\/schema\/person\/28e42eec160f373e81d0183b3643edbf","name":"imprensa","image":{"@type":"ImageObject","inLanguage":"pt-BR","@id":"https:\/\/www.sitsesp.org.br\/novo\/#\/schema\/person\/image\/","url":"https:\/\/secure.gravatar.com\/avatar\/8d6ccd8d7d52b8959f34154e87d3fa29?s=96&d=mm&r=g","contentUrl":"https:\/\/secure.gravatar.com\/avatar\/8d6ccd8d7d52b8959f34154e87d3fa29?s=96&d=mm&r=g","caption":"imprensa"}}]}},"_links":{"self":[{"href":"https:\/\/www.sitsesp.org.br\/novo\/wp-json\/wp\/v2\/posts\/6868"}],"collection":[{"href":"https:\/\/www.sitsesp.org.br\/novo\/wp-json\/wp\/v2\/posts"}],"about":[{"href":"https:\/\/www.sitsesp.org.br\/novo\/wp-json\/wp\/v2\/types\/post"}],"author":[{"embeddable":true,"href":"https:\/\/www.sitsesp.org.br\/novo\/wp-json\/wp\/v2\/users\/5"}],"replies":[{"embeddable":true,"href":"https:\/\/www.sitsesp.org.br\/novo\/wp-json\/wp\/v2\/comments?post=6868"}],"version-history":[{"count":1,"href":"https:\/\/www.sitsesp.org.br\/novo\/wp-json\/wp\/v2\/posts\/6868\/revisions"}],"predecessor-version":[{"id":6872,"href":"https:\/\/www.sitsesp.org.br\/novo\/wp-json\/wp\/v2\/posts\/6868\/revisions\/6872"}],"wp:featuredmedia":[{"embeddable":true,"href":"https:\/\/www.sitsesp.org.br\/novo\/wp-json\/wp\/v2\/media\/6869"}],"wp:attachment":[{"href":"https:\/\/www.sitsesp.org.br\/novo\/wp-json\/wp\/v2\/media?parent=6868"}],"wp:term":[{"taxonomy":"category","embeddable":true,"href":"https:\/\/www.sitsesp.org.br\/novo\/wp-json\/wp\/v2\/categories?post=6868"},{"taxonomy":"post_tag","embeddable":true,"href":"https:\/\/www.sitsesp.org.br\/novo\/wp-json\/wp\/v2\/tags?post=6868"}],"curies":[{"name":"wp","href":"https:\/\/api.w.org\/{rel}","templated":true}]}}