{"id":6879,"date":"2021-08-16T08:11:29","date_gmt":"2021-08-16T11:11:29","guid":{"rendered":"https:\/\/sitsesp.org.br\/novo\/?p=6879"},"modified":"2021-08-16T08:14:18","modified_gmt":"2021-08-16T11:14:18","slug":"hoje-as-20h-live-sobre-a-reforma-administrativa-e-os-ataques-a-classe-trabalhadora-e-socioeducacao-de-sp","status":"publish","type":"post","link":"https:\/\/www.sitsesp.org.br\/novo\/hoje-as-20h-live-sobre-a-reforma-administrativa-e-os-ataques-a-classe-trabalhadora-e-socioeducacao-de-sp\/","title":{"rendered":"Hoje \u00e0s 20h live sobre A reforma administrativa e os ataques \u00e0 classe trabalhadora e Socioeduca\u00e7\u00e3o de SP"},"content":{"rendered":"<p><!-- VideographyWP Plugin Message: Automatic video embedding prevented by plugin options. --><br \/>\n<strong>LIVE DIA 16 DE AGOSTO \u00c0S 20H<\/strong><br \/>\nTEMA: <strong>A reforma administrativa e os ataques \u00e0 classe trabalhadora e Socioeduca\u00e7\u00e3o de SP<\/strong><\/p>\n<p>Com a participa\u00e7\u00e3o de:<br \/>\nCLAUDIA MARIA \u2013 PRESIDENTE DO SITSESP<\/p>\n<p>IURE TEIXEIRA &#8211; DIRIGENTE DE\u00a0 POL\u00cdTICA SINDICAL E FORMA\u00c7\u00c3O DO SITSESP<\/p>\n<p>PAULO BARELA &#8211; Funcion\u00e1rio da Funda\u00e7\u00e3o IBGE por 36 anos, exerceu atividades de Estudos e An\u00e1lises de Pesquisas Estat\u00edsticas. \u00c9 membro da Secretaria Executiva Nacional da CSP -CONLUTAS e integrante do F\u00f3rum Nacional das Entidades dos Servidores Federais &#8211; FONASEFE.<\/p>\n<p>DR. SERGIO &#8211; Advogado com escrit\u00f3rio pr\u00f3prio desde o ano de 1.990, assessor jur\u00eddico de diversos Sindicatos e Associa\u00e7\u00f5es, tais como: Sindicato dos Metal\u00fargicos de S\u00e3o Jos\u00e9 dos Campos, SITSESP, Associa\u00e7\u00e3o dos Servidores de N\u00edvel Superior da Prefeitura do Munic\u00edpio de S\u00e3o Paulo \u2013 Coletivo Independente \u2013 ANIS PMSP, CSP-CONLUTAS Nacional, dentre outros. Integrante da dire\u00e7\u00e3o do Sindicato dos Advogados do Estado de S\u00e3o Paulo.<\/p>\n<p><a href=\"https:\/\/www.facebook.com\/sitsesp\">Assista na p\u00e1gina de facebook do SITSESP<\/a><\/p>\n","protected":false},"excerpt":{"rendered":"<p>LIVE DIA 16 DE AGOSTO \u00c0S 20H TEMA: A reforma administrativa e os ataques \u00e0 classe trabalhadora e Socioeduca\u00e7\u00e3o de SP&hellip;<\/p>\n","protected":false},"author":5,"featured_media":6880,"comment_status":"open","ping_status":"open","sticky":false,"template":"","format":"standard","meta":{"cybocfi_hide_featured_image":"","footnotes":""},"categories":[27,22],"tags":[54,40,37,39],"yoast_head":"<!-- This site is optimized with the Yoast SEO plugin v22.8 - https:\/\/yoast.com\/wordpress\/plugins\/seo\/ -->\n<title>Hoje \u00e0s 20h live sobre A reforma administrativa e os ataques \u00e0 classe trabalhadora e Socioeduca\u00e7\u00e3o de SP - SITSESP<\/title>\n<meta name=\"description\" content=\"LIVE DIA 16 DE AGOSTO \u00c0S 20H. TEMA: A reforma administrativa e os ataques \u00e0 classe trabalhadora e Socioeduca\u00e7\u00e3o de SP\" \/>\n<meta name=\"robots\" content=\"index, follow, max-snippet:-1, max-image-preview:large, max-video-preview:-1\" \/>\n<link rel=\"canonical\" href=\"https:\/\/www.sitsesp.org.br\/novo\/hoje-as-20h-live-sobre-a-reforma-administrativa-e-os-ataques-a-classe-trabalhadora-e-socioeducacao-de-sp\/\" \/>\n<meta property=\"og:locale\" content=\"pt_BR\" \/>\n<meta property=\"og:type\" content=\"article\" \/>\n<meta property=\"og:title\" content=\"Hoje \u00e0s 20h live sobre A reforma administrativa e os ataques \u00e0 classe trabalhadora e Socioeduca\u00e7\u00e3o de SP - SITSESP\" \/>\n<meta property=\"og:description\" content=\"LIVE DIA 16 DE AGOSTO \u00c0S 20H. TEMA: A reforma administrativa e os ataques \u00e0 classe trabalhadora e Socioeduca\u00e7\u00e3o de SP\" \/>\n<meta property=\"og:url\" content=\"https:\/\/www.sitsesp.org.br\/novo\/hoje-as-20h-live-sobre-a-reforma-administrativa-e-os-ataques-a-classe-trabalhadora-e-socioeducacao-de-sp\/\" \/>\n<meta property=\"og:site_name\" content=\"SITSESP\" \/>\n<meta property=\"article:published_time\" content=\"2021-08-16T11:11:29+00:00\" \/>\n<meta property=\"article:modified_time\" content=\"2021-08-16T11:14:18+00:00\" \/>\n<meta property=\"og:image\" content=\"https:\/\/www.sitsesp.org.br\/novo\/wp-content\/uploads\/2021\/08\/live16.jpg\" \/>\n\t<meta property=\"og:image:width\" content=\"800\" \/>\n\t<meta property=\"og:image:height\" content=\"800\" \/>\n\t<meta property=\"og:image:type\" content=\"image\/jpeg\" \/>\n<meta name=\"author\" content=\"imprensa\" \/>\n<meta name=\"twitter:card\" content=\"summary_large_image\" \/>\n<meta name=\"twitter:label1\" content=\"Escrito por\" \/>\n\t<meta name=\"twitter:data1\" content=\"imprensa\" \/>\n\t<meta name=\"twitter:label2\" content=\"Est. tempo de leitura\" \/>\n\t<meta name=\"twitter:data2\" content=\"1 minuto\" \/>\n<script type=\"application\/ld+json\" class=\"yoast-schema-graph\">{\"@context\":\"https:\/\/schema.org\",\"@graph\":[{\"@type\":\"Article\",\"@id\":\"https:\/\/www.sitsesp.org.br\/novo\/hoje-as-20h-live-sobre-a-reforma-administrativa-e-os-ataques-a-classe-trabalhadora-e-socioeducacao-de-sp\/#article\",\"isPartOf\":{\"@id\":\"https:\/\/www.sitsesp.org.br\/novo\/hoje-as-20h-live-sobre-a-reforma-administrativa-e-os-ataques-a-classe-trabalhadora-e-socioeducacao-de-sp\/\"},\"author\":{\"name\":\"imprensa\",\"@id\":\"https:\/\/www.sitsesp.org.br\/novo\/#\/schema\/person\/28e42eec160f373e81d0183b3643edbf\"},\"headline\":\"Hoje \u00e0s 20h live sobre A reforma administrativa e os ataques \u00e0 classe trabalhadora e Socioeduca\u00e7\u00e3o de SP\",\"datePublished\":\"2021-08-16T11:11:29+00:00\",\"dateModified\":\"2021-08-16T11:14:18+00:00\",\"mainEntityOfPage\":{\"@id\":\"https:\/\/www.sitsesp.org.br\/novo\/hoje-as-20h-live-sobre-a-reforma-administrativa-e-os-ataques-a-classe-trabalhadora-e-socioeducacao-de-sp\/\"},\"wordCount\":186,\"commentCount\":0,\"publisher\":{\"@id\":\"https:\/\/www.sitsesp.org.br\/novo\/#organization\"},\"image\":{\"@id\":\"https:\/\/www.sitsesp.org.br\/novo\/hoje-as-20h-live-sobre-a-reforma-administrativa-e-os-ataques-a-classe-trabalhadora-e-socioeducacao-de-sp\/#primaryimage\"},\"thumbnailUrl\":\"https:\/\/www.sitsesp.org.br\/novo\/wp-content\/uploads\/2021\/08\/live16.jpg\",\"keywords\":[\"REFORMA ADMINISTRATIVA\",\"SINDICATO\",\"SITSESP\",\"SOCIOEDUCA\u00c7\u00c3O\"],\"articleSection\":[\"Destaque\",\"Noticias\"],\"inLanguage\":\"pt-BR\",\"potentialAction\":[{\"@type\":\"CommentAction\",\"name\":\"Comment\",\"target\":[\"https:\/\/www.sitsesp.org.br\/novo\/hoje-as-20h-live-sobre-a-reforma-administrativa-e-os-ataques-a-classe-trabalhadora-e-socioeducacao-de-sp\/#respond\"]}]},{\"@type\":\"WebPage\",\"@id\":\"https:\/\/www.sitsesp.org.br\/novo\/hoje-as-20h-live-sobre-a-reforma-administrativa-e-os-ataques-a-classe-trabalhadora-e-socioeducacao-de-sp\/\",\"url\":\"https:\/\/www.sitsesp.org.br\/novo\/hoje-as-20h-live-sobre-a-reforma-administrativa-e-os-ataques-a-classe-trabalhadora-e-socioeducacao-de-sp\/\",\"name\":\"Hoje \u00e0s 20h live sobre A reforma administrativa e os ataques \u00e0 classe trabalhadora e Socioeduca\u00e7\u00e3o de SP - SITSESP\",\"isPartOf\":{\"@id\":\"https:\/\/www.sitsesp.org.br\/novo\/#website\"},\"primaryImageOfPage\":{\"@id\":\"https:\/\/www.sitsesp.org.br\/novo\/hoje-as-20h-live-sobre-a-reforma-administrativa-e-os-ataques-a-classe-trabalhadora-e-socioeducacao-de-sp\/#primaryimage\"},\"image\":{\"@id\":\"https:\/\/www.sitsesp.org.br\/novo\/hoje-as-20h-live-sobre-a-reforma-administrativa-e-os-ataques-a-classe-trabalhadora-e-socioeducacao-de-sp\/#primaryimage\"},\"thumbnailUrl\":\"https:\/\/www.sitsesp.org.br\/novo\/wp-content\/uploads\/2021\/08\/live16.jpg\",\"datePublished\":\"2021-08-16T11:11:29+00:00\",\"dateModified\":\"2021-08-16T11:14:18+00:00\",\"description\":\"LIVE DIA 16 DE AGOSTO \u00c0S 20H. TEMA: A reforma administrativa e os ataques \u00e0 classe trabalhadora e Socioeduca\u00e7\u00e3o de SP\",\"breadcrumb\":{\"@id\":\"https:\/\/www.sitsesp.org.br\/novo\/hoje-as-20h-live-sobre-a-reforma-administrativa-e-os-ataques-a-classe-trabalhadora-e-socioeducacao-de-sp\/#breadcrumb\"},\"inLanguage\":\"pt-BR\",\"potentialAction\":[{\"@type\":\"ReadAction\",\"target\":[\"https:\/\/www.sitsesp.org.br\/novo\/hoje-as-20h-live-sobre-a-reforma-administrativa-e-os-ataques-a-classe-trabalhadora-e-socioeducacao-de-sp\/\"]}]},{\"@type\":\"ImageObject\",\"inLanguage\":\"pt-BR\",\"@id\":\"https:\/\/www.sitsesp.org.br\/novo\/hoje-as-20h-live-sobre-a-reforma-administrativa-e-os-ataques-a-classe-trabalhadora-e-socioeducacao-de-sp\/#primaryimage\",\"url\":\"https:\/\/www.sitsesp.org.br\/novo\/wp-content\/uploads\/2021\/08\/live16.jpg\",\"contentUrl\":\"https:\/\/www.sitsesp.org.br\/novo\/wp-content\/uploads\/2021\/08\/live16.jpg\",\"width\":800,\"height\":800},{\"@type\":\"BreadcrumbList\",\"@id\":\"https:\/\/www.sitsesp.org.br\/novo\/hoje-as-20h-live-sobre-a-reforma-administrativa-e-os-ataques-a-classe-trabalhadora-e-socioeducacao-de-sp\/#breadcrumb\",\"itemListElement\":[{\"@type\":\"ListItem\",\"position\":1,\"name\":\"In\u00edcio\",\"item\":\"https:\/\/www.sitsesp.org.br\/novo\/\"},{\"@type\":\"ListItem\",\"position\":2,\"name\":\"Hoje \u00e0s 20h live sobre A reforma administrativa e os ataques \u00e0 classe trabalhadora e Socioeduca\u00e7\u00e3o de SP\"}]},{\"@type\":\"WebSite\",\"@id\":\"https:\/\/www.sitsesp.org.br\/novo\/#website\",\"url\":\"https:\/\/www.sitsesp.org.br\/novo\/\",\"name\":\"Sitsesp\",\"description\":\"SIndicato da Socioeduca\u00e7\u00e3o do Estado de S\u00e3o Paulo\",\"publisher\":{\"@id\":\"https:\/\/www.sitsesp.org.br\/novo\/#organization\"},\"potentialAction\":[{\"@type\":\"SearchAction\",\"target\":{\"@type\":\"EntryPoint\",\"urlTemplate\":\"https:\/\/www.sitsesp.org.br\/novo\/?s={search_term_string}\"},\"query-input\":\"required name=search_term_string\"}],\"inLanguage\":\"pt-BR\"},{\"@type\":\"Organization\",\"@id\":\"https:\/\/www.sitsesp.org.br\/novo\/#organization\",\"name\":\"Sitsesp\",\"url\":\"https:\/\/www.sitsesp.org.br\/novo\/\",\"logo\":{\"@type\":\"ImageObject\",\"inLanguage\":\"pt-BR\",\"@id\":\"https:\/\/www.sitsesp.org.br\/novo\/#\/schema\/logo\/image\/\",\"url\":\"https:\/\/www.sitsesp.org.br\/novo\/wp-content\/uploads\/2020\/09\/Design-sem-nome-1.jpg\",\"contentUrl\":\"https:\/\/www.sitsesp.org.br\/novo\/wp-content\/uploads\/2020\/09\/Design-sem-nome-1.jpg\",\"width\":300,\"height\":300,\"caption\":\"Sitsesp\"},\"image\":{\"@id\":\"https:\/\/www.sitsesp.org.br\/novo\/#\/schema\/logo\/image\/\"}},{\"@type\":\"Person\",\"@id\":\"https:\/\/www.sitsesp.org.br\/novo\/#\/schema\/person\/28e42eec160f373e81d0183b3643edbf\",\"name\":\"imprensa\",\"image\":{\"@type\":\"ImageObject\",\"inLanguage\":\"pt-BR\",\"@id\":\"https:\/\/www.sitsesp.org.br\/novo\/#\/schema\/person\/image\/\",\"url\":\"https:\/\/secure.gravatar.com\/avatar\/8d6ccd8d7d52b8959f34154e87d3fa29?s=96&d=mm&r=g\",\"contentUrl\":\"https:\/\/secure.gravatar.com\/avatar\/8d6ccd8d7d52b8959f34154e87d3fa29?s=96&d=mm&r=g\",\"caption\":\"imprensa\"}}]}<\/script>\n<!-- \/ Yoast SEO plugin. -->","yoast_head_json":{"title":"Hoje \u00e0s 20h live sobre A reforma administrativa e os ataques \u00e0 classe trabalhadora e Socioeduca\u00e7\u00e3o de SP - SITSESP","description":"LIVE DIA 16 DE AGOSTO \u00c0S 20H. TEMA: A reforma administrativa e os ataques \u00e0 classe trabalhadora e Socioeduca\u00e7\u00e3o de SP","robots":{"index":"index","follow":"follow","max-snippet":"max-snippet:-1","max-image-preview":"max-image-preview:large","max-video-preview":"max-video-preview:-1"},"canonical":"https:\/\/www.sitsesp.org.br\/novo\/hoje-as-20h-live-sobre-a-reforma-administrativa-e-os-ataques-a-classe-trabalhadora-e-socioeducacao-de-sp\/","og_locale":"pt_BR","og_type":"article","og_title":"Hoje \u00e0s 20h live sobre A reforma administrativa e os ataques \u00e0 classe trabalhadora e Socioeduca\u00e7\u00e3o de SP - SITSESP","og_description":"LIVE DIA 16 DE AGOSTO \u00c0S 20H. TEMA: A reforma administrativa e os ataques \u00e0 classe trabalhadora e Socioeduca\u00e7\u00e3o de SP","og_url":"https:\/\/www.sitsesp.org.br\/novo\/hoje-as-20h-live-sobre-a-reforma-administrativa-e-os-ataques-a-classe-trabalhadora-e-socioeducacao-de-sp\/","og_site_name":"SITSESP","article_published_time":"2021-08-16T11:11:29+00:00","article_modified_time":"2021-08-16T11:14:18+00:00","og_image":[{"width":800,"height":800,"url":"https:\/\/www.sitsesp.org.br\/novo\/wp-content\/uploads\/2021\/08\/live16.jpg","type":"image\/jpeg"}],"author":"imprensa","twitter_card":"summary_large_image","twitter_misc":{"Escrito por":"imprensa","Est. tempo de leitura":"1 minuto"},"schema":{"@context":"https:\/\/schema.org","@graph":[{"@type":"Article","@id":"https:\/\/www.sitsesp.org.br\/novo\/hoje-as-20h-live-sobre-a-reforma-administrativa-e-os-ataques-a-classe-trabalhadora-e-socioeducacao-de-sp\/#article","isPartOf":{"@id":"https:\/\/www.sitsesp.org.br\/novo\/hoje-as-20h-live-sobre-a-reforma-administrativa-e-os-ataques-a-classe-trabalhadora-e-socioeducacao-de-sp\/"},"author":{"name":"imprensa","@id":"https:\/\/www.sitsesp.org.br\/novo\/#\/schema\/person\/28e42eec160f373e81d0183b3643edbf"},"headline":"Hoje \u00e0s 20h live sobre A reforma administrativa e os ataques \u00e0 classe trabalhadora e Socioeduca\u00e7\u00e3o de SP","datePublished":"2021-08-16T11:11:29+00:00","dateModified":"2021-08-16T11:14:18+00:00","mainEntityOfPage":{"@id":"https:\/\/www.sitsesp.org.br\/novo\/hoje-as-20h-live-sobre-a-reforma-administrativa-e-os-ataques-a-classe-trabalhadora-e-socioeducacao-de-sp\/"},"wordCount":186,"commentCount":0,"publisher":{"@id":"https:\/\/www.sitsesp.org.br\/novo\/#organization"},"image":{"@id":"https:\/\/www.sitsesp.org.br\/novo\/hoje-as-20h-live-sobre-a-reforma-administrativa-e-os-ataques-a-classe-trabalhadora-e-socioeducacao-de-sp\/#primaryimage"},"thumbnailUrl":"https:\/\/www.sitsesp.org.br\/novo\/wp-content\/uploads\/2021\/08\/live16.jpg","keywords":["REFORMA ADMINISTRATIVA","SINDICATO","SITSESP","SOCIOEDUCA\u00c7\u00c3O"],"articleSection":["Destaque","Noticias"],"inLanguage":"pt-BR","potentialAction":[{"@type":"CommentAction","name":"Comment","target":["https:\/\/www.sitsesp.org.br\/novo\/hoje-as-20h-live-sobre-a-reforma-administrativa-e-os-ataques-a-classe-trabalhadora-e-socioeducacao-de-sp\/#respond"]}]},{"@type":"WebPage","@id":"https:\/\/www.sitsesp.org.br\/novo\/hoje-as-20h-live-sobre-a-reforma-administrativa-e-os-ataques-a-classe-trabalhadora-e-socioeducacao-de-sp\/","url":"https:\/\/www.sitsesp.org.br\/novo\/hoje-as-20h-live-sobre-a-reforma-administrativa-e-os-ataques-a-classe-trabalhadora-e-socioeducacao-de-sp\/","name":"Hoje \u00e0s 20h live sobre A reforma administrativa e os ataques \u00e0 classe trabalhadora e Socioeduca\u00e7\u00e3o de SP - SITSESP","isPartOf":{"@id":"https:\/\/www.sitsesp.org.br\/novo\/#website"},"primaryImageOfPage":{"@id":"https:\/\/www.sitsesp.org.br\/novo\/hoje-as-20h-live-sobre-a-reforma-administrativa-e-os-ataques-a-classe-trabalhadora-e-socioeducacao-de-sp\/#primaryimage"},"image":{"@id":"https:\/\/www.sitsesp.org.br\/novo\/hoje-as-20h-live-sobre-a-reforma-administrativa-e-os-ataques-a-classe-trabalhadora-e-socioeducacao-de-sp\/#primaryimage"},"thumbnailUrl":"https:\/\/www.sitsesp.org.br\/novo\/wp-content\/uploads\/2021\/08\/live16.jpg","datePublished":"2021-08-16T11:11:29+00:00","dateModified":"2021-08-16T11:14:18+00:00","description":"LIVE DIA 16 DE AGOSTO \u00c0S 20H. TEMA: A reforma administrativa e os ataques \u00e0 classe trabalhadora e Socioeduca\u00e7\u00e3o de SP","breadcrumb":{"@id":"https:\/\/www.sitsesp.org.br\/novo\/hoje-as-20h-live-sobre-a-reforma-administrativa-e-os-ataques-a-classe-trabalhadora-e-socioeducacao-de-sp\/#breadcrumb"},"inLanguage":"pt-BR","potentialAction":[{"@type":"ReadAction","target":["https:\/\/www.sitsesp.org.br\/novo\/hoje-as-20h-live-sobre-a-reforma-administrativa-e-os-ataques-a-classe-trabalhadora-e-socioeducacao-de-sp\/"]}]},{"@type":"ImageObject","inLanguage":"pt-BR","@id":"https:\/\/www.sitsesp.org.br\/novo\/hoje-as-20h-live-sobre-a-reforma-administrativa-e-os-ataques-a-classe-trabalhadora-e-socioeducacao-de-sp\/#primaryimage","url":"https:\/\/www.sitsesp.org.br\/novo\/wp-content\/uploads\/2021\/08\/live16.jpg","contentUrl":"https:\/\/www.sitsesp.org.br\/novo\/wp-content\/uploads\/2021\/08\/live16.jpg","width":800,"height":800},{"@type":"BreadcrumbList","@id":"https:\/\/www.sitsesp.org.br\/novo\/hoje-as-20h-live-sobre-a-reforma-administrativa-e-os-ataques-a-classe-trabalhadora-e-socioeducacao-de-sp\/#breadcrumb","itemListElement":[{"@type":"ListItem","position":1,"name":"In\u00edcio","item":"https:\/\/www.sitsesp.org.br\/novo\/"},{"@type":"ListItem","position":2,"name":"Hoje \u00e0s 20h live sobre A reforma administrativa e os ataques \u00e0 classe trabalhadora e Socioeduca\u00e7\u00e3o de SP"}]},{"@type":"WebSite","@id":"https:\/\/www.sitsesp.org.br\/novo\/#website","url":"https:\/\/www.sitsesp.org.br\/novo\/","name":"Sitsesp","description":"SIndicato da Socioeduca\u00e7\u00e3o do Estado de S\u00e3o Paulo","publisher":{"@id":"https:\/\/www.sitsesp.org.br\/novo\/#organization"},"potentialAction":[{"@type":"SearchAction","target":{"@type":"EntryPoint","urlTemplate":"https:\/\/www.sitsesp.org.br\/novo\/?s={search_term_string}"},"query-input":"required name=search_term_string"}],"inLanguage":"pt-BR"},{"@type":"Organization","@id":"https:\/\/www.sitsesp.org.br\/novo\/#organization","name":"Sitsesp","url":"https:\/\/www.sitsesp.org.br\/novo\/","logo":{"@type":"ImageObject","inLanguage":"pt-BR","@id":"https:\/\/www.sitsesp.org.br\/novo\/#\/schema\/logo\/image\/","url":"https:\/\/www.sitsesp.org.br\/novo\/wp-content\/uploads\/2020\/09\/Design-sem-nome-1.jpg","contentUrl":"https:\/\/www.sitsesp.org.br\/novo\/wp-content\/uploads\/2020\/09\/Design-sem-nome-1.jpg","width":300,"height":300,"caption":"Sitsesp"},"image":{"@id":"https:\/\/www.sitsesp.org.br\/novo\/#\/schema\/logo\/image\/"}},{"@type":"Person","@id":"https:\/\/www.sitsesp.org.br\/novo\/#\/schema\/person\/28e42eec160f373e81d0183b3643edbf","name":"imprensa","image":{"@type":"ImageObject","inLanguage":"pt-BR","@id":"https:\/\/www.sitsesp.org.br\/novo\/#\/schema\/person\/image\/","url":"https:\/\/secure.gravatar.com\/avatar\/8d6ccd8d7d52b8959f34154e87d3fa29?s=96&d=mm&r=g","contentUrl":"https:\/\/secure.gravatar.com\/avatar\/8d6ccd8d7d52b8959f34154e87d3fa29?s=96&d=mm&r=g","caption":"imprensa"}}]}},"_links":{"self":[{"href":"https:\/\/www.sitsesp.org.br\/novo\/wp-json\/wp\/v2\/posts\/6879"}],"collection":[{"href":"https:\/\/www.sitsesp.org.br\/novo\/wp-json\/wp\/v2\/posts"}],"about":[{"href":"https:\/\/www.sitsesp.org.br\/novo\/wp-json\/wp\/v2\/types\/post"}],"author":[{"embeddable":true,"href":"https:\/\/www.sitsesp.org.br\/novo\/wp-json\/wp\/v2\/users\/5"}],"replies":[{"embeddable":true,"href":"https:\/\/www.sitsesp.org.br\/novo\/wp-json\/wp\/v2\/comments?post=6879"}],"version-history":[{"count":4,"href":"https:\/\/www.sitsesp.org.br\/novo\/wp-json\/wp\/v2\/posts\/6879\/revisions"}],"predecessor-version":[{"id":6884,"href":"https:\/\/www.sitsesp.org.br\/novo\/wp-json\/wp\/v2\/posts\/6879\/revisions\/6884"}],"wp:featuredmedia":[{"embeddable":true,"href":"https:\/\/www.sitsesp.org.br\/novo\/wp-json\/wp\/v2\/media\/6880"}],"wp:attachment":[{"href":"https:\/\/www.sitsesp.org.br\/novo\/wp-json\/wp\/v2\/media?parent=6879"}],"wp:term":[{"taxonomy":"category","embeddable":true,"href":"https:\/\/www.sitsesp.org.br\/novo\/wp-json\/wp\/v2\/categories?post=6879"},{"taxonomy":"post_tag","embeddable":true,"href":"https:\/\/www.sitsesp.org.br\/novo\/wp-json\/wp\/v2\/tags?post=6879"}],"curies":[{"name":"wp","href":"https:\/\/api.w.org\/{rel}","templated":true}]}}