{"id":6920,"date":"2021-08-20T17:30:56","date_gmt":"2021-08-20T20:30:56","guid":{"rendered":"https:\/\/sitsesp.org.br\/novo\/?p=6920"},"modified":"2021-08-20T17:30:56","modified_gmt":"2021-08-20T20:30:56","slug":"marcone-bezerra-de-queiroz-uma-longa-trajetoria-e-o-dever-cumprido","status":"publish","type":"post","link":"https:\/\/www.sitsesp.org.br\/novo\/marcone-bezerra-de-queiroz-uma-longa-trajetoria-e-o-dever-cumprido\/","title":{"rendered":"Marcone Bezerra de Queiroz | UMA LONGA TRAJET\u00d3RIA E O DEVER CUMPRIDO"},"content":{"rendered":"<p><!-- VideographyWP Plugin Message: Automatic video embedding prevented by plugin options. --><br \/>\nNo pr\u00f3ximo dia 22 de agosto uma longa trajet\u00f3ria de servi\u00e7o p\u00fablico prestado dentro da FEBEM\/Funda\u00e7\u00e3o CASA dar-se-\u00e1 fim, merecidamente, ap\u00f3s 32 anos de trabalho.<\/p>\n<p>Marcone Bezerra de Queiroz come\u00e7ou sua carreira p\u00fablica dentro da entidade em 12 de maio de 1989, apenas um ano depois de ser promulgada a nova Carta Constituinte do Brasil e um ano antes do marco legal que regula os direitos das crian\u00e7as e adolescentes \u2013 ECA. Eram tempos dif\u00edceis e tumultuados dentro do sistema socioeducativo.<\/p>\n<p>A fun\u00e7\u00e3o de Marcone passou por v\u00e1rias mudan\u00e7as de nomenclatura \u2013 Monitor, Agente de Prote\u00e7\u00e3o, Agente de Seguran\u00e7a \u2013 at\u00e9 chegar na nomenclatura que recebemos hoje, Agente de Seguran\u00e7a Socioeducativo no n\u00edvel III, al\u00e9m de Coordenador de Equipe com o RE na casa dos 12&#8230;.<\/p>\n<p>Marcone trabalhou na capital, no antigo quadril\u00e1tero do Tatuap\u00e9, por 11 anos, trabalhou tamb\u00e9m, dois anos no antigo Pavilh\u00e3o de Ribeir\u00e3o Preto e, desde a sua inaugura\u00e7\u00e3o em 2002, ou seja, por 19 anos ele dedicou seus conhecimentos dentro do trabalho no Centro CASA Sert\u00e3ozinho, local onde este Diretor de Imprensa vos escreve. Tive a grata satisfa\u00e7\u00e3o de conviver com ele no p\u00e1tio por quase 10 anos e com um pingo de tristeza mas com uma imensa alegria, vejo meu amigo Marcone realizar o sonho de todos n\u00f3s, sua merecida aposentadoria.<\/p>\n<p><em>\u201cEstou muito feliz por ter realizado o meu trabalho junto com todos os funcion\u00e1rios nessa minha longa trajet\u00f3ria, em especial a minha equipe na \u00e1rea de seguran\u00e7a, onde tive que aprender a me posicionar de maneira firme e respeitosa e entender que sem a uni\u00e3o de todas as equipes que trabalham no sistema socioeducativo n\u00e3o seria poss\u00edvel ter a esperan\u00e7a de um futuro melhor aos adolescentes. A todos os funcion\u00e1rios, professores, vigilantes e as meninas da cozinha do CASA Sert\u00e3ozinho, eu desejo muito sucesso na continuidade dos trabalhos.\u201d <\/em>\u00a0Se despede Marcone.<\/p>\n<p>N\u00f3s, que trabalhamos com voc\u00ea por anos, desejamos que voc\u00ea desfrute com muita alegria esta nova e merecida etapa de sua vida.<\/p>\n<p>Grande e fraterno abra\u00e7o amigo!<\/p>\n","protected":false},"excerpt":{"rendered":"<p>No pr\u00f3ximo dia 22 de agosto uma longa trajet\u00f3ria de servi\u00e7o p\u00fablico prestado dentro da FEBEM\/Funda\u00e7\u00e3o CASA dar-se-\u00e1 fim, merecidamente, ap\u00f3s&hellip;<\/p>\n","protected":false},"author":5,"featured_media":6921,"comment_status":"open","ping_status":"open","sticky":false,"template":"","format":"standard","meta":{"cybocfi_hide_featured_image":"","footnotes":""},"categories":[22],"tags":[],"yoast_head":"<!-- This site is optimized with the Yoast SEO plugin v22.8 - https:\/\/yoast.com\/wordpress\/plugins\/seo\/ -->\n<title>Marcone Bezerra de Queiroz | UMA LONGA TRAJET\u00d3RIA E O DEVER CUMPRIDO - SITSESP<\/title>\n<meta name=\"robots\" content=\"index, follow, max-snippet:-1, max-image-preview:large, max-video-preview:-1\" \/>\n<link rel=\"canonical\" href=\"https:\/\/www.sitsesp.org.br\/novo\/marcone-bezerra-de-queiroz-uma-longa-trajetoria-e-o-dever-cumprido\/\" \/>\n<meta property=\"og:locale\" content=\"pt_BR\" \/>\n<meta property=\"og:type\" content=\"article\" \/>\n<meta property=\"og:title\" content=\"Marcone Bezerra de Queiroz | UMA LONGA TRAJET\u00d3RIA E O DEVER CUMPRIDO - SITSESP\" \/>\n<meta property=\"og:description\" content=\"No pr\u00f3ximo dia 22 de agosto uma longa trajet\u00f3ria de servi\u00e7o p\u00fablico prestado dentro da FEBEM\/Funda\u00e7\u00e3o CASA dar-se-\u00e1 fim, merecidamente, ap\u00f3s&hellip;\" \/>\n<meta property=\"og:url\" content=\"https:\/\/www.sitsesp.org.br\/novo\/marcone-bezerra-de-queiroz-uma-longa-trajetoria-e-o-dever-cumprido\/\" \/>\n<meta property=\"og:site_name\" content=\"SITSESP\" \/>\n<meta property=\"article:published_time\" content=\"2021-08-20T20:30:56+00:00\" \/>\n<meta property=\"og:image\" content=\"https:\/\/www.sitsesp.org.br\/novo\/wp-content\/uploads\/2021\/08\/WhatsApp-Image-2021-08-20-at-11.19.30-AM.jpeg\" \/>\n\t<meta property=\"og:image:width\" content=\"169\" \/>\n\t<meta property=\"og:image:height\" content=\"221\" \/>\n\t<meta property=\"og:image:type\" content=\"image\/jpeg\" \/>\n<meta name=\"author\" content=\"imprensa\" \/>\n<meta name=\"twitter:card\" content=\"summary_large_image\" \/>\n<meta name=\"twitter:label1\" content=\"Escrito por\" \/>\n\t<meta name=\"twitter:data1\" content=\"imprensa\" \/>\n\t<meta name=\"twitter:label2\" content=\"Est. tempo de leitura\" \/>\n\t<meta name=\"twitter:data2\" content=\"2 minutos\" \/>\n<script type=\"application\/ld+json\" class=\"yoast-schema-graph\">{\"@context\":\"https:\/\/schema.org\",\"@graph\":[{\"@type\":\"Article\",\"@id\":\"https:\/\/www.sitsesp.org.br\/novo\/marcone-bezerra-de-queiroz-uma-longa-trajetoria-e-o-dever-cumprido\/#article\",\"isPartOf\":{\"@id\":\"https:\/\/www.sitsesp.org.br\/novo\/marcone-bezerra-de-queiroz-uma-longa-trajetoria-e-o-dever-cumprido\/\"},\"author\":{\"name\":\"imprensa\",\"@id\":\"https:\/\/www.sitsesp.org.br\/novo\/#\/schema\/person\/28e42eec160f373e81d0183b3643edbf\"},\"headline\":\"Marcone Bezerra de Queiroz | UMA LONGA TRAJET\u00d3RIA E O DEVER CUMPRIDO\",\"datePublished\":\"2021-08-20T20:30:56+00:00\",\"dateModified\":\"2021-08-20T20:30:56+00:00\",\"mainEntityOfPage\":{\"@id\":\"https:\/\/www.sitsesp.org.br\/novo\/marcone-bezerra-de-queiroz-uma-longa-trajetoria-e-o-dever-cumprido\/\"},\"wordCount\":374,\"commentCount\":0,\"publisher\":{\"@id\":\"https:\/\/www.sitsesp.org.br\/novo\/#organization\"},\"image\":{\"@id\":\"https:\/\/www.sitsesp.org.br\/novo\/marcone-bezerra-de-queiroz-uma-longa-trajetoria-e-o-dever-cumprido\/#primaryimage\"},\"thumbnailUrl\":\"https:\/\/www.sitsesp.org.br\/novo\/wp-content\/uploads\/2021\/08\/WhatsApp-Image-2021-08-20-at-11.19.30-AM.jpeg\",\"articleSection\":[\"Noticias\"],\"inLanguage\":\"pt-BR\",\"potentialAction\":[{\"@type\":\"CommentAction\",\"name\":\"Comment\",\"target\":[\"https:\/\/www.sitsesp.org.br\/novo\/marcone-bezerra-de-queiroz-uma-longa-trajetoria-e-o-dever-cumprido\/#respond\"]}]},{\"@type\":\"WebPage\",\"@id\":\"https:\/\/www.sitsesp.org.br\/novo\/marcone-bezerra-de-queiroz-uma-longa-trajetoria-e-o-dever-cumprido\/\",\"url\":\"https:\/\/www.sitsesp.org.br\/novo\/marcone-bezerra-de-queiroz-uma-longa-trajetoria-e-o-dever-cumprido\/\",\"name\":\"Marcone Bezerra de Queiroz | UMA LONGA TRAJET\u00d3RIA E O DEVER CUMPRIDO - SITSESP\",\"isPartOf\":{\"@id\":\"https:\/\/www.sitsesp.org.br\/novo\/#website\"},\"primaryImageOfPage\":{\"@id\":\"https:\/\/www.sitsesp.org.br\/novo\/marcone-bezerra-de-queiroz-uma-longa-trajetoria-e-o-dever-cumprido\/#primaryimage\"},\"image\":{\"@id\":\"https:\/\/www.sitsesp.org.br\/novo\/marcone-bezerra-de-queiroz-uma-longa-trajetoria-e-o-dever-cumprido\/#primaryimage\"},\"thumbnailUrl\":\"https:\/\/www.sitsesp.org.br\/novo\/wp-content\/uploads\/2021\/08\/WhatsApp-Image-2021-08-20-at-11.19.30-AM.jpeg\",\"datePublished\":\"2021-08-20T20:30:56+00:00\",\"dateModified\":\"2021-08-20T20:30:56+00:00\",\"breadcrumb\":{\"@id\":\"https:\/\/www.sitsesp.org.br\/novo\/marcone-bezerra-de-queiroz-uma-longa-trajetoria-e-o-dever-cumprido\/#breadcrumb\"},\"inLanguage\":\"pt-BR\",\"potentialAction\":[{\"@type\":\"ReadAction\",\"target\":[\"https:\/\/www.sitsesp.org.br\/novo\/marcone-bezerra-de-queiroz-uma-longa-trajetoria-e-o-dever-cumprido\/\"]}]},{\"@type\":\"ImageObject\",\"inLanguage\":\"pt-BR\",\"@id\":\"https:\/\/www.sitsesp.org.br\/novo\/marcone-bezerra-de-queiroz-uma-longa-trajetoria-e-o-dever-cumprido\/#primaryimage\",\"url\":\"https:\/\/www.sitsesp.org.br\/novo\/wp-content\/uploads\/2021\/08\/WhatsApp-Image-2021-08-20-at-11.19.30-AM.jpeg\",\"contentUrl\":\"https:\/\/www.sitsesp.org.br\/novo\/wp-content\/uploads\/2021\/08\/WhatsApp-Image-2021-08-20-at-11.19.30-AM.jpeg\",\"width\":169,\"height\":221},{\"@type\":\"BreadcrumbList\",\"@id\":\"https:\/\/www.sitsesp.org.br\/novo\/marcone-bezerra-de-queiroz-uma-longa-trajetoria-e-o-dever-cumprido\/#breadcrumb\",\"itemListElement\":[{\"@type\":\"ListItem\",\"position\":1,\"name\":\"In\u00edcio\",\"item\":\"https:\/\/www.sitsesp.org.br\/novo\/\"},{\"@type\":\"ListItem\",\"position\":2,\"name\":\"Marcone Bezerra de Queiroz | UMA LONGA TRAJET\u00d3RIA E O DEVER CUMPRIDO\"}]},{\"@type\":\"WebSite\",\"@id\":\"https:\/\/www.sitsesp.org.br\/novo\/#website\",\"url\":\"https:\/\/www.sitsesp.org.br\/novo\/\",\"name\":\"Sitsesp\",\"description\":\"SIndicato da Socioeduca\u00e7\u00e3o do Estado de S\u00e3o Paulo\",\"publisher\":{\"@id\":\"https:\/\/www.sitsesp.org.br\/novo\/#organization\"},\"potentialAction\":[{\"@type\":\"SearchAction\",\"target\":{\"@type\":\"EntryPoint\",\"urlTemplate\":\"https:\/\/www.sitsesp.org.br\/novo\/?s={search_term_string}\"},\"query-input\":\"required name=search_term_string\"}],\"inLanguage\":\"pt-BR\"},{\"@type\":\"Organization\",\"@id\":\"https:\/\/www.sitsesp.org.br\/novo\/#organization\",\"name\":\"Sitsesp\",\"url\":\"https:\/\/www.sitsesp.org.br\/novo\/\",\"logo\":{\"@type\":\"ImageObject\",\"inLanguage\":\"pt-BR\",\"@id\":\"https:\/\/www.sitsesp.org.br\/novo\/#\/schema\/logo\/image\/\",\"url\":\"https:\/\/www.sitsesp.org.br\/novo\/wp-content\/uploads\/2020\/09\/Design-sem-nome-1.jpg\",\"contentUrl\":\"https:\/\/www.sitsesp.org.br\/novo\/wp-content\/uploads\/2020\/09\/Design-sem-nome-1.jpg\",\"width\":300,\"height\":300,\"caption\":\"Sitsesp\"},\"image\":{\"@id\":\"https:\/\/www.sitsesp.org.br\/novo\/#\/schema\/logo\/image\/\"}},{\"@type\":\"Person\",\"@id\":\"https:\/\/www.sitsesp.org.br\/novo\/#\/schema\/person\/28e42eec160f373e81d0183b3643edbf\",\"name\":\"imprensa\",\"image\":{\"@type\":\"ImageObject\",\"inLanguage\":\"pt-BR\",\"@id\":\"https:\/\/www.sitsesp.org.br\/novo\/#\/schema\/person\/image\/\",\"url\":\"https:\/\/secure.gravatar.com\/avatar\/8d6ccd8d7d52b8959f34154e87d3fa29?s=96&d=mm&r=g\",\"contentUrl\":\"https:\/\/secure.gravatar.com\/avatar\/8d6ccd8d7d52b8959f34154e87d3fa29?s=96&d=mm&r=g\",\"caption\":\"imprensa\"}}]}<\/script>\n<!-- \/ Yoast SEO plugin. -->","yoast_head_json":{"title":"Marcone Bezerra de Queiroz | UMA LONGA TRAJET\u00d3RIA E O DEVER CUMPRIDO - SITSESP","robots":{"index":"index","follow":"follow","max-snippet":"max-snippet:-1","max-image-preview":"max-image-preview:large","max-video-preview":"max-video-preview:-1"},"canonical":"https:\/\/www.sitsesp.org.br\/novo\/marcone-bezerra-de-queiroz-uma-longa-trajetoria-e-o-dever-cumprido\/","og_locale":"pt_BR","og_type":"article","og_title":"Marcone Bezerra de Queiroz | UMA LONGA TRAJET\u00d3RIA E O DEVER CUMPRIDO - SITSESP","og_description":"No pr\u00f3ximo dia 22 de agosto uma longa trajet\u00f3ria de servi\u00e7o p\u00fablico prestado dentro da FEBEM\/Funda\u00e7\u00e3o CASA dar-se-\u00e1 fim, merecidamente, ap\u00f3s&hellip;","og_url":"https:\/\/www.sitsesp.org.br\/novo\/marcone-bezerra-de-queiroz-uma-longa-trajetoria-e-o-dever-cumprido\/","og_site_name":"SITSESP","article_published_time":"2021-08-20T20:30:56+00:00","og_image":[{"width":169,"height":221,"url":"https:\/\/www.sitsesp.org.br\/novo\/wp-content\/uploads\/2021\/08\/WhatsApp-Image-2021-08-20-at-11.19.30-AM.jpeg","type":"image\/jpeg"}],"author":"imprensa","twitter_card":"summary_large_image","twitter_misc":{"Escrito por":"imprensa","Est. tempo de leitura":"2 minutos"},"schema":{"@context":"https:\/\/schema.org","@graph":[{"@type":"Article","@id":"https:\/\/www.sitsesp.org.br\/novo\/marcone-bezerra-de-queiroz-uma-longa-trajetoria-e-o-dever-cumprido\/#article","isPartOf":{"@id":"https:\/\/www.sitsesp.org.br\/novo\/marcone-bezerra-de-queiroz-uma-longa-trajetoria-e-o-dever-cumprido\/"},"author":{"name":"imprensa","@id":"https:\/\/www.sitsesp.org.br\/novo\/#\/schema\/person\/28e42eec160f373e81d0183b3643edbf"},"headline":"Marcone Bezerra de Queiroz | UMA LONGA TRAJET\u00d3RIA E O DEVER CUMPRIDO","datePublished":"2021-08-20T20:30:56+00:00","dateModified":"2021-08-20T20:30:56+00:00","mainEntityOfPage":{"@id":"https:\/\/www.sitsesp.org.br\/novo\/marcone-bezerra-de-queiroz-uma-longa-trajetoria-e-o-dever-cumprido\/"},"wordCount":374,"commentCount":0,"publisher":{"@id":"https:\/\/www.sitsesp.org.br\/novo\/#organization"},"image":{"@id":"https:\/\/www.sitsesp.org.br\/novo\/marcone-bezerra-de-queiroz-uma-longa-trajetoria-e-o-dever-cumprido\/#primaryimage"},"thumbnailUrl":"https:\/\/www.sitsesp.org.br\/novo\/wp-content\/uploads\/2021\/08\/WhatsApp-Image-2021-08-20-at-11.19.30-AM.jpeg","articleSection":["Noticias"],"inLanguage":"pt-BR","potentialAction":[{"@type":"CommentAction","name":"Comment","target":["https:\/\/www.sitsesp.org.br\/novo\/marcone-bezerra-de-queiroz-uma-longa-trajetoria-e-o-dever-cumprido\/#respond"]}]},{"@type":"WebPage","@id":"https:\/\/www.sitsesp.org.br\/novo\/marcone-bezerra-de-queiroz-uma-longa-trajetoria-e-o-dever-cumprido\/","url":"https:\/\/www.sitsesp.org.br\/novo\/marcone-bezerra-de-queiroz-uma-longa-trajetoria-e-o-dever-cumprido\/","name":"Marcone Bezerra de Queiroz | UMA LONGA TRAJET\u00d3RIA E O DEVER CUMPRIDO - SITSESP","isPartOf":{"@id":"https:\/\/www.sitsesp.org.br\/novo\/#website"},"primaryImageOfPage":{"@id":"https:\/\/www.sitsesp.org.br\/novo\/marcone-bezerra-de-queiroz-uma-longa-trajetoria-e-o-dever-cumprido\/#primaryimage"},"image":{"@id":"https:\/\/www.sitsesp.org.br\/novo\/marcone-bezerra-de-queiroz-uma-longa-trajetoria-e-o-dever-cumprido\/#primaryimage"},"thumbnailUrl":"https:\/\/www.sitsesp.org.br\/novo\/wp-content\/uploads\/2021\/08\/WhatsApp-Image-2021-08-20-at-11.19.30-AM.jpeg","datePublished":"2021-08-20T20:30:56+00:00","dateModified":"2021-08-20T20:30:56+00:00","breadcrumb":{"@id":"https:\/\/www.sitsesp.org.br\/novo\/marcone-bezerra-de-queiroz-uma-longa-trajetoria-e-o-dever-cumprido\/#breadcrumb"},"inLanguage":"pt-BR","potentialAction":[{"@type":"ReadAction","target":["https:\/\/www.sitsesp.org.br\/novo\/marcone-bezerra-de-queiroz-uma-longa-trajetoria-e-o-dever-cumprido\/"]}]},{"@type":"ImageObject","inLanguage":"pt-BR","@id":"https:\/\/www.sitsesp.org.br\/novo\/marcone-bezerra-de-queiroz-uma-longa-trajetoria-e-o-dever-cumprido\/#primaryimage","url":"https:\/\/www.sitsesp.org.br\/novo\/wp-content\/uploads\/2021\/08\/WhatsApp-Image-2021-08-20-at-11.19.30-AM.jpeg","contentUrl":"https:\/\/www.sitsesp.org.br\/novo\/wp-content\/uploads\/2021\/08\/WhatsApp-Image-2021-08-20-at-11.19.30-AM.jpeg","width":169,"height":221},{"@type":"BreadcrumbList","@id":"https:\/\/www.sitsesp.org.br\/novo\/marcone-bezerra-de-queiroz-uma-longa-trajetoria-e-o-dever-cumprido\/#breadcrumb","itemListElement":[{"@type":"ListItem","position":1,"name":"In\u00edcio","item":"https:\/\/www.sitsesp.org.br\/novo\/"},{"@type":"ListItem","position":2,"name":"Marcone Bezerra de Queiroz | UMA LONGA TRAJET\u00d3RIA E O DEVER CUMPRIDO"}]},{"@type":"WebSite","@id":"https:\/\/www.sitsesp.org.br\/novo\/#website","url":"https:\/\/www.sitsesp.org.br\/novo\/","name":"Sitsesp","description":"SIndicato da Socioeduca\u00e7\u00e3o do Estado de S\u00e3o Paulo","publisher":{"@id":"https:\/\/www.sitsesp.org.br\/novo\/#organization"},"potentialAction":[{"@type":"SearchAction","target":{"@type":"EntryPoint","urlTemplate":"https:\/\/www.sitsesp.org.br\/novo\/?s={search_term_string}"},"query-input":"required name=search_term_string"}],"inLanguage":"pt-BR"},{"@type":"Organization","@id":"https:\/\/www.sitsesp.org.br\/novo\/#organization","name":"Sitsesp","url":"https:\/\/www.sitsesp.org.br\/novo\/","logo":{"@type":"ImageObject","inLanguage":"pt-BR","@id":"https:\/\/www.sitsesp.org.br\/novo\/#\/schema\/logo\/image\/","url":"https:\/\/www.sitsesp.org.br\/novo\/wp-content\/uploads\/2020\/09\/Design-sem-nome-1.jpg","contentUrl":"https:\/\/www.sitsesp.org.br\/novo\/wp-content\/uploads\/2020\/09\/Design-sem-nome-1.jpg","width":300,"height":300,"caption":"Sitsesp"},"image":{"@id":"https:\/\/www.sitsesp.org.br\/novo\/#\/schema\/logo\/image\/"}},{"@type":"Person","@id":"https:\/\/www.sitsesp.org.br\/novo\/#\/schema\/person\/28e42eec160f373e81d0183b3643edbf","name":"imprensa","image":{"@type":"ImageObject","inLanguage":"pt-BR","@id":"https:\/\/www.sitsesp.org.br\/novo\/#\/schema\/person\/image\/","url":"https:\/\/secure.gravatar.com\/avatar\/8d6ccd8d7d52b8959f34154e87d3fa29?s=96&d=mm&r=g","contentUrl":"https:\/\/secure.gravatar.com\/avatar\/8d6ccd8d7d52b8959f34154e87d3fa29?s=96&d=mm&r=g","caption":"imprensa"}}]}},"_links":{"self":[{"href":"https:\/\/www.sitsesp.org.br\/novo\/wp-json\/wp\/v2\/posts\/6920"}],"collection":[{"href":"https:\/\/www.sitsesp.org.br\/novo\/wp-json\/wp\/v2\/posts"}],"about":[{"href":"https:\/\/www.sitsesp.org.br\/novo\/wp-json\/wp\/v2\/types\/post"}],"author":[{"embeddable":true,"href":"https:\/\/www.sitsesp.org.br\/novo\/wp-json\/wp\/v2\/users\/5"}],"replies":[{"embeddable":true,"href":"https:\/\/www.sitsesp.org.br\/novo\/wp-json\/wp\/v2\/comments?post=6920"}],"version-history":[{"count":1,"href":"https:\/\/www.sitsesp.org.br\/novo\/wp-json\/wp\/v2\/posts\/6920\/revisions"}],"predecessor-version":[{"id":6922,"href":"https:\/\/www.sitsesp.org.br\/novo\/wp-json\/wp\/v2\/posts\/6920\/revisions\/6922"}],"wp:featuredmedia":[{"embeddable":true,"href":"https:\/\/www.sitsesp.org.br\/novo\/wp-json\/wp\/v2\/media\/6921"}],"wp:attachment":[{"href":"https:\/\/www.sitsesp.org.br\/novo\/wp-json\/wp\/v2\/media?parent=6920"}],"wp:term":[{"taxonomy":"category","embeddable":true,"href":"https:\/\/www.sitsesp.org.br\/novo\/wp-json\/wp\/v2\/categories?post=6920"},{"taxonomy":"post_tag","embeddable":true,"href":"https:\/\/www.sitsesp.org.br\/novo\/wp-json\/wp\/v2\/tags?post=6920"}],"curies":[{"name":"wp","href":"https:\/\/api.w.org\/{rel}","templated":true}]}}