{"id":6923,"date":"2021-08-20T18:04:26","date_gmt":"2021-08-20T21:04:26","guid":{"rendered":"https:\/\/sitsesp.org.br\/novo\/?p=6923"},"modified":"2021-08-20T18:05:53","modified_gmt":"2021-08-20T21:05:53","slug":"fernando-jose-tire-as-maos-das-nossas-marmitas","status":"publish","type":"post","link":"https:\/\/www.sitsesp.org.br\/novo\/fernando-jose-tire-as-maos-das-nossas-marmitas\/","title":{"rendered":"Fernando Jos\u00e9, tire as m\u00e3os das nossas marmitas!"},"content":{"rendered":"<p><!-- VideographyWP Plugin Message: Automatic video embedding prevented by plugin options. --><br \/>\nA Funda\u00e7\u00e3o CASA teve que acatar a decis\u00e3o da 74\u00aa Vara do Trabalho proferida em 05 de agosto pelo juiz Fabio Moterani, decis\u00e3o que deu a raz\u00e3o ao sindicato e manteve o Vale-Refei\u00e7\u00e3o para todos os servidores admitidos na Funda\u00e7\u00e3o at\u00e9 a data de 31 de maio de 2021. Com isso, Fernando Jos\u00e9 teve que tirar suas m\u00e3os das nossas marmitas, a c\u00fapula da Funda\u00e7\u00e3o teve que tirar as m\u00e3os das marmitas das gestantes e dos servidores afastados por comorbidades.<\/p>\n<p>Em 20 de agosto a Funda\u00e7\u00e3o CASA publicou o Comunicado DRH 056\/2021 retirando o reajuste do Vale-Refei\u00e7\u00e3o concedido por ela no diss\u00eddio coletivo, alegando que a decis\u00e3o judicial anula o reajuste mensal recebido pelos servidores em decorr\u00eancia da dilui\u00e7\u00e3o do m\u00eas de f\u00e9rias. Vale ressaltar que a concess\u00e3o do reajuste foi concedido por espont\u00e2nea \u201cbondade\u201d da Funda\u00e7\u00e3o junto ao Tribunal Regional do Trabalho.<\/p>\n<p>O departamento jur\u00eddico do SITSESP j\u00e1 est\u00e1 preparando a\u00e7\u00e3o de cumprimento para que a Funda\u00e7\u00e3o cumpra com o valor que est\u00e1 em senten\u00e7a normativa!<\/p>\n<p><strong>Confira o comunicado DRH 056\/2021<\/strong><\/p>\n<a href=\"https:\/\/sitsesp.org.br\/novo\/wp-content\/uploads\/2021\/08\/COMUNICADO-DRH-No-056-2021-DECISAO-TRT-SUSPENDE-A-APLICABLIDADE-DO-COMUNICADO-DRH-051-2021-QUE-REVOGOU-O-COMUNICADO-DRH-035-2021-1.pdf\" class=\"pdfemb-viewer\" style=\"\" data-width=\"max\" data-height=\"max\" data-toolbar=\"bottom\" data-toolbar-fixed=\"off\">COMUNICADO DRH N\u00ba 056-2021 DECIS\u00c3O TRT - SUSPENDE A APLICABLIDADE DO COMUNICADO DRH 051-2021, QUE REVOGOU O COMUNICADO DRH 035-2021 (1)<\/a>\n<p><a href=\"https:\/\/sitsesp.org.br\/novo\/wp-content\/uploads\/2021\/08\/COMUNICADO-DRH-No-056-2021-DECISAO-TRT-SUSPENDE-A-APLICABLIDADE-DO-COMUNICADO-DRH-051-2021-QUE-REVOGOU-O-COMUNICADO-DRH-035-2021-1.pdf\"><strong>BAIXE AQUI<\/strong><\/a><\/p>\n","protected":false},"excerpt":{"rendered":"<p>A Funda\u00e7\u00e3o CASA teve que acatar a decis\u00e3o da 74\u00aa Vara do Trabalho proferida em 05 de agosto pelo juiz Fabio&hellip;<\/p>\n","protected":false},"author":5,"featured_media":6924,"comment_status":"open","ping_status":"open","sticky":false,"template":"","format":"standard","meta":{"cybocfi_hide_featured_image":"","footnotes":""},"categories":[27,22],"tags":[45,44,37,39,61],"yoast_head":"<!-- This site is optimized with the Yoast SEO plugin v22.8 - https:\/\/yoast.com\/wordpress\/plugins\/seo\/ -->\n<title>Fernando Jos\u00e9, tire as m\u00e3os das nossas marmitas! - SITSESP<\/title>\n<meta name=\"description\" content=\"O departamento jur\u00eddico do SITSESP j\u00e1 est\u00e1 preparando a\u00e7\u00e3o de cumprimento para que a Funda\u00e7\u00e3o cumpra com o valor que est\u00e1 em senten\u00e7a normativa!\" \/>\n<meta name=\"robots\" content=\"index, follow, max-snippet:-1, max-image-preview:large, max-video-preview:-1\" \/>\n<link rel=\"canonical\" href=\"https:\/\/www.sitsesp.org.br\/novo\/fernando-jose-tire-as-maos-das-nossas-marmitas\/\" \/>\n<meta property=\"og:locale\" content=\"pt_BR\" \/>\n<meta property=\"og:type\" content=\"article\" \/>\n<meta property=\"og:title\" content=\"Fernando Jos\u00e9, tire as m\u00e3os das nossas marmitas! - SITSESP\" \/>\n<meta property=\"og:description\" content=\"O departamento jur\u00eddico do SITSESP j\u00e1 est\u00e1 preparando a\u00e7\u00e3o de cumprimento para que a Funda\u00e7\u00e3o cumpra com o valor que est\u00e1 em senten\u00e7a normativa!\" \/>\n<meta property=\"og:url\" content=\"https:\/\/www.sitsesp.org.br\/novo\/fernando-jose-tire-as-maos-das-nossas-marmitas\/\" \/>\n<meta property=\"og:site_name\" content=\"SITSESP\" \/>\n<meta property=\"article:published_time\" content=\"2021-08-20T21:04:26+00:00\" \/>\n<meta property=\"article:modified_time\" content=\"2021-08-20T21:05:53+00:00\" \/>\n<meta property=\"og:image\" content=\"https:\/\/www.sitsesp.org.br\/novo\/wp-content\/uploads\/2021\/08\/2008.png\" \/>\n\t<meta property=\"og:image:width\" content=\"800\" \/>\n\t<meta property=\"og:image:height\" content=\"800\" \/>\n\t<meta property=\"og:image:type\" content=\"image\/png\" \/>\n<meta name=\"author\" content=\"imprensa\" \/>\n<meta name=\"twitter:card\" content=\"summary_large_image\" \/>\n<meta name=\"twitter:label1\" content=\"Escrito por\" \/>\n\t<meta name=\"twitter:data1\" content=\"imprensa\" \/>\n\t<meta name=\"twitter:label2\" content=\"Est. tempo de leitura\" \/>\n\t<meta name=\"twitter:data2\" content=\"1 minuto\" \/>\n<script type=\"application\/ld+json\" class=\"yoast-schema-graph\">{\"@context\":\"https:\/\/schema.org\",\"@graph\":[{\"@type\":\"Article\",\"@id\":\"https:\/\/www.sitsesp.org.br\/novo\/fernando-jose-tire-as-maos-das-nossas-marmitas\/#article\",\"isPartOf\":{\"@id\":\"https:\/\/www.sitsesp.org.br\/novo\/fernando-jose-tire-as-maos-das-nossas-marmitas\/\"},\"author\":{\"name\":\"imprensa\",\"@id\":\"https:\/\/www.sitsesp.org.br\/novo\/#\/schema\/person\/28e42eec160f373e81d0183b3643edbf\"},\"headline\":\"Fernando Jos\u00e9, tire as m\u00e3os das nossas marmitas!\",\"datePublished\":\"2021-08-20T21:04:26+00:00\",\"dateModified\":\"2021-08-20T21:05:53+00:00\",\"mainEntityOfPage\":{\"@id\":\"https:\/\/www.sitsesp.org.br\/novo\/fernando-jose-tire-as-maos-das-nossas-marmitas\/\"},\"wordCount\":240,\"commentCount\":0,\"publisher\":{\"@id\":\"https:\/\/www.sitsesp.org.br\/novo\/#organization\"},\"image\":{\"@id\":\"https:\/\/www.sitsesp.org.br\/novo\/fernando-jose-tire-as-maos-das-nossas-marmitas\/#primaryimage\"},\"thumbnailUrl\":\"https:\/\/www.sitsesp.org.br\/novo\/wp-content\/uploads\/2021\/08\/2008.png\",\"keywords\":[\"2021\",\"campanha salarial\",\"SITSESP\",\"SOCIOEDUCA\u00c7\u00c3O\",\"vale-refei\u00e7\u00e3o\"],\"articleSection\":[\"Destaque\",\"Noticias\"],\"inLanguage\":\"pt-BR\",\"potentialAction\":[{\"@type\":\"CommentAction\",\"name\":\"Comment\",\"target\":[\"https:\/\/www.sitsesp.org.br\/novo\/fernando-jose-tire-as-maos-das-nossas-marmitas\/#respond\"]}]},{\"@type\":\"WebPage\",\"@id\":\"https:\/\/www.sitsesp.org.br\/novo\/fernando-jose-tire-as-maos-das-nossas-marmitas\/\",\"url\":\"https:\/\/www.sitsesp.org.br\/novo\/fernando-jose-tire-as-maos-das-nossas-marmitas\/\",\"name\":\"Fernando Jos\u00e9, tire as m\u00e3os das nossas marmitas! - SITSESP\",\"isPartOf\":{\"@id\":\"https:\/\/www.sitsesp.org.br\/novo\/#website\"},\"primaryImageOfPage\":{\"@id\":\"https:\/\/www.sitsesp.org.br\/novo\/fernando-jose-tire-as-maos-das-nossas-marmitas\/#primaryimage\"},\"image\":{\"@id\":\"https:\/\/www.sitsesp.org.br\/novo\/fernando-jose-tire-as-maos-das-nossas-marmitas\/#primaryimage\"},\"thumbnailUrl\":\"https:\/\/www.sitsesp.org.br\/novo\/wp-content\/uploads\/2021\/08\/2008.png\",\"datePublished\":\"2021-08-20T21:04:26+00:00\",\"dateModified\":\"2021-08-20T21:05:53+00:00\",\"description\":\"O departamento jur\u00eddico do SITSESP j\u00e1 est\u00e1 preparando a\u00e7\u00e3o de cumprimento para que a Funda\u00e7\u00e3o cumpra com o valor que est\u00e1 em senten\u00e7a normativa!\",\"breadcrumb\":{\"@id\":\"https:\/\/www.sitsesp.org.br\/novo\/fernando-jose-tire-as-maos-das-nossas-marmitas\/#breadcrumb\"},\"inLanguage\":\"pt-BR\",\"potentialAction\":[{\"@type\":\"ReadAction\",\"target\":[\"https:\/\/www.sitsesp.org.br\/novo\/fernando-jose-tire-as-maos-das-nossas-marmitas\/\"]}]},{\"@type\":\"ImageObject\",\"inLanguage\":\"pt-BR\",\"@id\":\"https:\/\/www.sitsesp.org.br\/novo\/fernando-jose-tire-as-maos-das-nossas-marmitas\/#primaryimage\",\"url\":\"https:\/\/www.sitsesp.org.br\/novo\/wp-content\/uploads\/2021\/08\/2008.png\",\"contentUrl\":\"https:\/\/www.sitsesp.org.br\/novo\/wp-content\/uploads\/2021\/08\/2008.png\",\"width\":800,\"height\":800},{\"@type\":\"BreadcrumbList\",\"@id\":\"https:\/\/www.sitsesp.org.br\/novo\/fernando-jose-tire-as-maos-das-nossas-marmitas\/#breadcrumb\",\"itemListElement\":[{\"@type\":\"ListItem\",\"position\":1,\"name\":\"In\u00edcio\",\"item\":\"https:\/\/www.sitsesp.org.br\/novo\/\"},{\"@type\":\"ListItem\",\"position\":2,\"name\":\"Fernando Jos\u00e9, tire as m\u00e3os das nossas marmitas!\"}]},{\"@type\":\"WebSite\",\"@id\":\"https:\/\/www.sitsesp.org.br\/novo\/#website\",\"url\":\"https:\/\/www.sitsesp.org.br\/novo\/\",\"name\":\"Sitsesp\",\"description\":\"SIndicato da Socioeduca\u00e7\u00e3o do Estado de S\u00e3o Paulo\",\"publisher\":{\"@id\":\"https:\/\/www.sitsesp.org.br\/novo\/#organization\"},\"potentialAction\":[{\"@type\":\"SearchAction\",\"target\":{\"@type\":\"EntryPoint\",\"urlTemplate\":\"https:\/\/www.sitsesp.org.br\/novo\/?s={search_term_string}\"},\"query-input\":\"required name=search_term_string\"}],\"inLanguage\":\"pt-BR\"},{\"@type\":\"Organization\",\"@id\":\"https:\/\/www.sitsesp.org.br\/novo\/#organization\",\"name\":\"Sitsesp\",\"url\":\"https:\/\/www.sitsesp.org.br\/novo\/\",\"logo\":{\"@type\":\"ImageObject\",\"inLanguage\":\"pt-BR\",\"@id\":\"https:\/\/www.sitsesp.org.br\/novo\/#\/schema\/logo\/image\/\",\"url\":\"https:\/\/www.sitsesp.org.br\/novo\/wp-content\/uploads\/2020\/09\/Design-sem-nome-1.jpg\",\"contentUrl\":\"https:\/\/www.sitsesp.org.br\/novo\/wp-content\/uploads\/2020\/09\/Design-sem-nome-1.jpg\",\"width\":300,\"height\":300,\"caption\":\"Sitsesp\"},\"image\":{\"@id\":\"https:\/\/www.sitsesp.org.br\/novo\/#\/schema\/logo\/image\/\"}},{\"@type\":\"Person\",\"@id\":\"https:\/\/www.sitsesp.org.br\/novo\/#\/schema\/person\/28e42eec160f373e81d0183b3643edbf\",\"name\":\"imprensa\",\"image\":{\"@type\":\"ImageObject\",\"inLanguage\":\"pt-BR\",\"@id\":\"https:\/\/www.sitsesp.org.br\/novo\/#\/schema\/person\/image\/\",\"url\":\"https:\/\/secure.gravatar.com\/avatar\/8d6ccd8d7d52b8959f34154e87d3fa29?s=96&d=mm&r=g\",\"contentUrl\":\"https:\/\/secure.gravatar.com\/avatar\/8d6ccd8d7d52b8959f34154e87d3fa29?s=96&d=mm&r=g\",\"caption\":\"imprensa\"}}]}<\/script>\n<!-- \/ Yoast SEO plugin. -->","yoast_head_json":{"title":"Fernando Jos\u00e9, tire as m\u00e3os das nossas marmitas! - SITSESP","description":"O departamento jur\u00eddico do SITSESP j\u00e1 est\u00e1 preparando a\u00e7\u00e3o de cumprimento para que a Funda\u00e7\u00e3o cumpra com o valor que est\u00e1 em senten\u00e7a normativa!","robots":{"index":"index","follow":"follow","max-snippet":"max-snippet:-1","max-image-preview":"max-image-preview:large","max-video-preview":"max-video-preview:-1"},"canonical":"https:\/\/www.sitsesp.org.br\/novo\/fernando-jose-tire-as-maos-das-nossas-marmitas\/","og_locale":"pt_BR","og_type":"article","og_title":"Fernando Jos\u00e9, tire as m\u00e3os das nossas marmitas! - SITSESP","og_description":"O departamento jur\u00eddico do SITSESP j\u00e1 est\u00e1 preparando a\u00e7\u00e3o de cumprimento para que a Funda\u00e7\u00e3o cumpra com o valor que est\u00e1 em senten\u00e7a normativa!","og_url":"https:\/\/www.sitsesp.org.br\/novo\/fernando-jose-tire-as-maos-das-nossas-marmitas\/","og_site_name":"SITSESP","article_published_time":"2021-08-20T21:04:26+00:00","article_modified_time":"2021-08-20T21:05:53+00:00","og_image":[{"width":800,"height":800,"url":"https:\/\/www.sitsesp.org.br\/novo\/wp-content\/uploads\/2021\/08\/2008.png","type":"image\/png"}],"author":"imprensa","twitter_card":"summary_large_image","twitter_misc":{"Escrito por":"imprensa","Est. tempo de leitura":"1 minuto"},"schema":{"@context":"https:\/\/schema.org","@graph":[{"@type":"Article","@id":"https:\/\/www.sitsesp.org.br\/novo\/fernando-jose-tire-as-maos-das-nossas-marmitas\/#article","isPartOf":{"@id":"https:\/\/www.sitsesp.org.br\/novo\/fernando-jose-tire-as-maos-das-nossas-marmitas\/"},"author":{"name":"imprensa","@id":"https:\/\/www.sitsesp.org.br\/novo\/#\/schema\/person\/28e42eec160f373e81d0183b3643edbf"},"headline":"Fernando Jos\u00e9, tire as m\u00e3os das nossas marmitas!","datePublished":"2021-08-20T21:04:26+00:00","dateModified":"2021-08-20T21:05:53+00:00","mainEntityOfPage":{"@id":"https:\/\/www.sitsesp.org.br\/novo\/fernando-jose-tire-as-maos-das-nossas-marmitas\/"},"wordCount":240,"commentCount":0,"publisher":{"@id":"https:\/\/www.sitsesp.org.br\/novo\/#organization"},"image":{"@id":"https:\/\/www.sitsesp.org.br\/novo\/fernando-jose-tire-as-maos-das-nossas-marmitas\/#primaryimage"},"thumbnailUrl":"https:\/\/www.sitsesp.org.br\/novo\/wp-content\/uploads\/2021\/08\/2008.png","keywords":["2021","campanha salarial","SITSESP","SOCIOEDUCA\u00c7\u00c3O","vale-refei\u00e7\u00e3o"],"articleSection":["Destaque","Noticias"],"inLanguage":"pt-BR","potentialAction":[{"@type":"CommentAction","name":"Comment","target":["https:\/\/www.sitsesp.org.br\/novo\/fernando-jose-tire-as-maos-das-nossas-marmitas\/#respond"]}]},{"@type":"WebPage","@id":"https:\/\/www.sitsesp.org.br\/novo\/fernando-jose-tire-as-maos-das-nossas-marmitas\/","url":"https:\/\/www.sitsesp.org.br\/novo\/fernando-jose-tire-as-maos-das-nossas-marmitas\/","name":"Fernando Jos\u00e9, tire as m\u00e3os das nossas marmitas! - SITSESP","isPartOf":{"@id":"https:\/\/www.sitsesp.org.br\/novo\/#website"},"primaryImageOfPage":{"@id":"https:\/\/www.sitsesp.org.br\/novo\/fernando-jose-tire-as-maos-das-nossas-marmitas\/#primaryimage"},"image":{"@id":"https:\/\/www.sitsesp.org.br\/novo\/fernando-jose-tire-as-maos-das-nossas-marmitas\/#primaryimage"},"thumbnailUrl":"https:\/\/www.sitsesp.org.br\/novo\/wp-content\/uploads\/2021\/08\/2008.png","datePublished":"2021-08-20T21:04:26+00:00","dateModified":"2021-08-20T21:05:53+00:00","description":"O departamento jur\u00eddico do SITSESP j\u00e1 est\u00e1 preparando a\u00e7\u00e3o de cumprimento para que a Funda\u00e7\u00e3o cumpra com o valor que est\u00e1 em senten\u00e7a normativa!","breadcrumb":{"@id":"https:\/\/www.sitsesp.org.br\/novo\/fernando-jose-tire-as-maos-das-nossas-marmitas\/#breadcrumb"},"inLanguage":"pt-BR","potentialAction":[{"@type":"ReadAction","target":["https:\/\/www.sitsesp.org.br\/novo\/fernando-jose-tire-as-maos-das-nossas-marmitas\/"]}]},{"@type":"ImageObject","inLanguage":"pt-BR","@id":"https:\/\/www.sitsesp.org.br\/novo\/fernando-jose-tire-as-maos-das-nossas-marmitas\/#primaryimage","url":"https:\/\/www.sitsesp.org.br\/novo\/wp-content\/uploads\/2021\/08\/2008.png","contentUrl":"https:\/\/www.sitsesp.org.br\/novo\/wp-content\/uploads\/2021\/08\/2008.png","width":800,"height":800},{"@type":"BreadcrumbList","@id":"https:\/\/www.sitsesp.org.br\/novo\/fernando-jose-tire-as-maos-das-nossas-marmitas\/#breadcrumb","itemListElement":[{"@type":"ListItem","position":1,"name":"In\u00edcio","item":"https:\/\/www.sitsesp.org.br\/novo\/"},{"@type":"ListItem","position":2,"name":"Fernando Jos\u00e9, tire as m\u00e3os das nossas marmitas!"}]},{"@type":"WebSite","@id":"https:\/\/www.sitsesp.org.br\/novo\/#website","url":"https:\/\/www.sitsesp.org.br\/novo\/","name":"Sitsesp","description":"SIndicato da Socioeduca\u00e7\u00e3o do Estado de S\u00e3o Paulo","publisher":{"@id":"https:\/\/www.sitsesp.org.br\/novo\/#organization"},"potentialAction":[{"@type":"SearchAction","target":{"@type":"EntryPoint","urlTemplate":"https:\/\/www.sitsesp.org.br\/novo\/?s={search_term_string}"},"query-input":"required name=search_term_string"}],"inLanguage":"pt-BR"},{"@type":"Organization","@id":"https:\/\/www.sitsesp.org.br\/novo\/#organization","name":"Sitsesp","url":"https:\/\/www.sitsesp.org.br\/novo\/","logo":{"@type":"ImageObject","inLanguage":"pt-BR","@id":"https:\/\/www.sitsesp.org.br\/novo\/#\/schema\/logo\/image\/","url":"https:\/\/www.sitsesp.org.br\/novo\/wp-content\/uploads\/2020\/09\/Design-sem-nome-1.jpg","contentUrl":"https:\/\/www.sitsesp.org.br\/novo\/wp-content\/uploads\/2020\/09\/Design-sem-nome-1.jpg","width":300,"height":300,"caption":"Sitsesp"},"image":{"@id":"https:\/\/www.sitsesp.org.br\/novo\/#\/schema\/logo\/image\/"}},{"@type":"Person","@id":"https:\/\/www.sitsesp.org.br\/novo\/#\/schema\/person\/28e42eec160f373e81d0183b3643edbf","name":"imprensa","image":{"@type":"ImageObject","inLanguage":"pt-BR","@id":"https:\/\/www.sitsesp.org.br\/novo\/#\/schema\/person\/image\/","url":"https:\/\/secure.gravatar.com\/avatar\/8d6ccd8d7d52b8959f34154e87d3fa29?s=96&d=mm&r=g","contentUrl":"https:\/\/secure.gravatar.com\/avatar\/8d6ccd8d7d52b8959f34154e87d3fa29?s=96&d=mm&r=g","caption":"imprensa"}}]}},"_links":{"self":[{"href":"https:\/\/www.sitsesp.org.br\/novo\/wp-json\/wp\/v2\/posts\/6923"}],"collection":[{"href":"https:\/\/www.sitsesp.org.br\/novo\/wp-json\/wp\/v2\/posts"}],"about":[{"href":"https:\/\/www.sitsesp.org.br\/novo\/wp-json\/wp\/v2\/types\/post"}],"author":[{"embeddable":true,"href":"https:\/\/www.sitsesp.org.br\/novo\/wp-json\/wp\/v2\/users\/5"}],"replies":[{"embeddable":true,"href":"https:\/\/www.sitsesp.org.br\/novo\/wp-json\/wp\/v2\/comments?post=6923"}],"version-history":[{"count":3,"href":"https:\/\/www.sitsesp.org.br\/novo\/wp-json\/wp\/v2\/posts\/6923\/revisions"}],"predecessor-version":[{"id":6928,"href":"https:\/\/www.sitsesp.org.br\/novo\/wp-json\/wp\/v2\/posts\/6923\/revisions\/6928"}],"wp:featuredmedia":[{"embeddable":true,"href":"https:\/\/www.sitsesp.org.br\/novo\/wp-json\/wp\/v2\/media\/6924"}],"wp:attachment":[{"href":"https:\/\/www.sitsesp.org.br\/novo\/wp-json\/wp\/v2\/media?parent=6923"}],"wp:term":[{"taxonomy":"category","embeddable":true,"href":"https:\/\/www.sitsesp.org.br\/novo\/wp-json\/wp\/v2\/categories?post=6923"},{"taxonomy":"post_tag","embeddable":true,"href":"https:\/\/www.sitsesp.org.br\/novo\/wp-json\/wp\/v2\/tags?post=6923"}],"curies":[{"name":"wp","href":"https:\/\/api.w.org\/{rel}","templated":true}]}}