{"id":6958,"date":"2021-08-25T15:48:07","date_gmt":"2021-08-25T18:48:07","guid":{"rendered":"https:\/\/sitsesp.org.br\/novo\/?p=6958"},"modified":"2021-08-25T15:49:43","modified_gmt":"2021-08-25T18:49:43","slug":"sitsesp-juridico-presidente-do-trt-julga-improcedente-o-pedido-da-fundacao-casa-de-suspensao-da-liminar-do-vr","status":"publish","type":"post","link":"https:\/\/www.sitsesp.org.br\/novo\/sitsesp-juridico-presidente-do-trt-julga-improcedente-o-pedido-da-fundacao-casa-de-suspensao-da-liminar-do-vr\/","title":{"rendered":"SITSESP JUR\u00cdDICO:   PRESIDENTE DO TRT JULGA IMPROCEDENTE O PEDIDO DA FUNDA\u00c7\u00c3O CASA DE SUSPENS\u00c3O DA LIMINAR DO VR"},"content":{"rendered":"<p><!-- VideographyWP Plugin Message: Automatic video embedding prevented by plugin options. --><br \/>\nNa data de hoje, 25\/08\/2021, por volta das 11h houve a publica\u00e7\u00e3o da decis\u00e3o do pedido da Funda\u00e7\u00e3o CASA de suspens\u00e3o da liminar proferida em senten\u00e7a nos autos do processo do Vale Refei\u00e7\u00e3o.<\/p>\n<p>O Presidente do TRT da 2\u00b0 Regi\u00e3o, que tem por compet\u00eancia realizar a an\u00e1lise do pedido, indeferiu o pedido da Funda\u00e7\u00e3o CASA por n\u00e3o comprovar a potencialidade de les\u00e3o ao er\u00e1rio p\u00fablico. A decis\u00e3o foi nos seguintes termos:<br \/>\n<em>&#8220;De todo o exposto, por ausentes os requisitos ensejadores ao acolhimento desta medida, ante a n\u00e3o comprova\u00e7\u00e3o da potencialidade lesiva da r. decis\u00e3o impugnada em rela\u00e7\u00e3o aos bens jur\u00eddicos tutelados pelas Leis n\u00ba 8.437\/1992 e n\u00ba 7.347\/1985, INDEFIRO a pretens\u00e3o vertida pela FUNDACAO CENTRO DE ATENDIMENTO SOCIOEDUCATIVO AO ADOLESCENTE &#8211; FUNDACAO CASA &#8211; SP acerca da concess\u00e3o de efeito suspensivo \u00e0 tutela antecipada deferida em sede de senten\u00e7a nos autos do Processo n\u00b0 1000584-11.2021.5.02.0074, em tr\u00e2mite perante a 74\u00aa Vara do Trabalho de S\u00e3o Paulo.&#8221;<\/em><\/p>\n<p>Diante disso, a Funda\u00e7\u00e3o CASA ter\u00e1 que cumprir com a decis\u00e3o at\u00e9 que tenha a an\u00e1lise de seu recurso ordin\u00e1rio em segunda inst\u00e2ncia.<\/p>\n<p>O SITSESP, atrav\u00e9s de seu departamento jur\u00eddico, antecipa alguns questionamentos que poder\u00e3o existir para diminuir as d\u00favidas dos servidores.<\/p>\n<p>A decis\u00e3o da Vara 74 n\u00e3o determina o pagamento aos servidores afastados por aux\u00edlio doen\u00e7a;<br \/>\nPara quem deixou de receber o VR no per\u00edodo de 01\/06 a 11\/08\/2021, o retroativo somente ser\u00e1 pago na fase de execu\u00e7\u00e3o do processo;<br \/>\nA partir de 01\/09 n\u00e3o poder\u00e1 haver descontos na forma de custeio do VR;<br \/>\nN\u00e3o pode descontar das f\u00e9rias concedidas a partir de 12\/08 que foi quando a Funda\u00e7\u00e3o CASA foi intimada na liminar.<\/p>\n<p><strong>O SITSESP \u00c9 DE TODOS, PARA TODOS, TRABALHANDO COM TODOS!<\/strong><br \/>\n<strong>O VR \u00c9 NOSSO!<\/strong><\/p>\n","protected":false},"excerpt":{"rendered":"<p>Na data de hoje, 25\/08\/2021, por volta das 11h houve a publica\u00e7\u00e3o da decis\u00e3o do pedido da Funda\u00e7\u00e3o CASA de suspens\u00e3o&hellip;<\/p>\n","protected":false},"author":5,"featured_media":6959,"comment_status":"open","ping_status":"open","sticky":false,"template":"","format":"standard","meta":{"cybocfi_hide_featured_image":"","footnotes":""},"categories":[27,22],"tags":[45,38,50,40,37,61],"yoast_head":"<!-- This site is optimized with the Yoast SEO plugin v22.8 - https:\/\/yoast.com\/wordpress\/plugins\/seo\/ -->\n<title>SITSESP JUR\u00cdDICO:  PRESIDENTE DO TRT JULGA IMPROCEDENTE O PEDIDO DA FUNDA\u00c7\u00c3O CASA DE SUSPENS\u00c3O DA LIMINAR DO VR - SITSESP<\/title>\n<meta name=\"description\" content=\"Na data de hoje, 25\/08\/2021, por volta das 11h houve a publica\u00e7\u00e3o da decis\u00e3o do pedido da Funda\u00e7\u00e3o CASA de suspens\u00e3o da liminar proferida em senten\u00e7a nos autos do processo do Vale Refei\u00e7\u00e3o.\" \/>\n<meta name=\"robots\" content=\"index, follow, max-snippet:-1, max-image-preview:large, max-video-preview:-1\" \/>\n<link rel=\"canonical\" href=\"https:\/\/www.sitsesp.org.br\/novo\/sitsesp-juridico-presidente-do-trt-julga-improcedente-o-pedido-da-fundacao-casa-de-suspensao-da-liminar-do-vr\/\" \/>\n<meta property=\"og:locale\" content=\"pt_BR\" \/>\n<meta property=\"og:type\" content=\"article\" \/>\n<meta property=\"og:title\" content=\"SITSESP JUR\u00cdDICO:  PRESIDENTE DO TRT JULGA IMPROCEDENTE O PEDIDO DA FUNDA\u00c7\u00c3O CASA DE SUSPENS\u00c3O DA LIMINAR DO VR - SITSESP\" \/>\n<meta property=\"og:description\" content=\"Na data de hoje, 25\/08\/2021, por volta das 11h houve a publica\u00e7\u00e3o da decis\u00e3o do pedido da Funda\u00e7\u00e3o CASA de suspens\u00e3o da liminar proferida em senten\u00e7a nos autos do processo do Vale Refei\u00e7\u00e3o.\" \/>\n<meta property=\"og:url\" content=\"https:\/\/www.sitsesp.org.br\/novo\/sitsesp-juridico-presidente-do-trt-julga-improcedente-o-pedido-da-fundacao-casa-de-suspensao-da-liminar-do-vr\/\" \/>\n<meta property=\"og:site_name\" content=\"SITSESP\" \/>\n<meta property=\"article:published_time\" content=\"2021-08-25T18:48:07+00:00\" \/>\n<meta property=\"article:modified_time\" content=\"2021-08-25T18:49:43+00:00\" \/>\n<meta property=\"og:image\" content=\"https:\/\/www.sitsesp.org.br\/novo\/wp-content\/uploads\/2021\/08\/250816.png\" \/>\n\t<meta property=\"og:image:width\" content=\"800\" \/>\n\t<meta property=\"og:image:height\" content=\"800\" \/>\n\t<meta property=\"og:image:type\" content=\"image\/png\" \/>\n<meta name=\"author\" content=\"imprensa\" \/>\n<meta name=\"twitter:card\" content=\"summary_large_image\" \/>\n<meta name=\"twitter:label1\" content=\"Escrito por\" \/>\n\t<meta name=\"twitter:data1\" content=\"imprensa\" \/>\n\t<meta name=\"twitter:label2\" content=\"Est. tempo de leitura\" \/>\n\t<meta name=\"twitter:data2\" content=\"2 minutos\" \/>\n<script type=\"application\/ld+json\" class=\"yoast-schema-graph\">{\"@context\":\"https:\/\/schema.org\",\"@graph\":[{\"@type\":\"Article\",\"@id\":\"https:\/\/www.sitsesp.org.br\/novo\/sitsesp-juridico-presidente-do-trt-julga-improcedente-o-pedido-da-fundacao-casa-de-suspensao-da-liminar-do-vr\/#article\",\"isPartOf\":{\"@id\":\"https:\/\/www.sitsesp.org.br\/novo\/sitsesp-juridico-presidente-do-trt-julga-improcedente-o-pedido-da-fundacao-casa-de-suspensao-da-liminar-do-vr\/\"},\"author\":{\"name\":\"imprensa\",\"@id\":\"https:\/\/www.sitsesp.org.br\/novo\/#\/schema\/person\/28e42eec160f373e81d0183b3643edbf\"},\"headline\":\"SITSESP JUR\u00cdDICO: PRESIDENTE DO TRT JULGA IMPROCEDENTE O PEDIDO DA FUNDA\u00c7\u00c3O CASA DE SUSPENS\u00c3O DA LIMINAR DO VR\",\"datePublished\":\"2021-08-25T18:48:07+00:00\",\"dateModified\":\"2021-08-25T18:49:43+00:00\",\"mainEntityOfPage\":{\"@id\":\"https:\/\/www.sitsesp.org.br\/novo\/sitsesp-juridico-presidente-do-trt-julga-improcedente-o-pedido-da-fundacao-casa-de-suspensao-da-liminar-do-vr\/\"},\"wordCount\":337,\"commentCount\":0,\"publisher\":{\"@id\":\"https:\/\/www.sitsesp.org.br\/novo\/#organization\"},\"image\":{\"@id\":\"https:\/\/www.sitsesp.org.br\/novo\/sitsesp-juridico-presidente-do-trt-julga-improcedente-o-pedido-da-fundacao-casa-de-suspensao-da-liminar-do-vr\/#primaryimage\"},\"thumbnailUrl\":\"https:\/\/www.sitsesp.org.br\/novo\/wp-content\/uploads\/2021\/08\/250816.png\",\"keywords\":[\"2021\",\"Funda\u00e7\u00e3o CASA\",\"JUR\u00cdDICO\",\"SINDICATO\",\"SITSESP\",\"vale-refei\u00e7\u00e3o\"],\"articleSection\":[\"Destaque\",\"Noticias\"],\"inLanguage\":\"pt-BR\",\"potentialAction\":[{\"@type\":\"CommentAction\",\"name\":\"Comment\",\"target\":[\"https:\/\/www.sitsesp.org.br\/novo\/sitsesp-juridico-presidente-do-trt-julga-improcedente-o-pedido-da-fundacao-casa-de-suspensao-da-liminar-do-vr\/#respond\"]}]},{\"@type\":\"WebPage\",\"@id\":\"https:\/\/www.sitsesp.org.br\/novo\/sitsesp-juridico-presidente-do-trt-julga-improcedente-o-pedido-da-fundacao-casa-de-suspensao-da-liminar-do-vr\/\",\"url\":\"https:\/\/www.sitsesp.org.br\/novo\/sitsesp-juridico-presidente-do-trt-julga-improcedente-o-pedido-da-fundacao-casa-de-suspensao-da-liminar-do-vr\/\",\"name\":\"SITSESP JUR\u00cdDICO: PRESIDENTE DO TRT JULGA IMPROCEDENTE O PEDIDO DA FUNDA\u00c7\u00c3O CASA DE SUSPENS\u00c3O DA LIMINAR DO VR - SITSESP\",\"isPartOf\":{\"@id\":\"https:\/\/www.sitsesp.org.br\/novo\/#website\"},\"primaryImageOfPage\":{\"@id\":\"https:\/\/www.sitsesp.org.br\/novo\/sitsesp-juridico-presidente-do-trt-julga-improcedente-o-pedido-da-fundacao-casa-de-suspensao-da-liminar-do-vr\/#primaryimage\"},\"image\":{\"@id\":\"https:\/\/www.sitsesp.org.br\/novo\/sitsesp-juridico-presidente-do-trt-julga-improcedente-o-pedido-da-fundacao-casa-de-suspensao-da-liminar-do-vr\/#primaryimage\"},\"thumbnailUrl\":\"https:\/\/www.sitsesp.org.br\/novo\/wp-content\/uploads\/2021\/08\/250816.png\",\"datePublished\":\"2021-08-25T18:48:07+00:00\",\"dateModified\":\"2021-08-25T18:49:43+00:00\",\"description\":\"Na data de hoje, 25\/08\/2021, por volta das 11h houve a publica\u00e7\u00e3o da decis\u00e3o do pedido da Funda\u00e7\u00e3o CASA de suspens\u00e3o da liminar proferida em senten\u00e7a nos autos do processo do Vale Refei\u00e7\u00e3o.\",\"breadcrumb\":{\"@id\":\"https:\/\/www.sitsesp.org.br\/novo\/sitsesp-juridico-presidente-do-trt-julga-improcedente-o-pedido-da-fundacao-casa-de-suspensao-da-liminar-do-vr\/#breadcrumb\"},\"inLanguage\":\"pt-BR\",\"potentialAction\":[{\"@type\":\"ReadAction\",\"target\":[\"https:\/\/www.sitsesp.org.br\/novo\/sitsesp-juridico-presidente-do-trt-julga-improcedente-o-pedido-da-fundacao-casa-de-suspensao-da-liminar-do-vr\/\"]}]},{\"@type\":\"ImageObject\",\"inLanguage\":\"pt-BR\",\"@id\":\"https:\/\/www.sitsesp.org.br\/novo\/sitsesp-juridico-presidente-do-trt-julga-improcedente-o-pedido-da-fundacao-casa-de-suspensao-da-liminar-do-vr\/#primaryimage\",\"url\":\"https:\/\/www.sitsesp.org.br\/novo\/wp-content\/uploads\/2021\/08\/250816.png\",\"contentUrl\":\"https:\/\/www.sitsesp.org.br\/novo\/wp-content\/uploads\/2021\/08\/250816.png\",\"width\":800,\"height\":800},{\"@type\":\"BreadcrumbList\",\"@id\":\"https:\/\/www.sitsesp.org.br\/novo\/sitsesp-juridico-presidente-do-trt-julga-improcedente-o-pedido-da-fundacao-casa-de-suspensao-da-liminar-do-vr\/#breadcrumb\",\"itemListElement\":[{\"@type\":\"ListItem\",\"position\":1,\"name\":\"In\u00edcio\",\"item\":\"https:\/\/www.sitsesp.org.br\/novo\/\"},{\"@type\":\"ListItem\",\"position\":2,\"name\":\"SITSESP JUR\u00cdDICO: PRESIDENTE DO TRT JULGA IMPROCEDENTE O PEDIDO DA FUNDA\u00c7\u00c3O CASA DE SUSPENS\u00c3O DA LIMINAR DO VR\"}]},{\"@type\":\"WebSite\",\"@id\":\"https:\/\/www.sitsesp.org.br\/novo\/#website\",\"url\":\"https:\/\/www.sitsesp.org.br\/novo\/\",\"name\":\"Sitsesp\",\"description\":\"SIndicato da Socioeduca\u00e7\u00e3o do Estado de S\u00e3o Paulo\",\"publisher\":{\"@id\":\"https:\/\/www.sitsesp.org.br\/novo\/#organization\"},\"potentialAction\":[{\"@type\":\"SearchAction\",\"target\":{\"@type\":\"EntryPoint\",\"urlTemplate\":\"https:\/\/www.sitsesp.org.br\/novo\/?s={search_term_string}\"},\"query-input\":\"required name=search_term_string\"}],\"inLanguage\":\"pt-BR\"},{\"@type\":\"Organization\",\"@id\":\"https:\/\/www.sitsesp.org.br\/novo\/#organization\",\"name\":\"Sitsesp\",\"url\":\"https:\/\/www.sitsesp.org.br\/novo\/\",\"logo\":{\"@type\":\"ImageObject\",\"inLanguage\":\"pt-BR\",\"@id\":\"https:\/\/www.sitsesp.org.br\/novo\/#\/schema\/logo\/image\/\",\"url\":\"https:\/\/www.sitsesp.org.br\/novo\/wp-content\/uploads\/2020\/09\/Design-sem-nome-1.jpg\",\"contentUrl\":\"https:\/\/www.sitsesp.org.br\/novo\/wp-content\/uploads\/2020\/09\/Design-sem-nome-1.jpg\",\"width\":300,\"height\":300,\"caption\":\"Sitsesp\"},\"image\":{\"@id\":\"https:\/\/www.sitsesp.org.br\/novo\/#\/schema\/logo\/image\/\"}},{\"@type\":\"Person\",\"@id\":\"https:\/\/www.sitsesp.org.br\/novo\/#\/schema\/person\/28e42eec160f373e81d0183b3643edbf\",\"name\":\"imprensa\",\"image\":{\"@type\":\"ImageObject\",\"inLanguage\":\"pt-BR\",\"@id\":\"https:\/\/www.sitsesp.org.br\/novo\/#\/schema\/person\/image\/\",\"url\":\"https:\/\/secure.gravatar.com\/avatar\/8d6ccd8d7d52b8959f34154e87d3fa29?s=96&d=mm&r=g\",\"contentUrl\":\"https:\/\/secure.gravatar.com\/avatar\/8d6ccd8d7d52b8959f34154e87d3fa29?s=96&d=mm&r=g\",\"caption\":\"imprensa\"}}]}<\/script>\n<!-- \/ Yoast SEO plugin. -->","yoast_head_json":{"title":"SITSESP JUR\u00cdDICO:  PRESIDENTE DO TRT JULGA IMPROCEDENTE O PEDIDO DA FUNDA\u00c7\u00c3O CASA DE SUSPENS\u00c3O DA LIMINAR DO VR - SITSESP","description":"Na data de hoje, 25\/08\/2021, por volta das 11h houve a publica\u00e7\u00e3o da decis\u00e3o do pedido da Funda\u00e7\u00e3o CASA de suspens\u00e3o da liminar proferida em senten\u00e7a nos autos do processo do Vale Refei\u00e7\u00e3o.","robots":{"index":"index","follow":"follow","max-snippet":"max-snippet:-1","max-image-preview":"max-image-preview:large","max-video-preview":"max-video-preview:-1"},"canonical":"https:\/\/www.sitsesp.org.br\/novo\/sitsesp-juridico-presidente-do-trt-julga-improcedente-o-pedido-da-fundacao-casa-de-suspensao-da-liminar-do-vr\/","og_locale":"pt_BR","og_type":"article","og_title":"SITSESP JUR\u00cdDICO:  PRESIDENTE DO TRT JULGA IMPROCEDENTE O PEDIDO DA FUNDA\u00c7\u00c3O CASA DE SUSPENS\u00c3O DA LIMINAR DO VR - SITSESP","og_description":"Na data de hoje, 25\/08\/2021, por volta das 11h houve a publica\u00e7\u00e3o da decis\u00e3o do pedido da Funda\u00e7\u00e3o CASA de suspens\u00e3o da liminar proferida em senten\u00e7a nos autos do processo do Vale Refei\u00e7\u00e3o.","og_url":"https:\/\/www.sitsesp.org.br\/novo\/sitsesp-juridico-presidente-do-trt-julga-improcedente-o-pedido-da-fundacao-casa-de-suspensao-da-liminar-do-vr\/","og_site_name":"SITSESP","article_published_time":"2021-08-25T18:48:07+00:00","article_modified_time":"2021-08-25T18:49:43+00:00","og_image":[{"width":800,"height":800,"url":"https:\/\/www.sitsesp.org.br\/novo\/wp-content\/uploads\/2021\/08\/250816.png","type":"image\/png"}],"author":"imprensa","twitter_card":"summary_large_image","twitter_misc":{"Escrito por":"imprensa","Est. tempo de leitura":"2 minutos"},"schema":{"@context":"https:\/\/schema.org","@graph":[{"@type":"Article","@id":"https:\/\/www.sitsesp.org.br\/novo\/sitsesp-juridico-presidente-do-trt-julga-improcedente-o-pedido-da-fundacao-casa-de-suspensao-da-liminar-do-vr\/#article","isPartOf":{"@id":"https:\/\/www.sitsesp.org.br\/novo\/sitsesp-juridico-presidente-do-trt-julga-improcedente-o-pedido-da-fundacao-casa-de-suspensao-da-liminar-do-vr\/"},"author":{"name":"imprensa","@id":"https:\/\/www.sitsesp.org.br\/novo\/#\/schema\/person\/28e42eec160f373e81d0183b3643edbf"},"headline":"SITSESP JUR\u00cdDICO: PRESIDENTE DO TRT JULGA IMPROCEDENTE O PEDIDO DA FUNDA\u00c7\u00c3O CASA DE SUSPENS\u00c3O DA LIMINAR DO VR","datePublished":"2021-08-25T18:48:07+00:00","dateModified":"2021-08-25T18:49:43+00:00","mainEntityOfPage":{"@id":"https:\/\/www.sitsesp.org.br\/novo\/sitsesp-juridico-presidente-do-trt-julga-improcedente-o-pedido-da-fundacao-casa-de-suspensao-da-liminar-do-vr\/"},"wordCount":337,"commentCount":0,"publisher":{"@id":"https:\/\/www.sitsesp.org.br\/novo\/#organization"},"image":{"@id":"https:\/\/www.sitsesp.org.br\/novo\/sitsesp-juridico-presidente-do-trt-julga-improcedente-o-pedido-da-fundacao-casa-de-suspensao-da-liminar-do-vr\/#primaryimage"},"thumbnailUrl":"https:\/\/www.sitsesp.org.br\/novo\/wp-content\/uploads\/2021\/08\/250816.png","keywords":["2021","Funda\u00e7\u00e3o CASA","JUR\u00cdDICO","SINDICATO","SITSESP","vale-refei\u00e7\u00e3o"],"articleSection":["Destaque","Noticias"],"inLanguage":"pt-BR","potentialAction":[{"@type":"CommentAction","name":"Comment","target":["https:\/\/www.sitsesp.org.br\/novo\/sitsesp-juridico-presidente-do-trt-julga-improcedente-o-pedido-da-fundacao-casa-de-suspensao-da-liminar-do-vr\/#respond"]}]},{"@type":"WebPage","@id":"https:\/\/www.sitsesp.org.br\/novo\/sitsesp-juridico-presidente-do-trt-julga-improcedente-o-pedido-da-fundacao-casa-de-suspensao-da-liminar-do-vr\/","url":"https:\/\/www.sitsesp.org.br\/novo\/sitsesp-juridico-presidente-do-trt-julga-improcedente-o-pedido-da-fundacao-casa-de-suspensao-da-liminar-do-vr\/","name":"SITSESP JUR\u00cdDICO: PRESIDENTE DO TRT JULGA IMPROCEDENTE O PEDIDO DA FUNDA\u00c7\u00c3O CASA DE SUSPENS\u00c3O DA LIMINAR DO VR - SITSESP","isPartOf":{"@id":"https:\/\/www.sitsesp.org.br\/novo\/#website"},"primaryImageOfPage":{"@id":"https:\/\/www.sitsesp.org.br\/novo\/sitsesp-juridico-presidente-do-trt-julga-improcedente-o-pedido-da-fundacao-casa-de-suspensao-da-liminar-do-vr\/#primaryimage"},"image":{"@id":"https:\/\/www.sitsesp.org.br\/novo\/sitsesp-juridico-presidente-do-trt-julga-improcedente-o-pedido-da-fundacao-casa-de-suspensao-da-liminar-do-vr\/#primaryimage"},"thumbnailUrl":"https:\/\/www.sitsesp.org.br\/novo\/wp-content\/uploads\/2021\/08\/250816.png","datePublished":"2021-08-25T18:48:07+00:00","dateModified":"2021-08-25T18:49:43+00:00","description":"Na data de hoje, 25\/08\/2021, por volta das 11h houve a publica\u00e7\u00e3o da decis\u00e3o do pedido da Funda\u00e7\u00e3o CASA de suspens\u00e3o da liminar proferida em senten\u00e7a nos autos do processo do Vale Refei\u00e7\u00e3o.","breadcrumb":{"@id":"https:\/\/www.sitsesp.org.br\/novo\/sitsesp-juridico-presidente-do-trt-julga-improcedente-o-pedido-da-fundacao-casa-de-suspensao-da-liminar-do-vr\/#breadcrumb"},"inLanguage":"pt-BR","potentialAction":[{"@type":"ReadAction","target":["https:\/\/www.sitsesp.org.br\/novo\/sitsesp-juridico-presidente-do-trt-julga-improcedente-o-pedido-da-fundacao-casa-de-suspensao-da-liminar-do-vr\/"]}]},{"@type":"ImageObject","inLanguage":"pt-BR","@id":"https:\/\/www.sitsesp.org.br\/novo\/sitsesp-juridico-presidente-do-trt-julga-improcedente-o-pedido-da-fundacao-casa-de-suspensao-da-liminar-do-vr\/#primaryimage","url":"https:\/\/www.sitsesp.org.br\/novo\/wp-content\/uploads\/2021\/08\/250816.png","contentUrl":"https:\/\/www.sitsesp.org.br\/novo\/wp-content\/uploads\/2021\/08\/250816.png","width":800,"height":800},{"@type":"BreadcrumbList","@id":"https:\/\/www.sitsesp.org.br\/novo\/sitsesp-juridico-presidente-do-trt-julga-improcedente-o-pedido-da-fundacao-casa-de-suspensao-da-liminar-do-vr\/#breadcrumb","itemListElement":[{"@type":"ListItem","position":1,"name":"In\u00edcio","item":"https:\/\/www.sitsesp.org.br\/novo\/"},{"@type":"ListItem","position":2,"name":"SITSESP JUR\u00cdDICO: PRESIDENTE DO TRT JULGA IMPROCEDENTE O PEDIDO DA FUNDA\u00c7\u00c3O CASA DE SUSPENS\u00c3O DA LIMINAR DO VR"}]},{"@type":"WebSite","@id":"https:\/\/www.sitsesp.org.br\/novo\/#website","url":"https:\/\/www.sitsesp.org.br\/novo\/","name":"Sitsesp","description":"SIndicato da Socioeduca\u00e7\u00e3o do Estado de S\u00e3o Paulo","publisher":{"@id":"https:\/\/www.sitsesp.org.br\/novo\/#organization"},"potentialAction":[{"@type":"SearchAction","target":{"@type":"EntryPoint","urlTemplate":"https:\/\/www.sitsesp.org.br\/novo\/?s={search_term_string}"},"query-input":"required name=search_term_string"}],"inLanguage":"pt-BR"},{"@type":"Organization","@id":"https:\/\/www.sitsesp.org.br\/novo\/#organization","name":"Sitsesp","url":"https:\/\/www.sitsesp.org.br\/novo\/","logo":{"@type":"ImageObject","inLanguage":"pt-BR","@id":"https:\/\/www.sitsesp.org.br\/novo\/#\/schema\/logo\/image\/","url":"https:\/\/www.sitsesp.org.br\/novo\/wp-content\/uploads\/2020\/09\/Design-sem-nome-1.jpg","contentUrl":"https:\/\/www.sitsesp.org.br\/novo\/wp-content\/uploads\/2020\/09\/Design-sem-nome-1.jpg","width":300,"height":300,"caption":"Sitsesp"},"image":{"@id":"https:\/\/www.sitsesp.org.br\/novo\/#\/schema\/logo\/image\/"}},{"@type":"Person","@id":"https:\/\/www.sitsesp.org.br\/novo\/#\/schema\/person\/28e42eec160f373e81d0183b3643edbf","name":"imprensa","image":{"@type":"ImageObject","inLanguage":"pt-BR","@id":"https:\/\/www.sitsesp.org.br\/novo\/#\/schema\/person\/image\/","url":"https:\/\/secure.gravatar.com\/avatar\/8d6ccd8d7d52b8959f34154e87d3fa29?s=96&d=mm&r=g","contentUrl":"https:\/\/secure.gravatar.com\/avatar\/8d6ccd8d7d52b8959f34154e87d3fa29?s=96&d=mm&r=g","caption":"imprensa"}}]}},"_links":{"self":[{"href":"https:\/\/www.sitsesp.org.br\/novo\/wp-json\/wp\/v2\/posts\/6958"}],"collection":[{"href":"https:\/\/www.sitsesp.org.br\/novo\/wp-json\/wp\/v2\/posts"}],"about":[{"href":"https:\/\/www.sitsesp.org.br\/novo\/wp-json\/wp\/v2\/types\/post"}],"author":[{"embeddable":true,"href":"https:\/\/www.sitsesp.org.br\/novo\/wp-json\/wp\/v2\/users\/5"}],"replies":[{"embeddable":true,"href":"https:\/\/www.sitsesp.org.br\/novo\/wp-json\/wp\/v2\/comments?post=6958"}],"version-history":[{"count":2,"href":"https:\/\/www.sitsesp.org.br\/novo\/wp-json\/wp\/v2\/posts\/6958\/revisions"}],"predecessor-version":[{"id":6961,"href":"https:\/\/www.sitsesp.org.br\/novo\/wp-json\/wp\/v2\/posts\/6958\/revisions\/6961"}],"wp:featuredmedia":[{"embeddable":true,"href":"https:\/\/www.sitsesp.org.br\/novo\/wp-json\/wp\/v2\/media\/6959"}],"wp:attachment":[{"href":"https:\/\/www.sitsesp.org.br\/novo\/wp-json\/wp\/v2\/media?parent=6958"}],"wp:term":[{"taxonomy":"category","embeddable":true,"href":"https:\/\/www.sitsesp.org.br\/novo\/wp-json\/wp\/v2\/categories?post=6958"},{"taxonomy":"post_tag","embeddable":true,"href":"https:\/\/www.sitsesp.org.br\/novo\/wp-json\/wp\/v2\/tags?post=6958"}],"curies":[{"name":"wp","href":"https:\/\/api.w.org\/{rel}","templated":true}]}}