{"id":6964,"date":"2021-08-27T21:03:17","date_gmt":"2021-08-28T00:03:17","guid":{"rendered":"https:\/\/sitsesp.org.br\/novo\/?p=6964"},"modified":"2021-09-02T14:49:11","modified_gmt":"2021-09-02T17:49:11","slug":"comunicado-juridico-irr8-e-16","status":"publish","type":"post","link":"https:\/\/www.sitsesp.org.br\/novo\/comunicado-juridico-irr8-e-16\/","title":{"rendered":"SITSESP: COMUNICADO JUR\u00cdDICO | IRR 8 E 16"},"content":{"rendered":"<p><!-- VideographyWP Plugin Message: Automatic video embedding prevented by plugin options. --><br \/>\nOs Incidentes Repetitivos de recurso de Insalubridade e Periculosidade (IRR 8 e 16) ser\u00e3o julgados no dia 16.09.2021 \u00e0s 09h no TST em Bras\u00edlia.<\/p>\n<p>______<\/p>\n<p><strong><u>IRR 8 \u2013 INSALUBRIDADE<\/u><\/strong><\/p>\n<p>O Incidente Repetitivo de Recursos n\u00ba 8 \u2013 IRR 8 versa sobre o tema de percep\u00e7\u00e3o do adicional de insalubridade aos servidores Agentes de Apoio Socioeducativo que trabalham na medida socioeducativa do pa\u00eds.<\/p>\n<p>Este Incidente foi instaurado com o objetivo de uniformiza\u00e7\u00e3o jurisprudencial sobre a concess\u00e3o, por parte do judici\u00e1rio, do direito de insalubridade pelo risco biol\u00f3gico que \u00e9 exposto o servidor, equiparando-se a unidades hospitalares (Anexo 14 da NR 15).<\/p>\n<p>Caso haja o entendimento pelo TST de concess\u00e3o deste adicional aos servidores AAS, isto poder\u00e1 ser estendido tamb\u00e9m para os setores da pedagogia e psicossocial.<\/p>\n<p>O adicional de insalubridade pode ser auferido em grau baixo (10%), grau m\u00e9dio (20%) e grau m\u00e1ximo (40%), a per\u00edcia judicial ir\u00e1 determinar o grau de risco que est\u00e1 exposto o servidor. O adicional de insalubridade n\u00e3o pode ser cumulado com o adicional de periculosidade.<\/p>\n<p>O IRR 8 \u2013 Incidente Repetitivo de Recurso n\u00e3o se trata de uma a\u00e7\u00e3o coletiva, e sim uma uniformiza\u00e7\u00e3o da jurisprud\u00eancia nacional sobre o tema.<\/p>\n<p>O SITSESP, atrav\u00e9s de seu departamento jur\u00eddico, est\u00e1 ingressando com a\u00e7\u00f5es coletivas por unidades sobre este tema. Importante esclarecer que os servidores que ingressarem com a\u00e7\u00f5es individuais n\u00e3o ser\u00e3o contemplados pelo resultado da a\u00e7\u00e3o coletiva.<\/p>\n<p>&nbsp;<\/p>\n<p><strong><u>IRR 16 \u2013 PERICULOSIDADE<\/u><\/strong><\/p>\n<p>O Incidente Repetitivo de Recursos n\u00ba 16 trata sobre o tema da concess\u00e3o do adicional de periculosidade aos agentes de seguran\u00e7a\/agentes de apoio socioeducativo que desempenham atividade de seguran\u00e7a pessoal e patrimonial nos centros de interna\u00e7\u00e3o de medida socioeducativa.<\/p>\n<p>Nos \u00faltimos dias circulou pela rede social \u201cwhatsapp\u201d um ac\u00f3rd\u00e3o de relatoria do Ministro Hugo Carlos Scheuermann do TST, onde houve a concess\u00e3o do adicional de periculosidade.<\/p>\n<p>Esta decis\u00e3o trata-se de uma a\u00e7\u00e3o individual que nada tem a ver com o IRR 16, contudo, o ministro relator do IRR 16 e do ac\u00f3rd\u00e3o \u00e9 o mesmo, o que j\u00e1 nos pondera qual ser\u00e1 seu posicionamento no parecer quanto ao Incidente Repetitivo de Recurso.<\/p>\n<p>Da mesma forma que o IRR 8, o IRR 16 n\u00e3o \u00e9 uma a\u00e7\u00e3o coletiva, e sim um procedimento de uniformiza\u00e7\u00e3o da jurisprud\u00eancia nos Tribunais Trabalhistas do Brasil.<\/p>\n<p>O SITSESP, atrav\u00e9s de seu departamento jur\u00eddico, est\u00e1 ingressando com a\u00e7\u00f5es coletivas por unidades sobre tema. Importante esclarecer que os servidores que ingressarem com a\u00e7\u00f5es individuais n\u00e3o ser\u00e3o contemplados pelo resultado da a\u00e7\u00e3o coletiva.<\/p>\n<p>AMBOS OS IRR\u2019S 8 E 16 J\u00c1 EST\u00c3O COM OS VOTOS DO RELATOR E REVISOR, AGORA OS PROCEDIMENTOS EST\u00c3O EM PAUTA DE JULGAMENTO EM 16.09.21 \u00c0S 09H NO TST EM BRAS\u00cdLIA.<\/p>\n<a href=\"https:\/\/sitsesp.org.br\/novo\/wp-content\/uploads\/2021\/08\/TST-Certidao-de-Inclusao-em-Pauta-1.pdf\" class=\"pdfemb-viewer\" style=\"\" data-width=\"max\" data-height=\"max\" data-toolbar=\"bottom\" data-toolbar-fixed=\"off\">TST - Certidao de Inclusao em Pauta (1)<\/a>\n<p><a href=\"https:\/\/sitsesp.org.br\/novo\/wp-content\/uploads\/2021\/08\/TST-Certidao-de-Inclusao-em-Pauta-1.pdf\">BAIXE AQUI<\/a><\/p>\n","protected":false},"excerpt":{"rendered":"<p>Os Incidentes Repetitivos de recurso de Insalubridade e Periculosidade (IRR 8 e 16) ser\u00e3o julgados no dia 16.09.2021 \u00e0s 09h no&hellip;<\/p>\n","protected":false},"author":5,"featured_media":7043,"comment_status":"open","ping_status":"open","sticky":false,"template":"","format":"standard","meta":{"cybocfi_hide_featured_image":"","footnotes":""},"categories":[27,22],"tags":[],"yoast_head":"<!-- This site is optimized with the Yoast SEO plugin v22.8 - https:\/\/yoast.com\/wordpress\/plugins\/seo\/ -->\n<title>SITSESP: COMUNICADO JUR\u00cdDICO | IRR 8 E 16 - SITSESP<\/title>\n<meta name=\"description\" content=\"Os Incidentes Repetitivos de recurso de Insalubridade e Periculosidade (IRR 8 e 16) ser\u00e3o julgados no dia 16.09.2021 \u00e0s 09h no TST em Bras\u00edlia.\" \/>\n<meta name=\"robots\" content=\"index, follow, max-snippet:-1, max-image-preview:large, max-video-preview:-1\" \/>\n<link rel=\"canonical\" href=\"https:\/\/www.sitsesp.org.br\/novo\/comunicado-juridico-irr8-e-16\/\" \/>\n<meta property=\"og:locale\" content=\"pt_BR\" \/>\n<meta property=\"og:type\" content=\"article\" \/>\n<meta property=\"og:title\" content=\"SITSESP: COMUNICADO JUR\u00cdDICO | IRR 8 E 16 - SITSESP\" \/>\n<meta property=\"og:description\" content=\"Os Incidentes Repetitivos de recurso de Insalubridade e Periculosidade (IRR 8 e 16) ser\u00e3o julgados no dia 16.09.2021 \u00e0s 09h no TST em Bras\u00edlia.\" \/>\n<meta property=\"og:url\" content=\"https:\/\/www.sitsesp.org.br\/novo\/comunicado-juridico-irr8-e-16\/\" \/>\n<meta property=\"og:site_name\" content=\"SITSESP\" \/>\n<meta property=\"article:published_time\" content=\"2021-08-28T00:03:17+00:00\" \/>\n<meta property=\"article:modified_time\" content=\"2021-09-02T17:49:11+00:00\" \/>\n<meta property=\"og:image\" content=\"https:\/\/www.sitsesp.org.br\/novo\/wp-content\/uploads\/2021\/08\/COMUNICADOJURIDICO.jpg\" \/>\n\t<meta property=\"og:image:width\" content=\"800\" \/>\n\t<meta property=\"og:image:height\" content=\"800\" \/>\n\t<meta property=\"og:image:type\" content=\"image\/jpeg\" \/>\n<meta name=\"author\" content=\"imprensa\" \/>\n<meta name=\"twitter:card\" content=\"summary_large_image\" \/>\n<meta name=\"twitter:label1\" content=\"Escrito por\" \/>\n\t<meta name=\"twitter:data1\" content=\"imprensa\" \/>\n\t<meta name=\"twitter:label2\" content=\"Est. tempo de leitura\" \/>\n\t<meta name=\"twitter:data2\" content=\"2 minutos\" \/>\n<script type=\"application\/ld+json\" class=\"yoast-schema-graph\">{\"@context\":\"https:\/\/schema.org\",\"@graph\":[{\"@type\":\"Article\",\"@id\":\"https:\/\/www.sitsesp.org.br\/novo\/comunicado-juridico-irr8-e-16\/#article\",\"isPartOf\":{\"@id\":\"https:\/\/www.sitsesp.org.br\/novo\/comunicado-juridico-irr8-e-16\/\"},\"author\":{\"name\":\"imprensa\",\"@id\":\"https:\/\/www.sitsesp.org.br\/novo\/#\/schema\/person\/28e42eec160f373e81d0183b3643edbf\"},\"headline\":\"SITSESP: COMUNICADO JUR\u00cdDICO | IRR 8 E 16\",\"datePublished\":\"2021-08-28T00:03:17+00:00\",\"dateModified\":\"2021-09-02T17:49:11+00:00\",\"mainEntityOfPage\":{\"@id\":\"https:\/\/www.sitsesp.org.br\/novo\/comunicado-juridico-irr8-e-16\/\"},\"wordCount\":490,\"commentCount\":0,\"publisher\":{\"@id\":\"https:\/\/www.sitsesp.org.br\/novo\/#organization\"},\"image\":{\"@id\":\"https:\/\/www.sitsesp.org.br\/novo\/comunicado-juridico-irr8-e-16\/#primaryimage\"},\"thumbnailUrl\":\"https:\/\/www.sitsesp.org.br\/novo\/wp-content\/uploads\/2021\/08\/COMUNICADOJURIDICO.jpg\",\"articleSection\":[\"Destaque\",\"Noticias\"],\"inLanguage\":\"pt-BR\",\"potentialAction\":[{\"@type\":\"CommentAction\",\"name\":\"Comment\",\"target\":[\"https:\/\/www.sitsesp.org.br\/novo\/comunicado-juridico-irr8-e-16\/#respond\"]}]},{\"@type\":\"WebPage\",\"@id\":\"https:\/\/www.sitsesp.org.br\/novo\/comunicado-juridico-irr8-e-16\/\",\"url\":\"https:\/\/www.sitsesp.org.br\/novo\/comunicado-juridico-irr8-e-16\/\",\"name\":\"SITSESP: COMUNICADO JUR\u00cdDICO | IRR 8 E 16 - SITSESP\",\"isPartOf\":{\"@id\":\"https:\/\/www.sitsesp.org.br\/novo\/#website\"},\"primaryImageOfPage\":{\"@id\":\"https:\/\/www.sitsesp.org.br\/novo\/comunicado-juridico-irr8-e-16\/#primaryimage\"},\"image\":{\"@id\":\"https:\/\/www.sitsesp.org.br\/novo\/comunicado-juridico-irr8-e-16\/#primaryimage\"},\"thumbnailUrl\":\"https:\/\/www.sitsesp.org.br\/novo\/wp-content\/uploads\/2021\/08\/COMUNICADOJURIDICO.jpg\",\"datePublished\":\"2021-08-28T00:03:17+00:00\",\"dateModified\":\"2021-09-02T17:49:11+00:00\",\"description\":\"Os Incidentes Repetitivos de recurso de Insalubridade e Periculosidade (IRR 8 e 16) ser\u00e3o julgados no dia 16.09.2021 \u00e0s 09h no TST em Bras\u00edlia.\",\"breadcrumb\":{\"@id\":\"https:\/\/www.sitsesp.org.br\/novo\/comunicado-juridico-irr8-e-16\/#breadcrumb\"},\"inLanguage\":\"pt-BR\",\"potentialAction\":[{\"@type\":\"ReadAction\",\"target\":[\"https:\/\/www.sitsesp.org.br\/novo\/comunicado-juridico-irr8-e-16\/\"]}]},{\"@type\":\"ImageObject\",\"inLanguage\":\"pt-BR\",\"@id\":\"https:\/\/www.sitsesp.org.br\/novo\/comunicado-juridico-irr8-e-16\/#primaryimage\",\"url\":\"https:\/\/www.sitsesp.org.br\/novo\/wp-content\/uploads\/2021\/08\/COMUNICADOJURIDICO.jpg\",\"contentUrl\":\"https:\/\/www.sitsesp.org.br\/novo\/wp-content\/uploads\/2021\/08\/COMUNICADOJURIDICO.jpg\",\"width\":800,\"height\":800},{\"@type\":\"BreadcrumbList\",\"@id\":\"https:\/\/www.sitsesp.org.br\/novo\/comunicado-juridico-irr8-e-16\/#breadcrumb\",\"itemListElement\":[{\"@type\":\"ListItem\",\"position\":1,\"name\":\"In\u00edcio\",\"item\":\"https:\/\/www.sitsesp.org.br\/novo\/\"},{\"@type\":\"ListItem\",\"position\":2,\"name\":\"SITSESP: COMUNICADO JUR\u00cdDICO | IRR 8 E 16\"}]},{\"@type\":\"WebSite\",\"@id\":\"https:\/\/www.sitsesp.org.br\/novo\/#website\",\"url\":\"https:\/\/www.sitsesp.org.br\/novo\/\",\"name\":\"Sitsesp\",\"description\":\"SIndicato da Socioeduca\u00e7\u00e3o do Estado de S\u00e3o Paulo\",\"publisher\":{\"@id\":\"https:\/\/www.sitsesp.org.br\/novo\/#organization\"},\"potentialAction\":[{\"@type\":\"SearchAction\",\"target\":{\"@type\":\"EntryPoint\",\"urlTemplate\":\"https:\/\/www.sitsesp.org.br\/novo\/?s={search_term_string}\"},\"query-input\":\"required name=search_term_string\"}],\"inLanguage\":\"pt-BR\"},{\"@type\":\"Organization\",\"@id\":\"https:\/\/www.sitsesp.org.br\/novo\/#organization\",\"name\":\"Sitsesp\",\"url\":\"https:\/\/www.sitsesp.org.br\/novo\/\",\"logo\":{\"@type\":\"ImageObject\",\"inLanguage\":\"pt-BR\",\"@id\":\"https:\/\/www.sitsesp.org.br\/novo\/#\/schema\/logo\/image\/\",\"url\":\"https:\/\/www.sitsesp.org.br\/novo\/wp-content\/uploads\/2020\/09\/Design-sem-nome-1.jpg\",\"contentUrl\":\"https:\/\/www.sitsesp.org.br\/novo\/wp-content\/uploads\/2020\/09\/Design-sem-nome-1.jpg\",\"width\":300,\"height\":300,\"caption\":\"Sitsesp\"},\"image\":{\"@id\":\"https:\/\/www.sitsesp.org.br\/novo\/#\/schema\/logo\/image\/\"}},{\"@type\":\"Person\",\"@id\":\"https:\/\/www.sitsesp.org.br\/novo\/#\/schema\/person\/28e42eec160f373e81d0183b3643edbf\",\"name\":\"imprensa\",\"image\":{\"@type\":\"ImageObject\",\"inLanguage\":\"pt-BR\",\"@id\":\"https:\/\/www.sitsesp.org.br\/novo\/#\/schema\/person\/image\/\",\"url\":\"https:\/\/secure.gravatar.com\/avatar\/8d6ccd8d7d52b8959f34154e87d3fa29?s=96&d=mm&r=g\",\"contentUrl\":\"https:\/\/secure.gravatar.com\/avatar\/8d6ccd8d7d52b8959f34154e87d3fa29?s=96&d=mm&r=g\",\"caption\":\"imprensa\"}}]}<\/script>\n<!-- \/ Yoast SEO plugin. -->","yoast_head_json":{"title":"SITSESP: COMUNICADO JUR\u00cdDICO | IRR 8 E 16 - SITSESP","description":"Os Incidentes Repetitivos de recurso de Insalubridade e Periculosidade (IRR 8 e 16) ser\u00e3o julgados no dia 16.09.2021 \u00e0s 09h no TST em Bras\u00edlia.","robots":{"index":"index","follow":"follow","max-snippet":"max-snippet:-1","max-image-preview":"max-image-preview:large","max-video-preview":"max-video-preview:-1"},"canonical":"https:\/\/www.sitsesp.org.br\/novo\/comunicado-juridico-irr8-e-16\/","og_locale":"pt_BR","og_type":"article","og_title":"SITSESP: COMUNICADO JUR\u00cdDICO | IRR 8 E 16 - SITSESP","og_description":"Os Incidentes Repetitivos de recurso de Insalubridade e Periculosidade (IRR 8 e 16) ser\u00e3o julgados no dia 16.09.2021 \u00e0s 09h no TST em Bras\u00edlia.","og_url":"https:\/\/www.sitsesp.org.br\/novo\/comunicado-juridico-irr8-e-16\/","og_site_name":"SITSESP","article_published_time":"2021-08-28T00:03:17+00:00","article_modified_time":"2021-09-02T17:49:11+00:00","og_image":[{"width":800,"height":800,"url":"https:\/\/www.sitsesp.org.br\/novo\/wp-content\/uploads\/2021\/08\/COMUNICADOJURIDICO.jpg","type":"image\/jpeg"}],"author":"imprensa","twitter_card":"summary_large_image","twitter_misc":{"Escrito por":"imprensa","Est. tempo de leitura":"2 minutos"},"schema":{"@context":"https:\/\/schema.org","@graph":[{"@type":"Article","@id":"https:\/\/www.sitsesp.org.br\/novo\/comunicado-juridico-irr8-e-16\/#article","isPartOf":{"@id":"https:\/\/www.sitsesp.org.br\/novo\/comunicado-juridico-irr8-e-16\/"},"author":{"name":"imprensa","@id":"https:\/\/www.sitsesp.org.br\/novo\/#\/schema\/person\/28e42eec160f373e81d0183b3643edbf"},"headline":"SITSESP: COMUNICADO JUR\u00cdDICO | IRR 8 E 16","datePublished":"2021-08-28T00:03:17+00:00","dateModified":"2021-09-02T17:49:11+00:00","mainEntityOfPage":{"@id":"https:\/\/www.sitsesp.org.br\/novo\/comunicado-juridico-irr8-e-16\/"},"wordCount":490,"commentCount":0,"publisher":{"@id":"https:\/\/www.sitsesp.org.br\/novo\/#organization"},"image":{"@id":"https:\/\/www.sitsesp.org.br\/novo\/comunicado-juridico-irr8-e-16\/#primaryimage"},"thumbnailUrl":"https:\/\/www.sitsesp.org.br\/novo\/wp-content\/uploads\/2021\/08\/COMUNICADOJURIDICO.jpg","articleSection":["Destaque","Noticias"],"inLanguage":"pt-BR","potentialAction":[{"@type":"CommentAction","name":"Comment","target":["https:\/\/www.sitsesp.org.br\/novo\/comunicado-juridico-irr8-e-16\/#respond"]}]},{"@type":"WebPage","@id":"https:\/\/www.sitsesp.org.br\/novo\/comunicado-juridico-irr8-e-16\/","url":"https:\/\/www.sitsesp.org.br\/novo\/comunicado-juridico-irr8-e-16\/","name":"SITSESP: COMUNICADO JUR\u00cdDICO | IRR 8 E 16 - SITSESP","isPartOf":{"@id":"https:\/\/www.sitsesp.org.br\/novo\/#website"},"primaryImageOfPage":{"@id":"https:\/\/www.sitsesp.org.br\/novo\/comunicado-juridico-irr8-e-16\/#primaryimage"},"image":{"@id":"https:\/\/www.sitsesp.org.br\/novo\/comunicado-juridico-irr8-e-16\/#primaryimage"},"thumbnailUrl":"https:\/\/www.sitsesp.org.br\/novo\/wp-content\/uploads\/2021\/08\/COMUNICADOJURIDICO.jpg","datePublished":"2021-08-28T00:03:17+00:00","dateModified":"2021-09-02T17:49:11+00:00","description":"Os Incidentes Repetitivos de recurso de Insalubridade e Periculosidade (IRR 8 e 16) ser\u00e3o julgados no dia 16.09.2021 \u00e0s 09h no TST em Bras\u00edlia.","breadcrumb":{"@id":"https:\/\/www.sitsesp.org.br\/novo\/comunicado-juridico-irr8-e-16\/#breadcrumb"},"inLanguage":"pt-BR","potentialAction":[{"@type":"ReadAction","target":["https:\/\/www.sitsesp.org.br\/novo\/comunicado-juridico-irr8-e-16\/"]}]},{"@type":"ImageObject","inLanguage":"pt-BR","@id":"https:\/\/www.sitsesp.org.br\/novo\/comunicado-juridico-irr8-e-16\/#primaryimage","url":"https:\/\/www.sitsesp.org.br\/novo\/wp-content\/uploads\/2021\/08\/COMUNICADOJURIDICO.jpg","contentUrl":"https:\/\/www.sitsesp.org.br\/novo\/wp-content\/uploads\/2021\/08\/COMUNICADOJURIDICO.jpg","width":800,"height":800},{"@type":"BreadcrumbList","@id":"https:\/\/www.sitsesp.org.br\/novo\/comunicado-juridico-irr8-e-16\/#breadcrumb","itemListElement":[{"@type":"ListItem","position":1,"name":"In\u00edcio","item":"https:\/\/www.sitsesp.org.br\/novo\/"},{"@type":"ListItem","position":2,"name":"SITSESP: COMUNICADO JUR\u00cdDICO | IRR 8 E 16"}]},{"@type":"WebSite","@id":"https:\/\/www.sitsesp.org.br\/novo\/#website","url":"https:\/\/www.sitsesp.org.br\/novo\/","name":"Sitsesp","description":"SIndicato da Socioeduca\u00e7\u00e3o do Estado de S\u00e3o Paulo","publisher":{"@id":"https:\/\/www.sitsesp.org.br\/novo\/#organization"},"potentialAction":[{"@type":"SearchAction","target":{"@type":"EntryPoint","urlTemplate":"https:\/\/www.sitsesp.org.br\/novo\/?s={search_term_string}"},"query-input":"required name=search_term_string"}],"inLanguage":"pt-BR"},{"@type":"Organization","@id":"https:\/\/www.sitsesp.org.br\/novo\/#organization","name":"Sitsesp","url":"https:\/\/www.sitsesp.org.br\/novo\/","logo":{"@type":"ImageObject","inLanguage":"pt-BR","@id":"https:\/\/www.sitsesp.org.br\/novo\/#\/schema\/logo\/image\/","url":"https:\/\/www.sitsesp.org.br\/novo\/wp-content\/uploads\/2020\/09\/Design-sem-nome-1.jpg","contentUrl":"https:\/\/www.sitsesp.org.br\/novo\/wp-content\/uploads\/2020\/09\/Design-sem-nome-1.jpg","width":300,"height":300,"caption":"Sitsesp"},"image":{"@id":"https:\/\/www.sitsesp.org.br\/novo\/#\/schema\/logo\/image\/"}},{"@type":"Person","@id":"https:\/\/www.sitsesp.org.br\/novo\/#\/schema\/person\/28e42eec160f373e81d0183b3643edbf","name":"imprensa","image":{"@type":"ImageObject","inLanguage":"pt-BR","@id":"https:\/\/www.sitsesp.org.br\/novo\/#\/schema\/person\/image\/","url":"https:\/\/secure.gravatar.com\/avatar\/8d6ccd8d7d52b8959f34154e87d3fa29?s=96&d=mm&r=g","contentUrl":"https:\/\/secure.gravatar.com\/avatar\/8d6ccd8d7d52b8959f34154e87d3fa29?s=96&d=mm&r=g","caption":"imprensa"}}]}},"_links":{"self":[{"href":"https:\/\/www.sitsesp.org.br\/novo\/wp-json\/wp\/v2\/posts\/6964"}],"collection":[{"href":"https:\/\/www.sitsesp.org.br\/novo\/wp-json\/wp\/v2\/posts"}],"about":[{"href":"https:\/\/www.sitsesp.org.br\/novo\/wp-json\/wp\/v2\/types\/post"}],"author":[{"embeddable":true,"href":"https:\/\/www.sitsesp.org.br\/novo\/wp-json\/wp\/v2\/users\/5"}],"replies":[{"embeddable":true,"href":"https:\/\/www.sitsesp.org.br\/novo\/wp-json\/wp\/v2\/comments?post=6964"}],"version-history":[{"count":7,"href":"https:\/\/www.sitsesp.org.br\/novo\/wp-json\/wp\/v2\/posts\/6964\/revisions"}],"predecessor-version":[{"id":7044,"href":"https:\/\/www.sitsesp.org.br\/novo\/wp-json\/wp\/v2\/posts\/6964\/revisions\/7044"}],"wp:featuredmedia":[{"embeddable":true,"href":"https:\/\/www.sitsesp.org.br\/novo\/wp-json\/wp\/v2\/media\/7043"}],"wp:attachment":[{"href":"https:\/\/www.sitsesp.org.br\/novo\/wp-json\/wp\/v2\/media?parent=6964"}],"wp:term":[{"taxonomy":"category","embeddable":true,"href":"https:\/\/www.sitsesp.org.br\/novo\/wp-json\/wp\/v2\/categories?post=6964"},{"taxonomy":"post_tag","embeddable":true,"href":"https:\/\/www.sitsesp.org.br\/novo\/wp-json\/wp\/v2\/tags?post=6964"}],"curies":[{"name":"wp","href":"https:\/\/api.w.org\/{rel}","templated":true}]}}