{"id":7057,"date":"2021-09-06T09:10:19","date_gmt":"2021-09-06T12:10:19","guid":{"rendered":"https:\/\/sitsesp.org.br\/novo\/?p=7057"},"modified":"2021-09-06T09:10:19","modified_gmt":"2021-09-06T12:10:19","slug":"sitsesp-fala-iure","status":"publish","type":"post","link":"https:\/\/www.sitsesp.org.br\/novo\/sitsesp-fala-iure\/","title":{"rendered":"SITSESP: Fala Iure!"},"content":{"rendered":"<p><!-- VideographyWP Plugin Message: Automatic video embedding prevented by plugin options. --><br \/>\nA classe trabalhadora passa por momentos dif\u00edceis devido a conjuntura pol\u00edtica e econ\u00f4mica do pa\u00eds e ao ataque aos direitos trabalhistas haja vista a famigerada REFORMA ADMINISTRATIVA (PEC 32). A pandemia, ainda em curso, infelizmente contribuiu para esse cen\u00e1rio sendo que os trabalhadores da socioeduca\u00e7\u00e3o de SP e de outras categorias como professores, trabalhadores do metr\u00f4, da CPTM, do judici\u00e1rio, entre outros foram atacados pelo governo D\u00f3ria. Esse mesmo governo amea\u00e7a tomar posse da sede do sindicato dos metrovi\u00e1rios de SP, a recente greve da CPTM amea\u00e7ou demitir grevistas e Rodrigo Maia, agora no governo Paulista, j\u00e1 sinaliza privatizar a Sabesp, esses s\u00e3o, enfim, alguns exemplos dos ataques sofridos pelos servidores p\u00fablicos estaduais.<\/p>\n<p>No dia 16\/08 houve uma live de discuss\u00e3o da Reforma Administrativa e no dia 18\/08 a gest\u00e3o Reconstru\u00e7\u00e3o e luta e outros trabalhadores da categoria estiveram presentes no ato na pra\u00e7a da Rep\u00fablica para mostrar a indigna\u00e7\u00e3o com esse governo que s\u00f3 retira direitos. A recente elei\u00e7\u00e3o de delegados sindicais vai possibilitar \u00e0 categoria um melhor alinhamento da nossa luta juntamente com a diretoria do SITSESP sendo que, em breve, teremos um semin\u00e1rio. Por fim trabalhadores da socioeduca\u00e7\u00e3o de SP somente com a sua luta incessante e coletiva poderemos resistir a tudo que vem acontecendo no momento. Vale lembrar que, talvez, voc\u00ea pense: \u201cfiz greve e o que adiantou?\u201d Pense e reflita que esse \u00e9 o caminho, lutar e resistir, pois juntos somos mais fortes.<\/p>\n<p><em><strong>Iure Teixeira (diretor de pol\u00edtica sindical e forma\u00e7\u00e3o)<\/strong><\/em><\/p>\n","protected":false},"excerpt":{"rendered":"<p>A classe trabalhadora passa por momentos dif\u00edceis devido a conjuntura pol\u00edtica e econ\u00f4mica do pa\u00eds e ao ataque aos direitos trabalhistas&hellip;<\/p>\n","protected":false},"author":5,"featured_media":7058,"comment_status":"open","ping_status":"open","sticky":false,"template":"","format":"standard","meta":{"cybocfi_hide_featured_image":"","footnotes":""},"categories":[27,22],"tags":[],"yoast_head":"<!-- This site is optimized with the Yoast SEO plugin v22.8 - https:\/\/yoast.com\/wordpress\/plugins\/seo\/ -->\n<title>SITSESP: Fala Iure! - SITSESP<\/title>\n<meta name=\"description\" content=\"A classe trabalhadora passa por momentos dif\u00edceis devido a conjuntura pol\u00edtica e econ\u00f4mica do pa\u00eds e ao ataque aos direitos trabalhistas haja vista a famigerada REFORMA ADMINISTRATIVA (PEC 32). A pandemia, ainda em curso, infelizmente contribuiu para esse cen\u00e1rio sendo que os trabalhadores da socioeduca\u00e7\u00e3o de SP e de outras categorias como professores, trabalhadores do metr\u00f4, da CPTM, do judici\u00e1rio, entre outros foram atacados pelo governo D\u00f3ria. Esse mesmo governo amea\u00e7a tomar posse da sede do sindicato dos metrovi\u00e1rios de SP, a recente greve da CPTM amea\u00e7ou demitir grevistas e Rodrigo Maia, agora no governo Paulista, j\u00e1 sinaliza privatizar a Sabesp, esses s\u00e3o, enfim, alguns exemplos dos ataques sofridos pelos servidores p\u00fablicos estaduais.\" \/>\n<meta name=\"robots\" content=\"index, follow, max-snippet:-1, max-image-preview:large, max-video-preview:-1\" \/>\n<link rel=\"canonical\" href=\"https:\/\/www.sitsesp.org.br\/novo\/sitsesp-fala-iure\/\" \/>\n<meta property=\"og:locale\" content=\"pt_BR\" \/>\n<meta property=\"og:type\" content=\"article\" \/>\n<meta property=\"og:title\" content=\"SITSESP: Fala Iure! - SITSESP\" \/>\n<meta property=\"og:description\" content=\"A classe trabalhadora passa por momentos dif\u00edceis devido a conjuntura pol\u00edtica e econ\u00f4mica do pa\u00eds e ao ataque aos direitos trabalhistas haja vista a famigerada REFORMA ADMINISTRATIVA (PEC 32). A pandemia, ainda em curso, infelizmente contribuiu para esse cen\u00e1rio sendo que os trabalhadores da socioeduca\u00e7\u00e3o de SP e de outras categorias como professores, trabalhadores do metr\u00f4, da CPTM, do judici\u00e1rio, entre outros foram atacados pelo governo D\u00f3ria. Esse mesmo governo amea\u00e7a tomar posse da sede do sindicato dos metrovi\u00e1rios de SP, a recente greve da CPTM amea\u00e7ou demitir grevistas e Rodrigo Maia, agora no governo Paulista, j\u00e1 sinaliza privatizar a Sabesp, esses s\u00e3o, enfim, alguns exemplos dos ataques sofridos pelos servidores p\u00fablicos estaduais.\" \/>\n<meta property=\"og:url\" content=\"https:\/\/www.sitsesp.org.br\/novo\/sitsesp-fala-iure\/\" \/>\n<meta property=\"og:site_name\" content=\"SITSESP\" \/>\n<meta property=\"article:published_time\" content=\"2021-09-06T12:10:19+00:00\" \/>\n<meta property=\"og:image\" content=\"https:\/\/www.sitsesp.org.br\/novo\/wp-content\/uploads\/2021\/09\/FALAIURE.jpg\" \/>\n\t<meta property=\"og:image:width\" content=\"800\" \/>\n\t<meta property=\"og:image:height\" content=\"800\" \/>\n\t<meta property=\"og:image:type\" content=\"image\/jpeg\" \/>\n<meta name=\"author\" content=\"imprensa\" \/>\n<meta name=\"twitter:card\" content=\"summary_large_image\" \/>\n<meta name=\"twitter:label1\" content=\"Escrito por\" \/>\n\t<meta name=\"twitter:data1\" content=\"imprensa\" \/>\n\t<meta name=\"twitter:label2\" content=\"Est. tempo de leitura\" \/>\n\t<meta name=\"twitter:data2\" content=\"2 minutos\" \/>\n<script type=\"application\/ld+json\" class=\"yoast-schema-graph\">{\"@context\":\"https:\/\/schema.org\",\"@graph\":[{\"@type\":\"Article\",\"@id\":\"https:\/\/www.sitsesp.org.br\/novo\/sitsesp-fala-iure\/#article\",\"isPartOf\":{\"@id\":\"https:\/\/www.sitsesp.org.br\/novo\/sitsesp-fala-iure\/\"},\"author\":{\"name\":\"imprensa\",\"@id\":\"https:\/\/www.sitsesp.org.br\/novo\/#\/schema\/person\/28e42eec160f373e81d0183b3643edbf\"},\"headline\":\"SITSESP: Fala Iure!\",\"datePublished\":\"2021-09-06T12:10:19+00:00\",\"dateModified\":\"2021-09-06T12:10:19+00:00\",\"mainEntityOfPage\":{\"@id\":\"https:\/\/www.sitsesp.org.br\/novo\/sitsesp-fala-iure\/\"},\"wordCount\":268,\"commentCount\":0,\"publisher\":{\"@id\":\"https:\/\/www.sitsesp.org.br\/novo\/#organization\"},\"image\":{\"@id\":\"https:\/\/www.sitsesp.org.br\/novo\/sitsesp-fala-iure\/#primaryimage\"},\"thumbnailUrl\":\"https:\/\/www.sitsesp.org.br\/novo\/wp-content\/uploads\/2021\/09\/FALAIURE.jpg\",\"articleSection\":[\"Destaque\",\"Noticias\"],\"inLanguage\":\"pt-BR\",\"potentialAction\":[{\"@type\":\"CommentAction\",\"name\":\"Comment\",\"target\":[\"https:\/\/www.sitsesp.org.br\/novo\/sitsesp-fala-iure\/#respond\"]}]},{\"@type\":\"WebPage\",\"@id\":\"https:\/\/www.sitsesp.org.br\/novo\/sitsesp-fala-iure\/\",\"url\":\"https:\/\/www.sitsesp.org.br\/novo\/sitsesp-fala-iure\/\",\"name\":\"SITSESP: Fala Iure! - SITSESP\",\"isPartOf\":{\"@id\":\"https:\/\/www.sitsesp.org.br\/novo\/#website\"},\"primaryImageOfPage\":{\"@id\":\"https:\/\/www.sitsesp.org.br\/novo\/sitsesp-fala-iure\/#primaryimage\"},\"image\":{\"@id\":\"https:\/\/www.sitsesp.org.br\/novo\/sitsesp-fala-iure\/#primaryimage\"},\"thumbnailUrl\":\"https:\/\/www.sitsesp.org.br\/novo\/wp-content\/uploads\/2021\/09\/FALAIURE.jpg\",\"datePublished\":\"2021-09-06T12:10:19+00:00\",\"dateModified\":\"2021-09-06T12:10:19+00:00\",\"description\":\"A classe trabalhadora passa por momentos dif\u00edceis devido a conjuntura pol\u00edtica e econ\u00f4mica do pa\u00eds e ao ataque aos direitos trabalhistas haja vista a famigerada REFORMA ADMINISTRATIVA (PEC 32). A pandemia, ainda em curso, infelizmente contribuiu para esse cen\u00e1rio sendo que os trabalhadores da socioeduca\u00e7\u00e3o de SP e de outras categorias como professores, trabalhadores do metr\u00f4, da CPTM, do judici\u00e1rio, entre outros foram atacados pelo governo D\u00f3ria. Esse mesmo governo amea\u00e7a tomar posse da sede do sindicato dos metrovi\u00e1rios de SP, a recente greve da CPTM amea\u00e7ou demitir grevistas e Rodrigo Maia, agora no governo Paulista, j\u00e1 sinaliza privatizar a Sabesp, esses s\u00e3o, enfim, alguns exemplos dos ataques sofridos pelos servidores p\u00fablicos estaduais.\",\"breadcrumb\":{\"@id\":\"https:\/\/www.sitsesp.org.br\/novo\/sitsesp-fala-iure\/#breadcrumb\"},\"inLanguage\":\"pt-BR\",\"potentialAction\":[{\"@type\":\"ReadAction\",\"target\":[\"https:\/\/www.sitsesp.org.br\/novo\/sitsesp-fala-iure\/\"]}]},{\"@type\":\"ImageObject\",\"inLanguage\":\"pt-BR\",\"@id\":\"https:\/\/www.sitsesp.org.br\/novo\/sitsesp-fala-iure\/#primaryimage\",\"url\":\"https:\/\/www.sitsesp.org.br\/novo\/wp-content\/uploads\/2021\/09\/FALAIURE.jpg\",\"contentUrl\":\"https:\/\/www.sitsesp.org.br\/novo\/wp-content\/uploads\/2021\/09\/FALAIURE.jpg\",\"width\":800,\"height\":800},{\"@type\":\"BreadcrumbList\",\"@id\":\"https:\/\/www.sitsesp.org.br\/novo\/sitsesp-fala-iure\/#breadcrumb\",\"itemListElement\":[{\"@type\":\"ListItem\",\"position\":1,\"name\":\"In\u00edcio\",\"item\":\"https:\/\/www.sitsesp.org.br\/novo\/\"},{\"@type\":\"ListItem\",\"position\":2,\"name\":\"SITSESP: Fala Iure!\"}]},{\"@type\":\"WebSite\",\"@id\":\"https:\/\/www.sitsesp.org.br\/novo\/#website\",\"url\":\"https:\/\/www.sitsesp.org.br\/novo\/\",\"name\":\"Sitsesp\",\"description\":\"SIndicato da Socioeduca\u00e7\u00e3o do Estado de S\u00e3o Paulo\",\"publisher\":{\"@id\":\"https:\/\/www.sitsesp.org.br\/novo\/#organization\"},\"potentialAction\":[{\"@type\":\"SearchAction\",\"target\":{\"@type\":\"EntryPoint\",\"urlTemplate\":\"https:\/\/www.sitsesp.org.br\/novo\/?s={search_term_string}\"},\"query-input\":\"required name=search_term_string\"}],\"inLanguage\":\"pt-BR\"},{\"@type\":\"Organization\",\"@id\":\"https:\/\/www.sitsesp.org.br\/novo\/#organization\",\"name\":\"Sitsesp\",\"url\":\"https:\/\/www.sitsesp.org.br\/novo\/\",\"logo\":{\"@type\":\"ImageObject\",\"inLanguage\":\"pt-BR\",\"@id\":\"https:\/\/www.sitsesp.org.br\/novo\/#\/schema\/logo\/image\/\",\"url\":\"https:\/\/www.sitsesp.org.br\/novo\/wp-content\/uploads\/2020\/09\/Design-sem-nome-1.jpg\",\"contentUrl\":\"https:\/\/www.sitsesp.org.br\/novo\/wp-content\/uploads\/2020\/09\/Design-sem-nome-1.jpg\",\"width\":300,\"height\":300,\"caption\":\"Sitsesp\"},\"image\":{\"@id\":\"https:\/\/www.sitsesp.org.br\/novo\/#\/schema\/logo\/image\/\"}},{\"@type\":\"Person\",\"@id\":\"https:\/\/www.sitsesp.org.br\/novo\/#\/schema\/person\/28e42eec160f373e81d0183b3643edbf\",\"name\":\"imprensa\",\"image\":{\"@type\":\"ImageObject\",\"inLanguage\":\"pt-BR\",\"@id\":\"https:\/\/www.sitsesp.org.br\/novo\/#\/schema\/person\/image\/\",\"url\":\"https:\/\/secure.gravatar.com\/avatar\/8d6ccd8d7d52b8959f34154e87d3fa29?s=96&d=mm&r=g\",\"contentUrl\":\"https:\/\/secure.gravatar.com\/avatar\/8d6ccd8d7d52b8959f34154e87d3fa29?s=96&d=mm&r=g\",\"caption\":\"imprensa\"}}]}<\/script>\n<!-- \/ Yoast SEO plugin. -->","yoast_head_json":{"title":"SITSESP: Fala Iure! - SITSESP","description":"A classe trabalhadora passa por momentos dif\u00edceis devido a conjuntura pol\u00edtica e econ\u00f4mica do pa\u00eds e ao ataque aos direitos trabalhistas haja vista a famigerada REFORMA ADMINISTRATIVA (PEC 32). A pandemia, ainda em curso, infelizmente contribuiu para esse cen\u00e1rio sendo que os trabalhadores da socioeduca\u00e7\u00e3o de SP e de outras categorias como professores, trabalhadores do metr\u00f4, da CPTM, do judici\u00e1rio, entre outros foram atacados pelo governo D\u00f3ria. Esse mesmo governo amea\u00e7a tomar posse da sede do sindicato dos metrovi\u00e1rios de SP, a recente greve da CPTM amea\u00e7ou demitir grevistas e Rodrigo Maia, agora no governo Paulista, j\u00e1 sinaliza privatizar a Sabesp, esses s\u00e3o, enfim, alguns exemplos dos ataques sofridos pelos servidores p\u00fablicos estaduais.","robots":{"index":"index","follow":"follow","max-snippet":"max-snippet:-1","max-image-preview":"max-image-preview:large","max-video-preview":"max-video-preview:-1"},"canonical":"https:\/\/www.sitsesp.org.br\/novo\/sitsesp-fala-iure\/","og_locale":"pt_BR","og_type":"article","og_title":"SITSESP: Fala Iure! - SITSESP","og_description":"A classe trabalhadora passa por momentos dif\u00edceis devido a conjuntura pol\u00edtica e econ\u00f4mica do pa\u00eds e ao ataque aos direitos trabalhistas haja vista a famigerada REFORMA ADMINISTRATIVA (PEC 32). A pandemia, ainda em curso, infelizmente contribuiu para esse cen\u00e1rio sendo que os trabalhadores da socioeduca\u00e7\u00e3o de SP e de outras categorias como professores, trabalhadores do metr\u00f4, da CPTM, do judici\u00e1rio, entre outros foram atacados pelo governo D\u00f3ria. Esse mesmo governo amea\u00e7a tomar posse da sede do sindicato dos metrovi\u00e1rios de SP, a recente greve da CPTM amea\u00e7ou demitir grevistas e Rodrigo Maia, agora no governo Paulista, j\u00e1 sinaliza privatizar a Sabesp, esses s\u00e3o, enfim, alguns exemplos dos ataques sofridos pelos servidores p\u00fablicos estaduais.","og_url":"https:\/\/www.sitsesp.org.br\/novo\/sitsesp-fala-iure\/","og_site_name":"SITSESP","article_published_time":"2021-09-06T12:10:19+00:00","og_image":[{"width":800,"height":800,"url":"https:\/\/www.sitsesp.org.br\/novo\/wp-content\/uploads\/2021\/09\/FALAIURE.jpg","type":"image\/jpeg"}],"author":"imprensa","twitter_card":"summary_large_image","twitter_misc":{"Escrito por":"imprensa","Est. tempo de leitura":"2 minutos"},"schema":{"@context":"https:\/\/schema.org","@graph":[{"@type":"Article","@id":"https:\/\/www.sitsesp.org.br\/novo\/sitsesp-fala-iure\/#article","isPartOf":{"@id":"https:\/\/www.sitsesp.org.br\/novo\/sitsesp-fala-iure\/"},"author":{"name":"imprensa","@id":"https:\/\/www.sitsesp.org.br\/novo\/#\/schema\/person\/28e42eec160f373e81d0183b3643edbf"},"headline":"SITSESP: Fala Iure!","datePublished":"2021-09-06T12:10:19+00:00","dateModified":"2021-09-06T12:10:19+00:00","mainEntityOfPage":{"@id":"https:\/\/www.sitsesp.org.br\/novo\/sitsesp-fala-iure\/"},"wordCount":268,"commentCount":0,"publisher":{"@id":"https:\/\/www.sitsesp.org.br\/novo\/#organization"},"image":{"@id":"https:\/\/www.sitsesp.org.br\/novo\/sitsesp-fala-iure\/#primaryimage"},"thumbnailUrl":"https:\/\/www.sitsesp.org.br\/novo\/wp-content\/uploads\/2021\/09\/FALAIURE.jpg","articleSection":["Destaque","Noticias"],"inLanguage":"pt-BR","potentialAction":[{"@type":"CommentAction","name":"Comment","target":["https:\/\/www.sitsesp.org.br\/novo\/sitsesp-fala-iure\/#respond"]}]},{"@type":"WebPage","@id":"https:\/\/www.sitsesp.org.br\/novo\/sitsesp-fala-iure\/","url":"https:\/\/www.sitsesp.org.br\/novo\/sitsesp-fala-iure\/","name":"SITSESP: Fala Iure! - SITSESP","isPartOf":{"@id":"https:\/\/www.sitsesp.org.br\/novo\/#website"},"primaryImageOfPage":{"@id":"https:\/\/www.sitsesp.org.br\/novo\/sitsesp-fala-iure\/#primaryimage"},"image":{"@id":"https:\/\/www.sitsesp.org.br\/novo\/sitsesp-fala-iure\/#primaryimage"},"thumbnailUrl":"https:\/\/www.sitsesp.org.br\/novo\/wp-content\/uploads\/2021\/09\/FALAIURE.jpg","datePublished":"2021-09-06T12:10:19+00:00","dateModified":"2021-09-06T12:10:19+00:00","description":"A classe trabalhadora passa por momentos dif\u00edceis devido a conjuntura pol\u00edtica e econ\u00f4mica do pa\u00eds e ao ataque aos direitos trabalhistas haja vista a famigerada REFORMA ADMINISTRATIVA (PEC 32). A pandemia, ainda em curso, infelizmente contribuiu para esse cen\u00e1rio sendo que os trabalhadores da socioeduca\u00e7\u00e3o de SP e de outras categorias como professores, trabalhadores do metr\u00f4, da CPTM, do judici\u00e1rio, entre outros foram atacados pelo governo D\u00f3ria. Esse mesmo governo amea\u00e7a tomar posse da sede do sindicato dos metrovi\u00e1rios de SP, a recente greve da CPTM amea\u00e7ou demitir grevistas e Rodrigo Maia, agora no governo Paulista, j\u00e1 sinaliza privatizar a Sabesp, esses s\u00e3o, enfim, alguns exemplos dos ataques sofridos pelos servidores p\u00fablicos estaduais.","breadcrumb":{"@id":"https:\/\/www.sitsesp.org.br\/novo\/sitsesp-fala-iure\/#breadcrumb"},"inLanguage":"pt-BR","potentialAction":[{"@type":"ReadAction","target":["https:\/\/www.sitsesp.org.br\/novo\/sitsesp-fala-iure\/"]}]},{"@type":"ImageObject","inLanguage":"pt-BR","@id":"https:\/\/www.sitsesp.org.br\/novo\/sitsesp-fala-iure\/#primaryimage","url":"https:\/\/www.sitsesp.org.br\/novo\/wp-content\/uploads\/2021\/09\/FALAIURE.jpg","contentUrl":"https:\/\/www.sitsesp.org.br\/novo\/wp-content\/uploads\/2021\/09\/FALAIURE.jpg","width":800,"height":800},{"@type":"BreadcrumbList","@id":"https:\/\/www.sitsesp.org.br\/novo\/sitsesp-fala-iure\/#breadcrumb","itemListElement":[{"@type":"ListItem","position":1,"name":"In\u00edcio","item":"https:\/\/www.sitsesp.org.br\/novo\/"},{"@type":"ListItem","position":2,"name":"SITSESP: Fala Iure!"}]},{"@type":"WebSite","@id":"https:\/\/www.sitsesp.org.br\/novo\/#website","url":"https:\/\/www.sitsesp.org.br\/novo\/","name":"Sitsesp","description":"SIndicato da Socioeduca\u00e7\u00e3o do Estado de S\u00e3o Paulo","publisher":{"@id":"https:\/\/www.sitsesp.org.br\/novo\/#organization"},"potentialAction":[{"@type":"SearchAction","target":{"@type":"EntryPoint","urlTemplate":"https:\/\/www.sitsesp.org.br\/novo\/?s={search_term_string}"},"query-input":"required name=search_term_string"}],"inLanguage":"pt-BR"},{"@type":"Organization","@id":"https:\/\/www.sitsesp.org.br\/novo\/#organization","name":"Sitsesp","url":"https:\/\/www.sitsesp.org.br\/novo\/","logo":{"@type":"ImageObject","inLanguage":"pt-BR","@id":"https:\/\/www.sitsesp.org.br\/novo\/#\/schema\/logo\/image\/","url":"https:\/\/www.sitsesp.org.br\/novo\/wp-content\/uploads\/2020\/09\/Design-sem-nome-1.jpg","contentUrl":"https:\/\/www.sitsesp.org.br\/novo\/wp-content\/uploads\/2020\/09\/Design-sem-nome-1.jpg","width":300,"height":300,"caption":"Sitsesp"},"image":{"@id":"https:\/\/www.sitsesp.org.br\/novo\/#\/schema\/logo\/image\/"}},{"@type":"Person","@id":"https:\/\/www.sitsesp.org.br\/novo\/#\/schema\/person\/28e42eec160f373e81d0183b3643edbf","name":"imprensa","image":{"@type":"ImageObject","inLanguage":"pt-BR","@id":"https:\/\/www.sitsesp.org.br\/novo\/#\/schema\/person\/image\/","url":"https:\/\/secure.gravatar.com\/avatar\/8d6ccd8d7d52b8959f34154e87d3fa29?s=96&d=mm&r=g","contentUrl":"https:\/\/secure.gravatar.com\/avatar\/8d6ccd8d7d52b8959f34154e87d3fa29?s=96&d=mm&r=g","caption":"imprensa"}}]}},"_links":{"self":[{"href":"https:\/\/www.sitsesp.org.br\/novo\/wp-json\/wp\/v2\/posts\/7057"}],"collection":[{"href":"https:\/\/www.sitsesp.org.br\/novo\/wp-json\/wp\/v2\/posts"}],"about":[{"href":"https:\/\/www.sitsesp.org.br\/novo\/wp-json\/wp\/v2\/types\/post"}],"author":[{"embeddable":true,"href":"https:\/\/www.sitsesp.org.br\/novo\/wp-json\/wp\/v2\/users\/5"}],"replies":[{"embeddable":true,"href":"https:\/\/www.sitsesp.org.br\/novo\/wp-json\/wp\/v2\/comments?post=7057"}],"version-history":[{"count":1,"href":"https:\/\/www.sitsesp.org.br\/novo\/wp-json\/wp\/v2\/posts\/7057\/revisions"}],"predecessor-version":[{"id":7059,"href":"https:\/\/www.sitsesp.org.br\/novo\/wp-json\/wp\/v2\/posts\/7057\/revisions\/7059"}],"wp:featuredmedia":[{"embeddable":true,"href":"https:\/\/www.sitsesp.org.br\/novo\/wp-json\/wp\/v2\/media\/7058"}],"wp:attachment":[{"href":"https:\/\/www.sitsesp.org.br\/novo\/wp-json\/wp\/v2\/media?parent=7057"}],"wp:term":[{"taxonomy":"category","embeddable":true,"href":"https:\/\/www.sitsesp.org.br\/novo\/wp-json\/wp\/v2\/categories?post=7057"},{"taxonomy":"post_tag","embeddable":true,"href":"https:\/\/www.sitsesp.org.br\/novo\/wp-json\/wp\/v2\/tags?post=7057"}],"curies":[{"name":"wp","href":"https:\/\/api.w.org\/{rel}","templated":true}]}}