{"id":7110,"date":"2021-09-19T10:12:04","date_gmt":"2021-09-19T13:12:04","guid":{"rendered":"https:\/\/sitsesp.org.br\/novo\/?p=7110"},"modified":"2021-09-19T10:14:47","modified_gmt":"2021-09-19T13:14:47","slug":"sitsesp-em-movimento-dirigentes-sindicais-realizaram-visitas-a-diversas-unidades-da-fundacao","status":"publish","type":"post","link":"https:\/\/www.sitsesp.org.br\/novo\/sitsesp-em-movimento-dirigentes-sindicais-realizaram-visitas-a-diversas-unidades-da-fundacao\/","title":{"rendered":"SITSESP EM MOVIMENTO: Dirigentes sindicais realizaram visitas a diversas unidades da Funda\u00e7\u00e3o"},"content":{"rendered":"<p><!-- VideographyWP Plugin Message: Automatic video embedding prevented by plugin options. --><br \/>\nOl\u00e1 categoria! Durante a semana os dirigentes sindicais realizaram visitas a diversas unidades da Funda\u00e7\u00e3o com o objetivo de construir a campanha salarial 2022, atualizar os servidores sobre o andamento dos processos jur\u00eddicos, ouvir as reivindica\u00e7\u00f5es da base e entregar o novo boletim do SITSESP. Foram visitadas as unidades CASA Franca, Santo Andr\u00e9, Itaqu\u00e1, Serra da Cantareira, Guayi, Guarulhos, Terra Nova, Mogi Mirim, Limeira e Piracicaba.<\/p>\n<p>Lembrando que o SITSESP est\u00e1 em momento de constru\u00e7\u00e3o de pauta para a campanha salarial de 2022 e chama todos os servidores \u2013 associados ou n\u00e3o \u2013 para dar sugest\u00f5es e ajudar a construir uma pauta que esteja alinhada com as necessidades dos servidores. Acesse o link para o formul\u00e1rio de sugest\u00f5es <a href=\"https:\/\/docs.google.com\/forms\/d\/1QYMr0CIFkW_D5WQV6fwc_cWfwt2wH9Daa9T3j1Ad8p4\/viewform?edit_requested=true\">clicando aqui<\/a><\/p>\n<p>&nbsp;<\/p>\n<div id=\"penci-post-gallery__41524\" class=\"penci-post-gallery-container justified column-3\" data-height=\"150\" data-margin=\"3\"><a class=\"item-gallery-justified\" href=\"https:\/\/www.sitsesp.org.br\/novo\/wp-content\/uploads\/2021\/09\/242069876_3070028063318660_8360531926691300688_n.jpg\"><img decoding=\"async\" src=\"https:\/\/www.sitsesp.org.br\/novo\/wp-content\/uploads\/2021\/09\/242069876_3070028063318660_8360531926691300688_n-585x439.jpg\" alt=\"\" title=\"242069876_3070028063318660_8360531926691300688_n\"><\/a><a class=\"item-gallery-justified\" href=\"https:\/\/www.sitsesp.org.br\/novo\/wp-content\/uploads\/2021\/09\/242149028_3071573949830738_3876138160853001822_n.jpg\"><img decoding=\"async\" src=\"https:\/\/www.sitsesp.org.br\/novo\/wp-content\/uploads\/2021\/09\/242149028_3071573949830738_3876138160853001822_n-585x439.jpg\" alt=\"\" title=\"242149028_3071573949830738_3876138160853001822_n\"><\/a><a class=\"item-gallery-justified\" href=\"https:\/\/www.sitsesp.org.br\/novo\/wp-content\/uploads\/2021\/09\/242242749_3072184976436302_6595500377133339754_n.jpg\"><img decoding=\"async\" src=\"https:\/\/www.sitsesp.org.br\/novo\/wp-content\/uploads\/2021\/09\/242242749_3072184976436302_6595500377133339754_n-585x329.jpg\" alt=\"\" title=\"242242749_3072184976436302_6595500377133339754_n\"><\/a><a class=\"item-gallery-justified\" href=\"https:\/\/www.sitsesp.org.br\/novo\/wp-content\/uploads\/2021\/09\/241238957_3071684589819674_6221226087267504699_n.jpg\"><img decoding=\"async\" src=\"https:\/\/www.sitsesp.org.br\/novo\/wp-content\/uploads\/2021\/09\/241238957_3071684589819674_6221226087267504699_n-585x329.jpg\" alt=\"\" title=\"241238957_3071684589819674_6221226087267504699_n\"><\/a><a class=\"item-gallery-justified\" href=\"https:\/\/www.sitsesp.org.br\/novo\/wp-content\/uploads\/2021\/09\/241468408_3071684633153003_3178145963365271047_n.jpg\"><img decoding=\"async\" src=\"https:\/\/www.sitsesp.org.br\/novo\/wp-content\/uploads\/2021\/09\/241468408_3071684633153003_3178145963365271047_n-585x439.jpg\" alt=\"\" title=\"241468408_3071684633153003_3178145963365271047_n\"><\/a><a class=\"item-gallery-justified\" href=\"https:\/\/www.sitsesp.org.br\/novo\/wp-content\/uploads\/2021\/09\/241533868_3071684623153004_7442055329232690112_n.jpg\"><img decoding=\"async\" src=\"https:\/\/www.sitsesp.org.br\/novo\/wp-content\/uploads\/2021\/09\/241533868_3071684623153004_7442055329232690112_n-585x329.jpg\" alt=\"\" title=\"241533868_3071684623153004_7442055329232690112_n\"><\/a><a class=\"item-gallery-justified\" href=\"https:\/\/www.sitsesp.org.br\/novo\/wp-content\/uploads\/2021\/09\/242164629_3072596793061787_8552584735250087497_n.jpg\"><img decoding=\"async\" src=\"https:\/\/www.sitsesp.org.br\/novo\/wp-content\/uploads\/2021\/09\/242164629_3072596793061787_8552584735250087497_n-585x439.jpg\" alt=\"\" title=\"242164629_3072596793061787_8552584735250087497_n\"><\/a><a class=\"item-gallery-justified\" href=\"https:\/\/www.sitsesp.org.br\/novo\/wp-content\/uploads\/2021\/09\/242203107_3072596809728452_197732134494918768_n.jpg\"><img decoding=\"async\" src=\"https:\/\/www.sitsesp.org.br\/novo\/wp-content\/uploads\/2021\/09\/242203107_3072596809728452_197732134494918768_n-585x439.jpg\" alt=\"\" title=\"242203107_3072596809728452_197732134494918768_n\"><\/a><a class=\"item-gallery-justified\" href=\"https:\/\/www.sitsesp.org.br\/novo\/wp-content\/uploads\/2021\/09\/242183884_3072341039754029_2141479765812662943_n.jpg\"><img decoding=\"async\" src=\"https:\/\/www.sitsesp.org.br\/novo\/wp-content\/uploads\/2021\/09\/242183884_3072341039754029_2141479765812662943_n-585x439.jpg\" alt=\"\" title=\"242183884_3072341039754029_2141479765812662943_n\"><\/a><a class=\"item-gallery-justified\" href=\"https:\/\/www.sitsesp.org.br\/novo\/wp-content\/uploads\/2021\/09\/242229256_3072341053087361_7467612020446423470_n.jpg\"><img decoding=\"async\" src=\"https:\/\/www.sitsesp.org.br\/novo\/wp-content\/uploads\/2021\/09\/242229256_3072341053087361_7467612020446423470_n-585x439.jpg\" alt=\"\" title=\"242229256_3072341053087361_7467612020446423470_n\"><\/a><a class=\"item-gallery-justified\" href=\"https:\/\/www.sitsesp.org.br\/novo\/wp-content\/uploads\/2021\/09\/32df5715-83e2-4434-bba3-be433c954396.jpg\"><img decoding=\"async\" src=\"https:\/\/www.sitsesp.org.br\/novo\/wp-content\/uploads\/2021\/09\/32df5715-83e2-4434-bba3-be433c954396-585x439.jpg\" alt=\"\" title=\"32df5715-83e2-4434-bba3-be433c954396\"><\/a><\/div>\n","protected":false},"excerpt":{"rendered":"<p>Ol\u00e1 categoria! Durante a semana os dirigentes sindicais realizaram visitas a diversas unidades da Funda\u00e7\u00e3o com o objetivo de construir a&hellip;<\/p>\n","protected":false},"author":5,"featured_media":7117,"comment_status":"open","ping_status":"open","sticky":false,"template":"","format":"standard","meta":{"cybocfi_hide_featured_image":"","footnotes":""},"categories":[27,22],"tags":[],"yoast_head":"<!-- This site is optimized with the Yoast SEO plugin v22.8 - https:\/\/yoast.com\/wordpress\/plugins\/seo\/ -->\n<title>SITSESP EM MOVIMENTO: Dirigentes sindicais realizaram visitas a diversas unidades da Funda\u00e7\u00e3o - SITSESP<\/title>\n<meta name=\"description\" content=\"Durante a semana os dirigentes sindicais realizaram visitas a diversas unidades da Funda\u00e7\u00e3o com o objetivo de construir a campanha salarial 2022, atualizar os servidores sobre o andamento dos processos jur\u00eddicos, ouvir as reivindica\u00e7\u00f5es da base e entregar o novo boletim do SITSESP.\" \/>\n<meta name=\"robots\" content=\"index, follow, max-snippet:-1, max-image-preview:large, max-video-preview:-1\" \/>\n<link rel=\"canonical\" href=\"https:\/\/www.sitsesp.org.br\/novo\/sitsesp-em-movimento-dirigentes-sindicais-realizaram-visitas-a-diversas-unidades-da-fundacao\/\" \/>\n<meta property=\"og:locale\" content=\"pt_BR\" \/>\n<meta property=\"og:type\" content=\"article\" \/>\n<meta property=\"og:title\" content=\"SITSESP EM MOVIMENTO: Dirigentes sindicais realizaram visitas a diversas unidades da Funda\u00e7\u00e3o - SITSESP\" \/>\n<meta property=\"og:description\" content=\"Durante a semana os dirigentes sindicais realizaram visitas a diversas unidades da Funda\u00e7\u00e3o com o objetivo de construir a campanha salarial 2022, atualizar os servidores sobre o andamento dos processos jur\u00eddicos, ouvir as reivindica\u00e7\u00f5es da base e entregar o novo boletim do SITSESP.\" \/>\n<meta property=\"og:url\" content=\"https:\/\/www.sitsesp.org.br\/novo\/sitsesp-em-movimento-dirigentes-sindicais-realizaram-visitas-a-diversas-unidades-da-fundacao\/\" \/>\n<meta property=\"og:site_name\" content=\"SITSESP\" \/>\n<meta property=\"article:published_time\" content=\"2021-09-19T13:12:04+00:00\" \/>\n<meta property=\"article:modified_time\" content=\"2021-09-19T13:14:47+00:00\" \/>\n<meta property=\"og:image\" content=\"https:\/\/www.sitsesp.org.br\/novo\/wp-content\/uploads\/2021\/09\/242164629_3072596793061787_8552584735250087497_n.jpg\" \/>\n\t<meta property=\"og:image:width\" content=\"800\" \/>\n\t<meta property=\"og:image:height\" content=\"600\" \/>\n\t<meta property=\"og:image:type\" content=\"image\/jpeg\" \/>\n<meta name=\"author\" content=\"imprensa\" \/>\n<meta name=\"twitter:card\" content=\"summary_large_image\" \/>\n<meta name=\"twitter:label1\" content=\"Escrito por\" \/>\n\t<meta name=\"twitter:data1\" content=\"imprensa\" \/>\n\t<meta name=\"twitter:label2\" content=\"Est. tempo de leitura\" \/>\n\t<meta name=\"twitter:data2\" content=\"1 minuto\" \/>\n<script type=\"application\/ld+json\" class=\"yoast-schema-graph\">{\"@context\":\"https:\/\/schema.org\",\"@graph\":[{\"@type\":\"Article\",\"@id\":\"https:\/\/www.sitsesp.org.br\/novo\/sitsesp-em-movimento-dirigentes-sindicais-realizaram-visitas-a-diversas-unidades-da-fundacao\/#article\",\"isPartOf\":{\"@id\":\"https:\/\/www.sitsesp.org.br\/novo\/sitsesp-em-movimento-dirigentes-sindicais-realizaram-visitas-a-diversas-unidades-da-fundacao\/\"},\"author\":{\"name\":\"imprensa\",\"@id\":\"https:\/\/www.sitsesp.org.br\/novo\/#\/schema\/person\/28e42eec160f373e81d0183b3643edbf\"},\"headline\":\"SITSESP EM MOVIMENTO: Dirigentes sindicais realizaram visitas a diversas unidades da Funda\u00e7\u00e3o\",\"datePublished\":\"2021-09-19T13:12:04+00:00\",\"dateModified\":\"2021-09-19T13:14:47+00:00\",\"mainEntityOfPage\":{\"@id\":\"https:\/\/www.sitsesp.org.br\/novo\/sitsesp-em-movimento-dirigentes-sindicais-realizaram-visitas-a-diversas-unidades-da-fundacao\/\"},\"wordCount\":140,\"commentCount\":0,\"publisher\":{\"@id\":\"https:\/\/www.sitsesp.org.br\/novo\/#organization\"},\"image\":{\"@id\":\"https:\/\/www.sitsesp.org.br\/novo\/sitsesp-em-movimento-dirigentes-sindicais-realizaram-visitas-a-diversas-unidades-da-fundacao\/#primaryimage\"},\"thumbnailUrl\":\"https:\/\/www.sitsesp.org.br\/novo\/wp-content\/uploads\/2021\/09\/242164629_3072596793061787_8552584735250087497_n.jpg\",\"articleSection\":[\"Destaque\",\"Noticias\"],\"inLanguage\":\"pt-BR\",\"potentialAction\":[{\"@type\":\"CommentAction\",\"name\":\"Comment\",\"target\":[\"https:\/\/www.sitsesp.org.br\/novo\/sitsesp-em-movimento-dirigentes-sindicais-realizaram-visitas-a-diversas-unidades-da-fundacao\/#respond\"]}]},{\"@type\":\"WebPage\",\"@id\":\"https:\/\/www.sitsesp.org.br\/novo\/sitsesp-em-movimento-dirigentes-sindicais-realizaram-visitas-a-diversas-unidades-da-fundacao\/\",\"url\":\"https:\/\/www.sitsesp.org.br\/novo\/sitsesp-em-movimento-dirigentes-sindicais-realizaram-visitas-a-diversas-unidades-da-fundacao\/\",\"name\":\"SITSESP EM MOVIMENTO: Dirigentes sindicais realizaram visitas a diversas unidades da Funda\u00e7\u00e3o - SITSESP\",\"isPartOf\":{\"@id\":\"https:\/\/www.sitsesp.org.br\/novo\/#website\"},\"primaryImageOfPage\":{\"@id\":\"https:\/\/www.sitsesp.org.br\/novo\/sitsesp-em-movimento-dirigentes-sindicais-realizaram-visitas-a-diversas-unidades-da-fundacao\/#primaryimage\"},\"image\":{\"@id\":\"https:\/\/www.sitsesp.org.br\/novo\/sitsesp-em-movimento-dirigentes-sindicais-realizaram-visitas-a-diversas-unidades-da-fundacao\/#primaryimage\"},\"thumbnailUrl\":\"https:\/\/www.sitsesp.org.br\/novo\/wp-content\/uploads\/2021\/09\/242164629_3072596793061787_8552584735250087497_n.jpg\",\"datePublished\":\"2021-09-19T13:12:04+00:00\",\"dateModified\":\"2021-09-19T13:14:47+00:00\",\"description\":\"Durante a semana os dirigentes sindicais realizaram visitas a diversas unidades da Funda\u00e7\u00e3o com o objetivo de construir a campanha salarial 2022, atualizar os servidores sobre o andamento dos processos jur\u00eddicos, ouvir as reivindica\u00e7\u00f5es da base e entregar o novo boletim do SITSESP.\",\"breadcrumb\":{\"@id\":\"https:\/\/www.sitsesp.org.br\/novo\/sitsesp-em-movimento-dirigentes-sindicais-realizaram-visitas-a-diversas-unidades-da-fundacao\/#breadcrumb\"},\"inLanguage\":\"pt-BR\",\"potentialAction\":[{\"@type\":\"ReadAction\",\"target\":[\"https:\/\/www.sitsesp.org.br\/novo\/sitsesp-em-movimento-dirigentes-sindicais-realizaram-visitas-a-diversas-unidades-da-fundacao\/\"]}]},{\"@type\":\"ImageObject\",\"inLanguage\":\"pt-BR\",\"@id\":\"https:\/\/www.sitsesp.org.br\/novo\/sitsesp-em-movimento-dirigentes-sindicais-realizaram-visitas-a-diversas-unidades-da-fundacao\/#primaryimage\",\"url\":\"https:\/\/www.sitsesp.org.br\/novo\/wp-content\/uploads\/2021\/09\/242164629_3072596793061787_8552584735250087497_n.jpg\",\"contentUrl\":\"https:\/\/www.sitsesp.org.br\/novo\/wp-content\/uploads\/2021\/09\/242164629_3072596793061787_8552584735250087497_n.jpg\",\"width\":800,\"height\":600},{\"@type\":\"BreadcrumbList\",\"@id\":\"https:\/\/www.sitsesp.org.br\/novo\/sitsesp-em-movimento-dirigentes-sindicais-realizaram-visitas-a-diversas-unidades-da-fundacao\/#breadcrumb\",\"itemListElement\":[{\"@type\":\"ListItem\",\"position\":1,\"name\":\"In\u00edcio\",\"item\":\"https:\/\/www.sitsesp.org.br\/novo\/\"},{\"@type\":\"ListItem\",\"position\":2,\"name\":\"SITSESP EM MOVIMENTO: Dirigentes sindicais realizaram visitas a diversas unidades da Funda\u00e7\u00e3o\"}]},{\"@type\":\"WebSite\",\"@id\":\"https:\/\/www.sitsesp.org.br\/novo\/#website\",\"url\":\"https:\/\/www.sitsesp.org.br\/novo\/\",\"name\":\"Sitsesp\",\"description\":\"SIndicato da Socioeduca\u00e7\u00e3o do Estado de S\u00e3o Paulo\",\"publisher\":{\"@id\":\"https:\/\/www.sitsesp.org.br\/novo\/#organization\"},\"potentialAction\":[{\"@type\":\"SearchAction\",\"target\":{\"@type\":\"EntryPoint\",\"urlTemplate\":\"https:\/\/www.sitsesp.org.br\/novo\/?s={search_term_string}\"},\"query-input\":\"required name=search_term_string\"}],\"inLanguage\":\"pt-BR\"},{\"@type\":\"Organization\",\"@id\":\"https:\/\/www.sitsesp.org.br\/novo\/#organization\",\"name\":\"Sitsesp\",\"url\":\"https:\/\/www.sitsesp.org.br\/novo\/\",\"logo\":{\"@type\":\"ImageObject\",\"inLanguage\":\"pt-BR\",\"@id\":\"https:\/\/www.sitsesp.org.br\/novo\/#\/schema\/logo\/image\/\",\"url\":\"https:\/\/www.sitsesp.org.br\/novo\/wp-content\/uploads\/2020\/09\/Design-sem-nome-1.jpg\",\"contentUrl\":\"https:\/\/www.sitsesp.org.br\/novo\/wp-content\/uploads\/2020\/09\/Design-sem-nome-1.jpg\",\"width\":300,\"height\":300,\"caption\":\"Sitsesp\"},\"image\":{\"@id\":\"https:\/\/www.sitsesp.org.br\/novo\/#\/schema\/logo\/image\/\"}},{\"@type\":\"Person\",\"@id\":\"https:\/\/www.sitsesp.org.br\/novo\/#\/schema\/person\/28e42eec160f373e81d0183b3643edbf\",\"name\":\"imprensa\",\"image\":{\"@type\":\"ImageObject\",\"inLanguage\":\"pt-BR\",\"@id\":\"https:\/\/www.sitsesp.org.br\/novo\/#\/schema\/person\/image\/\",\"url\":\"https:\/\/secure.gravatar.com\/avatar\/8d6ccd8d7d52b8959f34154e87d3fa29?s=96&d=mm&r=g\",\"contentUrl\":\"https:\/\/secure.gravatar.com\/avatar\/8d6ccd8d7d52b8959f34154e87d3fa29?s=96&d=mm&r=g\",\"caption\":\"imprensa\"}}]}<\/script>\n<!-- \/ Yoast SEO plugin. -->","yoast_head_json":{"title":"SITSESP EM MOVIMENTO: Dirigentes sindicais realizaram visitas a diversas unidades da Funda\u00e7\u00e3o - SITSESP","description":"Durante a semana os dirigentes sindicais realizaram visitas a diversas unidades da Funda\u00e7\u00e3o com o objetivo de construir a campanha salarial 2022, atualizar os servidores sobre o andamento dos processos jur\u00eddicos, ouvir as reivindica\u00e7\u00f5es da base e entregar o novo boletim do SITSESP.","robots":{"index":"index","follow":"follow","max-snippet":"max-snippet:-1","max-image-preview":"max-image-preview:large","max-video-preview":"max-video-preview:-1"},"canonical":"https:\/\/www.sitsesp.org.br\/novo\/sitsesp-em-movimento-dirigentes-sindicais-realizaram-visitas-a-diversas-unidades-da-fundacao\/","og_locale":"pt_BR","og_type":"article","og_title":"SITSESP EM MOVIMENTO: Dirigentes sindicais realizaram visitas a diversas unidades da Funda\u00e7\u00e3o - SITSESP","og_description":"Durante a semana os dirigentes sindicais realizaram visitas a diversas unidades da Funda\u00e7\u00e3o com o objetivo de construir a campanha salarial 2022, atualizar os servidores sobre o andamento dos processos jur\u00eddicos, ouvir as reivindica\u00e7\u00f5es da base e entregar o novo boletim do SITSESP.","og_url":"https:\/\/www.sitsesp.org.br\/novo\/sitsesp-em-movimento-dirigentes-sindicais-realizaram-visitas-a-diversas-unidades-da-fundacao\/","og_site_name":"SITSESP","article_published_time":"2021-09-19T13:12:04+00:00","article_modified_time":"2021-09-19T13:14:47+00:00","og_image":[{"width":800,"height":600,"url":"https:\/\/www.sitsesp.org.br\/novo\/wp-content\/uploads\/2021\/09\/242164629_3072596793061787_8552584735250087497_n.jpg","type":"image\/jpeg"}],"author":"imprensa","twitter_card":"summary_large_image","twitter_misc":{"Escrito por":"imprensa","Est. tempo de leitura":"1 minuto"},"schema":{"@context":"https:\/\/schema.org","@graph":[{"@type":"Article","@id":"https:\/\/www.sitsesp.org.br\/novo\/sitsesp-em-movimento-dirigentes-sindicais-realizaram-visitas-a-diversas-unidades-da-fundacao\/#article","isPartOf":{"@id":"https:\/\/www.sitsesp.org.br\/novo\/sitsesp-em-movimento-dirigentes-sindicais-realizaram-visitas-a-diversas-unidades-da-fundacao\/"},"author":{"name":"imprensa","@id":"https:\/\/www.sitsesp.org.br\/novo\/#\/schema\/person\/28e42eec160f373e81d0183b3643edbf"},"headline":"SITSESP EM MOVIMENTO: Dirigentes sindicais realizaram visitas a diversas unidades da Funda\u00e7\u00e3o","datePublished":"2021-09-19T13:12:04+00:00","dateModified":"2021-09-19T13:14:47+00:00","mainEntityOfPage":{"@id":"https:\/\/www.sitsesp.org.br\/novo\/sitsesp-em-movimento-dirigentes-sindicais-realizaram-visitas-a-diversas-unidades-da-fundacao\/"},"wordCount":140,"commentCount":0,"publisher":{"@id":"https:\/\/www.sitsesp.org.br\/novo\/#organization"},"image":{"@id":"https:\/\/www.sitsesp.org.br\/novo\/sitsesp-em-movimento-dirigentes-sindicais-realizaram-visitas-a-diversas-unidades-da-fundacao\/#primaryimage"},"thumbnailUrl":"https:\/\/www.sitsesp.org.br\/novo\/wp-content\/uploads\/2021\/09\/242164629_3072596793061787_8552584735250087497_n.jpg","articleSection":["Destaque","Noticias"],"inLanguage":"pt-BR","potentialAction":[{"@type":"CommentAction","name":"Comment","target":["https:\/\/www.sitsesp.org.br\/novo\/sitsesp-em-movimento-dirigentes-sindicais-realizaram-visitas-a-diversas-unidades-da-fundacao\/#respond"]}]},{"@type":"WebPage","@id":"https:\/\/www.sitsesp.org.br\/novo\/sitsesp-em-movimento-dirigentes-sindicais-realizaram-visitas-a-diversas-unidades-da-fundacao\/","url":"https:\/\/www.sitsesp.org.br\/novo\/sitsesp-em-movimento-dirigentes-sindicais-realizaram-visitas-a-diversas-unidades-da-fundacao\/","name":"SITSESP EM MOVIMENTO: Dirigentes sindicais realizaram visitas a diversas unidades da Funda\u00e7\u00e3o - SITSESP","isPartOf":{"@id":"https:\/\/www.sitsesp.org.br\/novo\/#website"},"primaryImageOfPage":{"@id":"https:\/\/www.sitsesp.org.br\/novo\/sitsesp-em-movimento-dirigentes-sindicais-realizaram-visitas-a-diversas-unidades-da-fundacao\/#primaryimage"},"image":{"@id":"https:\/\/www.sitsesp.org.br\/novo\/sitsesp-em-movimento-dirigentes-sindicais-realizaram-visitas-a-diversas-unidades-da-fundacao\/#primaryimage"},"thumbnailUrl":"https:\/\/www.sitsesp.org.br\/novo\/wp-content\/uploads\/2021\/09\/242164629_3072596793061787_8552584735250087497_n.jpg","datePublished":"2021-09-19T13:12:04+00:00","dateModified":"2021-09-19T13:14:47+00:00","description":"Durante a semana os dirigentes sindicais realizaram visitas a diversas unidades da Funda\u00e7\u00e3o com o objetivo de construir a campanha salarial 2022, atualizar os servidores sobre o andamento dos processos jur\u00eddicos, ouvir as reivindica\u00e7\u00f5es da base e entregar o novo boletim do SITSESP.","breadcrumb":{"@id":"https:\/\/www.sitsesp.org.br\/novo\/sitsesp-em-movimento-dirigentes-sindicais-realizaram-visitas-a-diversas-unidades-da-fundacao\/#breadcrumb"},"inLanguage":"pt-BR","potentialAction":[{"@type":"ReadAction","target":["https:\/\/www.sitsesp.org.br\/novo\/sitsesp-em-movimento-dirigentes-sindicais-realizaram-visitas-a-diversas-unidades-da-fundacao\/"]}]},{"@type":"ImageObject","inLanguage":"pt-BR","@id":"https:\/\/www.sitsesp.org.br\/novo\/sitsesp-em-movimento-dirigentes-sindicais-realizaram-visitas-a-diversas-unidades-da-fundacao\/#primaryimage","url":"https:\/\/www.sitsesp.org.br\/novo\/wp-content\/uploads\/2021\/09\/242164629_3072596793061787_8552584735250087497_n.jpg","contentUrl":"https:\/\/www.sitsesp.org.br\/novo\/wp-content\/uploads\/2021\/09\/242164629_3072596793061787_8552584735250087497_n.jpg","width":800,"height":600},{"@type":"BreadcrumbList","@id":"https:\/\/www.sitsesp.org.br\/novo\/sitsesp-em-movimento-dirigentes-sindicais-realizaram-visitas-a-diversas-unidades-da-fundacao\/#breadcrumb","itemListElement":[{"@type":"ListItem","position":1,"name":"In\u00edcio","item":"https:\/\/www.sitsesp.org.br\/novo\/"},{"@type":"ListItem","position":2,"name":"SITSESP EM MOVIMENTO: Dirigentes sindicais realizaram visitas a diversas unidades da Funda\u00e7\u00e3o"}]},{"@type":"WebSite","@id":"https:\/\/www.sitsesp.org.br\/novo\/#website","url":"https:\/\/www.sitsesp.org.br\/novo\/","name":"Sitsesp","description":"SIndicato da Socioeduca\u00e7\u00e3o do Estado de S\u00e3o Paulo","publisher":{"@id":"https:\/\/www.sitsesp.org.br\/novo\/#organization"},"potentialAction":[{"@type":"SearchAction","target":{"@type":"EntryPoint","urlTemplate":"https:\/\/www.sitsesp.org.br\/novo\/?s={search_term_string}"},"query-input":"required name=search_term_string"}],"inLanguage":"pt-BR"},{"@type":"Organization","@id":"https:\/\/www.sitsesp.org.br\/novo\/#organization","name":"Sitsesp","url":"https:\/\/www.sitsesp.org.br\/novo\/","logo":{"@type":"ImageObject","inLanguage":"pt-BR","@id":"https:\/\/www.sitsesp.org.br\/novo\/#\/schema\/logo\/image\/","url":"https:\/\/www.sitsesp.org.br\/novo\/wp-content\/uploads\/2020\/09\/Design-sem-nome-1.jpg","contentUrl":"https:\/\/www.sitsesp.org.br\/novo\/wp-content\/uploads\/2020\/09\/Design-sem-nome-1.jpg","width":300,"height":300,"caption":"Sitsesp"},"image":{"@id":"https:\/\/www.sitsesp.org.br\/novo\/#\/schema\/logo\/image\/"}},{"@type":"Person","@id":"https:\/\/www.sitsesp.org.br\/novo\/#\/schema\/person\/28e42eec160f373e81d0183b3643edbf","name":"imprensa","image":{"@type":"ImageObject","inLanguage":"pt-BR","@id":"https:\/\/www.sitsesp.org.br\/novo\/#\/schema\/person\/image\/","url":"https:\/\/secure.gravatar.com\/avatar\/8d6ccd8d7d52b8959f34154e87d3fa29?s=96&d=mm&r=g","contentUrl":"https:\/\/secure.gravatar.com\/avatar\/8d6ccd8d7d52b8959f34154e87d3fa29?s=96&d=mm&r=g","caption":"imprensa"}}]}},"_links":{"self":[{"href":"https:\/\/www.sitsesp.org.br\/novo\/wp-json\/wp\/v2\/posts\/7110"}],"collection":[{"href":"https:\/\/www.sitsesp.org.br\/novo\/wp-json\/wp\/v2\/posts"}],"about":[{"href":"https:\/\/www.sitsesp.org.br\/novo\/wp-json\/wp\/v2\/types\/post"}],"author":[{"embeddable":true,"href":"https:\/\/www.sitsesp.org.br\/novo\/wp-json\/wp\/v2\/users\/5"}],"replies":[{"embeddable":true,"href":"https:\/\/www.sitsesp.org.br\/novo\/wp-json\/wp\/v2\/comments?post=7110"}],"version-history":[{"count":2,"href":"https:\/\/www.sitsesp.org.br\/novo\/wp-json\/wp\/v2\/posts\/7110\/revisions"}],"predecessor-version":[{"id":7123,"href":"https:\/\/www.sitsesp.org.br\/novo\/wp-json\/wp\/v2\/posts\/7110\/revisions\/7123"}],"wp:featuredmedia":[{"embeddable":true,"href":"https:\/\/www.sitsesp.org.br\/novo\/wp-json\/wp\/v2\/media\/7117"}],"wp:attachment":[{"href":"https:\/\/www.sitsesp.org.br\/novo\/wp-json\/wp\/v2\/media?parent=7110"}],"wp:term":[{"taxonomy":"category","embeddable":true,"href":"https:\/\/www.sitsesp.org.br\/novo\/wp-json\/wp\/v2\/categories?post=7110"},{"taxonomy":"post_tag","embeddable":true,"href":"https:\/\/www.sitsesp.org.br\/novo\/wp-json\/wp\/v2\/tags?post=7110"}],"curies":[{"name":"wp","href":"https:\/\/api.w.org\/{rel}","templated":true}]}}