{"id":7124,"date":"2021-09-20T13:44:58","date_gmt":"2021-09-20T16:44:58","guid":{"rendered":"https:\/\/sitsesp.org.br\/novo\/?p=7124"},"modified":"2021-09-20T13:44:58","modified_gmt":"2021-09-20T16:44:58","slug":"centenario-de-paulo-freire","status":"publish","type":"post","link":"https:\/\/www.sitsesp.org.br\/novo\/centenario-de-paulo-freire\/","title":{"rendered":"Centen\u00e1rio de Paulo Freire"},"content":{"rendered":"<p><!-- VideographyWP Plugin Message: Automatic video embedding prevented by plugin options. --><br \/>\nS\u00e3o 24 anos sem Paulo Freire. No \u00faltimo domingo, 19 de setembro de 2021, ele completaria 100 anos.<\/p>\n<p>Paulo Freire foi um educador e fil\u00f3sofo brasileiro, considerado um dos pensadores mais not\u00e1veis na hist\u00f3ria da pedagogia mundial, tendo influenciado o movimento chamado pedagogia cr\u00edtica. \u00c9 tamb\u00e9m o patrono da educa\u00e7\u00e3o brasileira.<\/p>\n<p>Freire, em seu livro Pedagogia do Oprimido, defendia como objetivo da escola ensinar o aluno a \u201cler o mundo\u201d para transform\u00e1-lo.<\/p>\n<p>Segundo Freire o objetivo maior da educa\u00e7\u00e3o \u00e9 conscientizar o aluno.<\/p>\n<p>\u201c<em>A pedagogia freiriana requer rebeldia, no sentido da resist\u00eancia em se manter vivo para lutar contra injusti\u00e7as e ter for\u00e7as para denunciar situa\u00e7\u00f5es de opress\u00e3o: desemprego, fome, viol\u00eancia, aliena\u00e7\u00e3o, corrup\u00e7\u00e3o s\u00e3o quest\u00f5es que n\u00e3o podem ser naturalizadas, por isso a resigna\u00e7\u00e3o e o conformismo das massas s\u00f3 interessa aos grupos dominantes, que trabalham, atrav\u00e9s da ideologia, para lhes inculcar que a responsabilidade da situa\u00e7\u00e3o em que se encontram \u00e9 culpa de suas pr\u00f3prias escolhas.<\/em>\u201d. (Luiz Eduardo Neves dos Santos, no Blog da Boitempo)<\/p>\n<p>Paulo Freire, Presente!<\/p>\n","protected":false},"excerpt":{"rendered":"<p>S\u00e3o 24 anos sem Paulo Freire. No \u00faltimo domingo, 19 de setembro de 2021, ele completaria 100 anos. Paulo Freire foi&hellip;<\/p>\n","protected":false},"author":5,"featured_media":7125,"comment_status":"open","ping_status":"open","sticky":false,"template":"","format":"standard","meta":{"cybocfi_hide_featured_image":"","footnotes":""},"categories":[27,22],"tags":[37,39],"yoast_head":"<!-- This site is optimized with the Yoast SEO plugin v22.8 - https:\/\/yoast.com\/wordpress\/plugins\/seo\/ -->\n<title>Centen\u00e1rio de Paulo Freire - SITSESP<\/title>\n<meta name=\"description\" content=\"Paulo Freire foi um educador e fil\u00f3sofo brasileiro, considerado um dos pensadores mais not\u00e1veis na hist\u00f3ria da pedagogia mundial, tendo influenciado o movimento chamado pedagogia cr\u00edtica. \u00c9 tamb\u00e9m o patrono da educa\u00e7\u00e3o brasileira.\" \/>\n<meta name=\"robots\" content=\"index, follow, max-snippet:-1, max-image-preview:large, max-video-preview:-1\" \/>\n<link rel=\"canonical\" href=\"https:\/\/www.sitsesp.org.br\/novo\/centenario-de-paulo-freire\/\" \/>\n<meta property=\"og:locale\" content=\"pt_BR\" \/>\n<meta property=\"og:type\" content=\"article\" \/>\n<meta property=\"og:title\" content=\"Centen\u00e1rio de Paulo Freire - SITSESP\" \/>\n<meta property=\"og:description\" content=\"Paulo Freire foi um educador e fil\u00f3sofo brasileiro, considerado um dos pensadores mais not\u00e1veis na hist\u00f3ria da pedagogia mundial, tendo influenciado o movimento chamado pedagogia cr\u00edtica. \u00c9 tamb\u00e9m o patrono da educa\u00e7\u00e3o brasileira.\" \/>\n<meta property=\"og:url\" content=\"https:\/\/www.sitsesp.org.br\/novo\/centenario-de-paulo-freire\/\" \/>\n<meta property=\"og:site_name\" content=\"SITSESP\" \/>\n<meta property=\"article:published_time\" content=\"2021-09-20T16:44:58+00:00\" \/>\n<meta property=\"og:image\" content=\"https:\/\/www.sitsesp.org.br\/novo\/wp-content\/uploads\/2021\/09\/PAULOFREIRE.jpg\" \/>\n\t<meta property=\"og:image:width\" content=\"800\" \/>\n\t<meta property=\"og:image:height\" content=\"800\" \/>\n\t<meta property=\"og:image:type\" content=\"image\/jpeg\" \/>\n<meta name=\"author\" content=\"imprensa\" \/>\n<meta name=\"twitter:card\" content=\"summary_large_image\" \/>\n<meta name=\"twitter:label1\" content=\"Escrito por\" \/>\n\t<meta name=\"twitter:data1\" content=\"imprensa\" \/>\n\t<meta name=\"twitter:label2\" content=\"Est. tempo de leitura\" \/>\n\t<meta name=\"twitter:data2\" content=\"1 minuto\" \/>\n<script type=\"application\/ld+json\" class=\"yoast-schema-graph\">{\"@context\":\"https:\/\/schema.org\",\"@graph\":[{\"@type\":\"Article\",\"@id\":\"https:\/\/www.sitsesp.org.br\/novo\/centenario-de-paulo-freire\/#article\",\"isPartOf\":{\"@id\":\"https:\/\/www.sitsesp.org.br\/novo\/centenario-de-paulo-freire\/\"},\"author\":{\"name\":\"imprensa\",\"@id\":\"https:\/\/www.sitsesp.org.br\/novo\/#\/schema\/person\/28e42eec160f373e81d0183b3643edbf\"},\"headline\":\"Centen\u00e1rio de Paulo Freire\",\"datePublished\":\"2021-09-20T16:44:58+00:00\",\"dateModified\":\"2021-09-20T16:44:58+00:00\",\"mainEntityOfPage\":{\"@id\":\"https:\/\/www.sitsesp.org.br\/novo\/centenario-de-paulo-freire\/\"},\"wordCount\":191,\"commentCount\":0,\"publisher\":{\"@id\":\"https:\/\/www.sitsesp.org.br\/novo\/#organization\"},\"image\":{\"@id\":\"https:\/\/www.sitsesp.org.br\/novo\/centenario-de-paulo-freire\/#primaryimage\"},\"thumbnailUrl\":\"https:\/\/www.sitsesp.org.br\/novo\/wp-content\/uploads\/2021\/09\/PAULOFREIRE.jpg\",\"keywords\":[\"SITSESP\",\"SOCIOEDUCA\u00c7\u00c3O\"],\"articleSection\":[\"Destaque\",\"Noticias\"],\"inLanguage\":\"pt-BR\",\"potentialAction\":[{\"@type\":\"CommentAction\",\"name\":\"Comment\",\"target\":[\"https:\/\/www.sitsesp.org.br\/novo\/centenario-de-paulo-freire\/#respond\"]}]},{\"@type\":\"WebPage\",\"@id\":\"https:\/\/www.sitsesp.org.br\/novo\/centenario-de-paulo-freire\/\",\"url\":\"https:\/\/www.sitsesp.org.br\/novo\/centenario-de-paulo-freire\/\",\"name\":\"Centen\u00e1rio de Paulo Freire - SITSESP\",\"isPartOf\":{\"@id\":\"https:\/\/www.sitsesp.org.br\/novo\/#website\"},\"primaryImageOfPage\":{\"@id\":\"https:\/\/www.sitsesp.org.br\/novo\/centenario-de-paulo-freire\/#primaryimage\"},\"image\":{\"@id\":\"https:\/\/www.sitsesp.org.br\/novo\/centenario-de-paulo-freire\/#primaryimage\"},\"thumbnailUrl\":\"https:\/\/www.sitsesp.org.br\/novo\/wp-content\/uploads\/2021\/09\/PAULOFREIRE.jpg\",\"datePublished\":\"2021-09-20T16:44:58+00:00\",\"dateModified\":\"2021-09-20T16:44:58+00:00\",\"description\":\"Paulo Freire foi um educador e fil\u00f3sofo brasileiro, considerado um dos pensadores mais not\u00e1veis na hist\u00f3ria da pedagogia mundial, tendo influenciado o movimento chamado pedagogia cr\u00edtica. \u00c9 tamb\u00e9m o patrono da educa\u00e7\u00e3o brasileira.\",\"breadcrumb\":{\"@id\":\"https:\/\/www.sitsesp.org.br\/novo\/centenario-de-paulo-freire\/#breadcrumb\"},\"inLanguage\":\"pt-BR\",\"potentialAction\":[{\"@type\":\"ReadAction\",\"target\":[\"https:\/\/www.sitsesp.org.br\/novo\/centenario-de-paulo-freire\/\"]}]},{\"@type\":\"ImageObject\",\"inLanguage\":\"pt-BR\",\"@id\":\"https:\/\/www.sitsesp.org.br\/novo\/centenario-de-paulo-freire\/#primaryimage\",\"url\":\"https:\/\/www.sitsesp.org.br\/novo\/wp-content\/uploads\/2021\/09\/PAULOFREIRE.jpg\",\"contentUrl\":\"https:\/\/www.sitsesp.org.br\/novo\/wp-content\/uploads\/2021\/09\/PAULOFREIRE.jpg\",\"width\":800,\"height\":800},{\"@type\":\"BreadcrumbList\",\"@id\":\"https:\/\/www.sitsesp.org.br\/novo\/centenario-de-paulo-freire\/#breadcrumb\",\"itemListElement\":[{\"@type\":\"ListItem\",\"position\":1,\"name\":\"In\u00edcio\",\"item\":\"https:\/\/www.sitsesp.org.br\/novo\/\"},{\"@type\":\"ListItem\",\"position\":2,\"name\":\"Centen\u00e1rio de Paulo Freire\"}]},{\"@type\":\"WebSite\",\"@id\":\"https:\/\/www.sitsesp.org.br\/novo\/#website\",\"url\":\"https:\/\/www.sitsesp.org.br\/novo\/\",\"name\":\"Sitsesp\",\"description\":\"SIndicato da Socioeduca\u00e7\u00e3o do Estado de S\u00e3o Paulo\",\"publisher\":{\"@id\":\"https:\/\/www.sitsesp.org.br\/novo\/#organization\"},\"potentialAction\":[{\"@type\":\"SearchAction\",\"target\":{\"@type\":\"EntryPoint\",\"urlTemplate\":\"https:\/\/www.sitsesp.org.br\/novo\/?s={search_term_string}\"},\"query-input\":\"required name=search_term_string\"}],\"inLanguage\":\"pt-BR\"},{\"@type\":\"Organization\",\"@id\":\"https:\/\/www.sitsesp.org.br\/novo\/#organization\",\"name\":\"Sitsesp\",\"url\":\"https:\/\/www.sitsesp.org.br\/novo\/\",\"logo\":{\"@type\":\"ImageObject\",\"inLanguage\":\"pt-BR\",\"@id\":\"https:\/\/www.sitsesp.org.br\/novo\/#\/schema\/logo\/image\/\",\"url\":\"https:\/\/www.sitsesp.org.br\/novo\/wp-content\/uploads\/2020\/09\/Design-sem-nome-1.jpg\",\"contentUrl\":\"https:\/\/www.sitsesp.org.br\/novo\/wp-content\/uploads\/2020\/09\/Design-sem-nome-1.jpg\",\"width\":300,\"height\":300,\"caption\":\"Sitsesp\"},\"image\":{\"@id\":\"https:\/\/www.sitsesp.org.br\/novo\/#\/schema\/logo\/image\/\"}},{\"@type\":\"Person\",\"@id\":\"https:\/\/www.sitsesp.org.br\/novo\/#\/schema\/person\/28e42eec160f373e81d0183b3643edbf\",\"name\":\"imprensa\",\"image\":{\"@type\":\"ImageObject\",\"inLanguage\":\"pt-BR\",\"@id\":\"https:\/\/www.sitsesp.org.br\/novo\/#\/schema\/person\/image\/\",\"url\":\"https:\/\/secure.gravatar.com\/avatar\/8d6ccd8d7d52b8959f34154e87d3fa29?s=96&d=mm&r=g\",\"contentUrl\":\"https:\/\/secure.gravatar.com\/avatar\/8d6ccd8d7d52b8959f34154e87d3fa29?s=96&d=mm&r=g\",\"caption\":\"imprensa\"}}]}<\/script>\n<!-- \/ Yoast SEO plugin. -->","yoast_head_json":{"title":"Centen\u00e1rio de Paulo Freire - SITSESP","description":"Paulo Freire foi um educador e fil\u00f3sofo brasileiro, considerado um dos pensadores mais not\u00e1veis na hist\u00f3ria da pedagogia mundial, tendo influenciado o movimento chamado pedagogia cr\u00edtica. \u00c9 tamb\u00e9m o patrono da educa\u00e7\u00e3o brasileira.","robots":{"index":"index","follow":"follow","max-snippet":"max-snippet:-1","max-image-preview":"max-image-preview:large","max-video-preview":"max-video-preview:-1"},"canonical":"https:\/\/www.sitsesp.org.br\/novo\/centenario-de-paulo-freire\/","og_locale":"pt_BR","og_type":"article","og_title":"Centen\u00e1rio de Paulo Freire - SITSESP","og_description":"Paulo Freire foi um educador e fil\u00f3sofo brasileiro, considerado um dos pensadores mais not\u00e1veis na hist\u00f3ria da pedagogia mundial, tendo influenciado o movimento chamado pedagogia cr\u00edtica. \u00c9 tamb\u00e9m o patrono da educa\u00e7\u00e3o brasileira.","og_url":"https:\/\/www.sitsesp.org.br\/novo\/centenario-de-paulo-freire\/","og_site_name":"SITSESP","article_published_time":"2021-09-20T16:44:58+00:00","og_image":[{"width":800,"height":800,"url":"https:\/\/www.sitsesp.org.br\/novo\/wp-content\/uploads\/2021\/09\/PAULOFREIRE.jpg","type":"image\/jpeg"}],"author":"imprensa","twitter_card":"summary_large_image","twitter_misc":{"Escrito por":"imprensa","Est. tempo de leitura":"1 minuto"},"schema":{"@context":"https:\/\/schema.org","@graph":[{"@type":"Article","@id":"https:\/\/www.sitsesp.org.br\/novo\/centenario-de-paulo-freire\/#article","isPartOf":{"@id":"https:\/\/www.sitsesp.org.br\/novo\/centenario-de-paulo-freire\/"},"author":{"name":"imprensa","@id":"https:\/\/www.sitsesp.org.br\/novo\/#\/schema\/person\/28e42eec160f373e81d0183b3643edbf"},"headline":"Centen\u00e1rio de Paulo Freire","datePublished":"2021-09-20T16:44:58+00:00","dateModified":"2021-09-20T16:44:58+00:00","mainEntityOfPage":{"@id":"https:\/\/www.sitsesp.org.br\/novo\/centenario-de-paulo-freire\/"},"wordCount":191,"commentCount":0,"publisher":{"@id":"https:\/\/www.sitsesp.org.br\/novo\/#organization"},"image":{"@id":"https:\/\/www.sitsesp.org.br\/novo\/centenario-de-paulo-freire\/#primaryimage"},"thumbnailUrl":"https:\/\/www.sitsesp.org.br\/novo\/wp-content\/uploads\/2021\/09\/PAULOFREIRE.jpg","keywords":["SITSESP","SOCIOEDUCA\u00c7\u00c3O"],"articleSection":["Destaque","Noticias"],"inLanguage":"pt-BR","potentialAction":[{"@type":"CommentAction","name":"Comment","target":["https:\/\/www.sitsesp.org.br\/novo\/centenario-de-paulo-freire\/#respond"]}]},{"@type":"WebPage","@id":"https:\/\/www.sitsesp.org.br\/novo\/centenario-de-paulo-freire\/","url":"https:\/\/www.sitsesp.org.br\/novo\/centenario-de-paulo-freire\/","name":"Centen\u00e1rio de Paulo Freire - SITSESP","isPartOf":{"@id":"https:\/\/www.sitsesp.org.br\/novo\/#website"},"primaryImageOfPage":{"@id":"https:\/\/www.sitsesp.org.br\/novo\/centenario-de-paulo-freire\/#primaryimage"},"image":{"@id":"https:\/\/www.sitsesp.org.br\/novo\/centenario-de-paulo-freire\/#primaryimage"},"thumbnailUrl":"https:\/\/www.sitsesp.org.br\/novo\/wp-content\/uploads\/2021\/09\/PAULOFREIRE.jpg","datePublished":"2021-09-20T16:44:58+00:00","dateModified":"2021-09-20T16:44:58+00:00","description":"Paulo Freire foi um educador e fil\u00f3sofo brasileiro, considerado um dos pensadores mais not\u00e1veis na hist\u00f3ria da pedagogia mundial, tendo influenciado o movimento chamado pedagogia cr\u00edtica. \u00c9 tamb\u00e9m o patrono da educa\u00e7\u00e3o brasileira.","breadcrumb":{"@id":"https:\/\/www.sitsesp.org.br\/novo\/centenario-de-paulo-freire\/#breadcrumb"},"inLanguage":"pt-BR","potentialAction":[{"@type":"ReadAction","target":["https:\/\/www.sitsesp.org.br\/novo\/centenario-de-paulo-freire\/"]}]},{"@type":"ImageObject","inLanguage":"pt-BR","@id":"https:\/\/www.sitsesp.org.br\/novo\/centenario-de-paulo-freire\/#primaryimage","url":"https:\/\/www.sitsesp.org.br\/novo\/wp-content\/uploads\/2021\/09\/PAULOFREIRE.jpg","contentUrl":"https:\/\/www.sitsesp.org.br\/novo\/wp-content\/uploads\/2021\/09\/PAULOFREIRE.jpg","width":800,"height":800},{"@type":"BreadcrumbList","@id":"https:\/\/www.sitsesp.org.br\/novo\/centenario-de-paulo-freire\/#breadcrumb","itemListElement":[{"@type":"ListItem","position":1,"name":"In\u00edcio","item":"https:\/\/www.sitsesp.org.br\/novo\/"},{"@type":"ListItem","position":2,"name":"Centen\u00e1rio de Paulo Freire"}]},{"@type":"WebSite","@id":"https:\/\/www.sitsesp.org.br\/novo\/#website","url":"https:\/\/www.sitsesp.org.br\/novo\/","name":"Sitsesp","description":"SIndicato da Socioeduca\u00e7\u00e3o do Estado de S\u00e3o Paulo","publisher":{"@id":"https:\/\/www.sitsesp.org.br\/novo\/#organization"},"potentialAction":[{"@type":"SearchAction","target":{"@type":"EntryPoint","urlTemplate":"https:\/\/www.sitsesp.org.br\/novo\/?s={search_term_string}"},"query-input":"required name=search_term_string"}],"inLanguage":"pt-BR"},{"@type":"Organization","@id":"https:\/\/www.sitsesp.org.br\/novo\/#organization","name":"Sitsesp","url":"https:\/\/www.sitsesp.org.br\/novo\/","logo":{"@type":"ImageObject","inLanguage":"pt-BR","@id":"https:\/\/www.sitsesp.org.br\/novo\/#\/schema\/logo\/image\/","url":"https:\/\/www.sitsesp.org.br\/novo\/wp-content\/uploads\/2020\/09\/Design-sem-nome-1.jpg","contentUrl":"https:\/\/www.sitsesp.org.br\/novo\/wp-content\/uploads\/2020\/09\/Design-sem-nome-1.jpg","width":300,"height":300,"caption":"Sitsesp"},"image":{"@id":"https:\/\/www.sitsesp.org.br\/novo\/#\/schema\/logo\/image\/"}},{"@type":"Person","@id":"https:\/\/www.sitsesp.org.br\/novo\/#\/schema\/person\/28e42eec160f373e81d0183b3643edbf","name":"imprensa","image":{"@type":"ImageObject","inLanguage":"pt-BR","@id":"https:\/\/www.sitsesp.org.br\/novo\/#\/schema\/person\/image\/","url":"https:\/\/secure.gravatar.com\/avatar\/8d6ccd8d7d52b8959f34154e87d3fa29?s=96&d=mm&r=g","contentUrl":"https:\/\/secure.gravatar.com\/avatar\/8d6ccd8d7d52b8959f34154e87d3fa29?s=96&d=mm&r=g","caption":"imprensa"}}]}},"_links":{"self":[{"href":"https:\/\/www.sitsesp.org.br\/novo\/wp-json\/wp\/v2\/posts\/7124"}],"collection":[{"href":"https:\/\/www.sitsesp.org.br\/novo\/wp-json\/wp\/v2\/posts"}],"about":[{"href":"https:\/\/www.sitsesp.org.br\/novo\/wp-json\/wp\/v2\/types\/post"}],"author":[{"embeddable":true,"href":"https:\/\/www.sitsesp.org.br\/novo\/wp-json\/wp\/v2\/users\/5"}],"replies":[{"embeddable":true,"href":"https:\/\/www.sitsesp.org.br\/novo\/wp-json\/wp\/v2\/comments?post=7124"}],"version-history":[{"count":2,"href":"https:\/\/www.sitsesp.org.br\/novo\/wp-json\/wp\/v2\/posts\/7124\/revisions"}],"predecessor-version":[{"id":7127,"href":"https:\/\/www.sitsesp.org.br\/novo\/wp-json\/wp\/v2\/posts\/7124\/revisions\/7127"}],"wp:featuredmedia":[{"embeddable":true,"href":"https:\/\/www.sitsesp.org.br\/novo\/wp-json\/wp\/v2\/media\/7125"}],"wp:attachment":[{"href":"https:\/\/www.sitsesp.org.br\/novo\/wp-json\/wp\/v2\/media?parent=7124"}],"wp:term":[{"taxonomy":"category","embeddable":true,"href":"https:\/\/www.sitsesp.org.br\/novo\/wp-json\/wp\/v2\/categories?post=7124"},{"taxonomy":"post_tag","embeddable":true,"href":"https:\/\/www.sitsesp.org.br\/novo\/wp-json\/wp\/v2\/tags?post=7124"}],"curies":[{"name":"wp","href":"https:\/\/api.w.org\/{rel}","templated":true}]}}