{"id":7141,"date":"2021-09-22T08:23:53","date_gmt":"2021-09-22T11:23:53","guid":{"rendered":"https:\/\/sitsesp.org.br\/novo\/?p=7141"},"modified":"2021-09-22T08:23:53","modified_gmt":"2021-09-22T11:23:53","slug":"e-com-muita-tristeza-que-anunciamos-o-falecimento-da-nossa-colega-assistente-social-valeria-do-casa-bom-retiro","status":"publish","type":"post","link":"https:\/\/www.sitsesp.org.br\/novo\/e-com-muita-tristeza-que-anunciamos-o-falecimento-da-nossa-colega-assistente-social-valeria-do-casa-bom-retiro\/","title":{"rendered":"\u00c9 com muita tristeza que anunciamos o falecimento da nossa colega assistente social Val\u00e9ria do Casa Bom Retiro"},"content":{"rendered":"<p><!-- VideographyWP Plugin Message: Automatic video embedding prevented by plugin options. --><br \/>\n<strong>NOTA DE PESAR<\/strong><\/p>\n<p>\u00c9 com muita tristeza que anunciamos o falecimento da nossa colega assistente social Val\u00e9ria do Casa Bom Retiro. Ela fez uma cirurgia do joelho, recebeu alta e, em casa, caiu no banheiro. N\u00e3o sabemos a causa da morte, se foi pelo tombo ou alguma embolia. Uma pessoa muito querida na Funda\u00e7\u00e3o CASA e nas comunidades que ajudava com alimentos e roupas. A mesma arrecadava roupas e alimentos para doa\u00e7\u00e3o, realmente era uma assistente social atuante dentro e fora da Funda\u00e7\u00e3o. Aos amigos, colegas de trabalho e familiares, deixamos os nossos sentimentos.<\/p>\n","protected":false},"excerpt":{"rendered":"<p>NOTA DE PESAR \u00c9 com muita tristeza que anunciamos o falecimento da nossa colega assistente social Val\u00e9ria do Casa Bom Retiro.&hellip;<\/p>\n","protected":false},"author":5,"featured_media":7142,"comment_status":"open","ping_status":"open","sticky":false,"template":"","format":"standard","meta":{"cybocfi_hide_featured_image":"","footnotes":""},"categories":[22],"tags":[],"yoast_head":"<!-- This site is optimized with the Yoast SEO plugin v22.8 - https:\/\/yoast.com\/wordpress\/plugins\/seo\/ -->\n<title>\u00c9 com muita tristeza que anunciamos o falecimento da nossa colega assistente social Val\u00e9ria do Casa Bom Retiro - SITSESP<\/title>\n<meta name=\"description\" content=\"\u00c9 com muita tristeza que anunciamos o falecimento da nossa colega assistente social Val\u00e9ria do Casa Bom Retiro\" \/>\n<meta name=\"robots\" content=\"index, follow, max-snippet:-1, max-image-preview:large, max-video-preview:-1\" \/>\n<link rel=\"canonical\" href=\"https:\/\/www.sitsesp.org.br\/novo\/e-com-muita-tristeza-que-anunciamos-o-falecimento-da-nossa-colega-assistente-social-valeria-do-casa-bom-retiro\/\" \/>\n<meta property=\"og:locale\" content=\"pt_BR\" \/>\n<meta property=\"og:type\" content=\"article\" \/>\n<meta property=\"og:title\" content=\"\u00c9 com muita tristeza que anunciamos o falecimento da nossa colega assistente social Val\u00e9ria do Casa Bom Retiro - SITSESP\" \/>\n<meta property=\"og:description\" content=\"\u00c9 com muita tristeza que anunciamos o falecimento da nossa colega assistente social Val\u00e9ria do Casa Bom Retiro\" \/>\n<meta property=\"og:url\" content=\"https:\/\/www.sitsesp.org.br\/novo\/e-com-muita-tristeza-que-anunciamos-o-falecimento-da-nossa-colega-assistente-social-valeria-do-casa-bom-retiro\/\" \/>\n<meta property=\"og:site_name\" content=\"SITSESP\" \/>\n<meta property=\"article:published_time\" content=\"2021-09-22T11:23:53+00:00\" \/>\n<meta property=\"og:image\" content=\"https:\/\/www.sitsesp.org.br\/novo\/wp-content\/uploads\/2021\/09\/notadpesar2209.jpg\" \/>\n\t<meta property=\"og:image:width\" content=\"800\" \/>\n\t<meta property=\"og:image:height\" content=\"800\" \/>\n\t<meta property=\"og:image:type\" content=\"image\/jpeg\" \/>\n<meta name=\"author\" content=\"imprensa\" \/>\n<meta name=\"twitter:card\" content=\"summary_large_image\" \/>\n<meta name=\"twitter:label1\" content=\"Escrito por\" \/>\n\t<meta name=\"twitter:data1\" content=\"imprensa\" \/>\n\t<meta name=\"twitter:label2\" content=\"Est. tempo de leitura\" \/>\n\t<meta name=\"twitter:data2\" content=\"1 minuto\" \/>\n<script type=\"application\/ld+json\" class=\"yoast-schema-graph\">{\"@context\":\"https:\/\/schema.org\",\"@graph\":[{\"@type\":\"Article\",\"@id\":\"https:\/\/www.sitsesp.org.br\/novo\/e-com-muita-tristeza-que-anunciamos-o-falecimento-da-nossa-colega-assistente-social-valeria-do-casa-bom-retiro\/#article\",\"isPartOf\":{\"@id\":\"https:\/\/www.sitsesp.org.br\/novo\/e-com-muita-tristeza-que-anunciamos-o-falecimento-da-nossa-colega-assistente-social-valeria-do-casa-bom-retiro\/\"},\"author\":{\"name\":\"imprensa\",\"@id\":\"https:\/\/www.sitsesp.org.br\/novo\/#\/schema\/person\/28e42eec160f373e81d0183b3643edbf\"},\"headline\":\"\u00c9 com muita tristeza que anunciamos o falecimento da nossa colega assistente social Val\u00e9ria do Casa Bom Retiro\",\"datePublished\":\"2021-09-22T11:23:53+00:00\",\"dateModified\":\"2021-09-22T11:23:53+00:00\",\"mainEntityOfPage\":{\"@id\":\"https:\/\/www.sitsesp.org.br\/novo\/e-com-muita-tristeza-que-anunciamos-o-falecimento-da-nossa-colega-assistente-social-valeria-do-casa-bom-retiro\/\"},\"wordCount\":116,\"commentCount\":0,\"publisher\":{\"@id\":\"https:\/\/www.sitsesp.org.br\/novo\/#organization\"},\"image\":{\"@id\":\"https:\/\/www.sitsesp.org.br\/novo\/e-com-muita-tristeza-que-anunciamos-o-falecimento-da-nossa-colega-assistente-social-valeria-do-casa-bom-retiro\/#primaryimage\"},\"thumbnailUrl\":\"https:\/\/www.sitsesp.org.br\/novo\/wp-content\/uploads\/2021\/09\/notadpesar2209.jpg\",\"articleSection\":[\"Noticias\"],\"inLanguage\":\"pt-BR\",\"potentialAction\":[{\"@type\":\"CommentAction\",\"name\":\"Comment\",\"target\":[\"https:\/\/www.sitsesp.org.br\/novo\/e-com-muita-tristeza-que-anunciamos-o-falecimento-da-nossa-colega-assistente-social-valeria-do-casa-bom-retiro\/#respond\"]}]},{\"@type\":\"WebPage\",\"@id\":\"https:\/\/www.sitsesp.org.br\/novo\/e-com-muita-tristeza-que-anunciamos-o-falecimento-da-nossa-colega-assistente-social-valeria-do-casa-bom-retiro\/\",\"url\":\"https:\/\/www.sitsesp.org.br\/novo\/e-com-muita-tristeza-que-anunciamos-o-falecimento-da-nossa-colega-assistente-social-valeria-do-casa-bom-retiro\/\",\"name\":\"\u00c9 com muita tristeza que anunciamos o falecimento da nossa colega assistente social Val\u00e9ria do Casa Bom Retiro - SITSESP\",\"isPartOf\":{\"@id\":\"https:\/\/www.sitsesp.org.br\/novo\/#website\"},\"primaryImageOfPage\":{\"@id\":\"https:\/\/www.sitsesp.org.br\/novo\/e-com-muita-tristeza-que-anunciamos-o-falecimento-da-nossa-colega-assistente-social-valeria-do-casa-bom-retiro\/#primaryimage\"},\"image\":{\"@id\":\"https:\/\/www.sitsesp.org.br\/novo\/e-com-muita-tristeza-que-anunciamos-o-falecimento-da-nossa-colega-assistente-social-valeria-do-casa-bom-retiro\/#primaryimage\"},\"thumbnailUrl\":\"https:\/\/www.sitsesp.org.br\/novo\/wp-content\/uploads\/2021\/09\/notadpesar2209.jpg\",\"datePublished\":\"2021-09-22T11:23:53+00:00\",\"dateModified\":\"2021-09-22T11:23:53+00:00\",\"description\":\"\u00c9 com muita tristeza que anunciamos o falecimento da nossa colega assistente social Val\u00e9ria do Casa Bom Retiro\",\"breadcrumb\":{\"@id\":\"https:\/\/www.sitsesp.org.br\/novo\/e-com-muita-tristeza-que-anunciamos-o-falecimento-da-nossa-colega-assistente-social-valeria-do-casa-bom-retiro\/#breadcrumb\"},\"inLanguage\":\"pt-BR\",\"potentialAction\":[{\"@type\":\"ReadAction\",\"target\":[\"https:\/\/www.sitsesp.org.br\/novo\/e-com-muita-tristeza-que-anunciamos-o-falecimento-da-nossa-colega-assistente-social-valeria-do-casa-bom-retiro\/\"]}]},{\"@type\":\"ImageObject\",\"inLanguage\":\"pt-BR\",\"@id\":\"https:\/\/www.sitsesp.org.br\/novo\/e-com-muita-tristeza-que-anunciamos-o-falecimento-da-nossa-colega-assistente-social-valeria-do-casa-bom-retiro\/#primaryimage\",\"url\":\"https:\/\/www.sitsesp.org.br\/novo\/wp-content\/uploads\/2021\/09\/notadpesar2209.jpg\",\"contentUrl\":\"https:\/\/www.sitsesp.org.br\/novo\/wp-content\/uploads\/2021\/09\/notadpesar2209.jpg\",\"width\":800,\"height\":800},{\"@type\":\"BreadcrumbList\",\"@id\":\"https:\/\/www.sitsesp.org.br\/novo\/e-com-muita-tristeza-que-anunciamos-o-falecimento-da-nossa-colega-assistente-social-valeria-do-casa-bom-retiro\/#breadcrumb\",\"itemListElement\":[{\"@type\":\"ListItem\",\"position\":1,\"name\":\"In\u00edcio\",\"item\":\"https:\/\/www.sitsesp.org.br\/novo\/\"},{\"@type\":\"ListItem\",\"position\":2,\"name\":\"\u00c9 com muita tristeza que anunciamos o falecimento da nossa colega assistente social Val\u00e9ria do Casa Bom Retiro\"}]},{\"@type\":\"WebSite\",\"@id\":\"https:\/\/www.sitsesp.org.br\/novo\/#website\",\"url\":\"https:\/\/www.sitsesp.org.br\/novo\/\",\"name\":\"Sitsesp\",\"description\":\"SIndicato da Socioeduca\u00e7\u00e3o do Estado de S\u00e3o Paulo\",\"publisher\":{\"@id\":\"https:\/\/www.sitsesp.org.br\/novo\/#organization\"},\"potentialAction\":[{\"@type\":\"SearchAction\",\"target\":{\"@type\":\"EntryPoint\",\"urlTemplate\":\"https:\/\/www.sitsesp.org.br\/novo\/?s={search_term_string}\"},\"query-input\":\"required name=search_term_string\"}],\"inLanguage\":\"pt-BR\"},{\"@type\":\"Organization\",\"@id\":\"https:\/\/www.sitsesp.org.br\/novo\/#organization\",\"name\":\"Sitsesp\",\"url\":\"https:\/\/www.sitsesp.org.br\/novo\/\",\"logo\":{\"@type\":\"ImageObject\",\"inLanguage\":\"pt-BR\",\"@id\":\"https:\/\/www.sitsesp.org.br\/novo\/#\/schema\/logo\/image\/\",\"url\":\"https:\/\/www.sitsesp.org.br\/novo\/wp-content\/uploads\/2020\/09\/Design-sem-nome-1.jpg\",\"contentUrl\":\"https:\/\/www.sitsesp.org.br\/novo\/wp-content\/uploads\/2020\/09\/Design-sem-nome-1.jpg\",\"width\":300,\"height\":300,\"caption\":\"Sitsesp\"},\"image\":{\"@id\":\"https:\/\/www.sitsesp.org.br\/novo\/#\/schema\/logo\/image\/\"}},{\"@type\":\"Person\",\"@id\":\"https:\/\/www.sitsesp.org.br\/novo\/#\/schema\/person\/28e42eec160f373e81d0183b3643edbf\",\"name\":\"imprensa\",\"image\":{\"@type\":\"ImageObject\",\"inLanguage\":\"pt-BR\",\"@id\":\"https:\/\/www.sitsesp.org.br\/novo\/#\/schema\/person\/image\/\",\"url\":\"https:\/\/secure.gravatar.com\/avatar\/8d6ccd8d7d52b8959f34154e87d3fa29?s=96&d=mm&r=g\",\"contentUrl\":\"https:\/\/secure.gravatar.com\/avatar\/8d6ccd8d7d52b8959f34154e87d3fa29?s=96&d=mm&r=g\",\"caption\":\"imprensa\"}}]}<\/script>\n<!-- \/ Yoast SEO plugin. -->","yoast_head_json":{"title":"\u00c9 com muita tristeza que anunciamos o falecimento da nossa colega assistente social Val\u00e9ria do Casa Bom Retiro - SITSESP","description":"\u00c9 com muita tristeza que anunciamos o falecimento da nossa colega assistente social Val\u00e9ria do Casa Bom Retiro","robots":{"index":"index","follow":"follow","max-snippet":"max-snippet:-1","max-image-preview":"max-image-preview:large","max-video-preview":"max-video-preview:-1"},"canonical":"https:\/\/www.sitsesp.org.br\/novo\/e-com-muita-tristeza-que-anunciamos-o-falecimento-da-nossa-colega-assistente-social-valeria-do-casa-bom-retiro\/","og_locale":"pt_BR","og_type":"article","og_title":"\u00c9 com muita tristeza que anunciamos o falecimento da nossa colega assistente social Val\u00e9ria do Casa Bom Retiro - SITSESP","og_description":"\u00c9 com muita tristeza que anunciamos o falecimento da nossa colega assistente social Val\u00e9ria do Casa Bom Retiro","og_url":"https:\/\/www.sitsesp.org.br\/novo\/e-com-muita-tristeza-que-anunciamos-o-falecimento-da-nossa-colega-assistente-social-valeria-do-casa-bom-retiro\/","og_site_name":"SITSESP","article_published_time":"2021-09-22T11:23:53+00:00","og_image":[{"width":800,"height":800,"url":"https:\/\/www.sitsesp.org.br\/novo\/wp-content\/uploads\/2021\/09\/notadpesar2209.jpg","type":"image\/jpeg"}],"author":"imprensa","twitter_card":"summary_large_image","twitter_misc":{"Escrito por":"imprensa","Est. tempo de leitura":"1 minuto"},"schema":{"@context":"https:\/\/schema.org","@graph":[{"@type":"Article","@id":"https:\/\/www.sitsesp.org.br\/novo\/e-com-muita-tristeza-que-anunciamos-o-falecimento-da-nossa-colega-assistente-social-valeria-do-casa-bom-retiro\/#article","isPartOf":{"@id":"https:\/\/www.sitsesp.org.br\/novo\/e-com-muita-tristeza-que-anunciamos-o-falecimento-da-nossa-colega-assistente-social-valeria-do-casa-bom-retiro\/"},"author":{"name":"imprensa","@id":"https:\/\/www.sitsesp.org.br\/novo\/#\/schema\/person\/28e42eec160f373e81d0183b3643edbf"},"headline":"\u00c9 com muita tristeza que anunciamos o falecimento da nossa colega assistente social Val\u00e9ria do Casa Bom Retiro","datePublished":"2021-09-22T11:23:53+00:00","dateModified":"2021-09-22T11:23:53+00:00","mainEntityOfPage":{"@id":"https:\/\/www.sitsesp.org.br\/novo\/e-com-muita-tristeza-que-anunciamos-o-falecimento-da-nossa-colega-assistente-social-valeria-do-casa-bom-retiro\/"},"wordCount":116,"commentCount":0,"publisher":{"@id":"https:\/\/www.sitsesp.org.br\/novo\/#organization"},"image":{"@id":"https:\/\/www.sitsesp.org.br\/novo\/e-com-muita-tristeza-que-anunciamos-o-falecimento-da-nossa-colega-assistente-social-valeria-do-casa-bom-retiro\/#primaryimage"},"thumbnailUrl":"https:\/\/www.sitsesp.org.br\/novo\/wp-content\/uploads\/2021\/09\/notadpesar2209.jpg","articleSection":["Noticias"],"inLanguage":"pt-BR","potentialAction":[{"@type":"CommentAction","name":"Comment","target":["https:\/\/www.sitsesp.org.br\/novo\/e-com-muita-tristeza-que-anunciamos-o-falecimento-da-nossa-colega-assistente-social-valeria-do-casa-bom-retiro\/#respond"]}]},{"@type":"WebPage","@id":"https:\/\/www.sitsesp.org.br\/novo\/e-com-muita-tristeza-que-anunciamos-o-falecimento-da-nossa-colega-assistente-social-valeria-do-casa-bom-retiro\/","url":"https:\/\/www.sitsesp.org.br\/novo\/e-com-muita-tristeza-que-anunciamos-o-falecimento-da-nossa-colega-assistente-social-valeria-do-casa-bom-retiro\/","name":"\u00c9 com muita tristeza que anunciamos o falecimento da nossa colega assistente social Val\u00e9ria do Casa Bom Retiro - SITSESP","isPartOf":{"@id":"https:\/\/www.sitsesp.org.br\/novo\/#website"},"primaryImageOfPage":{"@id":"https:\/\/www.sitsesp.org.br\/novo\/e-com-muita-tristeza-que-anunciamos-o-falecimento-da-nossa-colega-assistente-social-valeria-do-casa-bom-retiro\/#primaryimage"},"image":{"@id":"https:\/\/www.sitsesp.org.br\/novo\/e-com-muita-tristeza-que-anunciamos-o-falecimento-da-nossa-colega-assistente-social-valeria-do-casa-bom-retiro\/#primaryimage"},"thumbnailUrl":"https:\/\/www.sitsesp.org.br\/novo\/wp-content\/uploads\/2021\/09\/notadpesar2209.jpg","datePublished":"2021-09-22T11:23:53+00:00","dateModified":"2021-09-22T11:23:53+00:00","description":"\u00c9 com muita tristeza que anunciamos o falecimento da nossa colega assistente social Val\u00e9ria do Casa Bom Retiro","breadcrumb":{"@id":"https:\/\/www.sitsesp.org.br\/novo\/e-com-muita-tristeza-que-anunciamos-o-falecimento-da-nossa-colega-assistente-social-valeria-do-casa-bom-retiro\/#breadcrumb"},"inLanguage":"pt-BR","potentialAction":[{"@type":"ReadAction","target":["https:\/\/www.sitsesp.org.br\/novo\/e-com-muita-tristeza-que-anunciamos-o-falecimento-da-nossa-colega-assistente-social-valeria-do-casa-bom-retiro\/"]}]},{"@type":"ImageObject","inLanguage":"pt-BR","@id":"https:\/\/www.sitsesp.org.br\/novo\/e-com-muita-tristeza-que-anunciamos-o-falecimento-da-nossa-colega-assistente-social-valeria-do-casa-bom-retiro\/#primaryimage","url":"https:\/\/www.sitsesp.org.br\/novo\/wp-content\/uploads\/2021\/09\/notadpesar2209.jpg","contentUrl":"https:\/\/www.sitsesp.org.br\/novo\/wp-content\/uploads\/2021\/09\/notadpesar2209.jpg","width":800,"height":800},{"@type":"BreadcrumbList","@id":"https:\/\/www.sitsesp.org.br\/novo\/e-com-muita-tristeza-que-anunciamos-o-falecimento-da-nossa-colega-assistente-social-valeria-do-casa-bom-retiro\/#breadcrumb","itemListElement":[{"@type":"ListItem","position":1,"name":"In\u00edcio","item":"https:\/\/www.sitsesp.org.br\/novo\/"},{"@type":"ListItem","position":2,"name":"\u00c9 com muita tristeza que anunciamos o falecimento da nossa colega assistente social Val\u00e9ria do Casa Bom Retiro"}]},{"@type":"WebSite","@id":"https:\/\/www.sitsesp.org.br\/novo\/#website","url":"https:\/\/www.sitsesp.org.br\/novo\/","name":"Sitsesp","description":"SIndicato da Socioeduca\u00e7\u00e3o do Estado de S\u00e3o Paulo","publisher":{"@id":"https:\/\/www.sitsesp.org.br\/novo\/#organization"},"potentialAction":[{"@type":"SearchAction","target":{"@type":"EntryPoint","urlTemplate":"https:\/\/www.sitsesp.org.br\/novo\/?s={search_term_string}"},"query-input":"required name=search_term_string"}],"inLanguage":"pt-BR"},{"@type":"Organization","@id":"https:\/\/www.sitsesp.org.br\/novo\/#organization","name":"Sitsesp","url":"https:\/\/www.sitsesp.org.br\/novo\/","logo":{"@type":"ImageObject","inLanguage":"pt-BR","@id":"https:\/\/www.sitsesp.org.br\/novo\/#\/schema\/logo\/image\/","url":"https:\/\/www.sitsesp.org.br\/novo\/wp-content\/uploads\/2020\/09\/Design-sem-nome-1.jpg","contentUrl":"https:\/\/www.sitsesp.org.br\/novo\/wp-content\/uploads\/2020\/09\/Design-sem-nome-1.jpg","width":300,"height":300,"caption":"Sitsesp"},"image":{"@id":"https:\/\/www.sitsesp.org.br\/novo\/#\/schema\/logo\/image\/"}},{"@type":"Person","@id":"https:\/\/www.sitsesp.org.br\/novo\/#\/schema\/person\/28e42eec160f373e81d0183b3643edbf","name":"imprensa","image":{"@type":"ImageObject","inLanguage":"pt-BR","@id":"https:\/\/www.sitsesp.org.br\/novo\/#\/schema\/person\/image\/","url":"https:\/\/secure.gravatar.com\/avatar\/8d6ccd8d7d52b8959f34154e87d3fa29?s=96&d=mm&r=g","contentUrl":"https:\/\/secure.gravatar.com\/avatar\/8d6ccd8d7d52b8959f34154e87d3fa29?s=96&d=mm&r=g","caption":"imprensa"}}]}},"_links":{"self":[{"href":"https:\/\/www.sitsesp.org.br\/novo\/wp-json\/wp\/v2\/posts\/7141"}],"collection":[{"href":"https:\/\/www.sitsesp.org.br\/novo\/wp-json\/wp\/v2\/posts"}],"about":[{"href":"https:\/\/www.sitsesp.org.br\/novo\/wp-json\/wp\/v2\/types\/post"}],"author":[{"embeddable":true,"href":"https:\/\/www.sitsesp.org.br\/novo\/wp-json\/wp\/v2\/users\/5"}],"replies":[{"embeddable":true,"href":"https:\/\/www.sitsesp.org.br\/novo\/wp-json\/wp\/v2\/comments?post=7141"}],"version-history":[{"count":1,"href":"https:\/\/www.sitsesp.org.br\/novo\/wp-json\/wp\/v2\/posts\/7141\/revisions"}],"predecessor-version":[{"id":7143,"href":"https:\/\/www.sitsesp.org.br\/novo\/wp-json\/wp\/v2\/posts\/7141\/revisions\/7143"}],"wp:featuredmedia":[{"embeddable":true,"href":"https:\/\/www.sitsesp.org.br\/novo\/wp-json\/wp\/v2\/media\/7142"}],"wp:attachment":[{"href":"https:\/\/www.sitsesp.org.br\/novo\/wp-json\/wp\/v2\/media?parent=7141"}],"wp:term":[{"taxonomy":"category","embeddable":true,"href":"https:\/\/www.sitsesp.org.br\/novo\/wp-json\/wp\/v2\/categories?post=7141"},{"taxonomy":"post_tag","embeddable":true,"href":"https:\/\/www.sitsesp.org.br\/novo\/wp-json\/wp\/v2\/tags?post=7141"}],"curies":[{"name":"wp","href":"https:\/\/api.w.org\/{rel}","templated":true}]}}