{"id":7154,"date":"2021-09-23T09:19:09","date_gmt":"2021-09-23T12:19:09","guid":{"rendered":"https:\/\/sitsesp.org.br\/novo\/?p=7154"},"modified":"2021-09-23T09:19:09","modified_gmt":"2021-09-23T12:19:09","slug":"a-direcao-do-sitsesp-gestao-reconstrucao-e-luta-esteve-com-o-deputado-federal-coronel-tadeu-no-dia-20-de-setembro","status":"publish","type":"post","link":"https:\/\/www.sitsesp.org.br\/novo\/a-direcao-do-sitsesp-gestao-reconstrucao-e-luta-esteve-com-o-deputado-federal-coronel-tadeu-no-dia-20-de-setembro\/","title":{"rendered":"A dire\u00e7\u00e3o do SITSESP gest\u00e3o Reconstru\u00e7\u00e3o e Luta esteve com o deputado federal Coronel Tadeu no dia 20 de setembro."},"content":{"rendered":"<p><!-- VideographyWP Plugin Message: Automatic video embedding prevented by plugin options. --><br \/>\n\u00c9 com imensa satisfa\u00e7\u00e3o que informamos que o SITSESP, representado pela presidente Claudia e pelos diretores M\u00e1rio Martins (diretor de negocia\u00e7\u00e3o) e Iure (diretor de pol\u00edtica sindical e forma\u00e7\u00e3o), se reuniu com o deputado federal Coronel Tadeu no dia 20 de setembro. No encontro foi discutido a respeito da PEC 365\/17 &#8211; Proposta de emenda \u00e0 Constitui\u00e7\u00e3o que tramita na C\u00e2mara dos deputados e cria, no \u00e2mbito do dispositivo sobre seguran\u00e7a p\u00fablica, os chamados corpos de seguran\u00e7a Socioeducativa com o objetivo de supervisionar e coordenar as atividades ligadas a seguran\u00e7a dos estabelecimentos socioeducativos.<\/p>\n<p>A PEC est\u00e1 parada na c\u00e2mara dos deputados e o deputado federal Coronel Tadeu, durante a reuni\u00e3o, assumiu o compromisso com o SITSESP de fazer esfor\u00e7os para que seja instalada uma comiss\u00e3o especial para que a PEC seja avaliada, dando assim, continuidade ao projeto.<\/p>\n<p>Recebemos um v\u00eddeo do deputado, no qual nos informa que j\u00e1 protocolou o pedido. Verificamos, assim, o cumprimento do compromisso que assumiu conosco. Assista ao v\u00eddeo direcionado aos trabalhadores socioeducativos no final da mat\u00e9ria.<\/p>\n<p>Conversamos tamb\u00e9m sobre a PL122\/2019 (projeto de lei que regula o exerc\u00edcio da Profiss\u00e3o de Agente de Seguran\u00e7a Socioeducativa \u2013 ASSE), que tem como autora a deputada federal Renata Abreu, e sobre o Habite Seguro, programa habitacional para profissionais da seguran\u00e7a p\u00fablica, criado pelo governo federal.<\/p>\n<p>Agradecemos, desde j\u00e1, ao deputado federal Coronel Tadeu pelo interesse e empenho na luta a favor dos agentes de apoio socioeducativos do estado de S\u00e3o Paulo e demais estados do Brasil.<\/p>\n<div style=\"width: 640px;\" class=\"wp-video\"><!--[if lt IE 9]><script>document.createElement('video');<\/script><![endif]-->\n<video class=\"wp-video-shortcode\" id=\"video-7154-1\" width=\"640\" height=\"352\" preload=\"metadata\" controls=\"controls\"><source type=\"video\/mp4\" src=\"https:\/\/sitsesp.org.br\/novo\/wp-content\/uploads\/2021\/09\/WhatsApp-Video-2021-09-22-at-5.58.16-PM.mp4?_=1\" \/><a href=\"https:\/\/sitsesp.org.br\/novo\/wp-content\/uploads\/2021\/09\/WhatsApp-Video-2021-09-22-at-5.58.16-PM.mp4\">https:\/\/sitsesp.org.br\/novo\/wp-content\/uploads\/2021\/09\/WhatsApp-Video-2021-09-22-at-5.58.16-PM.mp4<\/a><\/video><\/div>\n","protected":false},"excerpt":{"rendered":"<p>\u00c9 com imensa satisfa\u00e7\u00e3o que informamos que o SITSESP, representado pela presidente Claudia e pelos diretores M\u00e1rio Martins (diretor de negocia\u00e7\u00e3o)&hellip;<\/p>\n","protected":false},"author":5,"featured_media":7152,"comment_status":"open","ping_status":"open","sticky":false,"template":"","format":"standard","meta":{"cybocfi_hide_featured_image":"","footnotes":""},"categories":[27,22],"tags":[],"yoast_head":"<!-- This site is optimized with the Yoast SEO plugin v22.8 - https:\/\/yoast.com\/wordpress\/plugins\/seo\/ -->\n<title>A dire\u00e7\u00e3o do SITSESP gest\u00e3o Reconstru\u00e7\u00e3o e Luta esteve com o deputado federal Coronel Tadeu no dia 20 de setembro. - SITSESP<\/title>\n<meta name=\"description\" content=\"\u00c9 com imensa satisfa\u00e7\u00e3o que informamos que o SITSESP, representado pela presidente Claudia e pelos diretores M\u00e1rio Martins (diretor de negocia\u00e7\u00e3o) e Iure (diretor de pol\u00edtica sindical e forma\u00e7\u00e3o), se reuniu com o deputado federal Coronel Tadeu no dia 20 de setembro. No encontro foi discutido a respeito da PEC 365\/17 - Proposta de emenda \u00e0 Constitui\u00e7\u00e3o que tramita na C\u00e2mara dos deputados e cria, no \u00e2mbito do dispositivo sobre seguran\u00e7a p\u00fablica, os chamados corpos de seguran\u00e7a Socioeducativa com o objetivo de supervisionar e coordenar as atividades ligadas a seguran\u00e7a dos estabelecimentos socioeducativos.\" \/>\n<meta name=\"robots\" content=\"index, follow, max-snippet:-1, max-image-preview:large, max-video-preview:-1\" \/>\n<link rel=\"canonical\" href=\"https:\/\/www.sitsesp.org.br\/novo\/a-direcao-do-sitsesp-gestao-reconstrucao-e-luta-esteve-com-o-deputado-federal-coronel-tadeu-no-dia-20-de-setembro\/\" \/>\n<meta property=\"og:locale\" content=\"pt_BR\" \/>\n<meta property=\"og:type\" content=\"article\" \/>\n<meta property=\"og:title\" content=\"A dire\u00e7\u00e3o do SITSESP gest\u00e3o Reconstru\u00e7\u00e3o e Luta esteve com o deputado federal Coronel Tadeu no dia 20 de setembro. - SITSESP\" \/>\n<meta property=\"og:description\" content=\"\u00c9 com imensa satisfa\u00e7\u00e3o que informamos que o SITSESP, representado pela presidente Claudia e pelos diretores M\u00e1rio Martins (diretor de negocia\u00e7\u00e3o) e Iure (diretor de pol\u00edtica sindical e forma\u00e7\u00e3o), se reuniu com o deputado federal Coronel Tadeu no dia 20 de setembro. No encontro foi discutido a respeito da PEC 365\/17 - Proposta de emenda \u00e0 Constitui\u00e7\u00e3o que tramita na C\u00e2mara dos deputados e cria, no \u00e2mbito do dispositivo sobre seguran\u00e7a p\u00fablica, os chamados corpos de seguran\u00e7a Socioeducativa com o objetivo de supervisionar e coordenar as atividades ligadas a seguran\u00e7a dos estabelecimentos socioeducativos.\" \/>\n<meta property=\"og:url\" content=\"https:\/\/www.sitsesp.org.br\/novo\/a-direcao-do-sitsesp-gestao-reconstrucao-e-luta-esteve-com-o-deputado-federal-coronel-tadeu-no-dia-20-de-setembro\/\" \/>\n<meta property=\"og:site_name\" content=\"SITSESP\" \/>\n<meta property=\"article:published_time\" content=\"2021-09-23T12:19:09+00:00\" \/>\n<meta property=\"og:image\" content=\"https:\/\/www.sitsesp.org.br\/novo\/wp-content\/uploads\/2021\/09\/WhatsApp-Image-2021-09-22-at-5.55.58-PM.jpeg\" \/>\n\t<meta property=\"og:image:width\" content=\"800\" \/>\n\t<meta property=\"og:image:height\" content=\"600\" \/>\n\t<meta property=\"og:image:type\" content=\"image\/jpeg\" \/>\n<meta name=\"author\" content=\"imprensa\" \/>\n<meta name=\"twitter:card\" content=\"summary_large_image\" \/>\n<meta name=\"twitter:label1\" content=\"Escrito por\" \/>\n\t<meta name=\"twitter:data1\" content=\"imprensa\" \/>\n\t<meta name=\"twitter:label2\" content=\"Est. tempo de leitura\" \/>\n\t<meta name=\"twitter:data2\" content=\"2 minutos\" \/>\n<script type=\"application\/ld+json\" class=\"yoast-schema-graph\">{\"@context\":\"https:\/\/schema.org\",\"@graph\":[{\"@type\":\"Article\",\"@id\":\"https:\/\/www.sitsesp.org.br\/novo\/a-direcao-do-sitsesp-gestao-reconstrucao-e-luta-esteve-com-o-deputado-federal-coronel-tadeu-no-dia-20-de-setembro\/#article\",\"isPartOf\":{\"@id\":\"https:\/\/www.sitsesp.org.br\/novo\/a-direcao-do-sitsesp-gestao-reconstrucao-e-luta-esteve-com-o-deputado-federal-coronel-tadeu-no-dia-20-de-setembro\/\"},\"author\":{\"name\":\"imprensa\",\"@id\":\"https:\/\/www.sitsesp.org.br\/novo\/#\/schema\/person\/28e42eec160f373e81d0183b3643edbf\"},\"headline\":\"A dire\u00e7\u00e3o do SITSESP gest\u00e3o Reconstru\u00e7\u00e3o e Luta esteve com o deputado federal Coronel Tadeu no dia 20 de setembro.\",\"datePublished\":\"2021-09-23T12:19:09+00:00\",\"dateModified\":\"2021-09-23T12:19:09+00:00\",\"mainEntityOfPage\":{\"@id\":\"https:\/\/www.sitsesp.org.br\/novo\/a-direcao-do-sitsesp-gestao-reconstrucao-e-luta-esteve-com-o-deputado-federal-coronel-tadeu-no-dia-20-de-setembro\/\"},\"wordCount\":308,\"commentCount\":0,\"publisher\":{\"@id\":\"https:\/\/www.sitsesp.org.br\/novo\/#organization\"},\"image\":{\"@id\":\"https:\/\/www.sitsesp.org.br\/novo\/a-direcao-do-sitsesp-gestao-reconstrucao-e-luta-esteve-com-o-deputado-federal-coronel-tadeu-no-dia-20-de-setembro\/#primaryimage\"},\"thumbnailUrl\":\"https:\/\/www.sitsesp.org.br\/novo\/wp-content\/uploads\/2021\/09\/WhatsApp-Image-2021-09-22-at-5.55.58-PM.jpeg\",\"articleSection\":[\"Destaque\",\"Noticias\"],\"inLanguage\":\"pt-BR\",\"potentialAction\":[{\"@type\":\"CommentAction\",\"name\":\"Comment\",\"target\":[\"https:\/\/www.sitsesp.org.br\/novo\/a-direcao-do-sitsesp-gestao-reconstrucao-e-luta-esteve-com-o-deputado-federal-coronel-tadeu-no-dia-20-de-setembro\/#respond\"]}]},{\"@type\":\"WebPage\",\"@id\":\"https:\/\/www.sitsesp.org.br\/novo\/a-direcao-do-sitsesp-gestao-reconstrucao-e-luta-esteve-com-o-deputado-federal-coronel-tadeu-no-dia-20-de-setembro\/\",\"url\":\"https:\/\/www.sitsesp.org.br\/novo\/a-direcao-do-sitsesp-gestao-reconstrucao-e-luta-esteve-com-o-deputado-federal-coronel-tadeu-no-dia-20-de-setembro\/\",\"name\":\"A dire\u00e7\u00e3o do SITSESP gest\u00e3o Reconstru\u00e7\u00e3o e Luta esteve com o deputado federal Coronel Tadeu no dia 20 de setembro. - SITSESP\",\"isPartOf\":{\"@id\":\"https:\/\/www.sitsesp.org.br\/novo\/#website\"},\"primaryImageOfPage\":{\"@id\":\"https:\/\/www.sitsesp.org.br\/novo\/a-direcao-do-sitsesp-gestao-reconstrucao-e-luta-esteve-com-o-deputado-federal-coronel-tadeu-no-dia-20-de-setembro\/#primaryimage\"},\"image\":{\"@id\":\"https:\/\/www.sitsesp.org.br\/novo\/a-direcao-do-sitsesp-gestao-reconstrucao-e-luta-esteve-com-o-deputado-federal-coronel-tadeu-no-dia-20-de-setembro\/#primaryimage\"},\"thumbnailUrl\":\"https:\/\/www.sitsesp.org.br\/novo\/wp-content\/uploads\/2021\/09\/WhatsApp-Image-2021-09-22-at-5.55.58-PM.jpeg\",\"datePublished\":\"2021-09-23T12:19:09+00:00\",\"dateModified\":\"2021-09-23T12:19:09+00:00\",\"description\":\"\u00c9 com imensa satisfa\u00e7\u00e3o que informamos que o SITSESP, representado pela presidente Claudia e pelos diretores M\u00e1rio Martins (diretor de negocia\u00e7\u00e3o) e Iure (diretor de pol\u00edtica sindical e forma\u00e7\u00e3o), se reuniu com o deputado federal Coronel Tadeu no dia 20 de setembro. No encontro foi discutido a respeito da PEC 365\/17 - Proposta de emenda \u00e0 Constitui\u00e7\u00e3o que tramita na C\u00e2mara dos deputados e cria, no \u00e2mbito do dispositivo sobre seguran\u00e7a p\u00fablica, os chamados corpos de seguran\u00e7a Socioeducativa com o objetivo de supervisionar e coordenar as atividades ligadas a seguran\u00e7a dos estabelecimentos socioeducativos.\",\"breadcrumb\":{\"@id\":\"https:\/\/www.sitsesp.org.br\/novo\/a-direcao-do-sitsesp-gestao-reconstrucao-e-luta-esteve-com-o-deputado-federal-coronel-tadeu-no-dia-20-de-setembro\/#breadcrumb\"},\"inLanguage\":\"pt-BR\",\"potentialAction\":[{\"@type\":\"ReadAction\",\"target\":[\"https:\/\/www.sitsesp.org.br\/novo\/a-direcao-do-sitsesp-gestao-reconstrucao-e-luta-esteve-com-o-deputado-federal-coronel-tadeu-no-dia-20-de-setembro\/\"]}]},{\"@type\":\"ImageObject\",\"inLanguage\":\"pt-BR\",\"@id\":\"https:\/\/www.sitsesp.org.br\/novo\/a-direcao-do-sitsesp-gestao-reconstrucao-e-luta-esteve-com-o-deputado-federal-coronel-tadeu-no-dia-20-de-setembro\/#primaryimage\",\"url\":\"https:\/\/www.sitsesp.org.br\/novo\/wp-content\/uploads\/2021\/09\/WhatsApp-Image-2021-09-22-at-5.55.58-PM.jpeg\",\"contentUrl\":\"https:\/\/www.sitsesp.org.br\/novo\/wp-content\/uploads\/2021\/09\/WhatsApp-Image-2021-09-22-at-5.55.58-PM.jpeg\",\"width\":800,\"height\":600},{\"@type\":\"BreadcrumbList\",\"@id\":\"https:\/\/www.sitsesp.org.br\/novo\/a-direcao-do-sitsesp-gestao-reconstrucao-e-luta-esteve-com-o-deputado-federal-coronel-tadeu-no-dia-20-de-setembro\/#breadcrumb\",\"itemListElement\":[{\"@type\":\"ListItem\",\"position\":1,\"name\":\"In\u00edcio\",\"item\":\"https:\/\/www.sitsesp.org.br\/novo\/\"},{\"@type\":\"ListItem\",\"position\":2,\"name\":\"A dire\u00e7\u00e3o do SITSESP gest\u00e3o Reconstru\u00e7\u00e3o e Luta esteve com o deputado federal Coronel Tadeu no dia 20 de setembro.\"}]},{\"@type\":\"WebSite\",\"@id\":\"https:\/\/www.sitsesp.org.br\/novo\/#website\",\"url\":\"https:\/\/www.sitsesp.org.br\/novo\/\",\"name\":\"Sitsesp\",\"description\":\"SIndicato da Socioeduca\u00e7\u00e3o do Estado de S\u00e3o Paulo\",\"publisher\":{\"@id\":\"https:\/\/www.sitsesp.org.br\/novo\/#organization\"},\"potentialAction\":[{\"@type\":\"SearchAction\",\"target\":{\"@type\":\"EntryPoint\",\"urlTemplate\":\"https:\/\/www.sitsesp.org.br\/novo\/?s={search_term_string}\"},\"query-input\":\"required name=search_term_string\"}],\"inLanguage\":\"pt-BR\"},{\"@type\":\"Organization\",\"@id\":\"https:\/\/www.sitsesp.org.br\/novo\/#organization\",\"name\":\"Sitsesp\",\"url\":\"https:\/\/www.sitsesp.org.br\/novo\/\",\"logo\":{\"@type\":\"ImageObject\",\"inLanguage\":\"pt-BR\",\"@id\":\"https:\/\/www.sitsesp.org.br\/novo\/#\/schema\/logo\/image\/\",\"url\":\"https:\/\/www.sitsesp.org.br\/novo\/wp-content\/uploads\/2020\/09\/Design-sem-nome-1.jpg\",\"contentUrl\":\"https:\/\/www.sitsesp.org.br\/novo\/wp-content\/uploads\/2020\/09\/Design-sem-nome-1.jpg\",\"width\":300,\"height\":300,\"caption\":\"Sitsesp\"},\"image\":{\"@id\":\"https:\/\/www.sitsesp.org.br\/novo\/#\/schema\/logo\/image\/\"}},{\"@type\":\"Person\",\"@id\":\"https:\/\/www.sitsesp.org.br\/novo\/#\/schema\/person\/28e42eec160f373e81d0183b3643edbf\",\"name\":\"imprensa\",\"image\":{\"@type\":\"ImageObject\",\"inLanguage\":\"pt-BR\",\"@id\":\"https:\/\/www.sitsesp.org.br\/novo\/#\/schema\/person\/image\/\",\"url\":\"https:\/\/secure.gravatar.com\/avatar\/8d6ccd8d7d52b8959f34154e87d3fa29?s=96&d=mm&r=g\",\"contentUrl\":\"https:\/\/secure.gravatar.com\/avatar\/8d6ccd8d7d52b8959f34154e87d3fa29?s=96&d=mm&r=g\",\"caption\":\"imprensa\"}}]}<\/script>\n<!-- \/ Yoast SEO plugin. -->","yoast_head_json":{"title":"A dire\u00e7\u00e3o do SITSESP gest\u00e3o Reconstru\u00e7\u00e3o e Luta esteve com o deputado federal Coronel Tadeu no dia 20 de setembro. - SITSESP","description":"\u00c9 com imensa satisfa\u00e7\u00e3o que informamos que o SITSESP, representado pela presidente Claudia e pelos diretores M\u00e1rio Martins (diretor de negocia\u00e7\u00e3o) e Iure (diretor de pol\u00edtica sindical e forma\u00e7\u00e3o), se reuniu com o deputado federal Coronel Tadeu no dia 20 de setembro. No encontro foi discutido a respeito da PEC 365\/17 - Proposta de emenda \u00e0 Constitui\u00e7\u00e3o que tramita na C\u00e2mara dos deputados e cria, no \u00e2mbito do dispositivo sobre seguran\u00e7a p\u00fablica, os chamados corpos de seguran\u00e7a Socioeducativa com o objetivo de supervisionar e coordenar as atividades ligadas a seguran\u00e7a dos estabelecimentos socioeducativos.","robots":{"index":"index","follow":"follow","max-snippet":"max-snippet:-1","max-image-preview":"max-image-preview:large","max-video-preview":"max-video-preview:-1"},"canonical":"https:\/\/www.sitsesp.org.br\/novo\/a-direcao-do-sitsesp-gestao-reconstrucao-e-luta-esteve-com-o-deputado-federal-coronel-tadeu-no-dia-20-de-setembro\/","og_locale":"pt_BR","og_type":"article","og_title":"A dire\u00e7\u00e3o do SITSESP gest\u00e3o Reconstru\u00e7\u00e3o e Luta esteve com o deputado federal Coronel Tadeu no dia 20 de setembro. - SITSESP","og_description":"\u00c9 com imensa satisfa\u00e7\u00e3o que informamos que o SITSESP, representado pela presidente Claudia e pelos diretores M\u00e1rio Martins (diretor de negocia\u00e7\u00e3o) e Iure (diretor de pol\u00edtica sindical e forma\u00e7\u00e3o), se reuniu com o deputado federal Coronel Tadeu no dia 20 de setembro. No encontro foi discutido a respeito da PEC 365\/17 - Proposta de emenda \u00e0 Constitui\u00e7\u00e3o que tramita na C\u00e2mara dos deputados e cria, no \u00e2mbito do dispositivo sobre seguran\u00e7a p\u00fablica, os chamados corpos de seguran\u00e7a Socioeducativa com o objetivo de supervisionar e coordenar as atividades ligadas a seguran\u00e7a dos estabelecimentos socioeducativos.","og_url":"https:\/\/www.sitsesp.org.br\/novo\/a-direcao-do-sitsesp-gestao-reconstrucao-e-luta-esteve-com-o-deputado-federal-coronel-tadeu-no-dia-20-de-setembro\/","og_site_name":"SITSESP","article_published_time":"2021-09-23T12:19:09+00:00","og_image":[{"width":800,"height":600,"url":"https:\/\/www.sitsesp.org.br\/novo\/wp-content\/uploads\/2021\/09\/WhatsApp-Image-2021-09-22-at-5.55.58-PM.jpeg","type":"image\/jpeg"}],"author":"imprensa","twitter_card":"summary_large_image","twitter_misc":{"Escrito por":"imprensa","Est. tempo de leitura":"2 minutos"},"schema":{"@context":"https:\/\/schema.org","@graph":[{"@type":"Article","@id":"https:\/\/www.sitsesp.org.br\/novo\/a-direcao-do-sitsesp-gestao-reconstrucao-e-luta-esteve-com-o-deputado-federal-coronel-tadeu-no-dia-20-de-setembro\/#article","isPartOf":{"@id":"https:\/\/www.sitsesp.org.br\/novo\/a-direcao-do-sitsesp-gestao-reconstrucao-e-luta-esteve-com-o-deputado-federal-coronel-tadeu-no-dia-20-de-setembro\/"},"author":{"name":"imprensa","@id":"https:\/\/www.sitsesp.org.br\/novo\/#\/schema\/person\/28e42eec160f373e81d0183b3643edbf"},"headline":"A dire\u00e7\u00e3o do SITSESP gest\u00e3o Reconstru\u00e7\u00e3o e Luta esteve com o deputado federal Coronel Tadeu no dia 20 de setembro.","datePublished":"2021-09-23T12:19:09+00:00","dateModified":"2021-09-23T12:19:09+00:00","mainEntityOfPage":{"@id":"https:\/\/www.sitsesp.org.br\/novo\/a-direcao-do-sitsesp-gestao-reconstrucao-e-luta-esteve-com-o-deputado-federal-coronel-tadeu-no-dia-20-de-setembro\/"},"wordCount":308,"commentCount":0,"publisher":{"@id":"https:\/\/www.sitsesp.org.br\/novo\/#organization"},"image":{"@id":"https:\/\/www.sitsesp.org.br\/novo\/a-direcao-do-sitsesp-gestao-reconstrucao-e-luta-esteve-com-o-deputado-federal-coronel-tadeu-no-dia-20-de-setembro\/#primaryimage"},"thumbnailUrl":"https:\/\/www.sitsesp.org.br\/novo\/wp-content\/uploads\/2021\/09\/WhatsApp-Image-2021-09-22-at-5.55.58-PM.jpeg","articleSection":["Destaque","Noticias"],"inLanguage":"pt-BR","potentialAction":[{"@type":"CommentAction","name":"Comment","target":["https:\/\/www.sitsesp.org.br\/novo\/a-direcao-do-sitsesp-gestao-reconstrucao-e-luta-esteve-com-o-deputado-federal-coronel-tadeu-no-dia-20-de-setembro\/#respond"]}]},{"@type":"WebPage","@id":"https:\/\/www.sitsesp.org.br\/novo\/a-direcao-do-sitsesp-gestao-reconstrucao-e-luta-esteve-com-o-deputado-federal-coronel-tadeu-no-dia-20-de-setembro\/","url":"https:\/\/www.sitsesp.org.br\/novo\/a-direcao-do-sitsesp-gestao-reconstrucao-e-luta-esteve-com-o-deputado-federal-coronel-tadeu-no-dia-20-de-setembro\/","name":"A dire\u00e7\u00e3o do SITSESP gest\u00e3o Reconstru\u00e7\u00e3o e Luta esteve com o deputado federal Coronel Tadeu no dia 20 de setembro. - SITSESP","isPartOf":{"@id":"https:\/\/www.sitsesp.org.br\/novo\/#website"},"primaryImageOfPage":{"@id":"https:\/\/www.sitsesp.org.br\/novo\/a-direcao-do-sitsesp-gestao-reconstrucao-e-luta-esteve-com-o-deputado-federal-coronel-tadeu-no-dia-20-de-setembro\/#primaryimage"},"image":{"@id":"https:\/\/www.sitsesp.org.br\/novo\/a-direcao-do-sitsesp-gestao-reconstrucao-e-luta-esteve-com-o-deputado-federal-coronel-tadeu-no-dia-20-de-setembro\/#primaryimage"},"thumbnailUrl":"https:\/\/www.sitsesp.org.br\/novo\/wp-content\/uploads\/2021\/09\/WhatsApp-Image-2021-09-22-at-5.55.58-PM.jpeg","datePublished":"2021-09-23T12:19:09+00:00","dateModified":"2021-09-23T12:19:09+00:00","description":"\u00c9 com imensa satisfa\u00e7\u00e3o que informamos que o SITSESP, representado pela presidente Claudia e pelos diretores M\u00e1rio Martins (diretor de negocia\u00e7\u00e3o) e Iure (diretor de pol\u00edtica sindical e forma\u00e7\u00e3o), se reuniu com o deputado federal Coronel Tadeu no dia 20 de setembro. No encontro foi discutido a respeito da PEC 365\/17 - Proposta de emenda \u00e0 Constitui\u00e7\u00e3o que tramita na C\u00e2mara dos deputados e cria, no \u00e2mbito do dispositivo sobre seguran\u00e7a p\u00fablica, os chamados corpos de seguran\u00e7a Socioeducativa com o objetivo de supervisionar e coordenar as atividades ligadas a seguran\u00e7a dos estabelecimentos socioeducativos.","breadcrumb":{"@id":"https:\/\/www.sitsesp.org.br\/novo\/a-direcao-do-sitsesp-gestao-reconstrucao-e-luta-esteve-com-o-deputado-federal-coronel-tadeu-no-dia-20-de-setembro\/#breadcrumb"},"inLanguage":"pt-BR","potentialAction":[{"@type":"ReadAction","target":["https:\/\/www.sitsesp.org.br\/novo\/a-direcao-do-sitsesp-gestao-reconstrucao-e-luta-esteve-com-o-deputado-federal-coronel-tadeu-no-dia-20-de-setembro\/"]}]},{"@type":"ImageObject","inLanguage":"pt-BR","@id":"https:\/\/www.sitsesp.org.br\/novo\/a-direcao-do-sitsesp-gestao-reconstrucao-e-luta-esteve-com-o-deputado-federal-coronel-tadeu-no-dia-20-de-setembro\/#primaryimage","url":"https:\/\/www.sitsesp.org.br\/novo\/wp-content\/uploads\/2021\/09\/WhatsApp-Image-2021-09-22-at-5.55.58-PM.jpeg","contentUrl":"https:\/\/www.sitsesp.org.br\/novo\/wp-content\/uploads\/2021\/09\/WhatsApp-Image-2021-09-22-at-5.55.58-PM.jpeg","width":800,"height":600},{"@type":"BreadcrumbList","@id":"https:\/\/www.sitsesp.org.br\/novo\/a-direcao-do-sitsesp-gestao-reconstrucao-e-luta-esteve-com-o-deputado-federal-coronel-tadeu-no-dia-20-de-setembro\/#breadcrumb","itemListElement":[{"@type":"ListItem","position":1,"name":"In\u00edcio","item":"https:\/\/www.sitsesp.org.br\/novo\/"},{"@type":"ListItem","position":2,"name":"A dire\u00e7\u00e3o do SITSESP gest\u00e3o Reconstru\u00e7\u00e3o e Luta esteve com o deputado federal Coronel Tadeu no dia 20 de setembro."}]},{"@type":"WebSite","@id":"https:\/\/www.sitsesp.org.br\/novo\/#website","url":"https:\/\/www.sitsesp.org.br\/novo\/","name":"Sitsesp","description":"SIndicato da Socioeduca\u00e7\u00e3o do Estado de S\u00e3o Paulo","publisher":{"@id":"https:\/\/www.sitsesp.org.br\/novo\/#organization"},"potentialAction":[{"@type":"SearchAction","target":{"@type":"EntryPoint","urlTemplate":"https:\/\/www.sitsesp.org.br\/novo\/?s={search_term_string}"},"query-input":"required name=search_term_string"}],"inLanguage":"pt-BR"},{"@type":"Organization","@id":"https:\/\/www.sitsesp.org.br\/novo\/#organization","name":"Sitsesp","url":"https:\/\/www.sitsesp.org.br\/novo\/","logo":{"@type":"ImageObject","inLanguage":"pt-BR","@id":"https:\/\/www.sitsesp.org.br\/novo\/#\/schema\/logo\/image\/","url":"https:\/\/www.sitsesp.org.br\/novo\/wp-content\/uploads\/2020\/09\/Design-sem-nome-1.jpg","contentUrl":"https:\/\/www.sitsesp.org.br\/novo\/wp-content\/uploads\/2020\/09\/Design-sem-nome-1.jpg","width":300,"height":300,"caption":"Sitsesp"},"image":{"@id":"https:\/\/www.sitsesp.org.br\/novo\/#\/schema\/logo\/image\/"}},{"@type":"Person","@id":"https:\/\/www.sitsesp.org.br\/novo\/#\/schema\/person\/28e42eec160f373e81d0183b3643edbf","name":"imprensa","image":{"@type":"ImageObject","inLanguage":"pt-BR","@id":"https:\/\/www.sitsesp.org.br\/novo\/#\/schema\/person\/image\/","url":"https:\/\/secure.gravatar.com\/avatar\/8d6ccd8d7d52b8959f34154e87d3fa29?s=96&d=mm&r=g","contentUrl":"https:\/\/secure.gravatar.com\/avatar\/8d6ccd8d7d52b8959f34154e87d3fa29?s=96&d=mm&r=g","caption":"imprensa"}}]}},"_links":{"self":[{"href":"https:\/\/www.sitsesp.org.br\/novo\/wp-json\/wp\/v2\/posts\/7154"}],"collection":[{"href":"https:\/\/www.sitsesp.org.br\/novo\/wp-json\/wp\/v2\/posts"}],"about":[{"href":"https:\/\/www.sitsesp.org.br\/novo\/wp-json\/wp\/v2\/types\/post"}],"author":[{"embeddable":true,"href":"https:\/\/www.sitsesp.org.br\/novo\/wp-json\/wp\/v2\/users\/5"}],"replies":[{"embeddable":true,"href":"https:\/\/www.sitsesp.org.br\/novo\/wp-json\/wp\/v2\/comments?post=7154"}],"version-history":[{"count":1,"href":"https:\/\/www.sitsesp.org.br\/novo\/wp-json\/wp\/v2\/posts\/7154\/revisions"}],"predecessor-version":[{"id":7156,"href":"https:\/\/www.sitsesp.org.br\/novo\/wp-json\/wp\/v2\/posts\/7154\/revisions\/7156"}],"wp:featuredmedia":[{"embeddable":true,"href":"https:\/\/www.sitsesp.org.br\/novo\/wp-json\/wp\/v2\/media\/7152"}],"wp:attachment":[{"href":"https:\/\/www.sitsesp.org.br\/novo\/wp-json\/wp\/v2\/media?parent=7154"}],"wp:term":[{"taxonomy":"category","embeddable":true,"href":"https:\/\/www.sitsesp.org.br\/novo\/wp-json\/wp\/v2\/categories?post=7154"},{"taxonomy":"post_tag","embeddable":true,"href":"https:\/\/www.sitsesp.org.br\/novo\/wp-json\/wp\/v2\/tags?post=7154"}],"curies":[{"name":"wp","href":"https:\/\/api.w.org\/{rel}","templated":true}]}}