{"id":7256,"date":"2021-09-30T11:43:48","date_gmt":"2021-09-30T14:43:48","guid":{"rendered":"https:\/\/sitsesp.org.br\/novo\/?p=7256"},"modified":"2021-10-01T08:38:10","modified_gmt":"2021-10-01T11:38:10","slug":"sitsesp-em-movimento-debate-na-alesp-portaria-367-orcamento-da-fundacao-casa-cps-comissao-de-politica-salarial-pccs-periculosidade-e-outros-assuntos","status":"publish","type":"post","link":"https:\/\/www.sitsesp.org.br\/novo\/sitsesp-em-movimento-debate-na-alesp-portaria-367-orcamento-da-fundacao-casa-cps-comissao-de-politica-salarial-pccs-periculosidade-e-outros-assuntos\/","title":{"rendered":"SITSESP EM MOVIMENTO DEBATE NA ALESP: Portaria 367, or\u00e7amento da Funda\u00e7\u00e3o CASA, CPS (Comiss\u00e3o de pol\u00edtica salarial), PCCS, Periculosidade e outros assuntos."},"content":{"rendered":"<p><!-- VideographyWP Plugin Message: Automatic video embedding prevented by plugin options. --><br \/>\nNo dia 29 de setembro o SITSESP esteve presente na Alesp com o diretor de pol\u00edtica sindical e forma\u00e7\u00e3o Iure Teixeira e o delegado sindical Jusimar, juntamente com assessor do deputado estadual Rodrigo Moraes, Presidente da Comiss\u00e3o de Fiscaliza\u00e7\u00e3o e Controle, a fim de discutir algumas demandas da categoria, sendo elas: Portaria 367, or\u00e7amento da Funda\u00e7\u00e3o CASA, CPS (Comiss\u00e3o de pol\u00edtica salarial), PCCS, Periculosidade e outros assuntos. O nobre deputado se colocou \u00e0 disposi\u00e7\u00e3o para ajudar e encaminhar, junto a Comiss\u00e3o, a elabora\u00e7\u00e3o de um projeto de lei para o plano de carreira dos servidores da Funda\u00e7\u00e3o CASA, assim como, verificar como est\u00e1 o andamento da comiss\u00e3o de estudo do PCCS. A gest\u00e3o Reconstru\u00e7\u00e3o e Luta vem, atrav\u00e9s de reuni\u00f5es e articula\u00e7\u00f5es pol\u00edticas junto aos deputados estaduais e federais, buscando benef\u00edcios aos trabalhadores.<\/p>\n<p><strong>O SITSESP \u00c9 DE TODOS, PARA TODOS, TRABALHANDO COM TODOS.<\/strong><\/p>\n","protected":false},"excerpt":{"rendered":"<p>No dia 29 de setembro o SITSESP esteve presente na Alesp com o diretor de pol\u00edtica sindical e forma\u00e7\u00e3o Iure Teixeira&hellip;<\/p>\n","protected":false},"author":5,"featured_media":7257,"comment_status":"open","ping_status":"open","sticky":false,"template":"","format":"standard","meta":{"cybocfi_hide_featured_image":"","footnotes":""},"categories":[27,22],"tags":[],"yoast_head":"<!-- This site is optimized with the Yoast SEO plugin v22.8 - https:\/\/yoast.com\/wordpress\/plugins\/seo\/ -->\n<title>SITSESP EM MOVIMENTO DEBATE NA ALESP: Portaria 367, or\u00e7amento da Funda\u00e7\u00e3o CASA, CPS (Comiss\u00e3o de pol\u00edtica salarial), PCCS, Periculosidade e outros assuntos. - SITSESP<\/title>\n<meta name=\"description\" content=\"No dia 29 de setembro o SITSESP esteve presente na Alesp com o diretor de pol\u00edtica sindical e forma\u00e7\u00e3o Iure Teixeira e o delegado sindical Jusimar, juntamente com assessores do deputado estadual Rodrigo Moraes, membro da Comiss\u00e3o de Fiscaliza\u00e7\u00e3o e Controle, a fim de discutir algumas demandas da categoria, sendo elas: Portaria 367, or\u00e7amento da Funda\u00e7\u00e3o CASA, CPS (Comiss\u00e3o de pol\u00edtica salarial), PCCS, Periculosidade e outros assuntos. O nobre deputado se colocou \u00e0 disposi\u00e7\u00e3o para ajudar e encaminhar, junto a Comiss\u00e3o, a elabora\u00e7\u00e3o de um projeto de lei para o plano de carreira dos servidores da Funda\u00e7\u00e3o CASA, assim como, verificar como est\u00e1 o andamento da comiss\u00e3o de estudo do PCCS. A gest\u00e3o Reconstru\u00e7\u00e3o e Luta vem, atrav\u00e9s de reuni\u00f5es e articula\u00e7\u00f5es pol\u00edticas junto aos deputados estaduais e federais, buscando benef\u00edcios aos trabalhadores.\" \/>\n<meta name=\"robots\" content=\"index, follow, max-snippet:-1, max-image-preview:large, max-video-preview:-1\" \/>\n<link rel=\"canonical\" href=\"https:\/\/www.sitsesp.org.br\/novo\/sitsesp-em-movimento-debate-na-alesp-portaria-367-orcamento-da-fundacao-casa-cps-comissao-de-politica-salarial-pccs-periculosidade-e-outros-assuntos\/\" \/>\n<meta property=\"og:locale\" content=\"pt_BR\" \/>\n<meta property=\"og:type\" content=\"article\" \/>\n<meta property=\"og:title\" content=\"SITSESP EM MOVIMENTO DEBATE NA ALESP: Portaria 367, or\u00e7amento da Funda\u00e7\u00e3o CASA, CPS (Comiss\u00e3o de pol\u00edtica salarial), PCCS, Periculosidade e outros assuntos. - SITSESP\" \/>\n<meta property=\"og:description\" content=\"No dia 29 de setembro o SITSESP esteve presente na Alesp com o diretor de pol\u00edtica sindical e forma\u00e7\u00e3o Iure Teixeira e o delegado sindical Jusimar, juntamente com assessores do deputado estadual Rodrigo Moraes, membro da Comiss\u00e3o de Fiscaliza\u00e7\u00e3o e Controle, a fim de discutir algumas demandas da categoria, sendo elas: Portaria 367, or\u00e7amento da Funda\u00e7\u00e3o CASA, CPS (Comiss\u00e3o de pol\u00edtica salarial), PCCS, Periculosidade e outros assuntos. O nobre deputado se colocou \u00e0 disposi\u00e7\u00e3o para ajudar e encaminhar, junto a Comiss\u00e3o, a elabora\u00e7\u00e3o de um projeto de lei para o plano de carreira dos servidores da Funda\u00e7\u00e3o CASA, assim como, verificar como est\u00e1 o andamento da comiss\u00e3o de estudo do PCCS. A gest\u00e3o Reconstru\u00e7\u00e3o e Luta vem, atrav\u00e9s de reuni\u00f5es e articula\u00e7\u00f5es pol\u00edticas junto aos deputados estaduais e federais, buscando benef\u00edcios aos trabalhadores.\" \/>\n<meta property=\"og:url\" content=\"https:\/\/www.sitsesp.org.br\/novo\/sitsesp-em-movimento-debate-na-alesp-portaria-367-orcamento-da-fundacao-casa-cps-comissao-de-politica-salarial-pccs-periculosidade-e-outros-assuntos\/\" \/>\n<meta property=\"og:site_name\" content=\"SITSESP\" \/>\n<meta property=\"article:published_time\" content=\"2021-09-30T14:43:48+00:00\" \/>\n<meta property=\"article:modified_time\" content=\"2021-10-01T11:38:10+00:00\" \/>\n<meta property=\"og:image\" content=\"https:\/\/www.sitsesp.org.br\/novo\/wp-content\/uploads\/2021\/09\/WhatsApp-Image-2021-09-30-at-10.34.24-AM.jpeg\" \/>\n\t<meta property=\"og:image:width\" content=\"800\" \/>\n\t<meta property=\"og:image:height\" content=\"378\" \/>\n\t<meta property=\"og:image:type\" content=\"image\/jpeg\" \/>\n<meta name=\"author\" content=\"imprensa\" \/>\n<meta name=\"twitter:card\" content=\"summary_large_image\" \/>\n<meta name=\"twitter:label1\" content=\"Escrito por\" \/>\n\t<meta name=\"twitter:data1\" content=\"imprensa\" \/>\n\t<meta name=\"twitter:label2\" content=\"Est. tempo de leitura\" \/>\n\t<meta name=\"twitter:data2\" content=\"1 minuto\" \/>\n<script type=\"application\/ld+json\" class=\"yoast-schema-graph\">{\"@context\":\"https:\/\/schema.org\",\"@graph\":[{\"@type\":\"Article\",\"@id\":\"https:\/\/www.sitsesp.org.br\/novo\/sitsesp-em-movimento-debate-na-alesp-portaria-367-orcamento-da-fundacao-casa-cps-comissao-de-politica-salarial-pccs-periculosidade-e-outros-assuntos\/#article\",\"isPartOf\":{\"@id\":\"https:\/\/www.sitsesp.org.br\/novo\/sitsesp-em-movimento-debate-na-alesp-portaria-367-orcamento-da-fundacao-casa-cps-comissao-de-politica-salarial-pccs-periculosidade-e-outros-assuntos\/\"},\"author\":{\"name\":\"imprensa\",\"@id\":\"https:\/\/www.sitsesp.org.br\/novo\/#\/schema\/person\/28e42eec160f373e81d0183b3643edbf\"},\"headline\":\"SITSESP EM MOVIMENTO DEBATE NA ALESP: Portaria 367, or\u00e7amento da Funda\u00e7\u00e3o CASA, CPS (Comiss\u00e3o de pol\u00edtica salarial), PCCS, Periculosidade e outros assuntos.\",\"datePublished\":\"2021-09-30T14:43:48+00:00\",\"dateModified\":\"2021-10-01T11:38:10+00:00\",\"mainEntityOfPage\":{\"@id\":\"https:\/\/www.sitsesp.org.br\/novo\/sitsesp-em-movimento-debate-na-alesp-portaria-367-orcamento-da-fundacao-casa-cps-comissao-de-politica-salarial-pccs-periculosidade-e-outros-assuntos\/\"},\"wordCount\":184,\"commentCount\":0,\"publisher\":{\"@id\":\"https:\/\/www.sitsesp.org.br\/novo\/#organization\"},\"image\":{\"@id\":\"https:\/\/www.sitsesp.org.br\/novo\/sitsesp-em-movimento-debate-na-alesp-portaria-367-orcamento-da-fundacao-casa-cps-comissao-de-politica-salarial-pccs-periculosidade-e-outros-assuntos\/#primaryimage\"},\"thumbnailUrl\":\"https:\/\/www.sitsesp.org.br\/novo\/wp-content\/uploads\/2021\/09\/WhatsApp-Image-2021-09-30-at-10.34.24-AM.jpeg\",\"articleSection\":[\"Destaque\",\"Noticias\"],\"inLanguage\":\"pt-BR\",\"potentialAction\":[{\"@type\":\"CommentAction\",\"name\":\"Comment\",\"target\":[\"https:\/\/www.sitsesp.org.br\/novo\/sitsesp-em-movimento-debate-na-alesp-portaria-367-orcamento-da-fundacao-casa-cps-comissao-de-politica-salarial-pccs-periculosidade-e-outros-assuntos\/#respond\"]}]},{\"@type\":\"WebPage\",\"@id\":\"https:\/\/www.sitsesp.org.br\/novo\/sitsesp-em-movimento-debate-na-alesp-portaria-367-orcamento-da-fundacao-casa-cps-comissao-de-politica-salarial-pccs-periculosidade-e-outros-assuntos\/\",\"url\":\"https:\/\/www.sitsesp.org.br\/novo\/sitsesp-em-movimento-debate-na-alesp-portaria-367-orcamento-da-fundacao-casa-cps-comissao-de-politica-salarial-pccs-periculosidade-e-outros-assuntos\/\",\"name\":\"SITSESP EM MOVIMENTO DEBATE NA ALESP: Portaria 367, or\u00e7amento da Funda\u00e7\u00e3o CASA, CPS (Comiss\u00e3o de pol\u00edtica salarial), PCCS, Periculosidade e outros assuntos. - SITSESP\",\"isPartOf\":{\"@id\":\"https:\/\/www.sitsesp.org.br\/novo\/#website\"},\"primaryImageOfPage\":{\"@id\":\"https:\/\/www.sitsesp.org.br\/novo\/sitsesp-em-movimento-debate-na-alesp-portaria-367-orcamento-da-fundacao-casa-cps-comissao-de-politica-salarial-pccs-periculosidade-e-outros-assuntos\/#primaryimage\"},\"image\":{\"@id\":\"https:\/\/www.sitsesp.org.br\/novo\/sitsesp-em-movimento-debate-na-alesp-portaria-367-orcamento-da-fundacao-casa-cps-comissao-de-politica-salarial-pccs-periculosidade-e-outros-assuntos\/#primaryimage\"},\"thumbnailUrl\":\"https:\/\/www.sitsesp.org.br\/novo\/wp-content\/uploads\/2021\/09\/WhatsApp-Image-2021-09-30-at-10.34.24-AM.jpeg\",\"datePublished\":\"2021-09-30T14:43:48+00:00\",\"dateModified\":\"2021-10-01T11:38:10+00:00\",\"description\":\"No dia 29 de setembro o SITSESP esteve presente na Alesp com o diretor de pol\u00edtica sindical e forma\u00e7\u00e3o Iure Teixeira e o delegado sindical Jusimar, juntamente com assessores do deputado estadual Rodrigo Moraes, membro da Comiss\u00e3o de Fiscaliza\u00e7\u00e3o e Controle, a fim de discutir algumas demandas da categoria, sendo elas: Portaria 367, or\u00e7amento da Funda\u00e7\u00e3o CASA, CPS (Comiss\u00e3o de pol\u00edtica salarial), PCCS, Periculosidade e outros assuntos. O nobre deputado se colocou \u00e0 disposi\u00e7\u00e3o para ajudar e encaminhar, junto a Comiss\u00e3o, a elabora\u00e7\u00e3o de um projeto de lei para o plano de carreira dos servidores da Funda\u00e7\u00e3o CASA, assim como, verificar como est\u00e1 o andamento da comiss\u00e3o de estudo do PCCS. A gest\u00e3o Reconstru\u00e7\u00e3o e Luta vem, atrav\u00e9s de reuni\u00f5es e articula\u00e7\u00f5es pol\u00edticas junto aos deputados estaduais e federais, buscando benef\u00edcios aos trabalhadores.\",\"breadcrumb\":{\"@id\":\"https:\/\/www.sitsesp.org.br\/novo\/sitsesp-em-movimento-debate-na-alesp-portaria-367-orcamento-da-fundacao-casa-cps-comissao-de-politica-salarial-pccs-periculosidade-e-outros-assuntos\/#breadcrumb\"},\"inLanguage\":\"pt-BR\",\"potentialAction\":[{\"@type\":\"ReadAction\",\"target\":[\"https:\/\/www.sitsesp.org.br\/novo\/sitsesp-em-movimento-debate-na-alesp-portaria-367-orcamento-da-fundacao-casa-cps-comissao-de-politica-salarial-pccs-periculosidade-e-outros-assuntos\/\"]}]},{\"@type\":\"ImageObject\",\"inLanguage\":\"pt-BR\",\"@id\":\"https:\/\/www.sitsesp.org.br\/novo\/sitsesp-em-movimento-debate-na-alesp-portaria-367-orcamento-da-fundacao-casa-cps-comissao-de-politica-salarial-pccs-periculosidade-e-outros-assuntos\/#primaryimage\",\"url\":\"https:\/\/www.sitsesp.org.br\/novo\/wp-content\/uploads\/2021\/09\/WhatsApp-Image-2021-09-30-at-10.34.24-AM.jpeg\",\"contentUrl\":\"https:\/\/www.sitsesp.org.br\/novo\/wp-content\/uploads\/2021\/09\/WhatsApp-Image-2021-09-30-at-10.34.24-AM.jpeg\",\"width\":800,\"height\":378},{\"@type\":\"BreadcrumbList\",\"@id\":\"https:\/\/www.sitsesp.org.br\/novo\/sitsesp-em-movimento-debate-na-alesp-portaria-367-orcamento-da-fundacao-casa-cps-comissao-de-politica-salarial-pccs-periculosidade-e-outros-assuntos\/#breadcrumb\",\"itemListElement\":[{\"@type\":\"ListItem\",\"position\":1,\"name\":\"In\u00edcio\",\"item\":\"https:\/\/www.sitsesp.org.br\/novo\/\"},{\"@type\":\"ListItem\",\"position\":2,\"name\":\"SITSESP EM MOVIMENTO DEBATE NA ALESP: Portaria 367, or\u00e7amento da Funda\u00e7\u00e3o CASA, CPS (Comiss\u00e3o de pol\u00edtica salarial), PCCS, Periculosidade e outros assuntos.\"}]},{\"@type\":\"WebSite\",\"@id\":\"https:\/\/www.sitsesp.org.br\/novo\/#website\",\"url\":\"https:\/\/www.sitsesp.org.br\/novo\/\",\"name\":\"Sitsesp\",\"description\":\"SIndicato da Socioeduca\u00e7\u00e3o do Estado de S\u00e3o Paulo\",\"publisher\":{\"@id\":\"https:\/\/www.sitsesp.org.br\/novo\/#organization\"},\"potentialAction\":[{\"@type\":\"SearchAction\",\"target\":{\"@type\":\"EntryPoint\",\"urlTemplate\":\"https:\/\/www.sitsesp.org.br\/novo\/?s={search_term_string}\"},\"query-input\":\"required name=search_term_string\"}],\"inLanguage\":\"pt-BR\"},{\"@type\":\"Organization\",\"@id\":\"https:\/\/www.sitsesp.org.br\/novo\/#organization\",\"name\":\"Sitsesp\",\"url\":\"https:\/\/www.sitsesp.org.br\/novo\/\",\"logo\":{\"@type\":\"ImageObject\",\"inLanguage\":\"pt-BR\",\"@id\":\"https:\/\/www.sitsesp.org.br\/novo\/#\/schema\/logo\/image\/\",\"url\":\"https:\/\/www.sitsesp.org.br\/novo\/wp-content\/uploads\/2020\/09\/Design-sem-nome-1.jpg\",\"contentUrl\":\"https:\/\/www.sitsesp.org.br\/novo\/wp-content\/uploads\/2020\/09\/Design-sem-nome-1.jpg\",\"width\":300,\"height\":300,\"caption\":\"Sitsesp\"},\"image\":{\"@id\":\"https:\/\/www.sitsesp.org.br\/novo\/#\/schema\/logo\/image\/\"}},{\"@type\":\"Person\",\"@id\":\"https:\/\/www.sitsesp.org.br\/novo\/#\/schema\/person\/28e42eec160f373e81d0183b3643edbf\",\"name\":\"imprensa\",\"image\":{\"@type\":\"ImageObject\",\"inLanguage\":\"pt-BR\",\"@id\":\"https:\/\/www.sitsesp.org.br\/novo\/#\/schema\/person\/image\/\",\"url\":\"https:\/\/secure.gravatar.com\/avatar\/8d6ccd8d7d52b8959f34154e87d3fa29?s=96&d=mm&r=g\",\"contentUrl\":\"https:\/\/secure.gravatar.com\/avatar\/8d6ccd8d7d52b8959f34154e87d3fa29?s=96&d=mm&r=g\",\"caption\":\"imprensa\"}}]}<\/script>\n<!-- \/ Yoast SEO plugin. -->","yoast_head_json":{"title":"SITSESP EM MOVIMENTO DEBATE NA ALESP: Portaria 367, or\u00e7amento da Funda\u00e7\u00e3o CASA, CPS (Comiss\u00e3o de pol\u00edtica salarial), PCCS, Periculosidade e outros assuntos. - SITSESP","description":"No dia 29 de setembro o SITSESP esteve presente na Alesp com o diretor de pol\u00edtica sindical e forma\u00e7\u00e3o Iure Teixeira e o delegado sindical Jusimar, juntamente com assessores do deputado estadual Rodrigo Moraes, membro da Comiss\u00e3o de Fiscaliza\u00e7\u00e3o e Controle, a fim de discutir algumas demandas da categoria, sendo elas: Portaria 367, or\u00e7amento da Funda\u00e7\u00e3o CASA, CPS (Comiss\u00e3o de pol\u00edtica salarial), PCCS, Periculosidade e outros assuntos. O nobre deputado se colocou \u00e0 disposi\u00e7\u00e3o para ajudar e encaminhar, junto a Comiss\u00e3o, a elabora\u00e7\u00e3o de um projeto de lei para o plano de carreira dos servidores da Funda\u00e7\u00e3o CASA, assim como, verificar como est\u00e1 o andamento da comiss\u00e3o de estudo do PCCS. A gest\u00e3o Reconstru\u00e7\u00e3o e Luta vem, atrav\u00e9s de reuni\u00f5es e articula\u00e7\u00f5es pol\u00edticas junto aos deputados estaduais e federais, buscando benef\u00edcios aos trabalhadores.","robots":{"index":"index","follow":"follow","max-snippet":"max-snippet:-1","max-image-preview":"max-image-preview:large","max-video-preview":"max-video-preview:-1"},"canonical":"https:\/\/www.sitsesp.org.br\/novo\/sitsesp-em-movimento-debate-na-alesp-portaria-367-orcamento-da-fundacao-casa-cps-comissao-de-politica-salarial-pccs-periculosidade-e-outros-assuntos\/","og_locale":"pt_BR","og_type":"article","og_title":"SITSESP EM MOVIMENTO DEBATE NA ALESP: Portaria 367, or\u00e7amento da Funda\u00e7\u00e3o CASA, CPS (Comiss\u00e3o de pol\u00edtica salarial), PCCS, Periculosidade e outros assuntos. - SITSESP","og_description":"No dia 29 de setembro o SITSESP esteve presente na Alesp com o diretor de pol\u00edtica sindical e forma\u00e7\u00e3o Iure Teixeira e o delegado sindical Jusimar, juntamente com assessores do deputado estadual Rodrigo Moraes, membro da Comiss\u00e3o de Fiscaliza\u00e7\u00e3o e Controle, a fim de discutir algumas demandas da categoria, sendo elas: Portaria 367, or\u00e7amento da Funda\u00e7\u00e3o CASA, CPS (Comiss\u00e3o de pol\u00edtica salarial), PCCS, Periculosidade e outros assuntos. O nobre deputado se colocou \u00e0 disposi\u00e7\u00e3o para ajudar e encaminhar, junto a Comiss\u00e3o, a elabora\u00e7\u00e3o de um projeto de lei para o plano de carreira dos servidores da Funda\u00e7\u00e3o CASA, assim como, verificar como est\u00e1 o andamento da comiss\u00e3o de estudo do PCCS. A gest\u00e3o Reconstru\u00e7\u00e3o e Luta vem, atrav\u00e9s de reuni\u00f5es e articula\u00e7\u00f5es pol\u00edticas junto aos deputados estaduais e federais, buscando benef\u00edcios aos trabalhadores.","og_url":"https:\/\/www.sitsesp.org.br\/novo\/sitsesp-em-movimento-debate-na-alesp-portaria-367-orcamento-da-fundacao-casa-cps-comissao-de-politica-salarial-pccs-periculosidade-e-outros-assuntos\/","og_site_name":"SITSESP","article_published_time":"2021-09-30T14:43:48+00:00","article_modified_time":"2021-10-01T11:38:10+00:00","og_image":[{"width":800,"height":378,"url":"https:\/\/www.sitsesp.org.br\/novo\/wp-content\/uploads\/2021\/09\/WhatsApp-Image-2021-09-30-at-10.34.24-AM.jpeg","type":"image\/jpeg"}],"author":"imprensa","twitter_card":"summary_large_image","twitter_misc":{"Escrito por":"imprensa","Est. tempo de leitura":"1 minuto"},"schema":{"@context":"https:\/\/schema.org","@graph":[{"@type":"Article","@id":"https:\/\/www.sitsesp.org.br\/novo\/sitsesp-em-movimento-debate-na-alesp-portaria-367-orcamento-da-fundacao-casa-cps-comissao-de-politica-salarial-pccs-periculosidade-e-outros-assuntos\/#article","isPartOf":{"@id":"https:\/\/www.sitsesp.org.br\/novo\/sitsesp-em-movimento-debate-na-alesp-portaria-367-orcamento-da-fundacao-casa-cps-comissao-de-politica-salarial-pccs-periculosidade-e-outros-assuntos\/"},"author":{"name":"imprensa","@id":"https:\/\/www.sitsesp.org.br\/novo\/#\/schema\/person\/28e42eec160f373e81d0183b3643edbf"},"headline":"SITSESP EM MOVIMENTO DEBATE NA ALESP: Portaria 367, or\u00e7amento da Funda\u00e7\u00e3o CASA, CPS (Comiss\u00e3o de pol\u00edtica salarial), PCCS, Periculosidade e outros assuntos.","datePublished":"2021-09-30T14:43:48+00:00","dateModified":"2021-10-01T11:38:10+00:00","mainEntityOfPage":{"@id":"https:\/\/www.sitsesp.org.br\/novo\/sitsesp-em-movimento-debate-na-alesp-portaria-367-orcamento-da-fundacao-casa-cps-comissao-de-politica-salarial-pccs-periculosidade-e-outros-assuntos\/"},"wordCount":184,"commentCount":0,"publisher":{"@id":"https:\/\/www.sitsesp.org.br\/novo\/#organization"},"image":{"@id":"https:\/\/www.sitsesp.org.br\/novo\/sitsesp-em-movimento-debate-na-alesp-portaria-367-orcamento-da-fundacao-casa-cps-comissao-de-politica-salarial-pccs-periculosidade-e-outros-assuntos\/#primaryimage"},"thumbnailUrl":"https:\/\/www.sitsesp.org.br\/novo\/wp-content\/uploads\/2021\/09\/WhatsApp-Image-2021-09-30-at-10.34.24-AM.jpeg","articleSection":["Destaque","Noticias"],"inLanguage":"pt-BR","potentialAction":[{"@type":"CommentAction","name":"Comment","target":["https:\/\/www.sitsesp.org.br\/novo\/sitsesp-em-movimento-debate-na-alesp-portaria-367-orcamento-da-fundacao-casa-cps-comissao-de-politica-salarial-pccs-periculosidade-e-outros-assuntos\/#respond"]}]},{"@type":"WebPage","@id":"https:\/\/www.sitsesp.org.br\/novo\/sitsesp-em-movimento-debate-na-alesp-portaria-367-orcamento-da-fundacao-casa-cps-comissao-de-politica-salarial-pccs-periculosidade-e-outros-assuntos\/","url":"https:\/\/www.sitsesp.org.br\/novo\/sitsesp-em-movimento-debate-na-alesp-portaria-367-orcamento-da-fundacao-casa-cps-comissao-de-politica-salarial-pccs-periculosidade-e-outros-assuntos\/","name":"SITSESP EM MOVIMENTO DEBATE NA ALESP: Portaria 367, or\u00e7amento da Funda\u00e7\u00e3o CASA, CPS (Comiss\u00e3o de pol\u00edtica salarial), PCCS, Periculosidade e outros assuntos. - SITSESP","isPartOf":{"@id":"https:\/\/www.sitsesp.org.br\/novo\/#website"},"primaryImageOfPage":{"@id":"https:\/\/www.sitsesp.org.br\/novo\/sitsesp-em-movimento-debate-na-alesp-portaria-367-orcamento-da-fundacao-casa-cps-comissao-de-politica-salarial-pccs-periculosidade-e-outros-assuntos\/#primaryimage"},"image":{"@id":"https:\/\/www.sitsesp.org.br\/novo\/sitsesp-em-movimento-debate-na-alesp-portaria-367-orcamento-da-fundacao-casa-cps-comissao-de-politica-salarial-pccs-periculosidade-e-outros-assuntos\/#primaryimage"},"thumbnailUrl":"https:\/\/www.sitsesp.org.br\/novo\/wp-content\/uploads\/2021\/09\/WhatsApp-Image-2021-09-30-at-10.34.24-AM.jpeg","datePublished":"2021-09-30T14:43:48+00:00","dateModified":"2021-10-01T11:38:10+00:00","description":"No dia 29 de setembro o SITSESP esteve presente na Alesp com o diretor de pol\u00edtica sindical e forma\u00e7\u00e3o Iure Teixeira e o delegado sindical Jusimar, juntamente com assessores do deputado estadual Rodrigo Moraes, membro da Comiss\u00e3o de Fiscaliza\u00e7\u00e3o e Controle, a fim de discutir algumas demandas da categoria, sendo elas: Portaria 367, or\u00e7amento da Funda\u00e7\u00e3o CASA, CPS (Comiss\u00e3o de pol\u00edtica salarial), PCCS, Periculosidade e outros assuntos. O nobre deputado se colocou \u00e0 disposi\u00e7\u00e3o para ajudar e encaminhar, junto a Comiss\u00e3o, a elabora\u00e7\u00e3o de um projeto de lei para o plano de carreira dos servidores da Funda\u00e7\u00e3o CASA, assim como, verificar como est\u00e1 o andamento da comiss\u00e3o de estudo do PCCS. A gest\u00e3o Reconstru\u00e7\u00e3o e Luta vem, atrav\u00e9s de reuni\u00f5es e articula\u00e7\u00f5es pol\u00edticas junto aos deputados estaduais e federais, buscando benef\u00edcios aos trabalhadores.","breadcrumb":{"@id":"https:\/\/www.sitsesp.org.br\/novo\/sitsesp-em-movimento-debate-na-alesp-portaria-367-orcamento-da-fundacao-casa-cps-comissao-de-politica-salarial-pccs-periculosidade-e-outros-assuntos\/#breadcrumb"},"inLanguage":"pt-BR","potentialAction":[{"@type":"ReadAction","target":["https:\/\/www.sitsesp.org.br\/novo\/sitsesp-em-movimento-debate-na-alesp-portaria-367-orcamento-da-fundacao-casa-cps-comissao-de-politica-salarial-pccs-periculosidade-e-outros-assuntos\/"]}]},{"@type":"ImageObject","inLanguage":"pt-BR","@id":"https:\/\/www.sitsesp.org.br\/novo\/sitsesp-em-movimento-debate-na-alesp-portaria-367-orcamento-da-fundacao-casa-cps-comissao-de-politica-salarial-pccs-periculosidade-e-outros-assuntos\/#primaryimage","url":"https:\/\/www.sitsesp.org.br\/novo\/wp-content\/uploads\/2021\/09\/WhatsApp-Image-2021-09-30-at-10.34.24-AM.jpeg","contentUrl":"https:\/\/www.sitsesp.org.br\/novo\/wp-content\/uploads\/2021\/09\/WhatsApp-Image-2021-09-30-at-10.34.24-AM.jpeg","width":800,"height":378},{"@type":"BreadcrumbList","@id":"https:\/\/www.sitsesp.org.br\/novo\/sitsesp-em-movimento-debate-na-alesp-portaria-367-orcamento-da-fundacao-casa-cps-comissao-de-politica-salarial-pccs-periculosidade-e-outros-assuntos\/#breadcrumb","itemListElement":[{"@type":"ListItem","position":1,"name":"In\u00edcio","item":"https:\/\/www.sitsesp.org.br\/novo\/"},{"@type":"ListItem","position":2,"name":"SITSESP EM MOVIMENTO DEBATE NA ALESP: Portaria 367, or\u00e7amento da Funda\u00e7\u00e3o CASA, CPS (Comiss\u00e3o de pol\u00edtica salarial), PCCS, Periculosidade e outros assuntos."}]},{"@type":"WebSite","@id":"https:\/\/www.sitsesp.org.br\/novo\/#website","url":"https:\/\/www.sitsesp.org.br\/novo\/","name":"Sitsesp","description":"SIndicato da Socioeduca\u00e7\u00e3o do Estado de S\u00e3o Paulo","publisher":{"@id":"https:\/\/www.sitsesp.org.br\/novo\/#organization"},"potentialAction":[{"@type":"SearchAction","target":{"@type":"EntryPoint","urlTemplate":"https:\/\/www.sitsesp.org.br\/novo\/?s={search_term_string}"},"query-input":"required name=search_term_string"}],"inLanguage":"pt-BR"},{"@type":"Organization","@id":"https:\/\/www.sitsesp.org.br\/novo\/#organization","name":"Sitsesp","url":"https:\/\/www.sitsesp.org.br\/novo\/","logo":{"@type":"ImageObject","inLanguage":"pt-BR","@id":"https:\/\/www.sitsesp.org.br\/novo\/#\/schema\/logo\/image\/","url":"https:\/\/www.sitsesp.org.br\/novo\/wp-content\/uploads\/2020\/09\/Design-sem-nome-1.jpg","contentUrl":"https:\/\/www.sitsesp.org.br\/novo\/wp-content\/uploads\/2020\/09\/Design-sem-nome-1.jpg","width":300,"height":300,"caption":"Sitsesp"},"image":{"@id":"https:\/\/www.sitsesp.org.br\/novo\/#\/schema\/logo\/image\/"}},{"@type":"Person","@id":"https:\/\/www.sitsesp.org.br\/novo\/#\/schema\/person\/28e42eec160f373e81d0183b3643edbf","name":"imprensa","image":{"@type":"ImageObject","inLanguage":"pt-BR","@id":"https:\/\/www.sitsesp.org.br\/novo\/#\/schema\/person\/image\/","url":"https:\/\/secure.gravatar.com\/avatar\/8d6ccd8d7d52b8959f34154e87d3fa29?s=96&d=mm&r=g","contentUrl":"https:\/\/secure.gravatar.com\/avatar\/8d6ccd8d7d52b8959f34154e87d3fa29?s=96&d=mm&r=g","caption":"imprensa"}}]}},"_links":{"self":[{"href":"https:\/\/www.sitsesp.org.br\/novo\/wp-json\/wp\/v2\/posts\/7256"}],"collection":[{"href":"https:\/\/www.sitsesp.org.br\/novo\/wp-json\/wp\/v2\/posts"}],"about":[{"href":"https:\/\/www.sitsesp.org.br\/novo\/wp-json\/wp\/v2\/types\/post"}],"author":[{"embeddable":true,"href":"https:\/\/www.sitsesp.org.br\/novo\/wp-json\/wp\/v2\/users\/5"}],"replies":[{"embeddable":true,"href":"https:\/\/www.sitsesp.org.br\/novo\/wp-json\/wp\/v2\/comments?post=7256"}],"version-history":[{"count":3,"href":"https:\/\/www.sitsesp.org.br\/novo\/wp-json\/wp\/v2\/posts\/7256\/revisions"}],"predecessor-version":[{"id":7268,"href":"https:\/\/www.sitsesp.org.br\/novo\/wp-json\/wp\/v2\/posts\/7256\/revisions\/7268"}],"wp:featuredmedia":[{"embeddable":true,"href":"https:\/\/www.sitsesp.org.br\/novo\/wp-json\/wp\/v2\/media\/7257"}],"wp:attachment":[{"href":"https:\/\/www.sitsesp.org.br\/novo\/wp-json\/wp\/v2\/media?parent=7256"}],"wp:term":[{"taxonomy":"category","embeddable":true,"href":"https:\/\/www.sitsesp.org.br\/novo\/wp-json\/wp\/v2\/categories?post=7256"},{"taxonomy":"post_tag","embeddable":true,"href":"https:\/\/www.sitsesp.org.br\/novo\/wp-json\/wp\/v2\/tags?post=7256"}],"curies":[{"name":"wp","href":"https:\/\/api.w.org\/{rel}","templated":true}]}}