{"id":7300,"date":"2021-10-01T15:00:55","date_gmt":"2021-10-01T18:00:55","guid":{"rendered":"https:\/\/sitsesp.org.br\/novo\/?p=7300"},"modified":"2021-10-01T15:05:56","modified_gmt":"2021-10-01T18:05:56","slug":"luta-dos-socioeducadores-contra-a-pn-367-ganha-o-apoio-da-midia","status":"publish","type":"post","link":"https:\/\/www.sitsesp.org.br\/novo\/luta-dos-socioeducadores-contra-a-pn-367-ganha-o-apoio-da-midia\/","title":{"rendered":"Luta dos socioeducadores contra a PN 367 ganha o apoio da m\u00eddia"},"content":{"rendered":"<p><!-- VideographyWP Plugin Message: Automatic video embedding prevented by plugin options. --><br \/>\nOl\u00e1 categoria! Com grata supressa recebemos o apoio e preocupa\u00e7\u00e3o de meios de comunica\u00e7\u00e3o com a luta dos socioeducadores contra as transfer\u00eancias compuls\u00f3rias que a Funda\u00e7\u00e3o CASA pretende, de forma autorit\u00e1ria, implementar no sistema socioeducativo.<\/p>\n<p>Temos lutado demais, combatemos a Funda\u00e7\u00e3o CASA nas Campanhas Salariais, defendemos nossas vidas diante da pandemia, fizemos greve, tiramos as m\u00e3os de Fernando Jos\u00e9 das nossas marmitas e, agora, lutamos contra a absurda Portaria 367. A c\u00fapula da Funda\u00e7\u00e3o CASA s\u00f3 pensa em maltratar a categoria socioeducativa. Nada de valorizar, nada de garantir sa\u00fade e seguran\u00e7a para os servidores.<\/p>\n<p>Na quinta-feira, 30 de setembro, realizamos mais um ato em frente \u00e0 sede da Funda\u00e7\u00e3o CASA exigindo a anula\u00e7\u00e3o da PN 367. Nossa luta repercutiu na m\u00eddia, o SP1 realizou e transmitiu uma reportagem evidenciando a maldade da Funda\u00e7\u00e3o CASA. O apresentador do SP1, C\u00e9sar Tralli, afirmou, ap\u00f3s consulta de um especialista, que \u201cmesmo que a transfer\u00eancia seja prevista em contrato, \u00e9 necess\u00e1rio que o trabalhador concorde\u201d. O apresentador concluiu dizendo que \u201cpara remanejar \u00e9 fundamental tamb\u00e9m criar atrativos, sejam aux\u00edlios, valoriza\u00e7\u00e3o maior de sal\u00e1rios, alguma forma de conseguir fazer esse remanejamento para n\u00e3o prejudicar tamb\u00e9m a vida do funcion\u00e1rio desse jeito\u201d.<\/p>\n<p>O meio de comunica\u00e7\u00e3o, PONTE, tamb\u00e9m repercutiu a manifesta\u00e7\u00e3o de 30 de setembro dos socioeducadores, dando espa\u00e7o \u00e0 voz do SITSESP, expondo a argumenta\u00e7\u00e3o da presidente do SITSESP, Cl\u00e1udia Maria: \u201cEssa medida \u00e9 completamente ilegal e, se n\u00e3o for barrada, n\u00e3o tem volta se os funcion\u00e1rios quiserem pedir transfer\u00eancia. Os 25% de adicional no sal\u00e1rio que prometeram para quem for transferido n\u00e3o paga nem o carro da mudan\u00e7a\u201d.<\/p>\n<p>Anteriormente, em 28 de setembro, o meio de comunica\u00e7\u00e3o PONTE entrou em contato e divulgou depoimentos de servidores e da entidade sindical, denunciando as transfer\u00eancias compuls\u00f3rias.<\/p>\n<p>Leia aqui as mat\u00e9rias:<br \/>\n<a href=\"https:\/\/g1.globo.com\/sp\/sao-paulo\/noticia\/2021\/09\/30\/funcionarios-da-fundacao-casa-protestam-contra-transferencia-para-interior-ou-litoral.ghtml\">SP1<\/a><br \/>\n<a href=\"https:\/\/ponte.org\/servidores-da-fundacao-casa-protestam-contra-transferencia-compulsoria\/\">PONTE<\/a><br \/>\n<a href=\"https:\/\/ponte.org\/transferencia-compulsoria-para-unidades-mais-distantes-apavora-funcionarios-da-fundacao-casa\/\">PONTE<\/a><\/p>\n","protected":false},"excerpt":{"rendered":"<p>Ol\u00e1 categoria! Com grata supressa recebemos o apoio e preocupa\u00e7\u00e3o de meios de comunica\u00e7\u00e3o com a luta dos socioeducadores contra as&hellip;<\/p>\n","protected":false},"author":5,"featured_media":7303,"comment_status":"open","ping_status":"open","sticky":false,"template":"","format":"standard","meta":{"cybocfi_hide_featured_image":"","footnotes":""},"categories":[27,22],"tags":[45,65,40,37,39],"yoast_head":"<!-- This site is optimized with the Yoast SEO plugin v22.8 - https:\/\/yoast.com\/wordpress\/plugins\/seo\/ -->\n<title>Luta dos socioeducadores contra a PN 367 ganha o apoio da m\u00eddia - SITSESP<\/title>\n<meta name=\"description\" content=\"Ol\u00e1 categoria! Com grata supressa recebemos o apoio e preocupa\u00e7\u00e3o de meios de comunica\u00e7\u00e3o com a luta dos socioeducadores contra as transfer\u00eancias compuls\u00f3rias que a Funda\u00e7\u00e3o CASA pretende, de forma autorit\u00e1ria, implementar no sistema socioeducativo.\" \/>\n<meta name=\"robots\" content=\"index, follow, max-snippet:-1, max-image-preview:large, max-video-preview:-1\" \/>\n<link rel=\"canonical\" href=\"https:\/\/www.sitsesp.org.br\/novo\/luta-dos-socioeducadores-contra-a-pn-367-ganha-o-apoio-da-midia\/\" \/>\n<meta property=\"og:locale\" content=\"pt_BR\" \/>\n<meta property=\"og:type\" content=\"article\" \/>\n<meta property=\"og:title\" content=\"Luta dos socioeducadores contra a PN 367 ganha o apoio da m\u00eddia - SITSESP\" \/>\n<meta property=\"og:description\" content=\"Ol\u00e1 categoria! Com grata supressa recebemos o apoio e preocupa\u00e7\u00e3o de meios de comunica\u00e7\u00e3o com a luta dos socioeducadores contra as transfer\u00eancias compuls\u00f3rias que a Funda\u00e7\u00e3o CASA pretende, de forma autorit\u00e1ria, implementar no sistema socioeducativo.\" \/>\n<meta property=\"og:url\" content=\"https:\/\/www.sitsesp.org.br\/novo\/luta-dos-socioeducadores-contra-a-pn-367-ganha-o-apoio-da-midia\/\" \/>\n<meta property=\"og:site_name\" content=\"SITSESP\" \/>\n<meta property=\"article:published_time\" content=\"2021-10-01T18:00:55+00:00\" \/>\n<meta property=\"article:modified_time\" content=\"2021-10-01T18:05:56+00:00\" \/>\n<meta property=\"og:image\" content=\"https:\/\/www.sitsesp.org.br\/novo\/wp-content\/uploads\/2021\/10\/0110-1.jpg\" \/>\n\t<meta property=\"og:image:width\" content=\"800\" \/>\n\t<meta property=\"og:image:height\" content=\"800\" \/>\n\t<meta property=\"og:image:type\" content=\"image\/jpeg\" \/>\n<meta name=\"author\" content=\"imprensa\" \/>\n<meta name=\"twitter:card\" content=\"summary_large_image\" \/>\n<meta name=\"twitter:label1\" content=\"Escrito por\" \/>\n\t<meta name=\"twitter:data1\" content=\"imprensa\" \/>\n\t<meta name=\"twitter:label2\" content=\"Est. tempo de leitura\" \/>\n\t<meta name=\"twitter:data2\" content=\"2 minutos\" \/>\n<script type=\"application\/ld+json\" class=\"yoast-schema-graph\">{\"@context\":\"https:\/\/schema.org\",\"@graph\":[{\"@type\":\"Article\",\"@id\":\"https:\/\/www.sitsesp.org.br\/novo\/luta-dos-socioeducadores-contra-a-pn-367-ganha-o-apoio-da-midia\/#article\",\"isPartOf\":{\"@id\":\"https:\/\/www.sitsesp.org.br\/novo\/luta-dos-socioeducadores-contra-a-pn-367-ganha-o-apoio-da-midia\/\"},\"author\":{\"name\":\"imprensa\",\"@id\":\"https:\/\/www.sitsesp.org.br\/novo\/#\/schema\/person\/28e42eec160f373e81d0183b3643edbf\"},\"headline\":\"Luta dos socioeducadores contra a PN 367 ganha o apoio da m\u00eddia\",\"datePublished\":\"2021-10-01T18:00:55+00:00\",\"dateModified\":\"2021-10-01T18:05:56+00:00\",\"mainEntityOfPage\":{\"@id\":\"https:\/\/www.sitsesp.org.br\/novo\/luta-dos-socioeducadores-contra-a-pn-367-ganha-o-apoio-da-midia\/\"},\"wordCount\":342,\"commentCount\":0,\"publisher\":{\"@id\":\"https:\/\/www.sitsesp.org.br\/novo\/#organization\"},\"image\":{\"@id\":\"https:\/\/www.sitsesp.org.br\/novo\/luta-dos-socioeducadores-contra-a-pn-367-ganha-o-apoio-da-midia\/#primaryimage\"},\"thumbnailUrl\":\"https:\/\/www.sitsesp.org.br\/novo\/wp-content\/uploads\/2021\/10\/0110-1.jpg\",\"keywords\":[\"2021\",\"pn367n\u00e3o\",\"SINDICATO\",\"SITSESP\",\"SOCIOEDUCA\u00c7\u00c3O\"],\"articleSection\":[\"Destaque\",\"Noticias\"],\"inLanguage\":\"pt-BR\",\"potentialAction\":[{\"@type\":\"CommentAction\",\"name\":\"Comment\",\"target\":[\"https:\/\/www.sitsesp.org.br\/novo\/luta-dos-socioeducadores-contra-a-pn-367-ganha-o-apoio-da-midia\/#respond\"]}]},{\"@type\":\"WebPage\",\"@id\":\"https:\/\/www.sitsesp.org.br\/novo\/luta-dos-socioeducadores-contra-a-pn-367-ganha-o-apoio-da-midia\/\",\"url\":\"https:\/\/www.sitsesp.org.br\/novo\/luta-dos-socioeducadores-contra-a-pn-367-ganha-o-apoio-da-midia\/\",\"name\":\"Luta dos socioeducadores contra a PN 367 ganha o apoio da m\u00eddia - SITSESP\",\"isPartOf\":{\"@id\":\"https:\/\/www.sitsesp.org.br\/novo\/#website\"},\"primaryImageOfPage\":{\"@id\":\"https:\/\/www.sitsesp.org.br\/novo\/luta-dos-socioeducadores-contra-a-pn-367-ganha-o-apoio-da-midia\/#primaryimage\"},\"image\":{\"@id\":\"https:\/\/www.sitsesp.org.br\/novo\/luta-dos-socioeducadores-contra-a-pn-367-ganha-o-apoio-da-midia\/#primaryimage\"},\"thumbnailUrl\":\"https:\/\/www.sitsesp.org.br\/novo\/wp-content\/uploads\/2021\/10\/0110-1.jpg\",\"datePublished\":\"2021-10-01T18:00:55+00:00\",\"dateModified\":\"2021-10-01T18:05:56+00:00\",\"description\":\"Ol\u00e1 categoria! Com grata supressa recebemos o apoio e preocupa\u00e7\u00e3o de meios de comunica\u00e7\u00e3o com a luta dos socioeducadores contra as transfer\u00eancias compuls\u00f3rias que a Funda\u00e7\u00e3o CASA pretende, de forma autorit\u00e1ria, implementar no sistema socioeducativo.\",\"breadcrumb\":{\"@id\":\"https:\/\/www.sitsesp.org.br\/novo\/luta-dos-socioeducadores-contra-a-pn-367-ganha-o-apoio-da-midia\/#breadcrumb\"},\"inLanguage\":\"pt-BR\",\"potentialAction\":[{\"@type\":\"ReadAction\",\"target\":[\"https:\/\/www.sitsesp.org.br\/novo\/luta-dos-socioeducadores-contra-a-pn-367-ganha-o-apoio-da-midia\/\"]}]},{\"@type\":\"ImageObject\",\"inLanguage\":\"pt-BR\",\"@id\":\"https:\/\/www.sitsesp.org.br\/novo\/luta-dos-socioeducadores-contra-a-pn-367-ganha-o-apoio-da-midia\/#primaryimage\",\"url\":\"https:\/\/www.sitsesp.org.br\/novo\/wp-content\/uploads\/2021\/10\/0110-1.jpg\",\"contentUrl\":\"https:\/\/www.sitsesp.org.br\/novo\/wp-content\/uploads\/2021\/10\/0110-1.jpg\",\"width\":800,\"height\":800},{\"@type\":\"BreadcrumbList\",\"@id\":\"https:\/\/www.sitsesp.org.br\/novo\/luta-dos-socioeducadores-contra-a-pn-367-ganha-o-apoio-da-midia\/#breadcrumb\",\"itemListElement\":[{\"@type\":\"ListItem\",\"position\":1,\"name\":\"In\u00edcio\",\"item\":\"https:\/\/www.sitsesp.org.br\/novo\/\"},{\"@type\":\"ListItem\",\"position\":2,\"name\":\"Luta dos socioeducadores contra a PN 367 ganha o apoio da m\u00eddia\"}]},{\"@type\":\"WebSite\",\"@id\":\"https:\/\/www.sitsesp.org.br\/novo\/#website\",\"url\":\"https:\/\/www.sitsesp.org.br\/novo\/\",\"name\":\"Sitsesp\",\"description\":\"SIndicato da Socioeduca\u00e7\u00e3o do Estado de S\u00e3o Paulo\",\"publisher\":{\"@id\":\"https:\/\/www.sitsesp.org.br\/novo\/#organization\"},\"potentialAction\":[{\"@type\":\"SearchAction\",\"target\":{\"@type\":\"EntryPoint\",\"urlTemplate\":\"https:\/\/www.sitsesp.org.br\/novo\/?s={search_term_string}\"},\"query-input\":\"required name=search_term_string\"}],\"inLanguage\":\"pt-BR\"},{\"@type\":\"Organization\",\"@id\":\"https:\/\/www.sitsesp.org.br\/novo\/#organization\",\"name\":\"Sitsesp\",\"url\":\"https:\/\/www.sitsesp.org.br\/novo\/\",\"logo\":{\"@type\":\"ImageObject\",\"inLanguage\":\"pt-BR\",\"@id\":\"https:\/\/www.sitsesp.org.br\/novo\/#\/schema\/logo\/image\/\",\"url\":\"https:\/\/www.sitsesp.org.br\/novo\/wp-content\/uploads\/2020\/09\/Design-sem-nome-1.jpg\",\"contentUrl\":\"https:\/\/www.sitsesp.org.br\/novo\/wp-content\/uploads\/2020\/09\/Design-sem-nome-1.jpg\",\"width\":300,\"height\":300,\"caption\":\"Sitsesp\"},\"image\":{\"@id\":\"https:\/\/www.sitsesp.org.br\/novo\/#\/schema\/logo\/image\/\"}},{\"@type\":\"Person\",\"@id\":\"https:\/\/www.sitsesp.org.br\/novo\/#\/schema\/person\/28e42eec160f373e81d0183b3643edbf\",\"name\":\"imprensa\",\"image\":{\"@type\":\"ImageObject\",\"inLanguage\":\"pt-BR\",\"@id\":\"https:\/\/www.sitsesp.org.br\/novo\/#\/schema\/person\/image\/\",\"url\":\"https:\/\/secure.gravatar.com\/avatar\/8d6ccd8d7d52b8959f34154e87d3fa29?s=96&d=mm&r=g\",\"contentUrl\":\"https:\/\/secure.gravatar.com\/avatar\/8d6ccd8d7d52b8959f34154e87d3fa29?s=96&d=mm&r=g\",\"caption\":\"imprensa\"}}]}<\/script>\n<!-- \/ Yoast SEO plugin. -->","yoast_head_json":{"title":"Luta dos socioeducadores contra a PN 367 ganha o apoio da m\u00eddia - SITSESP","description":"Ol\u00e1 categoria! Com grata supressa recebemos o apoio e preocupa\u00e7\u00e3o de meios de comunica\u00e7\u00e3o com a luta dos socioeducadores contra as transfer\u00eancias compuls\u00f3rias que a Funda\u00e7\u00e3o CASA pretende, de forma autorit\u00e1ria, implementar no sistema socioeducativo.","robots":{"index":"index","follow":"follow","max-snippet":"max-snippet:-1","max-image-preview":"max-image-preview:large","max-video-preview":"max-video-preview:-1"},"canonical":"https:\/\/www.sitsesp.org.br\/novo\/luta-dos-socioeducadores-contra-a-pn-367-ganha-o-apoio-da-midia\/","og_locale":"pt_BR","og_type":"article","og_title":"Luta dos socioeducadores contra a PN 367 ganha o apoio da m\u00eddia - SITSESP","og_description":"Ol\u00e1 categoria! Com grata supressa recebemos o apoio e preocupa\u00e7\u00e3o de meios de comunica\u00e7\u00e3o com a luta dos socioeducadores contra as transfer\u00eancias compuls\u00f3rias que a Funda\u00e7\u00e3o CASA pretende, de forma autorit\u00e1ria, implementar no sistema socioeducativo.","og_url":"https:\/\/www.sitsesp.org.br\/novo\/luta-dos-socioeducadores-contra-a-pn-367-ganha-o-apoio-da-midia\/","og_site_name":"SITSESP","article_published_time":"2021-10-01T18:00:55+00:00","article_modified_time":"2021-10-01T18:05:56+00:00","og_image":[{"width":800,"height":800,"url":"https:\/\/www.sitsesp.org.br\/novo\/wp-content\/uploads\/2021\/10\/0110-1.jpg","type":"image\/jpeg"}],"author":"imprensa","twitter_card":"summary_large_image","twitter_misc":{"Escrito por":"imprensa","Est. tempo de leitura":"2 minutos"},"schema":{"@context":"https:\/\/schema.org","@graph":[{"@type":"Article","@id":"https:\/\/www.sitsesp.org.br\/novo\/luta-dos-socioeducadores-contra-a-pn-367-ganha-o-apoio-da-midia\/#article","isPartOf":{"@id":"https:\/\/www.sitsesp.org.br\/novo\/luta-dos-socioeducadores-contra-a-pn-367-ganha-o-apoio-da-midia\/"},"author":{"name":"imprensa","@id":"https:\/\/www.sitsesp.org.br\/novo\/#\/schema\/person\/28e42eec160f373e81d0183b3643edbf"},"headline":"Luta dos socioeducadores contra a PN 367 ganha o apoio da m\u00eddia","datePublished":"2021-10-01T18:00:55+00:00","dateModified":"2021-10-01T18:05:56+00:00","mainEntityOfPage":{"@id":"https:\/\/www.sitsesp.org.br\/novo\/luta-dos-socioeducadores-contra-a-pn-367-ganha-o-apoio-da-midia\/"},"wordCount":342,"commentCount":0,"publisher":{"@id":"https:\/\/www.sitsesp.org.br\/novo\/#organization"},"image":{"@id":"https:\/\/www.sitsesp.org.br\/novo\/luta-dos-socioeducadores-contra-a-pn-367-ganha-o-apoio-da-midia\/#primaryimage"},"thumbnailUrl":"https:\/\/www.sitsesp.org.br\/novo\/wp-content\/uploads\/2021\/10\/0110-1.jpg","keywords":["2021","pn367n\u00e3o","SINDICATO","SITSESP","SOCIOEDUCA\u00c7\u00c3O"],"articleSection":["Destaque","Noticias"],"inLanguage":"pt-BR","potentialAction":[{"@type":"CommentAction","name":"Comment","target":["https:\/\/www.sitsesp.org.br\/novo\/luta-dos-socioeducadores-contra-a-pn-367-ganha-o-apoio-da-midia\/#respond"]}]},{"@type":"WebPage","@id":"https:\/\/www.sitsesp.org.br\/novo\/luta-dos-socioeducadores-contra-a-pn-367-ganha-o-apoio-da-midia\/","url":"https:\/\/www.sitsesp.org.br\/novo\/luta-dos-socioeducadores-contra-a-pn-367-ganha-o-apoio-da-midia\/","name":"Luta dos socioeducadores contra a PN 367 ganha o apoio da m\u00eddia - SITSESP","isPartOf":{"@id":"https:\/\/www.sitsesp.org.br\/novo\/#website"},"primaryImageOfPage":{"@id":"https:\/\/www.sitsesp.org.br\/novo\/luta-dos-socioeducadores-contra-a-pn-367-ganha-o-apoio-da-midia\/#primaryimage"},"image":{"@id":"https:\/\/www.sitsesp.org.br\/novo\/luta-dos-socioeducadores-contra-a-pn-367-ganha-o-apoio-da-midia\/#primaryimage"},"thumbnailUrl":"https:\/\/www.sitsesp.org.br\/novo\/wp-content\/uploads\/2021\/10\/0110-1.jpg","datePublished":"2021-10-01T18:00:55+00:00","dateModified":"2021-10-01T18:05:56+00:00","description":"Ol\u00e1 categoria! Com grata supressa recebemos o apoio e preocupa\u00e7\u00e3o de meios de comunica\u00e7\u00e3o com a luta dos socioeducadores contra as transfer\u00eancias compuls\u00f3rias que a Funda\u00e7\u00e3o CASA pretende, de forma autorit\u00e1ria, implementar no sistema socioeducativo.","breadcrumb":{"@id":"https:\/\/www.sitsesp.org.br\/novo\/luta-dos-socioeducadores-contra-a-pn-367-ganha-o-apoio-da-midia\/#breadcrumb"},"inLanguage":"pt-BR","potentialAction":[{"@type":"ReadAction","target":["https:\/\/www.sitsesp.org.br\/novo\/luta-dos-socioeducadores-contra-a-pn-367-ganha-o-apoio-da-midia\/"]}]},{"@type":"ImageObject","inLanguage":"pt-BR","@id":"https:\/\/www.sitsesp.org.br\/novo\/luta-dos-socioeducadores-contra-a-pn-367-ganha-o-apoio-da-midia\/#primaryimage","url":"https:\/\/www.sitsesp.org.br\/novo\/wp-content\/uploads\/2021\/10\/0110-1.jpg","contentUrl":"https:\/\/www.sitsesp.org.br\/novo\/wp-content\/uploads\/2021\/10\/0110-1.jpg","width":800,"height":800},{"@type":"BreadcrumbList","@id":"https:\/\/www.sitsesp.org.br\/novo\/luta-dos-socioeducadores-contra-a-pn-367-ganha-o-apoio-da-midia\/#breadcrumb","itemListElement":[{"@type":"ListItem","position":1,"name":"In\u00edcio","item":"https:\/\/www.sitsesp.org.br\/novo\/"},{"@type":"ListItem","position":2,"name":"Luta dos socioeducadores contra a PN 367 ganha o apoio da m\u00eddia"}]},{"@type":"WebSite","@id":"https:\/\/www.sitsesp.org.br\/novo\/#website","url":"https:\/\/www.sitsesp.org.br\/novo\/","name":"Sitsesp","description":"SIndicato da Socioeduca\u00e7\u00e3o do Estado de S\u00e3o Paulo","publisher":{"@id":"https:\/\/www.sitsesp.org.br\/novo\/#organization"},"potentialAction":[{"@type":"SearchAction","target":{"@type":"EntryPoint","urlTemplate":"https:\/\/www.sitsesp.org.br\/novo\/?s={search_term_string}"},"query-input":"required name=search_term_string"}],"inLanguage":"pt-BR"},{"@type":"Organization","@id":"https:\/\/www.sitsesp.org.br\/novo\/#organization","name":"Sitsesp","url":"https:\/\/www.sitsesp.org.br\/novo\/","logo":{"@type":"ImageObject","inLanguage":"pt-BR","@id":"https:\/\/www.sitsesp.org.br\/novo\/#\/schema\/logo\/image\/","url":"https:\/\/www.sitsesp.org.br\/novo\/wp-content\/uploads\/2020\/09\/Design-sem-nome-1.jpg","contentUrl":"https:\/\/www.sitsesp.org.br\/novo\/wp-content\/uploads\/2020\/09\/Design-sem-nome-1.jpg","width":300,"height":300,"caption":"Sitsesp"},"image":{"@id":"https:\/\/www.sitsesp.org.br\/novo\/#\/schema\/logo\/image\/"}},{"@type":"Person","@id":"https:\/\/www.sitsesp.org.br\/novo\/#\/schema\/person\/28e42eec160f373e81d0183b3643edbf","name":"imprensa","image":{"@type":"ImageObject","inLanguage":"pt-BR","@id":"https:\/\/www.sitsesp.org.br\/novo\/#\/schema\/person\/image\/","url":"https:\/\/secure.gravatar.com\/avatar\/8d6ccd8d7d52b8959f34154e87d3fa29?s=96&d=mm&r=g","contentUrl":"https:\/\/secure.gravatar.com\/avatar\/8d6ccd8d7d52b8959f34154e87d3fa29?s=96&d=mm&r=g","caption":"imprensa"}}]}},"_links":{"self":[{"href":"https:\/\/www.sitsesp.org.br\/novo\/wp-json\/wp\/v2\/posts\/7300"}],"collection":[{"href":"https:\/\/www.sitsesp.org.br\/novo\/wp-json\/wp\/v2\/posts"}],"about":[{"href":"https:\/\/www.sitsesp.org.br\/novo\/wp-json\/wp\/v2\/types\/post"}],"author":[{"embeddable":true,"href":"https:\/\/www.sitsesp.org.br\/novo\/wp-json\/wp\/v2\/users\/5"}],"replies":[{"embeddable":true,"href":"https:\/\/www.sitsesp.org.br\/novo\/wp-json\/wp\/v2\/comments?post=7300"}],"version-history":[{"count":1,"href":"https:\/\/www.sitsesp.org.br\/novo\/wp-json\/wp\/v2\/posts\/7300\/revisions"}],"predecessor-version":[{"id":7302,"href":"https:\/\/www.sitsesp.org.br\/novo\/wp-json\/wp\/v2\/posts\/7300\/revisions\/7302"}],"wp:featuredmedia":[{"embeddable":true,"href":"https:\/\/www.sitsesp.org.br\/novo\/wp-json\/wp\/v2\/media\/7303"}],"wp:attachment":[{"href":"https:\/\/www.sitsesp.org.br\/novo\/wp-json\/wp\/v2\/media?parent=7300"}],"wp:term":[{"taxonomy":"category","embeddable":true,"href":"https:\/\/www.sitsesp.org.br\/novo\/wp-json\/wp\/v2\/categories?post=7300"},{"taxonomy":"post_tag","embeddable":true,"href":"https:\/\/www.sitsesp.org.br\/novo\/wp-json\/wp\/v2\/tags?post=7300"}],"curies":[{"name":"wp","href":"https:\/\/api.w.org\/{rel}","templated":true}]}}