{"id":7347,"date":"2021-10-06T18:01:21","date_gmt":"2021-10-06T21:01:21","guid":{"rendered":"https:\/\/sitsesp.org.br\/novo\/?p=7347"},"modified":"2021-10-06T18:03:15","modified_gmt":"2021-10-06T21:03:15","slug":"sitsesp-assembleia-extraordinaria-escala-de-trabalho-dos-agentes-de-apoio-socioeducativo-da-semi-liberdade","status":"publish","type":"post","link":"https:\/\/www.sitsesp.org.br\/novo\/sitsesp-assembleia-extraordinaria-escala-de-trabalho-dos-agentes-de-apoio-socioeducativo-da-semi-liberdade\/","title":{"rendered":"SITSESP: Assembleia Extraordin\u00e1ria escala de trabalho dos agentes de apoio socioeducativo da  Semi-liberdade."},"content":{"rendered":"<p><!-- VideographyWP Plugin Message: Automatic video embedding prevented by plugin options. --><br \/>\n<strong>SITSESP: Assembleia Extraordin\u00e1ria | Escala de trabalho dos agentes de apoio socioeducativo da Semi-liberdade.<\/strong><\/p>\n<p>S\u00e1bado 09 de out.<br \/>\nPrimeira chamada: 9hs.<br \/>\nSegunda chamada: 9hs30.<\/p>\n<p><strong>Inscreva-se antecipadamente:<\/strong><br \/>\n<a href=\"https:\/\/us02web.zoom.us\/meeting\/register\/tZAqdOitrD4oHt2h0ILbJbGs8N-37mpKGK4m\">LINK\u00a0<\/a><br \/>\n<a href=\"https:\/\/us02web.zoom.us\/meeting\/register\/tZAqdOitrD4oHt2h0ILbJbGs8N-37mpKGK4m\">https:\/\/us02web.zoom.us\/meeting\/register\/tZAqdOitrD4oHt2h0ILbJbGs8N-37mpKGK4m<\/a><\/p>\n<p>Ap\u00f3s a inscri\u00e7\u00e3o, voc\u00ea receber\u00e1 um e-mail de confirma\u00e7\u00e3o contendo informa\u00e7\u00f5es sobre como entrar na reuni\u00e3o.<\/p>\n<p><strong>Inscri\u00e7\u00e3o at\u00e9 07.10.2021 \u00e0s 23hs59 min<\/strong><\/p>\n","protected":false},"excerpt":{"rendered":"<p>SITSESP: Assembleia Extraordin\u00e1ria | Escala de trabalho dos agentes de apoio socioeducativo da Semi-liberdade. S\u00e1bado 09 de out. Primeira chamada: 9hs.&hellip;<\/p>\n","protected":false},"author":5,"featured_media":7349,"comment_status":"open","ping_status":"open","sticky":false,"template":"","format":"standard","meta":{"cybocfi_hide_featured_image":"","footnotes":""},"categories":[27,22],"tags":[],"yoast_head":"<!-- This site is optimized with the Yoast SEO plugin v22.8 - https:\/\/yoast.com\/wordpress\/plugins\/seo\/ -->\n<title>SITSESP: Assembleia Extraordin\u00e1ria escala de trabalho dos agentes de apoio socioeducativo da Semi-liberdade. - SITSESP<\/title>\n<meta name=\"description\" content=\"SITSESP: Assembleia Extraordin\u00e1ria escala de trabalho dos agentes de apoio socioeducativo da Semi-liberdade. S\u00e1bado 09 de out.\" \/>\n<meta name=\"robots\" content=\"index, follow, max-snippet:-1, max-image-preview:large, max-video-preview:-1\" \/>\n<link rel=\"canonical\" href=\"https:\/\/www.sitsesp.org.br\/novo\/sitsesp-assembleia-extraordinaria-escala-de-trabalho-dos-agentes-de-apoio-socioeducativo-da-semi-liberdade\/\" \/>\n<meta property=\"og:locale\" content=\"pt_BR\" \/>\n<meta property=\"og:type\" content=\"article\" \/>\n<meta property=\"og:title\" content=\"SITSESP: Assembleia Extraordin\u00e1ria escala de trabalho dos agentes de apoio socioeducativo da Semi-liberdade. - SITSESP\" \/>\n<meta property=\"og:description\" content=\"SITSESP: Assembleia Extraordin\u00e1ria escala de trabalho dos agentes de apoio socioeducativo da Semi-liberdade. S\u00e1bado 09 de out.\" \/>\n<meta property=\"og:url\" content=\"https:\/\/www.sitsesp.org.br\/novo\/sitsesp-assembleia-extraordinaria-escala-de-trabalho-dos-agentes-de-apoio-socioeducativo-da-semi-liberdade\/\" \/>\n<meta property=\"og:site_name\" content=\"SITSESP\" \/>\n<meta property=\"article:published_time\" content=\"2021-10-06T21:01:21+00:00\" \/>\n<meta property=\"article:modified_time\" content=\"2021-10-06T21:03:15+00:00\" \/>\n<meta property=\"og:image\" content=\"https:\/\/www.sitsesp.org.br\/novo\/wp-content\/uploads\/2021\/10\/0610assembleia.jpg\" \/>\n\t<meta property=\"og:image:width\" content=\"800\" \/>\n\t<meta property=\"og:image:height\" content=\"800\" \/>\n\t<meta property=\"og:image:type\" content=\"image\/jpeg\" \/>\n<meta name=\"author\" content=\"imprensa\" \/>\n<meta name=\"twitter:card\" content=\"summary_large_image\" \/>\n<meta name=\"twitter:label1\" content=\"Escrito por\" \/>\n\t<meta name=\"twitter:data1\" content=\"imprensa\" \/>\n\t<meta name=\"twitter:label2\" content=\"Est. tempo de leitura\" \/>\n\t<meta name=\"twitter:data2\" content=\"1 minuto\" \/>\n<script type=\"application\/ld+json\" class=\"yoast-schema-graph\">{\"@context\":\"https:\/\/schema.org\",\"@graph\":[{\"@type\":\"Article\",\"@id\":\"https:\/\/www.sitsesp.org.br\/novo\/sitsesp-assembleia-extraordinaria-escala-de-trabalho-dos-agentes-de-apoio-socioeducativo-da-semi-liberdade\/#article\",\"isPartOf\":{\"@id\":\"https:\/\/www.sitsesp.org.br\/novo\/sitsesp-assembleia-extraordinaria-escala-de-trabalho-dos-agentes-de-apoio-socioeducativo-da-semi-liberdade\/\"},\"author\":{\"name\":\"imprensa\",\"@id\":\"https:\/\/www.sitsesp.org.br\/novo\/#\/schema\/person\/28e42eec160f373e81d0183b3643edbf\"},\"headline\":\"SITSESP: Assembleia Extraordin\u00e1ria escala de trabalho dos agentes de apoio socioeducativo da Semi-liberdade.\",\"datePublished\":\"2021-10-06T21:01:21+00:00\",\"dateModified\":\"2021-10-06T21:03:15+00:00\",\"mainEntityOfPage\":{\"@id\":\"https:\/\/www.sitsesp.org.br\/novo\/sitsesp-assembleia-extraordinaria-escala-de-trabalho-dos-agentes-de-apoio-socioeducativo-da-semi-liberdade\/\"},\"wordCount\":82,\"commentCount\":0,\"publisher\":{\"@id\":\"https:\/\/www.sitsesp.org.br\/novo\/#organization\"},\"image\":{\"@id\":\"https:\/\/www.sitsesp.org.br\/novo\/sitsesp-assembleia-extraordinaria-escala-de-trabalho-dos-agentes-de-apoio-socioeducativo-da-semi-liberdade\/#primaryimage\"},\"thumbnailUrl\":\"https:\/\/www.sitsesp.org.br\/novo\/wp-content\/uploads\/2021\/10\/0610assembleia.jpg\",\"articleSection\":[\"Destaque\",\"Noticias\"],\"inLanguage\":\"pt-BR\",\"potentialAction\":[{\"@type\":\"CommentAction\",\"name\":\"Comment\",\"target\":[\"https:\/\/www.sitsesp.org.br\/novo\/sitsesp-assembleia-extraordinaria-escala-de-trabalho-dos-agentes-de-apoio-socioeducativo-da-semi-liberdade\/#respond\"]}]},{\"@type\":\"WebPage\",\"@id\":\"https:\/\/www.sitsesp.org.br\/novo\/sitsesp-assembleia-extraordinaria-escala-de-trabalho-dos-agentes-de-apoio-socioeducativo-da-semi-liberdade\/\",\"url\":\"https:\/\/www.sitsesp.org.br\/novo\/sitsesp-assembleia-extraordinaria-escala-de-trabalho-dos-agentes-de-apoio-socioeducativo-da-semi-liberdade\/\",\"name\":\"SITSESP: Assembleia Extraordin\u00e1ria escala de trabalho dos agentes de apoio socioeducativo da Semi-liberdade. - SITSESP\",\"isPartOf\":{\"@id\":\"https:\/\/www.sitsesp.org.br\/novo\/#website\"},\"primaryImageOfPage\":{\"@id\":\"https:\/\/www.sitsesp.org.br\/novo\/sitsesp-assembleia-extraordinaria-escala-de-trabalho-dos-agentes-de-apoio-socioeducativo-da-semi-liberdade\/#primaryimage\"},\"image\":{\"@id\":\"https:\/\/www.sitsesp.org.br\/novo\/sitsesp-assembleia-extraordinaria-escala-de-trabalho-dos-agentes-de-apoio-socioeducativo-da-semi-liberdade\/#primaryimage\"},\"thumbnailUrl\":\"https:\/\/www.sitsesp.org.br\/novo\/wp-content\/uploads\/2021\/10\/0610assembleia.jpg\",\"datePublished\":\"2021-10-06T21:01:21+00:00\",\"dateModified\":\"2021-10-06T21:03:15+00:00\",\"description\":\"SITSESP: Assembleia Extraordin\u00e1ria escala de trabalho dos agentes de apoio socioeducativo da Semi-liberdade. S\u00e1bado 09 de out.\",\"breadcrumb\":{\"@id\":\"https:\/\/www.sitsesp.org.br\/novo\/sitsesp-assembleia-extraordinaria-escala-de-trabalho-dos-agentes-de-apoio-socioeducativo-da-semi-liberdade\/#breadcrumb\"},\"inLanguage\":\"pt-BR\",\"potentialAction\":[{\"@type\":\"ReadAction\",\"target\":[\"https:\/\/www.sitsesp.org.br\/novo\/sitsesp-assembleia-extraordinaria-escala-de-trabalho-dos-agentes-de-apoio-socioeducativo-da-semi-liberdade\/\"]}]},{\"@type\":\"ImageObject\",\"inLanguage\":\"pt-BR\",\"@id\":\"https:\/\/www.sitsesp.org.br\/novo\/sitsesp-assembleia-extraordinaria-escala-de-trabalho-dos-agentes-de-apoio-socioeducativo-da-semi-liberdade\/#primaryimage\",\"url\":\"https:\/\/www.sitsesp.org.br\/novo\/wp-content\/uploads\/2021\/10\/0610assembleia.jpg\",\"contentUrl\":\"https:\/\/www.sitsesp.org.br\/novo\/wp-content\/uploads\/2021\/10\/0610assembleia.jpg\",\"width\":800,\"height\":800},{\"@type\":\"BreadcrumbList\",\"@id\":\"https:\/\/www.sitsesp.org.br\/novo\/sitsesp-assembleia-extraordinaria-escala-de-trabalho-dos-agentes-de-apoio-socioeducativo-da-semi-liberdade\/#breadcrumb\",\"itemListElement\":[{\"@type\":\"ListItem\",\"position\":1,\"name\":\"In\u00edcio\",\"item\":\"https:\/\/www.sitsesp.org.br\/novo\/\"},{\"@type\":\"ListItem\",\"position\":2,\"name\":\"SITSESP: Assembleia Extraordin\u00e1ria escala de trabalho dos agentes de apoio socioeducativo da Semi-liberdade.\"}]},{\"@type\":\"WebSite\",\"@id\":\"https:\/\/www.sitsesp.org.br\/novo\/#website\",\"url\":\"https:\/\/www.sitsesp.org.br\/novo\/\",\"name\":\"Sitsesp\",\"description\":\"SIndicato da Socioeduca\u00e7\u00e3o do Estado de S\u00e3o Paulo\",\"publisher\":{\"@id\":\"https:\/\/www.sitsesp.org.br\/novo\/#organization\"},\"potentialAction\":[{\"@type\":\"SearchAction\",\"target\":{\"@type\":\"EntryPoint\",\"urlTemplate\":\"https:\/\/www.sitsesp.org.br\/novo\/?s={search_term_string}\"},\"query-input\":\"required name=search_term_string\"}],\"inLanguage\":\"pt-BR\"},{\"@type\":\"Organization\",\"@id\":\"https:\/\/www.sitsesp.org.br\/novo\/#organization\",\"name\":\"Sitsesp\",\"url\":\"https:\/\/www.sitsesp.org.br\/novo\/\",\"logo\":{\"@type\":\"ImageObject\",\"inLanguage\":\"pt-BR\",\"@id\":\"https:\/\/www.sitsesp.org.br\/novo\/#\/schema\/logo\/image\/\",\"url\":\"https:\/\/www.sitsesp.org.br\/novo\/wp-content\/uploads\/2020\/09\/Design-sem-nome-1.jpg\",\"contentUrl\":\"https:\/\/www.sitsesp.org.br\/novo\/wp-content\/uploads\/2020\/09\/Design-sem-nome-1.jpg\",\"width\":300,\"height\":300,\"caption\":\"Sitsesp\"},\"image\":{\"@id\":\"https:\/\/www.sitsesp.org.br\/novo\/#\/schema\/logo\/image\/\"}},{\"@type\":\"Person\",\"@id\":\"https:\/\/www.sitsesp.org.br\/novo\/#\/schema\/person\/28e42eec160f373e81d0183b3643edbf\",\"name\":\"imprensa\",\"image\":{\"@type\":\"ImageObject\",\"inLanguage\":\"pt-BR\",\"@id\":\"https:\/\/www.sitsesp.org.br\/novo\/#\/schema\/person\/image\/\",\"url\":\"https:\/\/secure.gravatar.com\/avatar\/8d6ccd8d7d52b8959f34154e87d3fa29?s=96&d=mm&r=g\",\"contentUrl\":\"https:\/\/secure.gravatar.com\/avatar\/8d6ccd8d7d52b8959f34154e87d3fa29?s=96&d=mm&r=g\",\"caption\":\"imprensa\"}}]}<\/script>\n<!-- \/ Yoast SEO plugin. -->","yoast_head_json":{"title":"SITSESP: Assembleia Extraordin\u00e1ria escala de trabalho dos agentes de apoio socioeducativo da Semi-liberdade. - SITSESP","description":"SITSESP: Assembleia Extraordin\u00e1ria escala de trabalho dos agentes de apoio socioeducativo da Semi-liberdade. S\u00e1bado 09 de out.","robots":{"index":"index","follow":"follow","max-snippet":"max-snippet:-1","max-image-preview":"max-image-preview:large","max-video-preview":"max-video-preview:-1"},"canonical":"https:\/\/www.sitsesp.org.br\/novo\/sitsesp-assembleia-extraordinaria-escala-de-trabalho-dos-agentes-de-apoio-socioeducativo-da-semi-liberdade\/","og_locale":"pt_BR","og_type":"article","og_title":"SITSESP: Assembleia Extraordin\u00e1ria escala de trabalho dos agentes de apoio socioeducativo da Semi-liberdade. - SITSESP","og_description":"SITSESP: Assembleia Extraordin\u00e1ria escala de trabalho dos agentes de apoio socioeducativo da Semi-liberdade. S\u00e1bado 09 de out.","og_url":"https:\/\/www.sitsesp.org.br\/novo\/sitsesp-assembleia-extraordinaria-escala-de-trabalho-dos-agentes-de-apoio-socioeducativo-da-semi-liberdade\/","og_site_name":"SITSESP","article_published_time":"2021-10-06T21:01:21+00:00","article_modified_time":"2021-10-06T21:03:15+00:00","og_image":[{"width":800,"height":800,"url":"https:\/\/www.sitsesp.org.br\/novo\/wp-content\/uploads\/2021\/10\/0610assembleia.jpg","type":"image\/jpeg"}],"author":"imprensa","twitter_card":"summary_large_image","twitter_misc":{"Escrito por":"imprensa","Est. tempo de leitura":"1 minuto"},"schema":{"@context":"https:\/\/schema.org","@graph":[{"@type":"Article","@id":"https:\/\/www.sitsesp.org.br\/novo\/sitsesp-assembleia-extraordinaria-escala-de-trabalho-dos-agentes-de-apoio-socioeducativo-da-semi-liberdade\/#article","isPartOf":{"@id":"https:\/\/www.sitsesp.org.br\/novo\/sitsesp-assembleia-extraordinaria-escala-de-trabalho-dos-agentes-de-apoio-socioeducativo-da-semi-liberdade\/"},"author":{"name":"imprensa","@id":"https:\/\/www.sitsesp.org.br\/novo\/#\/schema\/person\/28e42eec160f373e81d0183b3643edbf"},"headline":"SITSESP: Assembleia Extraordin\u00e1ria escala de trabalho dos agentes de apoio socioeducativo da Semi-liberdade.","datePublished":"2021-10-06T21:01:21+00:00","dateModified":"2021-10-06T21:03:15+00:00","mainEntityOfPage":{"@id":"https:\/\/www.sitsesp.org.br\/novo\/sitsesp-assembleia-extraordinaria-escala-de-trabalho-dos-agentes-de-apoio-socioeducativo-da-semi-liberdade\/"},"wordCount":82,"commentCount":0,"publisher":{"@id":"https:\/\/www.sitsesp.org.br\/novo\/#organization"},"image":{"@id":"https:\/\/www.sitsesp.org.br\/novo\/sitsesp-assembleia-extraordinaria-escala-de-trabalho-dos-agentes-de-apoio-socioeducativo-da-semi-liberdade\/#primaryimage"},"thumbnailUrl":"https:\/\/www.sitsesp.org.br\/novo\/wp-content\/uploads\/2021\/10\/0610assembleia.jpg","articleSection":["Destaque","Noticias"],"inLanguage":"pt-BR","potentialAction":[{"@type":"CommentAction","name":"Comment","target":["https:\/\/www.sitsesp.org.br\/novo\/sitsesp-assembleia-extraordinaria-escala-de-trabalho-dos-agentes-de-apoio-socioeducativo-da-semi-liberdade\/#respond"]}]},{"@type":"WebPage","@id":"https:\/\/www.sitsesp.org.br\/novo\/sitsesp-assembleia-extraordinaria-escala-de-trabalho-dos-agentes-de-apoio-socioeducativo-da-semi-liberdade\/","url":"https:\/\/www.sitsesp.org.br\/novo\/sitsesp-assembleia-extraordinaria-escala-de-trabalho-dos-agentes-de-apoio-socioeducativo-da-semi-liberdade\/","name":"SITSESP: Assembleia Extraordin\u00e1ria escala de trabalho dos agentes de apoio socioeducativo da Semi-liberdade. - SITSESP","isPartOf":{"@id":"https:\/\/www.sitsesp.org.br\/novo\/#website"},"primaryImageOfPage":{"@id":"https:\/\/www.sitsesp.org.br\/novo\/sitsesp-assembleia-extraordinaria-escala-de-trabalho-dos-agentes-de-apoio-socioeducativo-da-semi-liberdade\/#primaryimage"},"image":{"@id":"https:\/\/www.sitsesp.org.br\/novo\/sitsesp-assembleia-extraordinaria-escala-de-trabalho-dos-agentes-de-apoio-socioeducativo-da-semi-liberdade\/#primaryimage"},"thumbnailUrl":"https:\/\/www.sitsesp.org.br\/novo\/wp-content\/uploads\/2021\/10\/0610assembleia.jpg","datePublished":"2021-10-06T21:01:21+00:00","dateModified":"2021-10-06T21:03:15+00:00","description":"SITSESP: Assembleia Extraordin\u00e1ria escala de trabalho dos agentes de apoio socioeducativo da Semi-liberdade. S\u00e1bado 09 de out.","breadcrumb":{"@id":"https:\/\/www.sitsesp.org.br\/novo\/sitsesp-assembleia-extraordinaria-escala-de-trabalho-dos-agentes-de-apoio-socioeducativo-da-semi-liberdade\/#breadcrumb"},"inLanguage":"pt-BR","potentialAction":[{"@type":"ReadAction","target":["https:\/\/www.sitsesp.org.br\/novo\/sitsesp-assembleia-extraordinaria-escala-de-trabalho-dos-agentes-de-apoio-socioeducativo-da-semi-liberdade\/"]}]},{"@type":"ImageObject","inLanguage":"pt-BR","@id":"https:\/\/www.sitsesp.org.br\/novo\/sitsesp-assembleia-extraordinaria-escala-de-trabalho-dos-agentes-de-apoio-socioeducativo-da-semi-liberdade\/#primaryimage","url":"https:\/\/www.sitsesp.org.br\/novo\/wp-content\/uploads\/2021\/10\/0610assembleia.jpg","contentUrl":"https:\/\/www.sitsesp.org.br\/novo\/wp-content\/uploads\/2021\/10\/0610assembleia.jpg","width":800,"height":800},{"@type":"BreadcrumbList","@id":"https:\/\/www.sitsesp.org.br\/novo\/sitsesp-assembleia-extraordinaria-escala-de-trabalho-dos-agentes-de-apoio-socioeducativo-da-semi-liberdade\/#breadcrumb","itemListElement":[{"@type":"ListItem","position":1,"name":"In\u00edcio","item":"https:\/\/www.sitsesp.org.br\/novo\/"},{"@type":"ListItem","position":2,"name":"SITSESP: Assembleia Extraordin\u00e1ria escala de trabalho dos agentes de apoio socioeducativo da Semi-liberdade."}]},{"@type":"WebSite","@id":"https:\/\/www.sitsesp.org.br\/novo\/#website","url":"https:\/\/www.sitsesp.org.br\/novo\/","name":"Sitsesp","description":"SIndicato da Socioeduca\u00e7\u00e3o do Estado de S\u00e3o Paulo","publisher":{"@id":"https:\/\/www.sitsesp.org.br\/novo\/#organization"},"potentialAction":[{"@type":"SearchAction","target":{"@type":"EntryPoint","urlTemplate":"https:\/\/www.sitsesp.org.br\/novo\/?s={search_term_string}"},"query-input":"required name=search_term_string"}],"inLanguage":"pt-BR"},{"@type":"Organization","@id":"https:\/\/www.sitsesp.org.br\/novo\/#organization","name":"Sitsesp","url":"https:\/\/www.sitsesp.org.br\/novo\/","logo":{"@type":"ImageObject","inLanguage":"pt-BR","@id":"https:\/\/www.sitsesp.org.br\/novo\/#\/schema\/logo\/image\/","url":"https:\/\/www.sitsesp.org.br\/novo\/wp-content\/uploads\/2020\/09\/Design-sem-nome-1.jpg","contentUrl":"https:\/\/www.sitsesp.org.br\/novo\/wp-content\/uploads\/2020\/09\/Design-sem-nome-1.jpg","width":300,"height":300,"caption":"Sitsesp"},"image":{"@id":"https:\/\/www.sitsesp.org.br\/novo\/#\/schema\/logo\/image\/"}},{"@type":"Person","@id":"https:\/\/www.sitsesp.org.br\/novo\/#\/schema\/person\/28e42eec160f373e81d0183b3643edbf","name":"imprensa","image":{"@type":"ImageObject","inLanguage":"pt-BR","@id":"https:\/\/www.sitsesp.org.br\/novo\/#\/schema\/person\/image\/","url":"https:\/\/secure.gravatar.com\/avatar\/8d6ccd8d7d52b8959f34154e87d3fa29?s=96&d=mm&r=g","contentUrl":"https:\/\/secure.gravatar.com\/avatar\/8d6ccd8d7d52b8959f34154e87d3fa29?s=96&d=mm&r=g","caption":"imprensa"}}]}},"_links":{"self":[{"href":"https:\/\/www.sitsesp.org.br\/novo\/wp-json\/wp\/v2\/posts\/7347"}],"collection":[{"href":"https:\/\/www.sitsesp.org.br\/novo\/wp-json\/wp\/v2\/posts"}],"about":[{"href":"https:\/\/www.sitsesp.org.br\/novo\/wp-json\/wp\/v2\/types\/post"}],"author":[{"embeddable":true,"href":"https:\/\/www.sitsesp.org.br\/novo\/wp-json\/wp\/v2\/users\/5"}],"replies":[{"embeddable":true,"href":"https:\/\/www.sitsesp.org.br\/novo\/wp-json\/wp\/v2\/comments?post=7347"}],"version-history":[{"count":2,"href":"https:\/\/www.sitsesp.org.br\/novo\/wp-json\/wp\/v2\/posts\/7347\/revisions"}],"predecessor-version":[{"id":7351,"href":"https:\/\/www.sitsesp.org.br\/novo\/wp-json\/wp\/v2\/posts\/7347\/revisions\/7351"}],"wp:featuredmedia":[{"embeddable":true,"href":"https:\/\/www.sitsesp.org.br\/novo\/wp-json\/wp\/v2\/media\/7349"}],"wp:attachment":[{"href":"https:\/\/www.sitsesp.org.br\/novo\/wp-json\/wp\/v2\/media?parent=7347"}],"wp:term":[{"taxonomy":"category","embeddable":true,"href":"https:\/\/www.sitsesp.org.br\/novo\/wp-json\/wp\/v2\/categories?post=7347"},{"taxonomy":"post_tag","embeddable":true,"href":"https:\/\/www.sitsesp.org.br\/novo\/wp-json\/wp\/v2\/tags?post=7347"}],"curies":[{"name":"wp","href":"https:\/\/api.w.org\/{rel}","templated":true}]}}