{"id":7435,"date":"2021-10-28T07:48:48","date_gmt":"2021-10-28T10:48:48","guid":{"rendered":"https:\/\/sitsesp.org.br\/novo\/?p=7435"},"modified":"2021-10-28T07:48:48","modified_gmt":"2021-10-28T10:48:48","slug":"28-de-outubro-e-o-dia-doa-servidora-publicoa","status":"publish","type":"post","link":"https:\/\/www.sitsesp.org.br\/novo\/28-de-outubro-e-o-dia-doa-servidora-publicoa\/","title":{"rendered":"28 de Outubro \u00e9 o Dia do(a) Servidor(a) P\u00fablico(a)"},"content":{"rendered":"<p><!-- VideographyWP Plugin Message: Automatic video embedding prevented by plugin options. --><br \/>\nNo Brasil a data surgiu atrav\u00e9s do Conselho Federal do Servi\u00e7o P\u00fablico Civil, em homenagem a cria\u00e7\u00e3o da lei que rege os direitos e deveres dos servidores p\u00fablicos &#8211; Decreto Lei n\u00ba 1713, de 28 de outubro de 1939.<br \/>\nTamb\u00e9m, o artigo 236 da lei n\u00ba 8112, de 11 de dezembro de 1990, determina que 28 de outubro \u00e9 oficialmente o Dia do Servidor P\u00fablico no Brasil.<\/p>\n<p>A data homenageia servidores(as) em diferentes \u00e1reas do poder p\u00fablico, hospitais, escolas, seguran\u00e7a e outras reparti\u00e7\u00f5es p\u00fablicas. Existem tr\u00eas principais tipos de servidor p\u00fablico: municipal, estadual e federal. No Brasil para entrar no servi\u00e7o p\u00fablico \u00e9 necess\u00e1rio participar de um concurso p\u00fablico ou processo seletivo e ser aprovado. Durante muito tempo o ingresso no servi\u00e7o p\u00fablico brasileiro foi a base do apadrinhamento, ou seja, troca de favores, n\u00e3o havendo a necessidade de concurso.<\/p>\n<p>A Constitui\u00e7\u00e3o de 1988 foi importante, trazendo o princ\u00edpio de igualdade de oportunidades e de equidade de direitos, atrav\u00e9s do artigo 37, par\u00e1grafo I e II, foi estabelecida a obrigatoriedade do concurso como portal de ingresso na carreira p\u00fablica.<\/p>\n<p>Com a Reforma Administrativa acaba a estabilidade, facilitando a persegui\u00e7\u00e3o pol\u00edtica e toda forma de ass\u00e9dio, tudo volta \u00e0 estaca zero, o Estado se torna um grande balc\u00e3o de neg\u00f3cios, os pol\u00edticos passam a barganhar os cargos p\u00fablicos, dando espa\u00e7o a corrup\u00e7\u00e3o e ao clientelismo. Haver\u00e1 a precariza\u00e7\u00e3o dos(as) trabalhadores(as), retirada dos direitos hist\u00f3ricos e desvaloriza\u00e7\u00e3o da coisa p\u00fablica.<\/p>\n<p>O Estado abre m\u00e3o, cedendo suas atribui\u00e7\u00f5es fundamentais no atendimento \u00e0 popula\u00e7\u00e3o e abrindo espa\u00e7o \u00e0s privatiza\u00e7\u00f5es de \u00e1reas essenciais, como sa\u00fade, educa\u00e7\u00e3o, seguran\u00e7a, etc.<\/p>\n<p>&#8220;Os donos do Estado&#8221; ocupam o cargo de 4 em 4 anos, os(as) trabalhadores(as) concursados(as) que fazem a m\u00e1quina funcionar, independentemente da colora\u00e7\u00e3o e ideologia pol\u00edtica, que agem dentro do princ\u00edpio da impessoalidade s\u00e3o penalizados(as) com a retirada de direitos e transfer\u00eancias arbitr\u00e1rias.<br \/>\nCategoria fique atenta! Os governos federal e o estadual querem rifar o Estado com a gente dentro!<br \/>\nDiga n\u00e3o ao nepotismo, diga n\u00e3o \u00e0s rachadinhas, diga n\u00e3o \u00e0 corrup\u00e7\u00e3o, diga n\u00e3o \u00e0s manobras da Reforma Administrativa.<\/p>\n<p>Que esse 28 de outubro seja mais um dia de luta e resist\u00eancia para todos(as) Servidores(as) P\u00fablicos(as).<\/p>\n","protected":false},"excerpt":{"rendered":"<p>No Brasil a data surgiu atrav\u00e9s do Conselho Federal do Servi\u00e7o P\u00fablico Civil, em homenagem a cria\u00e7\u00e3o da lei que rege&hellip;<\/p>\n","protected":false},"author":5,"featured_media":7436,"comment_status":"open","ping_status":"open","sticky":false,"template":"","format":"standard","meta":{"cybocfi_hide_featured_image":"","footnotes":""},"categories":[27,22],"tags":[37],"yoast_head":"<!-- This site is optimized with the Yoast SEO plugin v22.8 - https:\/\/yoast.com\/wordpress\/plugins\/seo\/ -->\n<title>28 de Outubro \u00e9 o Dia do(a) Servidor(a) P\u00fablico(a) - SITSESP<\/title>\n<meta name=\"robots\" content=\"index, follow, max-snippet:-1, max-image-preview:large, max-video-preview:-1\" \/>\n<link rel=\"canonical\" href=\"https:\/\/www.sitsesp.org.br\/novo\/28-de-outubro-e-o-dia-doa-servidora-publicoa\/\" \/>\n<meta property=\"og:locale\" content=\"pt_BR\" \/>\n<meta property=\"og:type\" content=\"article\" \/>\n<meta property=\"og:title\" content=\"28 de Outubro \u00e9 o Dia do(a) Servidor(a) P\u00fablico(a) - SITSESP\" \/>\n<meta property=\"og:description\" content=\"No Brasil a data surgiu atrav\u00e9s do Conselho Federal do Servi\u00e7o P\u00fablico Civil, em homenagem a cria\u00e7\u00e3o da lei que rege&hellip;\" \/>\n<meta property=\"og:url\" content=\"https:\/\/www.sitsesp.org.br\/novo\/28-de-outubro-e-o-dia-doa-servidora-publicoa\/\" \/>\n<meta property=\"og:site_name\" content=\"SITSESP\" \/>\n<meta property=\"article:published_time\" content=\"2021-10-28T10:48:48+00:00\" \/>\n<meta property=\"og:image\" content=\"https:\/\/www.sitsesp.org.br\/novo\/wp-content\/uploads\/2021\/10\/diaservidor.jpg\" \/>\n\t<meta property=\"og:image:width\" content=\"800\" \/>\n\t<meta property=\"og:image:height\" content=\"800\" \/>\n\t<meta property=\"og:image:type\" content=\"image\/jpeg\" \/>\n<meta name=\"author\" content=\"imprensa\" \/>\n<meta name=\"twitter:card\" content=\"summary_large_image\" \/>\n<meta name=\"twitter:label1\" content=\"Escrito por\" \/>\n\t<meta name=\"twitter:data1\" content=\"imprensa\" \/>\n\t<meta name=\"twitter:label2\" content=\"Est. tempo de leitura\" \/>\n\t<meta name=\"twitter:data2\" content=\"2 minutos\" \/>\n<script type=\"application\/ld+json\" class=\"yoast-schema-graph\">{\"@context\":\"https:\/\/schema.org\",\"@graph\":[{\"@type\":\"Article\",\"@id\":\"https:\/\/www.sitsesp.org.br\/novo\/28-de-outubro-e-o-dia-doa-servidora-publicoa\/#article\",\"isPartOf\":{\"@id\":\"https:\/\/www.sitsesp.org.br\/novo\/28-de-outubro-e-o-dia-doa-servidora-publicoa\/\"},\"author\":{\"name\":\"imprensa\",\"@id\":\"https:\/\/www.sitsesp.org.br\/novo\/#\/schema\/person\/28e42eec160f373e81d0183b3643edbf\"},\"headline\":\"28 de Outubro \u00e9 o Dia do(a) Servidor(a) P\u00fablico(a)\",\"datePublished\":\"2021-10-28T10:48:48+00:00\",\"dateModified\":\"2021-10-28T10:48:48+00:00\",\"mainEntityOfPage\":{\"@id\":\"https:\/\/www.sitsesp.org.br\/novo\/28-de-outubro-e-o-dia-doa-servidora-publicoa\/\"},\"wordCount\":422,\"commentCount\":0,\"publisher\":{\"@id\":\"https:\/\/www.sitsesp.org.br\/novo\/#organization\"},\"image\":{\"@id\":\"https:\/\/www.sitsesp.org.br\/novo\/28-de-outubro-e-o-dia-doa-servidora-publicoa\/#primaryimage\"},\"thumbnailUrl\":\"https:\/\/www.sitsesp.org.br\/novo\/wp-content\/uploads\/2021\/10\/diaservidor.jpg\",\"keywords\":[\"SITSESP\"],\"articleSection\":[\"Destaque\",\"Noticias\"],\"inLanguage\":\"pt-BR\",\"potentialAction\":[{\"@type\":\"CommentAction\",\"name\":\"Comment\",\"target\":[\"https:\/\/www.sitsesp.org.br\/novo\/28-de-outubro-e-o-dia-doa-servidora-publicoa\/#respond\"]}]},{\"@type\":\"WebPage\",\"@id\":\"https:\/\/www.sitsesp.org.br\/novo\/28-de-outubro-e-o-dia-doa-servidora-publicoa\/\",\"url\":\"https:\/\/www.sitsesp.org.br\/novo\/28-de-outubro-e-o-dia-doa-servidora-publicoa\/\",\"name\":\"28 de Outubro \u00e9 o Dia do(a) Servidor(a) P\u00fablico(a) - SITSESP\",\"isPartOf\":{\"@id\":\"https:\/\/www.sitsesp.org.br\/novo\/#website\"},\"primaryImageOfPage\":{\"@id\":\"https:\/\/www.sitsesp.org.br\/novo\/28-de-outubro-e-o-dia-doa-servidora-publicoa\/#primaryimage\"},\"image\":{\"@id\":\"https:\/\/www.sitsesp.org.br\/novo\/28-de-outubro-e-o-dia-doa-servidora-publicoa\/#primaryimage\"},\"thumbnailUrl\":\"https:\/\/www.sitsesp.org.br\/novo\/wp-content\/uploads\/2021\/10\/diaservidor.jpg\",\"datePublished\":\"2021-10-28T10:48:48+00:00\",\"dateModified\":\"2021-10-28T10:48:48+00:00\",\"breadcrumb\":{\"@id\":\"https:\/\/www.sitsesp.org.br\/novo\/28-de-outubro-e-o-dia-doa-servidora-publicoa\/#breadcrumb\"},\"inLanguage\":\"pt-BR\",\"potentialAction\":[{\"@type\":\"ReadAction\",\"target\":[\"https:\/\/www.sitsesp.org.br\/novo\/28-de-outubro-e-o-dia-doa-servidora-publicoa\/\"]}]},{\"@type\":\"ImageObject\",\"inLanguage\":\"pt-BR\",\"@id\":\"https:\/\/www.sitsesp.org.br\/novo\/28-de-outubro-e-o-dia-doa-servidora-publicoa\/#primaryimage\",\"url\":\"https:\/\/www.sitsesp.org.br\/novo\/wp-content\/uploads\/2021\/10\/diaservidor.jpg\",\"contentUrl\":\"https:\/\/www.sitsesp.org.br\/novo\/wp-content\/uploads\/2021\/10\/diaservidor.jpg\",\"width\":800,\"height\":800},{\"@type\":\"BreadcrumbList\",\"@id\":\"https:\/\/www.sitsesp.org.br\/novo\/28-de-outubro-e-o-dia-doa-servidora-publicoa\/#breadcrumb\",\"itemListElement\":[{\"@type\":\"ListItem\",\"position\":1,\"name\":\"In\u00edcio\",\"item\":\"https:\/\/www.sitsesp.org.br\/novo\/\"},{\"@type\":\"ListItem\",\"position\":2,\"name\":\"28 de Outubro \u00e9 o Dia do(a) Servidor(a) P\u00fablico(a)\"}]},{\"@type\":\"WebSite\",\"@id\":\"https:\/\/www.sitsesp.org.br\/novo\/#website\",\"url\":\"https:\/\/www.sitsesp.org.br\/novo\/\",\"name\":\"Sitsesp\",\"description\":\"SIndicato da Socioeduca\u00e7\u00e3o do Estado de S\u00e3o Paulo\",\"publisher\":{\"@id\":\"https:\/\/www.sitsesp.org.br\/novo\/#organization\"},\"potentialAction\":[{\"@type\":\"SearchAction\",\"target\":{\"@type\":\"EntryPoint\",\"urlTemplate\":\"https:\/\/www.sitsesp.org.br\/novo\/?s={search_term_string}\"},\"query-input\":\"required name=search_term_string\"}],\"inLanguage\":\"pt-BR\"},{\"@type\":\"Organization\",\"@id\":\"https:\/\/www.sitsesp.org.br\/novo\/#organization\",\"name\":\"Sitsesp\",\"url\":\"https:\/\/www.sitsesp.org.br\/novo\/\",\"logo\":{\"@type\":\"ImageObject\",\"inLanguage\":\"pt-BR\",\"@id\":\"https:\/\/www.sitsesp.org.br\/novo\/#\/schema\/logo\/image\/\",\"url\":\"https:\/\/www.sitsesp.org.br\/novo\/wp-content\/uploads\/2020\/09\/Design-sem-nome-1.jpg\",\"contentUrl\":\"https:\/\/www.sitsesp.org.br\/novo\/wp-content\/uploads\/2020\/09\/Design-sem-nome-1.jpg\",\"width\":300,\"height\":300,\"caption\":\"Sitsesp\"},\"image\":{\"@id\":\"https:\/\/www.sitsesp.org.br\/novo\/#\/schema\/logo\/image\/\"}},{\"@type\":\"Person\",\"@id\":\"https:\/\/www.sitsesp.org.br\/novo\/#\/schema\/person\/28e42eec160f373e81d0183b3643edbf\",\"name\":\"imprensa\",\"image\":{\"@type\":\"ImageObject\",\"inLanguage\":\"pt-BR\",\"@id\":\"https:\/\/www.sitsesp.org.br\/novo\/#\/schema\/person\/image\/\",\"url\":\"https:\/\/secure.gravatar.com\/avatar\/8d6ccd8d7d52b8959f34154e87d3fa29?s=96&d=mm&r=g\",\"contentUrl\":\"https:\/\/secure.gravatar.com\/avatar\/8d6ccd8d7d52b8959f34154e87d3fa29?s=96&d=mm&r=g\",\"caption\":\"imprensa\"}}]}<\/script>\n<!-- \/ Yoast SEO plugin. -->","yoast_head_json":{"title":"28 de Outubro \u00e9 o Dia do(a) Servidor(a) P\u00fablico(a) - SITSESP","robots":{"index":"index","follow":"follow","max-snippet":"max-snippet:-1","max-image-preview":"max-image-preview:large","max-video-preview":"max-video-preview:-1"},"canonical":"https:\/\/www.sitsesp.org.br\/novo\/28-de-outubro-e-o-dia-doa-servidora-publicoa\/","og_locale":"pt_BR","og_type":"article","og_title":"28 de Outubro \u00e9 o Dia do(a) Servidor(a) P\u00fablico(a) - SITSESP","og_description":"No Brasil a data surgiu atrav\u00e9s do Conselho Federal do Servi\u00e7o P\u00fablico Civil, em homenagem a cria\u00e7\u00e3o da lei que rege&hellip;","og_url":"https:\/\/www.sitsesp.org.br\/novo\/28-de-outubro-e-o-dia-doa-servidora-publicoa\/","og_site_name":"SITSESP","article_published_time":"2021-10-28T10:48:48+00:00","og_image":[{"width":800,"height":800,"url":"https:\/\/www.sitsesp.org.br\/novo\/wp-content\/uploads\/2021\/10\/diaservidor.jpg","type":"image\/jpeg"}],"author":"imprensa","twitter_card":"summary_large_image","twitter_misc":{"Escrito por":"imprensa","Est. tempo de leitura":"2 minutos"},"schema":{"@context":"https:\/\/schema.org","@graph":[{"@type":"Article","@id":"https:\/\/www.sitsesp.org.br\/novo\/28-de-outubro-e-o-dia-doa-servidora-publicoa\/#article","isPartOf":{"@id":"https:\/\/www.sitsesp.org.br\/novo\/28-de-outubro-e-o-dia-doa-servidora-publicoa\/"},"author":{"name":"imprensa","@id":"https:\/\/www.sitsesp.org.br\/novo\/#\/schema\/person\/28e42eec160f373e81d0183b3643edbf"},"headline":"28 de Outubro \u00e9 o Dia do(a) Servidor(a) P\u00fablico(a)","datePublished":"2021-10-28T10:48:48+00:00","dateModified":"2021-10-28T10:48:48+00:00","mainEntityOfPage":{"@id":"https:\/\/www.sitsesp.org.br\/novo\/28-de-outubro-e-o-dia-doa-servidora-publicoa\/"},"wordCount":422,"commentCount":0,"publisher":{"@id":"https:\/\/www.sitsesp.org.br\/novo\/#organization"},"image":{"@id":"https:\/\/www.sitsesp.org.br\/novo\/28-de-outubro-e-o-dia-doa-servidora-publicoa\/#primaryimage"},"thumbnailUrl":"https:\/\/www.sitsesp.org.br\/novo\/wp-content\/uploads\/2021\/10\/diaservidor.jpg","keywords":["SITSESP"],"articleSection":["Destaque","Noticias"],"inLanguage":"pt-BR","potentialAction":[{"@type":"CommentAction","name":"Comment","target":["https:\/\/www.sitsesp.org.br\/novo\/28-de-outubro-e-o-dia-doa-servidora-publicoa\/#respond"]}]},{"@type":"WebPage","@id":"https:\/\/www.sitsesp.org.br\/novo\/28-de-outubro-e-o-dia-doa-servidora-publicoa\/","url":"https:\/\/www.sitsesp.org.br\/novo\/28-de-outubro-e-o-dia-doa-servidora-publicoa\/","name":"28 de Outubro \u00e9 o Dia do(a) Servidor(a) P\u00fablico(a) - SITSESP","isPartOf":{"@id":"https:\/\/www.sitsesp.org.br\/novo\/#website"},"primaryImageOfPage":{"@id":"https:\/\/www.sitsesp.org.br\/novo\/28-de-outubro-e-o-dia-doa-servidora-publicoa\/#primaryimage"},"image":{"@id":"https:\/\/www.sitsesp.org.br\/novo\/28-de-outubro-e-o-dia-doa-servidora-publicoa\/#primaryimage"},"thumbnailUrl":"https:\/\/www.sitsesp.org.br\/novo\/wp-content\/uploads\/2021\/10\/diaservidor.jpg","datePublished":"2021-10-28T10:48:48+00:00","dateModified":"2021-10-28T10:48:48+00:00","breadcrumb":{"@id":"https:\/\/www.sitsesp.org.br\/novo\/28-de-outubro-e-o-dia-doa-servidora-publicoa\/#breadcrumb"},"inLanguage":"pt-BR","potentialAction":[{"@type":"ReadAction","target":["https:\/\/www.sitsesp.org.br\/novo\/28-de-outubro-e-o-dia-doa-servidora-publicoa\/"]}]},{"@type":"ImageObject","inLanguage":"pt-BR","@id":"https:\/\/www.sitsesp.org.br\/novo\/28-de-outubro-e-o-dia-doa-servidora-publicoa\/#primaryimage","url":"https:\/\/www.sitsesp.org.br\/novo\/wp-content\/uploads\/2021\/10\/diaservidor.jpg","contentUrl":"https:\/\/www.sitsesp.org.br\/novo\/wp-content\/uploads\/2021\/10\/diaservidor.jpg","width":800,"height":800},{"@type":"BreadcrumbList","@id":"https:\/\/www.sitsesp.org.br\/novo\/28-de-outubro-e-o-dia-doa-servidora-publicoa\/#breadcrumb","itemListElement":[{"@type":"ListItem","position":1,"name":"In\u00edcio","item":"https:\/\/www.sitsesp.org.br\/novo\/"},{"@type":"ListItem","position":2,"name":"28 de Outubro \u00e9 o Dia do(a) Servidor(a) P\u00fablico(a)"}]},{"@type":"WebSite","@id":"https:\/\/www.sitsesp.org.br\/novo\/#website","url":"https:\/\/www.sitsesp.org.br\/novo\/","name":"Sitsesp","description":"SIndicato da Socioeduca\u00e7\u00e3o do Estado de S\u00e3o Paulo","publisher":{"@id":"https:\/\/www.sitsesp.org.br\/novo\/#organization"},"potentialAction":[{"@type":"SearchAction","target":{"@type":"EntryPoint","urlTemplate":"https:\/\/www.sitsesp.org.br\/novo\/?s={search_term_string}"},"query-input":"required name=search_term_string"}],"inLanguage":"pt-BR"},{"@type":"Organization","@id":"https:\/\/www.sitsesp.org.br\/novo\/#organization","name":"Sitsesp","url":"https:\/\/www.sitsesp.org.br\/novo\/","logo":{"@type":"ImageObject","inLanguage":"pt-BR","@id":"https:\/\/www.sitsesp.org.br\/novo\/#\/schema\/logo\/image\/","url":"https:\/\/www.sitsesp.org.br\/novo\/wp-content\/uploads\/2020\/09\/Design-sem-nome-1.jpg","contentUrl":"https:\/\/www.sitsesp.org.br\/novo\/wp-content\/uploads\/2020\/09\/Design-sem-nome-1.jpg","width":300,"height":300,"caption":"Sitsesp"},"image":{"@id":"https:\/\/www.sitsesp.org.br\/novo\/#\/schema\/logo\/image\/"}},{"@type":"Person","@id":"https:\/\/www.sitsesp.org.br\/novo\/#\/schema\/person\/28e42eec160f373e81d0183b3643edbf","name":"imprensa","image":{"@type":"ImageObject","inLanguage":"pt-BR","@id":"https:\/\/www.sitsesp.org.br\/novo\/#\/schema\/person\/image\/","url":"https:\/\/secure.gravatar.com\/avatar\/8d6ccd8d7d52b8959f34154e87d3fa29?s=96&d=mm&r=g","contentUrl":"https:\/\/secure.gravatar.com\/avatar\/8d6ccd8d7d52b8959f34154e87d3fa29?s=96&d=mm&r=g","caption":"imprensa"}}]}},"_links":{"self":[{"href":"https:\/\/www.sitsesp.org.br\/novo\/wp-json\/wp\/v2\/posts\/7435"}],"collection":[{"href":"https:\/\/www.sitsesp.org.br\/novo\/wp-json\/wp\/v2\/posts"}],"about":[{"href":"https:\/\/www.sitsesp.org.br\/novo\/wp-json\/wp\/v2\/types\/post"}],"author":[{"embeddable":true,"href":"https:\/\/www.sitsesp.org.br\/novo\/wp-json\/wp\/v2\/users\/5"}],"replies":[{"embeddable":true,"href":"https:\/\/www.sitsesp.org.br\/novo\/wp-json\/wp\/v2\/comments?post=7435"}],"version-history":[{"count":1,"href":"https:\/\/www.sitsesp.org.br\/novo\/wp-json\/wp\/v2\/posts\/7435\/revisions"}],"predecessor-version":[{"id":7437,"href":"https:\/\/www.sitsesp.org.br\/novo\/wp-json\/wp\/v2\/posts\/7435\/revisions\/7437"}],"wp:featuredmedia":[{"embeddable":true,"href":"https:\/\/www.sitsesp.org.br\/novo\/wp-json\/wp\/v2\/media\/7436"}],"wp:attachment":[{"href":"https:\/\/www.sitsesp.org.br\/novo\/wp-json\/wp\/v2\/media?parent=7435"}],"wp:term":[{"taxonomy":"category","embeddable":true,"href":"https:\/\/www.sitsesp.org.br\/novo\/wp-json\/wp\/v2\/categories?post=7435"},{"taxonomy":"post_tag","embeddable":true,"href":"https:\/\/www.sitsesp.org.br\/novo\/wp-json\/wp\/v2\/tags?post=7435"}],"curies":[{"name":"wp","href":"https:\/\/api.w.org\/{rel}","templated":true}]}}