{"id":7438,"date":"2021-10-29T12:39:52","date_gmt":"2021-10-29T15:39:52","guid":{"rendered":"https:\/\/sitsesp.org.br\/novo\/?p=7438"},"modified":"2021-10-29T12:43:43","modified_gmt":"2021-10-29T15:43:43","slug":"sitsesp-em-movimento-encontro-com-a-deputada-adriana-borgo-na-alesp","status":"publish","type":"post","link":"https:\/\/www.sitsesp.org.br\/novo\/sitsesp-em-movimento-encontro-com-a-deputada-adriana-borgo-na-alesp\/","title":{"rendered":"SITSESP EM MOVIMENTO Encontro com a deputada Adriana Borgo na Alesp"},"content":{"rendered":"<p><!-- VideographyWP Plugin Message: Automatic video embedding prevented by plugin options. --><br \/>\nSITSESP EM MOVIMENTO Encontro com a deputada Adriana Borgo na Alesp<\/p>\n<p>A Gest\u00e3o Reconstru\u00e7\u00e3o e Luta, representada pela presidente Claudia Maria e as diretoras Edna Rodrigues e Josilda Concei\u00e7\u00e3o, estiveram na Alesp na quinta-feira, 28 de outubro, visitando o gabinete da deputada Adriana Borgo.<\/p>\n<p>O SITSESP relatou \u00e0 deputada as dificuldades da nossa Campanha Salarial 2021, as retiradas de direitos dos trabalhadores(as), a luta dos servidores em greve e as a\u00e7\u00f5es do setor jur\u00eddico do sindicato para defender os direitos que a Funda\u00e7\u00e3o CASA e o governo do estado pretendem arrancar. A categoria socioeducativa n\u00e3o se sente valorizada por essa gest\u00e3o da Funda\u00e7\u00e3o Casa.<\/p>\n<p>A entidade sindical levou ao conhecimento da deputada Adriana Borgo a portaria de transfer\u00eancias compuls\u00f3rias, o autoritarismo da Funda\u00e7\u00e3o e os problemas pelos quais os trabalhadores(as) est\u00e3o passando por terem que acatar uma ordem sem a sua anu\u00eancia.<\/p>\n<p>Conversaram tamb\u00e9m sobre os gastos com a instala\u00e7\u00e3o das c\u00e2meras em todos os Centros da Funda\u00e7\u00e3o Casa e tamb\u00e9m sobre as despesas exorbitantes da gest\u00e3o do Sr. Fernando Jos\u00e9, deixando de lado quem faz o trabalho socioeducativo.<\/p>\n<p>Convidamos a deputada Adriana Borgo para participar da audi\u00eancia p\u00fablica, juntamente com o Deputado Giannazi, no dia 05 de novembro de 2021, \u00e0s 18h, em defesa dos nossos direitos.<br \/>\n<img fetchpriority=\"high\" decoding=\"async\" class=\"alignnone size-full wp-image-7440\" src=\"https:\/\/sitsesp.org.br\/novo\/wp-content\/uploads\/2021\/10\/WhatsApp-Image-2021-10-29-at-12.30.16.jpeg\" alt=\"\" width=\"640\" height=\"800\" srcset=\"https:\/\/www.sitsesp.org.br\/novo\/wp-content\/uploads\/2021\/10\/WhatsApp-Image-2021-10-29-at-12.30.16.jpeg 640w, https:\/\/www.sitsesp.org.br\/novo\/wp-content\/uploads\/2021\/10\/WhatsApp-Image-2021-10-29-at-12.30.16-240x300.jpeg 240w, https:\/\/www.sitsesp.org.br\/novo\/wp-content\/uploads\/2021\/10\/WhatsApp-Image-2021-10-29-at-12.30.16-585x731.jpeg 585w\" sizes=\"(max-width: 640px) 100vw, 640px\" \/><\/p>\n<p>&nbsp;<\/p>\n","protected":false},"excerpt":{"rendered":"<p>SITSESP EM MOVIMENTO Encontro com a deputada Adriana Borgo na Alesp A Gest\u00e3o Reconstru\u00e7\u00e3o e Luta, representada pela presidente Claudia Maria&hellip;<\/p>\n","protected":false},"author":5,"featured_media":7439,"comment_status":"open","ping_status":"open","sticky":false,"template":"","format":"standard","meta":{"cybocfi_hide_featured_image":"","footnotes":""},"categories":[27,22],"tags":[45,56,65,37],"yoast_head":"<!-- This site is optimized with the Yoast SEO plugin v22.8 - https:\/\/yoast.com\/wordpress\/plugins\/seo\/ -->\n<title>SITSESP EM MOVIMENTO Encontro com a deputada Adriana Borgo na Alesp - SITSESP<\/title>\n<meta name=\"description\" content=\"A Gest\u00e3o Reconstru\u00e7\u00e3o e Luta, representada pela presidente Claudia Maria e as diretoras Edna Rodrigues e Josilda Concei\u00e7\u00e3o, estiveram na Alesp na quinta-feira, 28 de outubro, visitando o gabinete da deputada Adriana Borgo.\" \/>\n<meta name=\"robots\" content=\"index, follow, max-snippet:-1, max-image-preview:large, max-video-preview:-1\" \/>\n<link rel=\"canonical\" href=\"https:\/\/www.sitsesp.org.br\/novo\/sitsesp-em-movimento-encontro-com-a-deputada-adriana-borgo-na-alesp\/\" \/>\n<meta property=\"og:locale\" content=\"pt_BR\" \/>\n<meta property=\"og:type\" content=\"article\" \/>\n<meta property=\"og:title\" content=\"SITSESP EM MOVIMENTO Encontro com a deputada Adriana Borgo na Alesp - SITSESP\" \/>\n<meta property=\"og:description\" content=\"A Gest\u00e3o Reconstru\u00e7\u00e3o e Luta, representada pela presidente Claudia Maria e as diretoras Edna Rodrigues e Josilda Concei\u00e7\u00e3o, estiveram na Alesp na quinta-feira, 28 de outubro, visitando o gabinete da deputada Adriana Borgo.\" \/>\n<meta property=\"og:url\" content=\"https:\/\/www.sitsesp.org.br\/novo\/sitsesp-em-movimento-encontro-com-a-deputada-adriana-borgo-na-alesp\/\" \/>\n<meta property=\"og:site_name\" content=\"SITSESP\" \/>\n<meta property=\"article:published_time\" content=\"2021-10-29T15:39:52+00:00\" \/>\n<meta property=\"article:modified_time\" content=\"2021-10-29T15:43:43+00:00\" \/>\n<meta property=\"og:image\" content=\"https:\/\/www.sitsesp.org.br\/novo\/wp-content\/uploads\/2021\/10\/WhatsApp-Image-2021-10-29-at-12.30.15.jpeg\" \/>\n\t<meta property=\"og:image:width\" content=\"800\" \/>\n\t<meta property=\"og:image:height\" content=\"600\" \/>\n\t<meta property=\"og:image:type\" content=\"image\/jpeg\" \/>\n<meta name=\"author\" content=\"imprensa\" \/>\n<meta name=\"twitter:card\" content=\"summary_large_image\" \/>\n<meta name=\"twitter:label1\" content=\"Escrito por\" \/>\n\t<meta name=\"twitter:data1\" content=\"imprensa\" \/>\n\t<meta name=\"twitter:label2\" content=\"Est. tempo de leitura\" \/>\n\t<meta name=\"twitter:data2\" content=\"2 minutos\" \/>\n<script type=\"application\/ld+json\" class=\"yoast-schema-graph\">{\"@context\":\"https:\/\/schema.org\",\"@graph\":[{\"@type\":\"Article\",\"@id\":\"https:\/\/www.sitsesp.org.br\/novo\/sitsesp-em-movimento-encontro-com-a-deputada-adriana-borgo-na-alesp\/#article\",\"isPartOf\":{\"@id\":\"https:\/\/www.sitsesp.org.br\/novo\/sitsesp-em-movimento-encontro-com-a-deputada-adriana-borgo-na-alesp\/\"},\"author\":{\"name\":\"imprensa\",\"@id\":\"https:\/\/www.sitsesp.org.br\/novo\/#\/schema\/person\/28e42eec160f373e81d0183b3643edbf\"},\"headline\":\"SITSESP EM MOVIMENTO Encontro com a deputada Adriana Borgo na Alesp\",\"datePublished\":\"2021-10-29T15:39:52+00:00\",\"dateModified\":\"2021-10-29T15:43:43+00:00\",\"mainEntityOfPage\":{\"@id\":\"https:\/\/www.sitsesp.org.br\/novo\/sitsesp-em-movimento-encontro-com-a-deputada-adriana-borgo-na-alesp\/\"},\"wordCount\":239,\"commentCount\":0,\"publisher\":{\"@id\":\"https:\/\/www.sitsesp.org.br\/novo\/#organization\"},\"image\":{\"@id\":\"https:\/\/www.sitsesp.org.br\/novo\/sitsesp-em-movimento-encontro-com-a-deputada-adriana-borgo-na-alesp\/#primaryimage\"},\"thumbnailUrl\":\"https:\/\/www.sitsesp.org.br\/novo\/wp-content\/uploads\/2021\/10\/WhatsApp-Image-2021-10-29-at-12.30.15.jpeg\",\"keywords\":[\"2021\",\"alesp\",\"pn367n\u00e3o\",\"SITSESP\"],\"articleSection\":[\"Destaque\",\"Noticias\"],\"inLanguage\":\"pt-BR\",\"potentialAction\":[{\"@type\":\"CommentAction\",\"name\":\"Comment\",\"target\":[\"https:\/\/www.sitsesp.org.br\/novo\/sitsesp-em-movimento-encontro-com-a-deputada-adriana-borgo-na-alesp\/#respond\"]}]},{\"@type\":\"WebPage\",\"@id\":\"https:\/\/www.sitsesp.org.br\/novo\/sitsesp-em-movimento-encontro-com-a-deputada-adriana-borgo-na-alesp\/\",\"url\":\"https:\/\/www.sitsesp.org.br\/novo\/sitsesp-em-movimento-encontro-com-a-deputada-adriana-borgo-na-alesp\/\",\"name\":\"SITSESP EM MOVIMENTO Encontro com a deputada Adriana Borgo na Alesp - SITSESP\",\"isPartOf\":{\"@id\":\"https:\/\/www.sitsesp.org.br\/novo\/#website\"},\"primaryImageOfPage\":{\"@id\":\"https:\/\/www.sitsesp.org.br\/novo\/sitsesp-em-movimento-encontro-com-a-deputada-adriana-borgo-na-alesp\/#primaryimage\"},\"image\":{\"@id\":\"https:\/\/www.sitsesp.org.br\/novo\/sitsesp-em-movimento-encontro-com-a-deputada-adriana-borgo-na-alesp\/#primaryimage\"},\"thumbnailUrl\":\"https:\/\/www.sitsesp.org.br\/novo\/wp-content\/uploads\/2021\/10\/WhatsApp-Image-2021-10-29-at-12.30.15.jpeg\",\"datePublished\":\"2021-10-29T15:39:52+00:00\",\"dateModified\":\"2021-10-29T15:43:43+00:00\",\"description\":\"A Gest\u00e3o Reconstru\u00e7\u00e3o e Luta, representada pela presidente Claudia Maria e as diretoras Edna Rodrigues e Josilda Concei\u00e7\u00e3o, estiveram na Alesp na quinta-feira, 28 de outubro, visitando o gabinete da deputada Adriana Borgo.\",\"breadcrumb\":{\"@id\":\"https:\/\/www.sitsesp.org.br\/novo\/sitsesp-em-movimento-encontro-com-a-deputada-adriana-borgo-na-alesp\/#breadcrumb\"},\"inLanguage\":\"pt-BR\",\"potentialAction\":[{\"@type\":\"ReadAction\",\"target\":[\"https:\/\/www.sitsesp.org.br\/novo\/sitsesp-em-movimento-encontro-com-a-deputada-adriana-borgo-na-alesp\/\"]}]},{\"@type\":\"ImageObject\",\"inLanguage\":\"pt-BR\",\"@id\":\"https:\/\/www.sitsesp.org.br\/novo\/sitsesp-em-movimento-encontro-com-a-deputada-adriana-borgo-na-alesp\/#primaryimage\",\"url\":\"https:\/\/www.sitsesp.org.br\/novo\/wp-content\/uploads\/2021\/10\/WhatsApp-Image-2021-10-29-at-12.30.15.jpeg\",\"contentUrl\":\"https:\/\/www.sitsesp.org.br\/novo\/wp-content\/uploads\/2021\/10\/WhatsApp-Image-2021-10-29-at-12.30.15.jpeg\",\"width\":800,\"height\":600},{\"@type\":\"BreadcrumbList\",\"@id\":\"https:\/\/www.sitsesp.org.br\/novo\/sitsesp-em-movimento-encontro-com-a-deputada-adriana-borgo-na-alesp\/#breadcrumb\",\"itemListElement\":[{\"@type\":\"ListItem\",\"position\":1,\"name\":\"In\u00edcio\",\"item\":\"https:\/\/www.sitsesp.org.br\/novo\/\"},{\"@type\":\"ListItem\",\"position\":2,\"name\":\"SITSESP EM MOVIMENTO Encontro com a deputada Adriana Borgo na Alesp\"}]},{\"@type\":\"WebSite\",\"@id\":\"https:\/\/www.sitsesp.org.br\/novo\/#website\",\"url\":\"https:\/\/www.sitsesp.org.br\/novo\/\",\"name\":\"Sitsesp\",\"description\":\"SIndicato da Socioeduca\u00e7\u00e3o do Estado de S\u00e3o Paulo\",\"publisher\":{\"@id\":\"https:\/\/www.sitsesp.org.br\/novo\/#organization\"},\"potentialAction\":[{\"@type\":\"SearchAction\",\"target\":{\"@type\":\"EntryPoint\",\"urlTemplate\":\"https:\/\/www.sitsesp.org.br\/novo\/?s={search_term_string}\"},\"query-input\":\"required name=search_term_string\"}],\"inLanguage\":\"pt-BR\"},{\"@type\":\"Organization\",\"@id\":\"https:\/\/www.sitsesp.org.br\/novo\/#organization\",\"name\":\"Sitsesp\",\"url\":\"https:\/\/www.sitsesp.org.br\/novo\/\",\"logo\":{\"@type\":\"ImageObject\",\"inLanguage\":\"pt-BR\",\"@id\":\"https:\/\/www.sitsesp.org.br\/novo\/#\/schema\/logo\/image\/\",\"url\":\"https:\/\/www.sitsesp.org.br\/novo\/wp-content\/uploads\/2020\/09\/Design-sem-nome-1.jpg\",\"contentUrl\":\"https:\/\/www.sitsesp.org.br\/novo\/wp-content\/uploads\/2020\/09\/Design-sem-nome-1.jpg\",\"width\":300,\"height\":300,\"caption\":\"Sitsesp\"},\"image\":{\"@id\":\"https:\/\/www.sitsesp.org.br\/novo\/#\/schema\/logo\/image\/\"}},{\"@type\":\"Person\",\"@id\":\"https:\/\/www.sitsesp.org.br\/novo\/#\/schema\/person\/28e42eec160f373e81d0183b3643edbf\",\"name\":\"imprensa\",\"image\":{\"@type\":\"ImageObject\",\"inLanguage\":\"pt-BR\",\"@id\":\"https:\/\/www.sitsesp.org.br\/novo\/#\/schema\/person\/image\/\",\"url\":\"https:\/\/secure.gravatar.com\/avatar\/8d6ccd8d7d52b8959f34154e87d3fa29?s=96&d=mm&r=g\",\"contentUrl\":\"https:\/\/secure.gravatar.com\/avatar\/8d6ccd8d7d52b8959f34154e87d3fa29?s=96&d=mm&r=g\",\"caption\":\"imprensa\"}}]}<\/script>\n<!-- \/ Yoast SEO plugin. -->","yoast_head_json":{"title":"SITSESP EM MOVIMENTO Encontro com a deputada Adriana Borgo na Alesp - SITSESP","description":"A Gest\u00e3o Reconstru\u00e7\u00e3o e Luta, representada pela presidente Claudia Maria e as diretoras Edna Rodrigues e Josilda Concei\u00e7\u00e3o, estiveram na Alesp na quinta-feira, 28 de outubro, visitando o gabinete da deputada Adriana Borgo.","robots":{"index":"index","follow":"follow","max-snippet":"max-snippet:-1","max-image-preview":"max-image-preview:large","max-video-preview":"max-video-preview:-1"},"canonical":"https:\/\/www.sitsesp.org.br\/novo\/sitsesp-em-movimento-encontro-com-a-deputada-adriana-borgo-na-alesp\/","og_locale":"pt_BR","og_type":"article","og_title":"SITSESP EM MOVIMENTO Encontro com a deputada Adriana Borgo na Alesp - SITSESP","og_description":"A Gest\u00e3o Reconstru\u00e7\u00e3o e Luta, representada pela presidente Claudia Maria e as diretoras Edna Rodrigues e Josilda Concei\u00e7\u00e3o, estiveram na Alesp na quinta-feira, 28 de outubro, visitando o gabinete da deputada Adriana Borgo.","og_url":"https:\/\/www.sitsesp.org.br\/novo\/sitsesp-em-movimento-encontro-com-a-deputada-adriana-borgo-na-alesp\/","og_site_name":"SITSESP","article_published_time":"2021-10-29T15:39:52+00:00","article_modified_time":"2021-10-29T15:43:43+00:00","og_image":[{"width":800,"height":600,"url":"https:\/\/www.sitsesp.org.br\/novo\/wp-content\/uploads\/2021\/10\/WhatsApp-Image-2021-10-29-at-12.30.15.jpeg","type":"image\/jpeg"}],"author":"imprensa","twitter_card":"summary_large_image","twitter_misc":{"Escrito por":"imprensa","Est. tempo de leitura":"2 minutos"},"schema":{"@context":"https:\/\/schema.org","@graph":[{"@type":"Article","@id":"https:\/\/www.sitsesp.org.br\/novo\/sitsesp-em-movimento-encontro-com-a-deputada-adriana-borgo-na-alesp\/#article","isPartOf":{"@id":"https:\/\/www.sitsesp.org.br\/novo\/sitsesp-em-movimento-encontro-com-a-deputada-adriana-borgo-na-alesp\/"},"author":{"name":"imprensa","@id":"https:\/\/www.sitsesp.org.br\/novo\/#\/schema\/person\/28e42eec160f373e81d0183b3643edbf"},"headline":"SITSESP EM MOVIMENTO Encontro com a deputada Adriana Borgo na Alesp","datePublished":"2021-10-29T15:39:52+00:00","dateModified":"2021-10-29T15:43:43+00:00","mainEntityOfPage":{"@id":"https:\/\/www.sitsesp.org.br\/novo\/sitsesp-em-movimento-encontro-com-a-deputada-adriana-borgo-na-alesp\/"},"wordCount":239,"commentCount":0,"publisher":{"@id":"https:\/\/www.sitsesp.org.br\/novo\/#organization"},"image":{"@id":"https:\/\/www.sitsesp.org.br\/novo\/sitsesp-em-movimento-encontro-com-a-deputada-adriana-borgo-na-alesp\/#primaryimage"},"thumbnailUrl":"https:\/\/www.sitsesp.org.br\/novo\/wp-content\/uploads\/2021\/10\/WhatsApp-Image-2021-10-29-at-12.30.15.jpeg","keywords":["2021","alesp","pn367n\u00e3o","SITSESP"],"articleSection":["Destaque","Noticias"],"inLanguage":"pt-BR","potentialAction":[{"@type":"CommentAction","name":"Comment","target":["https:\/\/www.sitsesp.org.br\/novo\/sitsesp-em-movimento-encontro-com-a-deputada-adriana-borgo-na-alesp\/#respond"]}]},{"@type":"WebPage","@id":"https:\/\/www.sitsesp.org.br\/novo\/sitsesp-em-movimento-encontro-com-a-deputada-adriana-borgo-na-alesp\/","url":"https:\/\/www.sitsesp.org.br\/novo\/sitsesp-em-movimento-encontro-com-a-deputada-adriana-borgo-na-alesp\/","name":"SITSESP EM MOVIMENTO Encontro com a deputada Adriana Borgo na Alesp - SITSESP","isPartOf":{"@id":"https:\/\/www.sitsesp.org.br\/novo\/#website"},"primaryImageOfPage":{"@id":"https:\/\/www.sitsesp.org.br\/novo\/sitsesp-em-movimento-encontro-com-a-deputada-adriana-borgo-na-alesp\/#primaryimage"},"image":{"@id":"https:\/\/www.sitsesp.org.br\/novo\/sitsesp-em-movimento-encontro-com-a-deputada-adriana-borgo-na-alesp\/#primaryimage"},"thumbnailUrl":"https:\/\/www.sitsesp.org.br\/novo\/wp-content\/uploads\/2021\/10\/WhatsApp-Image-2021-10-29-at-12.30.15.jpeg","datePublished":"2021-10-29T15:39:52+00:00","dateModified":"2021-10-29T15:43:43+00:00","description":"A Gest\u00e3o Reconstru\u00e7\u00e3o e Luta, representada pela presidente Claudia Maria e as diretoras Edna Rodrigues e Josilda Concei\u00e7\u00e3o, estiveram na Alesp na quinta-feira, 28 de outubro, visitando o gabinete da deputada Adriana Borgo.","breadcrumb":{"@id":"https:\/\/www.sitsesp.org.br\/novo\/sitsesp-em-movimento-encontro-com-a-deputada-adriana-borgo-na-alesp\/#breadcrumb"},"inLanguage":"pt-BR","potentialAction":[{"@type":"ReadAction","target":["https:\/\/www.sitsesp.org.br\/novo\/sitsesp-em-movimento-encontro-com-a-deputada-adriana-borgo-na-alesp\/"]}]},{"@type":"ImageObject","inLanguage":"pt-BR","@id":"https:\/\/www.sitsesp.org.br\/novo\/sitsesp-em-movimento-encontro-com-a-deputada-adriana-borgo-na-alesp\/#primaryimage","url":"https:\/\/www.sitsesp.org.br\/novo\/wp-content\/uploads\/2021\/10\/WhatsApp-Image-2021-10-29-at-12.30.15.jpeg","contentUrl":"https:\/\/www.sitsesp.org.br\/novo\/wp-content\/uploads\/2021\/10\/WhatsApp-Image-2021-10-29-at-12.30.15.jpeg","width":800,"height":600},{"@type":"BreadcrumbList","@id":"https:\/\/www.sitsesp.org.br\/novo\/sitsesp-em-movimento-encontro-com-a-deputada-adriana-borgo-na-alesp\/#breadcrumb","itemListElement":[{"@type":"ListItem","position":1,"name":"In\u00edcio","item":"https:\/\/www.sitsesp.org.br\/novo\/"},{"@type":"ListItem","position":2,"name":"SITSESP EM MOVIMENTO Encontro com a deputada Adriana Borgo na Alesp"}]},{"@type":"WebSite","@id":"https:\/\/www.sitsesp.org.br\/novo\/#website","url":"https:\/\/www.sitsesp.org.br\/novo\/","name":"Sitsesp","description":"SIndicato da Socioeduca\u00e7\u00e3o do Estado de S\u00e3o Paulo","publisher":{"@id":"https:\/\/www.sitsesp.org.br\/novo\/#organization"},"potentialAction":[{"@type":"SearchAction","target":{"@type":"EntryPoint","urlTemplate":"https:\/\/www.sitsesp.org.br\/novo\/?s={search_term_string}"},"query-input":"required name=search_term_string"}],"inLanguage":"pt-BR"},{"@type":"Organization","@id":"https:\/\/www.sitsesp.org.br\/novo\/#organization","name":"Sitsesp","url":"https:\/\/www.sitsesp.org.br\/novo\/","logo":{"@type":"ImageObject","inLanguage":"pt-BR","@id":"https:\/\/www.sitsesp.org.br\/novo\/#\/schema\/logo\/image\/","url":"https:\/\/www.sitsesp.org.br\/novo\/wp-content\/uploads\/2020\/09\/Design-sem-nome-1.jpg","contentUrl":"https:\/\/www.sitsesp.org.br\/novo\/wp-content\/uploads\/2020\/09\/Design-sem-nome-1.jpg","width":300,"height":300,"caption":"Sitsesp"},"image":{"@id":"https:\/\/www.sitsesp.org.br\/novo\/#\/schema\/logo\/image\/"}},{"@type":"Person","@id":"https:\/\/www.sitsesp.org.br\/novo\/#\/schema\/person\/28e42eec160f373e81d0183b3643edbf","name":"imprensa","image":{"@type":"ImageObject","inLanguage":"pt-BR","@id":"https:\/\/www.sitsesp.org.br\/novo\/#\/schema\/person\/image\/","url":"https:\/\/secure.gravatar.com\/avatar\/8d6ccd8d7d52b8959f34154e87d3fa29?s=96&d=mm&r=g","contentUrl":"https:\/\/secure.gravatar.com\/avatar\/8d6ccd8d7d52b8959f34154e87d3fa29?s=96&d=mm&r=g","caption":"imprensa"}}]}},"_links":{"self":[{"href":"https:\/\/www.sitsesp.org.br\/novo\/wp-json\/wp\/v2\/posts\/7438"}],"collection":[{"href":"https:\/\/www.sitsesp.org.br\/novo\/wp-json\/wp\/v2\/posts"}],"about":[{"href":"https:\/\/www.sitsesp.org.br\/novo\/wp-json\/wp\/v2\/types\/post"}],"author":[{"embeddable":true,"href":"https:\/\/www.sitsesp.org.br\/novo\/wp-json\/wp\/v2\/users\/5"}],"replies":[{"embeddable":true,"href":"https:\/\/www.sitsesp.org.br\/novo\/wp-json\/wp\/v2\/comments?post=7438"}],"version-history":[{"count":2,"href":"https:\/\/www.sitsesp.org.br\/novo\/wp-json\/wp\/v2\/posts\/7438\/revisions"}],"predecessor-version":[{"id":7442,"href":"https:\/\/www.sitsesp.org.br\/novo\/wp-json\/wp\/v2\/posts\/7438\/revisions\/7442"}],"wp:featuredmedia":[{"embeddable":true,"href":"https:\/\/www.sitsesp.org.br\/novo\/wp-json\/wp\/v2\/media\/7439"}],"wp:attachment":[{"href":"https:\/\/www.sitsesp.org.br\/novo\/wp-json\/wp\/v2\/media?parent=7438"}],"wp:term":[{"taxonomy":"category","embeddable":true,"href":"https:\/\/www.sitsesp.org.br\/novo\/wp-json\/wp\/v2\/categories?post=7438"},{"taxonomy":"post_tag","embeddable":true,"href":"https:\/\/www.sitsesp.org.br\/novo\/wp-json\/wp\/v2\/tags?post=7438"}],"curies":[{"name":"wp","href":"https:\/\/api.w.org\/{rel}","templated":true}]}}