{"id":7481,"date":"2021-11-01T10:04:58","date_gmt":"2021-11-01T13:04:58","guid":{"rendered":"https:\/\/sitsesp.org.br\/novo\/?p=7481"},"modified":"2021-11-01T10:05:54","modified_gmt":"2021-11-01T13:05:54","slug":"sitsesp-nota-de-lamentacao","status":"publish","type":"post","link":"https:\/\/www.sitsesp.org.br\/novo\/sitsesp-nota-de-lamentacao\/","title":{"rendered":"SITSESP &#8211; NOTA DE LAMENTA\u00c7\u00c3O"},"content":{"rendered":"<p><!-- VideographyWP Plugin Message: Automatic video embedding prevented by plugin options. --><br \/>\nSITSESP &#8211; NOTA DE LAMENTA\u00c7\u00c3O<\/p>\n<p>O SITSESP &#8211; Sindicato da socioeduca\u00e7\u00e3o no Estado de S\u00e3o Paulo, vem por meio desta, lamentar o grave acidente que vitimou 10 Bombeiros Civis na zona rural de Altin\u00f3polis, sendo, nove v\u00edtimas fatais e uma ferida, no interior de uma caverna que desmoronou quando estavam em treinamento de salvamento de vitimas em dif\u00edcil acesso.<\/p>\n<p>O SITSESP deixa os profundos sentimentos de perdas aos amigos e familiares e torce para o pronto restabelecimento da v\u00edtima que se encontra internada.<\/p>\n","protected":false},"excerpt":{"rendered":"<p>SITSESP &#8211; NOTA DE LAMENTA\u00c7\u00c3O O SITSESP &#8211; Sindicato da socioeduca\u00e7\u00e3o no Estado de S\u00e3o Paulo, vem por meio desta, lamentar&hellip;<\/p>\n","protected":false},"author":5,"featured_media":7482,"comment_status":"open","ping_status":"open","sticky":false,"template":"","format":"standard","meta":{"cybocfi_hide_featured_image":"","footnotes":""},"categories":[22],"tags":[],"yoast_head":"<!-- This site is optimized with the Yoast SEO plugin v22.8 - https:\/\/yoast.com\/wordpress\/plugins\/seo\/ -->\n<title>SITSESP - NOTA DE LAMENTA\u00c7\u00c3O - SITSESP<\/title>\n<meta name=\"description\" content=\"O SITSESP - Sindicato da socioeduca\u00e7\u00e3o no Estado de S\u00e3o Paulo, vem por meio desta, lamentar o grave acidente que vitimou 10 Bombeiros Civis na zona rural de Altin\u00f3polis\" \/>\n<meta name=\"robots\" content=\"index, follow, max-snippet:-1, max-image-preview:large, max-video-preview:-1\" \/>\n<link rel=\"canonical\" href=\"https:\/\/www.sitsesp.org.br\/novo\/sitsesp-nota-de-lamentacao\/\" \/>\n<meta property=\"og:locale\" content=\"pt_BR\" \/>\n<meta property=\"og:type\" content=\"article\" \/>\n<meta property=\"og:title\" content=\"SITSESP - NOTA DE LAMENTA\u00c7\u00c3O - SITSESP\" \/>\n<meta property=\"og:description\" content=\"O SITSESP - Sindicato da socioeduca\u00e7\u00e3o no Estado de S\u00e3o Paulo, vem por meio desta, lamentar o grave acidente que vitimou 10 Bombeiros Civis na zona rural de Altin\u00f3polis\" \/>\n<meta property=\"og:url\" content=\"https:\/\/www.sitsesp.org.br\/novo\/sitsesp-nota-de-lamentacao\/\" \/>\n<meta property=\"og:site_name\" content=\"SITSESP\" \/>\n<meta property=\"article:published_time\" content=\"2021-11-01T13:04:58+00:00\" \/>\n<meta property=\"article:modified_time\" content=\"2021-11-01T13:05:54+00:00\" \/>\n<meta property=\"og:image\" content=\"https:\/\/www.sitsesp.org.br\/novo\/wp-content\/uploads\/2021\/11\/WhatsApp-Image-2021-11-01-at-09.59.00.jpeg\" \/>\n\t<meta property=\"og:image:width\" content=\"400\" \/>\n\t<meta property=\"og:image:height\" content=\"400\" \/>\n\t<meta property=\"og:image:type\" content=\"image\/jpeg\" \/>\n<meta name=\"author\" content=\"imprensa\" \/>\n<meta name=\"twitter:card\" content=\"summary_large_image\" \/>\n<meta name=\"twitter:label1\" content=\"Escrito por\" \/>\n\t<meta name=\"twitter:data1\" content=\"imprensa\" \/>\n\t<meta name=\"twitter:label2\" content=\"Est. tempo de leitura\" \/>\n\t<meta name=\"twitter:data2\" content=\"1 minuto\" \/>\n<script type=\"application\/ld+json\" class=\"yoast-schema-graph\">{\"@context\":\"https:\/\/schema.org\",\"@graph\":[{\"@type\":\"Article\",\"@id\":\"https:\/\/www.sitsesp.org.br\/novo\/sitsesp-nota-de-lamentacao\/#article\",\"isPartOf\":{\"@id\":\"https:\/\/www.sitsesp.org.br\/novo\/sitsesp-nota-de-lamentacao\/\"},\"author\":{\"name\":\"imprensa\",\"@id\":\"https:\/\/www.sitsesp.org.br\/novo\/#\/schema\/person\/28e42eec160f373e81d0183b3643edbf\"},\"headline\":\"SITSESP &#8211; NOTA DE LAMENTA\u00c7\u00c3O\",\"datePublished\":\"2021-11-01T13:04:58+00:00\",\"dateModified\":\"2021-11-01T13:05:54+00:00\",\"mainEntityOfPage\":{\"@id\":\"https:\/\/www.sitsesp.org.br\/novo\/sitsesp-nota-de-lamentacao\/\"},\"wordCount\":95,\"commentCount\":0,\"publisher\":{\"@id\":\"https:\/\/www.sitsesp.org.br\/novo\/#organization\"},\"image\":{\"@id\":\"https:\/\/www.sitsesp.org.br\/novo\/sitsesp-nota-de-lamentacao\/#primaryimage\"},\"thumbnailUrl\":\"https:\/\/www.sitsesp.org.br\/novo\/wp-content\/uploads\/2021\/11\/WhatsApp-Image-2021-11-01-at-09.59.00.jpeg\",\"articleSection\":[\"Noticias\"],\"inLanguage\":\"pt-BR\",\"potentialAction\":[{\"@type\":\"CommentAction\",\"name\":\"Comment\",\"target\":[\"https:\/\/www.sitsesp.org.br\/novo\/sitsesp-nota-de-lamentacao\/#respond\"]}]},{\"@type\":\"WebPage\",\"@id\":\"https:\/\/www.sitsesp.org.br\/novo\/sitsesp-nota-de-lamentacao\/\",\"url\":\"https:\/\/www.sitsesp.org.br\/novo\/sitsesp-nota-de-lamentacao\/\",\"name\":\"SITSESP - NOTA DE LAMENTA\u00c7\u00c3O - SITSESP\",\"isPartOf\":{\"@id\":\"https:\/\/www.sitsesp.org.br\/novo\/#website\"},\"primaryImageOfPage\":{\"@id\":\"https:\/\/www.sitsesp.org.br\/novo\/sitsesp-nota-de-lamentacao\/#primaryimage\"},\"image\":{\"@id\":\"https:\/\/www.sitsesp.org.br\/novo\/sitsesp-nota-de-lamentacao\/#primaryimage\"},\"thumbnailUrl\":\"https:\/\/www.sitsesp.org.br\/novo\/wp-content\/uploads\/2021\/11\/WhatsApp-Image-2021-11-01-at-09.59.00.jpeg\",\"datePublished\":\"2021-11-01T13:04:58+00:00\",\"dateModified\":\"2021-11-01T13:05:54+00:00\",\"description\":\"O SITSESP - Sindicato da socioeduca\u00e7\u00e3o no Estado de S\u00e3o Paulo, vem por meio desta, lamentar o grave acidente que vitimou 10 Bombeiros Civis na zona rural de Altin\u00f3polis\",\"breadcrumb\":{\"@id\":\"https:\/\/www.sitsesp.org.br\/novo\/sitsesp-nota-de-lamentacao\/#breadcrumb\"},\"inLanguage\":\"pt-BR\",\"potentialAction\":[{\"@type\":\"ReadAction\",\"target\":[\"https:\/\/www.sitsesp.org.br\/novo\/sitsesp-nota-de-lamentacao\/\"]}]},{\"@type\":\"ImageObject\",\"inLanguage\":\"pt-BR\",\"@id\":\"https:\/\/www.sitsesp.org.br\/novo\/sitsesp-nota-de-lamentacao\/#primaryimage\",\"url\":\"https:\/\/www.sitsesp.org.br\/novo\/wp-content\/uploads\/2021\/11\/WhatsApp-Image-2021-11-01-at-09.59.00.jpeg\",\"contentUrl\":\"https:\/\/www.sitsesp.org.br\/novo\/wp-content\/uploads\/2021\/11\/WhatsApp-Image-2021-11-01-at-09.59.00.jpeg\",\"width\":400,\"height\":400},{\"@type\":\"BreadcrumbList\",\"@id\":\"https:\/\/www.sitsesp.org.br\/novo\/sitsesp-nota-de-lamentacao\/#breadcrumb\",\"itemListElement\":[{\"@type\":\"ListItem\",\"position\":1,\"name\":\"In\u00edcio\",\"item\":\"https:\/\/www.sitsesp.org.br\/novo\/\"},{\"@type\":\"ListItem\",\"position\":2,\"name\":\"SITSESP &#8211; NOTA DE LAMENTA\u00c7\u00c3O\"}]},{\"@type\":\"WebSite\",\"@id\":\"https:\/\/www.sitsesp.org.br\/novo\/#website\",\"url\":\"https:\/\/www.sitsesp.org.br\/novo\/\",\"name\":\"Sitsesp\",\"description\":\"SIndicato da Socioeduca\u00e7\u00e3o do Estado de S\u00e3o Paulo\",\"publisher\":{\"@id\":\"https:\/\/www.sitsesp.org.br\/novo\/#organization\"},\"potentialAction\":[{\"@type\":\"SearchAction\",\"target\":{\"@type\":\"EntryPoint\",\"urlTemplate\":\"https:\/\/www.sitsesp.org.br\/novo\/?s={search_term_string}\"},\"query-input\":\"required name=search_term_string\"}],\"inLanguage\":\"pt-BR\"},{\"@type\":\"Organization\",\"@id\":\"https:\/\/www.sitsesp.org.br\/novo\/#organization\",\"name\":\"Sitsesp\",\"url\":\"https:\/\/www.sitsesp.org.br\/novo\/\",\"logo\":{\"@type\":\"ImageObject\",\"inLanguage\":\"pt-BR\",\"@id\":\"https:\/\/www.sitsesp.org.br\/novo\/#\/schema\/logo\/image\/\",\"url\":\"https:\/\/www.sitsesp.org.br\/novo\/wp-content\/uploads\/2020\/09\/Design-sem-nome-1.jpg\",\"contentUrl\":\"https:\/\/www.sitsesp.org.br\/novo\/wp-content\/uploads\/2020\/09\/Design-sem-nome-1.jpg\",\"width\":300,\"height\":300,\"caption\":\"Sitsesp\"},\"image\":{\"@id\":\"https:\/\/www.sitsesp.org.br\/novo\/#\/schema\/logo\/image\/\"}},{\"@type\":\"Person\",\"@id\":\"https:\/\/www.sitsesp.org.br\/novo\/#\/schema\/person\/28e42eec160f373e81d0183b3643edbf\",\"name\":\"imprensa\",\"image\":{\"@type\":\"ImageObject\",\"inLanguage\":\"pt-BR\",\"@id\":\"https:\/\/www.sitsesp.org.br\/novo\/#\/schema\/person\/image\/\",\"url\":\"https:\/\/secure.gravatar.com\/avatar\/8d6ccd8d7d52b8959f34154e87d3fa29?s=96&d=mm&r=g\",\"contentUrl\":\"https:\/\/secure.gravatar.com\/avatar\/8d6ccd8d7d52b8959f34154e87d3fa29?s=96&d=mm&r=g\",\"caption\":\"imprensa\"}}]}<\/script>\n<!-- \/ Yoast SEO plugin. -->","yoast_head_json":{"title":"SITSESP - NOTA DE LAMENTA\u00c7\u00c3O - SITSESP","description":"O SITSESP - Sindicato da socioeduca\u00e7\u00e3o no Estado de S\u00e3o Paulo, vem por meio desta, lamentar o grave acidente que vitimou 10 Bombeiros Civis na zona rural de Altin\u00f3polis","robots":{"index":"index","follow":"follow","max-snippet":"max-snippet:-1","max-image-preview":"max-image-preview:large","max-video-preview":"max-video-preview:-1"},"canonical":"https:\/\/www.sitsesp.org.br\/novo\/sitsesp-nota-de-lamentacao\/","og_locale":"pt_BR","og_type":"article","og_title":"SITSESP - NOTA DE LAMENTA\u00c7\u00c3O - SITSESP","og_description":"O SITSESP - Sindicato da socioeduca\u00e7\u00e3o no Estado de S\u00e3o Paulo, vem por meio desta, lamentar o grave acidente que vitimou 10 Bombeiros Civis na zona rural de Altin\u00f3polis","og_url":"https:\/\/www.sitsesp.org.br\/novo\/sitsesp-nota-de-lamentacao\/","og_site_name":"SITSESP","article_published_time":"2021-11-01T13:04:58+00:00","article_modified_time":"2021-11-01T13:05:54+00:00","og_image":[{"width":400,"height":400,"url":"https:\/\/www.sitsesp.org.br\/novo\/wp-content\/uploads\/2021\/11\/WhatsApp-Image-2021-11-01-at-09.59.00.jpeg","type":"image\/jpeg"}],"author":"imprensa","twitter_card":"summary_large_image","twitter_misc":{"Escrito por":"imprensa","Est. tempo de leitura":"1 minuto"},"schema":{"@context":"https:\/\/schema.org","@graph":[{"@type":"Article","@id":"https:\/\/www.sitsesp.org.br\/novo\/sitsesp-nota-de-lamentacao\/#article","isPartOf":{"@id":"https:\/\/www.sitsesp.org.br\/novo\/sitsesp-nota-de-lamentacao\/"},"author":{"name":"imprensa","@id":"https:\/\/www.sitsesp.org.br\/novo\/#\/schema\/person\/28e42eec160f373e81d0183b3643edbf"},"headline":"SITSESP &#8211; NOTA DE LAMENTA\u00c7\u00c3O","datePublished":"2021-11-01T13:04:58+00:00","dateModified":"2021-11-01T13:05:54+00:00","mainEntityOfPage":{"@id":"https:\/\/www.sitsesp.org.br\/novo\/sitsesp-nota-de-lamentacao\/"},"wordCount":95,"commentCount":0,"publisher":{"@id":"https:\/\/www.sitsesp.org.br\/novo\/#organization"},"image":{"@id":"https:\/\/www.sitsesp.org.br\/novo\/sitsesp-nota-de-lamentacao\/#primaryimage"},"thumbnailUrl":"https:\/\/www.sitsesp.org.br\/novo\/wp-content\/uploads\/2021\/11\/WhatsApp-Image-2021-11-01-at-09.59.00.jpeg","articleSection":["Noticias"],"inLanguage":"pt-BR","potentialAction":[{"@type":"CommentAction","name":"Comment","target":["https:\/\/www.sitsesp.org.br\/novo\/sitsesp-nota-de-lamentacao\/#respond"]}]},{"@type":"WebPage","@id":"https:\/\/www.sitsesp.org.br\/novo\/sitsesp-nota-de-lamentacao\/","url":"https:\/\/www.sitsesp.org.br\/novo\/sitsesp-nota-de-lamentacao\/","name":"SITSESP - NOTA DE LAMENTA\u00c7\u00c3O - SITSESP","isPartOf":{"@id":"https:\/\/www.sitsesp.org.br\/novo\/#website"},"primaryImageOfPage":{"@id":"https:\/\/www.sitsesp.org.br\/novo\/sitsesp-nota-de-lamentacao\/#primaryimage"},"image":{"@id":"https:\/\/www.sitsesp.org.br\/novo\/sitsesp-nota-de-lamentacao\/#primaryimage"},"thumbnailUrl":"https:\/\/www.sitsesp.org.br\/novo\/wp-content\/uploads\/2021\/11\/WhatsApp-Image-2021-11-01-at-09.59.00.jpeg","datePublished":"2021-11-01T13:04:58+00:00","dateModified":"2021-11-01T13:05:54+00:00","description":"O SITSESP - Sindicato da socioeduca\u00e7\u00e3o no Estado de S\u00e3o Paulo, vem por meio desta, lamentar o grave acidente que vitimou 10 Bombeiros Civis na zona rural de Altin\u00f3polis","breadcrumb":{"@id":"https:\/\/www.sitsesp.org.br\/novo\/sitsesp-nota-de-lamentacao\/#breadcrumb"},"inLanguage":"pt-BR","potentialAction":[{"@type":"ReadAction","target":["https:\/\/www.sitsesp.org.br\/novo\/sitsesp-nota-de-lamentacao\/"]}]},{"@type":"ImageObject","inLanguage":"pt-BR","@id":"https:\/\/www.sitsesp.org.br\/novo\/sitsesp-nota-de-lamentacao\/#primaryimage","url":"https:\/\/www.sitsesp.org.br\/novo\/wp-content\/uploads\/2021\/11\/WhatsApp-Image-2021-11-01-at-09.59.00.jpeg","contentUrl":"https:\/\/www.sitsesp.org.br\/novo\/wp-content\/uploads\/2021\/11\/WhatsApp-Image-2021-11-01-at-09.59.00.jpeg","width":400,"height":400},{"@type":"BreadcrumbList","@id":"https:\/\/www.sitsesp.org.br\/novo\/sitsesp-nota-de-lamentacao\/#breadcrumb","itemListElement":[{"@type":"ListItem","position":1,"name":"In\u00edcio","item":"https:\/\/www.sitsesp.org.br\/novo\/"},{"@type":"ListItem","position":2,"name":"SITSESP &#8211; NOTA DE LAMENTA\u00c7\u00c3O"}]},{"@type":"WebSite","@id":"https:\/\/www.sitsesp.org.br\/novo\/#website","url":"https:\/\/www.sitsesp.org.br\/novo\/","name":"Sitsesp","description":"SIndicato da Socioeduca\u00e7\u00e3o do Estado de S\u00e3o Paulo","publisher":{"@id":"https:\/\/www.sitsesp.org.br\/novo\/#organization"},"potentialAction":[{"@type":"SearchAction","target":{"@type":"EntryPoint","urlTemplate":"https:\/\/www.sitsesp.org.br\/novo\/?s={search_term_string}"},"query-input":"required name=search_term_string"}],"inLanguage":"pt-BR"},{"@type":"Organization","@id":"https:\/\/www.sitsesp.org.br\/novo\/#organization","name":"Sitsesp","url":"https:\/\/www.sitsesp.org.br\/novo\/","logo":{"@type":"ImageObject","inLanguage":"pt-BR","@id":"https:\/\/www.sitsesp.org.br\/novo\/#\/schema\/logo\/image\/","url":"https:\/\/www.sitsesp.org.br\/novo\/wp-content\/uploads\/2020\/09\/Design-sem-nome-1.jpg","contentUrl":"https:\/\/www.sitsesp.org.br\/novo\/wp-content\/uploads\/2020\/09\/Design-sem-nome-1.jpg","width":300,"height":300,"caption":"Sitsesp"},"image":{"@id":"https:\/\/www.sitsesp.org.br\/novo\/#\/schema\/logo\/image\/"}},{"@type":"Person","@id":"https:\/\/www.sitsesp.org.br\/novo\/#\/schema\/person\/28e42eec160f373e81d0183b3643edbf","name":"imprensa","image":{"@type":"ImageObject","inLanguage":"pt-BR","@id":"https:\/\/www.sitsesp.org.br\/novo\/#\/schema\/person\/image\/","url":"https:\/\/secure.gravatar.com\/avatar\/8d6ccd8d7d52b8959f34154e87d3fa29?s=96&d=mm&r=g","contentUrl":"https:\/\/secure.gravatar.com\/avatar\/8d6ccd8d7d52b8959f34154e87d3fa29?s=96&d=mm&r=g","caption":"imprensa"}}]}},"_links":{"self":[{"href":"https:\/\/www.sitsesp.org.br\/novo\/wp-json\/wp\/v2\/posts\/7481"}],"collection":[{"href":"https:\/\/www.sitsesp.org.br\/novo\/wp-json\/wp\/v2\/posts"}],"about":[{"href":"https:\/\/www.sitsesp.org.br\/novo\/wp-json\/wp\/v2\/types\/post"}],"author":[{"embeddable":true,"href":"https:\/\/www.sitsesp.org.br\/novo\/wp-json\/wp\/v2\/users\/5"}],"replies":[{"embeddable":true,"href":"https:\/\/www.sitsesp.org.br\/novo\/wp-json\/wp\/v2\/comments?post=7481"}],"version-history":[{"count":1,"href":"https:\/\/www.sitsesp.org.br\/novo\/wp-json\/wp\/v2\/posts\/7481\/revisions"}],"predecessor-version":[{"id":7483,"href":"https:\/\/www.sitsesp.org.br\/novo\/wp-json\/wp\/v2\/posts\/7481\/revisions\/7483"}],"wp:featuredmedia":[{"embeddable":true,"href":"https:\/\/www.sitsesp.org.br\/novo\/wp-json\/wp\/v2\/media\/7482"}],"wp:attachment":[{"href":"https:\/\/www.sitsesp.org.br\/novo\/wp-json\/wp\/v2\/media?parent=7481"}],"wp:term":[{"taxonomy":"category","embeddable":true,"href":"https:\/\/www.sitsesp.org.br\/novo\/wp-json\/wp\/v2\/categories?post=7481"},{"taxonomy":"post_tag","embeddable":true,"href":"https:\/\/www.sitsesp.org.br\/novo\/wp-json\/wp\/v2\/tags?post=7481"}],"curies":[{"name":"wp","href":"https:\/\/api.w.org\/{rel}","templated":true}]}}