{"id":7511,"date":"2021-11-09T13:28:42","date_gmt":"2021-11-09T16:28:42","guid":{"rendered":"https:\/\/sitsesp.org.br\/novo\/?p=7511"},"modified":"2021-11-09T13:28:42","modified_gmt":"2021-11-09T16:28:42","slug":"nota-da-imprensa-sitsesp-se-reune-com-correspondente-de-credito-do-banco-itau-em-ribeirao-preto-drn","status":"publish","type":"post","link":"https:\/\/www.sitsesp.org.br\/novo\/nota-da-imprensa-sitsesp-se-reune-com-correspondente-de-credito-do-banco-itau-em-ribeirao-preto-drn\/","title":{"rendered":"NOTA DA IMPRENSA &#8211; SITSESP SE REUNE COM CORRESPONDENTE DE CR\u00c9DITO DO BANCO ITA\u00da EM RIBEIR\u00c3O PRETO \u2013 DRN."},"content":{"rendered":"<p><!-- VideographyWP Plugin Message: Automatic video embedding prevented by plugin options. --><br \/>\nEm uma breve reuni\u00e3o com as correspondentes de cr\u00e9dito do Banco Ita\u00fa, Mirelle e Let\u00edcia no sal\u00e3o 1 na Divis\u00e3o Regional Norte DRN \u2013 Ribeir\u00e3o Preto, o Diretor de Imprensa SITSESP Israel Leal, levou para as representantes do banco algumas d\u00favidas dos servidores.<\/p>\n<ul>\n<li>Modelo do cr\u00e9dito: Consignado para desconto em folha de pagamento do servidor signat\u00e1rio;<\/li>\n<li>Limite de 30% do sal\u00e1rio do servidor;<\/li>\n<li>Parcelas de 02 a 96;<\/li>\n<li>Taxa de juros varia de 1,5% a 1,9%;<\/li>\n<\/ul>\n<p>Ainda dentro dos questionamentos perguntei para as correspondentes do Banco se:<\/p>\n<p><strong>O servidor estiver com restri\u00e7\u00e3o em institui\u00e7\u00e3o banc\u00e1ria ou qualquer outro tipo de restri\u00e7\u00e3o seria poss\u00edvel efetuar a negocia\u00e7\u00e3o, inclusive restri\u00e7\u00e3o com o Banco Ita\u00fa?<\/strong><\/p>\n<p><em>Sim. Tudo depender\u00e1 do tipo de restri\u00e7\u00e3o e da an\u00e1lise de cr\u00e9dito que a mesa de negocia\u00e7\u00e3o de cr\u00e9dito efetuar\u00e1.<\/em><\/p>\n<p><strong>O servidor precisa ser correntista para obter o cr\u00e9dito?<\/strong><\/p>\n<p><em>N\u00e3o precisa ser correntista<\/em><\/p>\n<p><strong>Para a portabilidade do cr\u00e9dito j\u00e1 em andamento com outros bancos, o Ita\u00fa banca a quita\u00e7\u00e3o e passa a cobrar do servidor as parcelas e ainda sobra um dinheiro para quita\u00e7\u00e3o de outras d\u00edvidas?<\/strong><\/p>\n<p><em>Depende do valor da d\u00edvida e se cabe dentro dos 30% do limite em seu sal\u00e1rio as parcelas, por exemplo: se o servidor deve ao banco X, o valor da quita\u00e7\u00e3o do cr\u00e9dito R$ 10.000,00 e o Ita\u00fa analisa que ele pode receber R$ 30.000,00 em cr\u00e9dito consignado pois, est\u00e1 dentro do limite de 30%, o servidor receber\u00e1 o cr\u00e9dito e o Ita\u00fa ap\u00f3s quitar a portabilidade, lan\u00e7ar\u00e1 R$ 20.000,00 em sua conta para o servidor utilizar da forma que melhor entender.<\/em><\/p>\n<p><strong>Como o servidor deve proceder para fazer a portabilidade de um banco para o Ita\u00fa?<\/strong><\/p>\n<p><em>O servidor deve ir ao banco onde tem sua d\u00edvida e pedir ao gerente que fa\u00e7a uma an\u00e1lise de quita\u00e7\u00e3o da d\u00edvida, levar o documento de quita\u00e7\u00e3o ao Ita\u00fa que far\u00e1 a an\u00e1lise de cr\u00e9dito consignado.<\/em><\/p>\n<p><strong>Este tipo de cr\u00e9dito \u00e9 s\u00f3 para os servidores da Funda\u00e7\u00e3o CASA desta Regional ou para todo o estado de S\u00e3o Paulo?<\/strong><\/p>\n<p><em>Para todos os servidores no estado de S\u00e3o Paulo que est\u00e3o em folha de pagamento ativos na institui\u00e7\u00e3o Funda\u00e7\u00e3o CASA.<\/em><\/p>\n<p>Depois de exposta as principais d\u00favidas dos servidores, as representantes do Banco Ita\u00fa se puseram a disposi\u00e7\u00e3o dos servidores em suas ag\u00eancias que estar\u00e3o sempre de portas abertas para recebe-los.<\/p>\n<p>O SITSESP est\u00e1 no aguardo que outras institui\u00e7\u00f5es banc\u00e1rias se juntem ao Banco Ita\u00fa para facilitar a vida e os interesses do servidor, bem como, Bradesco, Santander e CEF. Assim que tivermos informa\u00e7\u00f5es, estaremos comunicando a todos os servidores e filiados do SITSESP atrav\u00e9s de nota de imprensa.<\/p>\n<p>&nbsp;<\/p>\n<p><strong>O SITSESP \u00c9 DE TODOS, PARA TODOS, TRABALHANDO COM TODOS \u2013 SEJA UM FILIADO SITSESP E PARTICIPE DA LUTA!<\/strong><\/p>\n","protected":false},"excerpt":{"rendered":"<p>Em uma breve reuni\u00e3o com as correspondentes de cr\u00e9dito do Banco Ita\u00fa, Mirelle e Let\u00edcia no sal\u00e3o 1 na Divis\u00e3o Regional&hellip;<\/p>\n","protected":false},"author":5,"featured_media":7512,"comment_status":"open","ping_status":"open","sticky":false,"template":"","format":"standard","meta":{"cybocfi_hide_featured_image":"","footnotes":""},"categories":[27,22],"tags":[],"yoast_head":"<!-- This site is optimized with the Yoast SEO plugin v22.8 - https:\/\/yoast.com\/wordpress\/plugins\/seo\/ -->\n<title>NOTA DA IMPRENSA - SITSESP SE REUNE COM CORRESPONDENTE DE CR\u00c9DITO DO BANCO ITA\u00da EM RIBEIR\u00c3O PRETO \u2013 DRN. - SITSESP<\/title>\n<meta name=\"description\" content=\"Em uma breve reuni\u00e3o com as correspondentes de cr\u00e9dito do Banco Ita\u00fa, Mirelle e Let\u00edcia no sal\u00e3o 1 na Divis\u00e3o Regional Norte DRN \u2013 Ribeir\u00e3o Preto, o Diretor de Imprensa SITSESP Israel Leal, levou para as representantes do banco algumas d\u00favidas dos servidores.\" \/>\n<meta name=\"robots\" content=\"index, follow, max-snippet:-1, max-image-preview:large, max-video-preview:-1\" \/>\n<link rel=\"canonical\" href=\"https:\/\/www.sitsesp.org.br\/novo\/nota-da-imprensa-sitsesp-se-reune-com-correspondente-de-credito-do-banco-itau-em-ribeirao-preto-drn\/\" \/>\n<meta property=\"og:locale\" content=\"pt_BR\" \/>\n<meta property=\"og:type\" content=\"article\" \/>\n<meta property=\"og:title\" content=\"NOTA DA IMPRENSA - SITSESP SE REUNE COM CORRESPONDENTE DE CR\u00c9DITO DO BANCO ITA\u00da EM RIBEIR\u00c3O PRETO \u2013 DRN. - SITSESP\" \/>\n<meta property=\"og:description\" content=\"Em uma breve reuni\u00e3o com as correspondentes de cr\u00e9dito do Banco Ita\u00fa, Mirelle e Let\u00edcia no sal\u00e3o 1 na Divis\u00e3o Regional Norte DRN \u2013 Ribeir\u00e3o Preto, o Diretor de Imprensa SITSESP Israel Leal, levou para as representantes do banco algumas d\u00favidas dos servidores.\" \/>\n<meta property=\"og:url\" content=\"https:\/\/www.sitsesp.org.br\/novo\/nota-da-imprensa-sitsesp-se-reune-com-correspondente-de-credito-do-banco-itau-em-ribeirao-preto-drn\/\" \/>\n<meta property=\"og:site_name\" content=\"SITSESP\" \/>\n<meta property=\"article:published_time\" content=\"2021-11-09T16:28:42+00:00\" \/>\n<meta property=\"og:image\" content=\"https:\/\/www.sitsesp.org.br\/novo\/wp-content\/uploads\/2021\/11\/0911b.jpg\" \/>\n\t<meta property=\"og:image:width\" content=\"800\" \/>\n\t<meta property=\"og:image:height\" content=\"800\" \/>\n\t<meta property=\"og:image:type\" content=\"image\/jpeg\" \/>\n<meta name=\"author\" content=\"imprensa\" \/>\n<meta name=\"twitter:card\" content=\"summary_large_image\" \/>\n<meta name=\"twitter:label1\" content=\"Escrito por\" \/>\n\t<meta name=\"twitter:data1\" content=\"imprensa\" \/>\n\t<meta name=\"twitter:label2\" content=\"Est. tempo de leitura\" \/>\n\t<meta name=\"twitter:data2\" content=\"2 minutos\" \/>\n<script type=\"application\/ld+json\" class=\"yoast-schema-graph\">{\"@context\":\"https:\/\/schema.org\",\"@graph\":[{\"@type\":\"Article\",\"@id\":\"https:\/\/www.sitsesp.org.br\/novo\/nota-da-imprensa-sitsesp-se-reune-com-correspondente-de-credito-do-banco-itau-em-ribeirao-preto-drn\/#article\",\"isPartOf\":{\"@id\":\"https:\/\/www.sitsesp.org.br\/novo\/nota-da-imprensa-sitsesp-se-reune-com-correspondente-de-credito-do-banco-itau-em-ribeirao-preto-drn\/\"},\"author\":{\"name\":\"imprensa\",\"@id\":\"https:\/\/www.sitsesp.org.br\/novo\/#\/schema\/person\/28e42eec160f373e81d0183b3643edbf\"},\"headline\":\"NOTA DA IMPRENSA &#8211; SITSESP SE REUNE COM CORRESPONDENTE DE CR\u00c9DITO DO BANCO ITA\u00da EM RIBEIR\u00c3O PRETO \u2013 DRN.\",\"datePublished\":\"2021-11-09T16:28:42+00:00\",\"dateModified\":\"2021-11-09T16:28:42+00:00\",\"mainEntityOfPage\":{\"@id\":\"https:\/\/www.sitsesp.org.br\/novo\/nota-da-imprensa-sitsesp-se-reune-com-correspondente-de-credito-do-banco-itau-em-ribeirao-preto-drn\/\"},\"wordCount\":516,\"commentCount\":0,\"publisher\":{\"@id\":\"https:\/\/www.sitsesp.org.br\/novo\/#organization\"},\"image\":{\"@id\":\"https:\/\/www.sitsesp.org.br\/novo\/nota-da-imprensa-sitsesp-se-reune-com-correspondente-de-credito-do-banco-itau-em-ribeirao-preto-drn\/#primaryimage\"},\"thumbnailUrl\":\"https:\/\/www.sitsesp.org.br\/novo\/wp-content\/uploads\/2021\/11\/0911b.jpg\",\"articleSection\":[\"Destaque\",\"Noticias\"],\"inLanguage\":\"pt-BR\",\"potentialAction\":[{\"@type\":\"CommentAction\",\"name\":\"Comment\",\"target\":[\"https:\/\/www.sitsesp.org.br\/novo\/nota-da-imprensa-sitsesp-se-reune-com-correspondente-de-credito-do-banco-itau-em-ribeirao-preto-drn\/#respond\"]}]},{\"@type\":\"WebPage\",\"@id\":\"https:\/\/www.sitsesp.org.br\/novo\/nota-da-imprensa-sitsesp-se-reune-com-correspondente-de-credito-do-banco-itau-em-ribeirao-preto-drn\/\",\"url\":\"https:\/\/www.sitsesp.org.br\/novo\/nota-da-imprensa-sitsesp-se-reune-com-correspondente-de-credito-do-banco-itau-em-ribeirao-preto-drn\/\",\"name\":\"NOTA DA IMPRENSA - SITSESP SE REUNE COM CORRESPONDENTE DE CR\u00c9DITO DO BANCO ITA\u00da EM RIBEIR\u00c3O PRETO \u2013 DRN. - SITSESP\",\"isPartOf\":{\"@id\":\"https:\/\/www.sitsesp.org.br\/novo\/#website\"},\"primaryImageOfPage\":{\"@id\":\"https:\/\/www.sitsesp.org.br\/novo\/nota-da-imprensa-sitsesp-se-reune-com-correspondente-de-credito-do-banco-itau-em-ribeirao-preto-drn\/#primaryimage\"},\"image\":{\"@id\":\"https:\/\/www.sitsesp.org.br\/novo\/nota-da-imprensa-sitsesp-se-reune-com-correspondente-de-credito-do-banco-itau-em-ribeirao-preto-drn\/#primaryimage\"},\"thumbnailUrl\":\"https:\/\/www.sitsesp.org.br\/novo\/wp-content\/uploads\/2021\/11\/0911b.jpg\",\"datePublished\":\"2021-11-09T16:28:42+00:00\",\"dateModified\":\"2021-11-09T16:28:42+00:00\",\"description\":\"Em uma breve reuni\u00e3o com as correspondentes de cr\u00e9dito do Banco Ita\u00fa, Mirelle e Let\u00edcia no sal\u00e3o 1 na Divis\u00e3o Regional Norte DRN \u2013 Ribeir\u00e3o Preto, o Diretor de Imprensa SITSESP Israel Leal, levou para as representantes do banco algumas d\u00favidas dos servidores.\",\"breadcrumb\":{\"@id\":\"https:\/\/www.sitsesp.org.br\/novo\/nota-da-imprensa-sitsesp-se-reune-com-correspondente-de-credito-do-banco-itau-em-ribeirao-preto-drn\/#breadcrumb\"},\"inLanguage\":\"pt-BR\",\"potentialAction\":[{\"@type\":\"ReadAction\",\"target\":[\"https:\/\/www.sitsesp.org.br\/novo\/nota-da-imprensa-sitsesp-se-reune-com-correspondente-de-credito-do-banco-itau-em-ribeirao-preto-drn\/\"]}]},{\"@type\":\"ImageObject\",\"inLanguage\":\"pt-BR\",\"@id\":\"https:\/\/www.sitsesp.org.br\/novo\/nota-da-imprensa-sitsesp-se-reune-com-correspondente-de-credito-do-banco-itau-em-ribeirao-preto-drn\/#primaryimage\",\"url\":\"https:\/\/www.sitsesp.org.br\/novo\/wp-content\/uploads\/2021\/11\/0911b.jpg\",\"contentUrl\":\"https:\/\/www.sitsesp.org.br\/novo\/wp-content\/uploads\/2021\/11\/0911b.jpg\",\"width\":800,\"height\":800},{\"@type\":\"BreadcrumbList\",\"@id\":\"https:\/\/www.sitsesp.org.br\/novo\/nota-da-imprensa-sitsesp-se-reune-com-correspondente-de-credito-do-banco-itau-em-ribeirao-preto-drn\/#breadcrumb\",\"itemListElement\":[{\"@type\":\"ListItem\",\"position\":1,\"name\":\"In\u00edcio\",\"item\":\"https:\/\/www.sitsesp.org.br\/novo\/\"},{\"@type\":\"ListItem\",\"position\":2,\"name\":\"NOTA DA IMPRENSA &#8211; SITSESP SE REUNE COM CORRESPONDENTE DE CR\u00c9DITO DO BANCO ITA\u00da EM RIBEIR\u00c3O PRETO \u2013 DRN.\"}]},{\"@type\":\"WebSite\",\"@id\":\"https:\/\/www.sitsesp.org.br\/novo\/#website\",\"url\":\"https:\/\/www.sitsesp.org.br\/novo\/\",\"name\":\"Sitsesp\",\"description\":\"SIndicato da Socioeduca\u00e7\u00e3o do Estado de S\u00e3o Paulo\",\"publisher\":{\"@id\":\"https:\/\/www.sitsesp.org.br\/novo\/#organization\"},\"potentialAction\":[{\"@type\":\"SearchAction\",\"target\":{\"@type\":\"EntryPoint\",\"urlTemplate\":\"https:\/\/www.sitsesp.org.br\/novo\/?s={search_term_string}\"},\"query-input\":\"required name=search_term_string\"}],\"inLanguage\":\"pt-BR\"},{\"@type\":\"Organization\",\"@id\":\"https:\/\/www.sitsesp.org.br\/novo\/#organization\",\"name\":\"Sitsesp\",\"url\":\"https:\/\/www.sitsesp.org.br\/novo\/\",\"logo\":{\"@type\":\"ImageObject\",\"inLanguage\":\"pt-BR\",\"@id\":\"https:\/\/www.sitsesp.org.br\/novo\/#\/schema\/logo\/image\/\",\"url\":\"https:\/\/www.sitsesp.org.br\/novo\/wp-content\/uploads\/2020\/09\/Design-sem-nome-1.jpg\",\"contentUrl\":\"https:\/\/www.sitsesp.org.br\/novo\/wp-content\/uploads\/2020\/09\/Design-sem-nome-1.jpg\",\"width\":300,\"height\":300,\"caption\":\"Sitsesp\"},\"image\":{\"@id\":\"https:\/\/www.sitsesp.org.br\/novo\/#\/schema\/logo\/image\/\"}},{\"@type\":\"Person\",\"@id\":\"https:\/\/www.sitsesp.org.br\/novo\/#\/schema\/person\/28e42eec160f373e81d0183b3643edbf\",\"name\":\"imprensa\",\"image\":{\"@type\":\"ImageObject\",\"inLanguage\":\"pt-BR\",\"@id\":\"https:\/\/www.sitsesp.org.br\/novo\/#\/schema\/person\/image\/\",\"url\":\"https:\/\/secure.gravatar.com\/avatar\/8d6ccd8d7d52b8959f34154e87d3fa29?s=96&d=mm&r=g\",\"contentUrl\":\"https:\/\/secure.gravatar.com\/avatar\/8d6ccd8d7d52b8959f34154e87d3fa29?s=96&d=mm&r=g\",\"caption\":\"imprensa\"}}]}<\/script>\n<!-- \/ Yoast SEO plugin. -->","yoast_head_json":{"title":"NOTA DA IMPRENSA - SITSESP SE REUNE COM CORRESPONDENTE DE CR\u00c9DITO DO BANCO ITA\u00da EM RIBEIR\u00c3O PRETO \u2013 DRN. - SITSESP","description":"Em uma breve reuni\u00e3o com as correspondentes de cr\u00e9dito do Banco Ita\u00fa, Mirelle e Let\u00edcia no sal\u00e3o 1 na Divis\u00e3o Regional Norte DRN \u2013 Ribeir\u00e3o Preto, o Diretor de Imprensa SITSESP Israel Leal, levou para as representantes do banco algumas d\u00favidas dos servidores.","robots":{"index":"index","follow":"follow","max-snippet":"max-snippet:-1","max-image-preview":"max-image-preview:large","max-video-preview":"max-video-preview:-1"},"canonical":"https:\/\/www.sitsesp.org.br\/novo\/nota-da-imprensa-sitsesp-se-reune-com-correspondente-de-credito-do-banco-itau-em-ribeirao-preto-drn\/","og_locale":"pt_BR","og_type":"article","og_title":"NOTA DA IMPRENSA - SITSESP SE REUNE COM CORRESPONDENTE DE CR\u00c9DITO DO BANCO ITA\u00da EM RIBEIR\u00c3O PRETO \u2013 DRN. - SITSESP","og_description":"Em uma breve reuni\u00e3o com as correspondentes de cr\u00e9dito do Banco Ita\u00fa, Mirelle e Let\u00edcia no sal\u00e3o 1 na Divis\u00e3o Regional Norte DRN \u2013 Ribeir\u00e3o Preto, o Diretor de Imprensa SITSESP Israel Leal, levou para as representantes do banco algumas d\u00favidas dos servidores.","og_url":"https:\/\/www.sitsesp.org.br\/novo\/nota-da-imprensa-sitsesp-se-reune-com-correspondente-de-credito-do-banco-itau-em-ribeirao-preto-drn\/","og_site_name":"SITSESP","article_published_time":"2021-11-09T16:28:42+00:00","og_image":[{"width":800,"height":800,"url":"https:\/\/www.sitsesp.org.br\/novo\/wp-content\/uploads\/2021\/11\/0911b.jpg","type":"image\/jpeg"}],"author":"imprensa","twitter_card":"summary_large_image","twitter_misc":{"Escrito por":"imprensa","Est. tempo de leitura":"2 minutos"},"schema":{"@context":"https:\/\/schema.org","@graph":[{"@type":"Article","@id":"https:\/\/www.sitsesp.org.br\/novo\/nota-da-imprensa-sitsesp-se-reune-com-correspondente-de-credito-do-banco-itau-em-ribeirao-preto-drn\/#article","isPartOf":{"@id":"https:\/\/www.sitsesp.org.br\/novo\/nota-da-imprensa-sitsesp-se-reune-com-correspondente-de-credito-do-banco-itau-em-ribeirao-preto-drn\/"},"author":{"name":"imprensa","@id":"https:\/\/www.sitsesp.org.br\/novo\/#\/schema\/person\/28e42eec160f373e81d0183b3643edbf"},"headline":"NOTA DA IMPRENSA &#8211; SITSESP SE REUNE COM CORRESPONDENTE DE CR\u00c9DITO DO BANCO ITA\u00da EM RIBEIR\u00c3O PRETO \u2013 DRN.","datePublished":"2021-11-09T16:28:42+00:00","dateModified":"2021-11-09T16:28:42+00:00","mainEntityOfPage":{"@id":"https:\/\/www.sitsesp.org.br\/novo\/nota-da-imprensa-sitsesp-se-reune-com-correspondente-de-credito-do-banco-itau-em-ribeirao-preto-drn\/"},"wordCount":516,"commentCount":0,"publisher":{"@id":"https:\/\/www.sitsesp.org.br\/novo\/#organization"},"image":{"@id":"https:\/\/www.sitsesp.org.br\/novo\/nota-da-imprensa-sitsesp-se-reune-com-correspondente-de-credito-do-banco-itau-em-ribeirao-preto-drn\/#primaryimage"},"thumbnailUrl":"https:\/\/www.sitsesp.org.br\/novo\/wp-content\/uploads\/2021\/11\/0911b.jpg","articleSection":["Destaque","Noticias"],"inLanguage":"pt-BR","potentialAction":[{"@type":"CommentAction","name":"Comment","target":["https:\/\/www.sitsesp.org.br\/novo\/nota-da-imprensa-sitsesp-se-reune-com-correspondente-de-credito-do-banco-itau-em-ribeirao-preto-drn\/#respond"]}]},{"@type":"WebPage","@id":"https:\/\/www.sitsesp.org.br\/novo\/nota-da-imprensa-sitsesp-se-reune-com-correspondente-de-credito-do-banco-itau-em-ribeirao-preto-drn\/","url":"https:\/\/www.sitsesp.org.br\/novo\/nota-da-imprensa-sitsesp-se-reune-com-correspondente-de-credito-do-banco-itau-em-ribeirao-preto-drn\/","name":"NOTA DA IMPRENSA - SITSESP SE REUNE COM CORRESPONDENTE DE CR\u00c9DITO DO BANCO ITA\u00da EM RIBEIR\u00c3O PRETO \u2013 DRN. - SITSESP","isPartOf":{"@id":"https:\/\/www.sitsesp.org.br\/novo\/#website"},"primaryImageOfPage":{"@id":"https:\/\/www.sitsesp.org.br\/novo\/nota-da-imprensa-sitsesp-se-reune-com-correspondente-de-credito-do-banco-itau-em-ribeirao-preto-drn\/#primaryimage"},"image":{"@id":"https:\/\/www.sitsesp.org.br\/novo\/nota-da-imprensa-sitsesp-se-reune-com-correspondente-de-credito-do-banco-itau-em-ribeirao-preto-drn\/#primaryimage"},"thumbnailUrl":"https:\/\/www.sitsesp.org.br\/novo\/wp-content\/uploads\/2021\/11\/0911b.jpg","datePublished":"2021-11-09T16:28:42+00:00","dateModified":"2021-11-09T16:28:42+00:00","description":"Em uma breve reuni\u00e3o com as correspondentes de cr\u00e9dito do Banco Ita\u00fa, Mirelle e Let\u00edcia no sal\u00e3o 1 na Divis\u00e3o Regional Norte DRN \u2013 Ribeir\u00e3o Preto, o Diretor de Imprensa SITSESP Israel Leal, levou para as representantes do banco algumas d\u00favidas dos servidores.","breadcrumb":{"@id":"https:\/\/www.sitsesp.org.br\/novo\/nota-da-imprensa-sitsesp-se-reune-com-correspondente-de-credito-do-banco-itau-em-ribeirao-preto-drn\/#breadcrumb"},"inLanguage":"pt-BR","potentialAction":[{"@type":"ReadAction","target":["https:\/\/www.sitsesp.org.br\/novo\/nota-da-imprensa-sitsesp-se-reune-com-correspondente-de-credito-do-banco-itau-em-ribeirao-preto-drn\/"]}]},{"@type":"ImageObject","inLanguage":"pt-BR","@id":"https:\/\/www.sitsesp.org.br\/novo\/nota-da-imprensa-sitsesp-se-reune-com-correspondente-de-credito-do-banco-itau-em-ribeirao-preto-drn\/#primaryimage","url":"https:\/\/www.sitsesp.org.br\/novo\/wp-content\/uploads\/2021\/11\/0911b.jpg","contentUrl":"https:\/\/www.sitsesp.org.br\/novo\/wp-content\/uploads\/2021\/11\/0911b.jpg","width":800,"height":800},{"@type":"BreadcrumbList","@id":"https:\/\/www.sitsesp.org.br\/novo\/nota-da-imprensa-sitsesp-se-reune-com-correspondente-de-credito-do-banco-itau-em-ribeirao-preto-drn\/#breadcrumb","itemListElement":[{"@type":"ListItem","position":1,"name":"In\u00edcio","item":"https:\/\/www.sitsesp.org.br\/novo\/"},{"@type":"ListItem","position":2,"name":"NOTA DA IMPRENSA &#8211; SITSESP SE REUNE COM CORRESPONDENTE DE CR\u00c9DITO DO BANCO ITA\u00da EM RIBEIR\u00c3O PRETO \u2013 DRN."}]},{"@type":"WebSite","@id":"https:\/\/www.sitsesp.org.br\/novo\/#website","url":"https:\/\/www.sitsesp.org.br\/novo\/","name":"Sitsesp","description":"SIndicato da Socioeduca\u00e7\u00e3o do Estado de S\u00e3o Paulo","publisher":{"@id":"https:\/\/www.sitsesp.org.br\/novo\/#organization"},"potentialAction":[{"@type":"SearchAction","target":{"@type":"EntryPoint","urlTemplate":"https:\/\/www.sitsesp.org.br\/novo\/?s={search_term_string}"},"query-input":"required name=search_term_string"}],"inLanguage":"pt-BR"},{"@type":"Organization","@id":"https:\/\/www.sitsesp.org.br\/novo\/#organization","name":"Sitsesp","url":"https:\/\/www.sitsesp.org.br\/novo\/","logo":{"@type":"ImageObject","inLanguage":"pt-BR","@id":"https:\/\/www.sitsesp.org.br\/novo\/#\/schema\/logo\/image\/","url":"https:\/\/www.sitsesp.org.br\/novo\/wp-content\/uploads\/2020\/09\/Design-sem-nome-1.jpg","contentUrl":"https:\/\/www.sitsesp.org.br\/novo\/wp-content\/uploads\/2020\/09\/Design-sem-nome-1.jpg","width":300,"height":300,"caption":"Sitsesp"},"image":{"@id":"https:\/\/www.sitsesp.org.br\/novo\/#\/schema\/logo\/image\/"}},{"@type":"Person","@id":"https:\/\/www.sitsesp.org.br\/novo\/#\/schema\/person\/28e42eec160f373e81d0183b3643edbf","name":"imprensa","image":{"@type":"ImageObject","inLanguage":"pt-BR","@id":"https:\/\/www.sitsesp.org.br\/novo\/#\/schema\/person\/image\/","url":"https:\/\/secure.gravatar.com\/avatar\/8d6ccd8d7d52b8959f34154e87d3fa29?s=96&d=mm&r=g","contentUrl":"https:\/\/secure.gravatar.com\/avatar\/8d6ccd8d7d52b8959f34154e87d3fa29?s=96&d=mm&r=g","caption":"imprensa"}}]}},"_links":{"self":[{"href":"https:\/\/www.sitsesp.org.br\/novo\/wp-json\/wp\/v2\/posts\/7511"}],"collection":[{"href":"https:\/\/www.sitsesp.org.br\/novo\/wp-json\/wp\/v2\/posts"}],"about":[{"href":"https:\/\/www.sitsesp.org.br\/novo\/wp-json\/wp\/v2\/types\/post"}],"author":[{"embeddable":true,"href":"https:\/\/www.sitsesp.org.br\/novo\/wp-json\/wp\/v2\/users\/5"}],"replies":[{"embeddable":true,"href":"https:\/\/www.sitsesp.org.br\/novo\/wp-json\/wp\/v2\/comments?post=7511"}],"version-history":[{"count":1,"href":"https:\/\/www.sitsesp.org.br\/novo\/wp-json\/wp\/v2\/posts\/7511\/revisions"}],"predecessor-version":[{"id":7513,"href":"https:\/\/www.sitsesp.org.br\/novo\/wp-json\/wp\/v2\/posts\/7511\/revisions\/7513"}],"wp:featuredmedia":[{"embeddable":true,"href":"https:\/\/www.sitsesp.org.br\/novo\/wp-json\/wp\/v2\/media\/7512"}],"wp:attachment":[{"href":"https:\/\/www.sitsesp.org.br\/novo\/wp-json\/wp\/v2\/media?parent=7511"}],"wp:term":[{"taxonomy":"category","embeddable":true,"href":"https:\/\/www.sitsesp.org.br\/novo\/wp-json\/wp\/v2\/categories?post=7511"},{"taxonomy":"post_tag","embeddable":true,"href":"https:\/\/www.sitsesp.org.br\/novo\/wp-json\/wp\/v2\/tags?post=7511"}],"curies":[{"name":"wp","href":"https:\/\/api.w.org\/{rel}","templated":true}]}}