{"id":7514,"date":"2021-11-10T10:14:43","date_gmt":"2021-11-10T13:14:43","guid":{"rendered":"https:\/\/sitsesp.org.br\/novo\/?p=7514"},"modified":"2021-11-10T11:11:38","modified_gmt":"2021-11-10T14:11:38","slug":"ato-dos-servidores-socioeducativos-do-estado-de-sao-paulo-em-frente-a-sede-da-fundacao-casa-exigindo-o-fim-da-pn-367","status":"publish","type":"post","link":"https:\/\/www.sitsesp.org.br\/novo\/ato-dos-servidores-socioeducativos-do-estado-de-sao-paulo-em-frente-a-sede-da-fundacao-casa-exigindo-o-fim-da-pn-367\/","title":{"rendered":"Ato dos servidores socioeducativos do estado de S\u00e3o Paulo, em frente \u00e0 sede da Funda\u00e7\u00e3o CASA, exigindo o fim da PN 367"},"content":{"rendered":"<p><!-- VideographyWP Plugin Message: Automatic video embedding prevented by plugin options. --><br \/>\nAcontecendo agora | Ato dos servidores socioeducativos do estado de S\u00e3o Paulo, em frente \u00e0 sede da Funda\u00e7\u00e3o CASA, exigindo o fim da PN 367.<\/p>\n<p>Os servidores est\u00e3o sofrendo com as transfer\u00eancias de local de trabalho, transfer\u00eancias que v\u00eam de forma autorit\u00e1ria por parte da administra\u00e7\u00e3o da institui\u00e7\u00e3o. Os servidores querem ficar perto de suas fam\u00edlias!<\/p>\n<p>Basta de autoritarismo! Basta de desrespeito e desvaloriza\u00e7\u00e3o! Basta de Fernando Jos\u00e9! #PN367N\u00e3o<\/p>\n<div id=\"penci-post-gallery__62431\" class=\"penci-post-gallery-container justified column-3\" data-height=\"150\" data-margin=\"3\"><a class=\"item-gallery-justified\" href=\"https:\/\/www.sitsesp.org.br\/novo\/wp-content\/uploads\/2021\/11\/WhatsApp-Image-2021-11-10-at-09.49.29.jpeg\"><img decoding=\"async\" src=\"https:\/\/www.sitsesp.org.br\/novo\/wp-content\/uploads\/2021\/11\/WhatsApp-Image-2021-11-10-at-09.49.29-585x329.jpeg\" alt=\"\" title=\"WhatsApp Image 2021-11-10 at 09.49.29\"><\/a><a class=\"item-gallery-justified\" href=\"https:\/\/www.sitsesp.org.br\/novo\/wp-content\/uploads\/2021\/11\/WhatsApp-Image-2021-11-10-at-09.50.00.jpeg\"><img decoding=\"async\" src=\"https:\/\/www.sitsesp.org.br\/novo\/wp-content\/uploads\/2021\/11\/WhatsApp-Image-2021-11-10-at-09.50.00-585x329.jpeg\" alt=\"\" title=\"WhatsApp Image 2021-11-10 at 09.50.00\"><\/a><a class=\"item-gallery-justified\" href=\"https:\/\/www.sitsesp.org.br\/novo\/wp-content\/uploads\/2021\/11\/WhatsApp-Image-2021-11-10-at-09.50.52.jpeg\"><img decoding=\"async\" src=\"https:\/\/www.sitsesp.org.br\/novo\/wp-content\/uploads\/2021\/11\/WhatsApp-Image-2021-11-10-at-09.50.52-585x329.jpeg\" alt=\"\" title=\"WhatsApp Image 2021-11-10 at 09.50.52\"><\/a><a class=\"item-gallery-justified\" href=\"https:\/\/www.sitsesp.org.br\/novo\/wp-content\/uploads\/2021\/11\/WhatsApp-Image-2021-11-10-at-09.53.13.jpeg\"><img decoding=\"async\" src=\"https:\/\/www.sitsesp.org.br\/novo\/wp-content\/uploads\/2021\/11\/WhatsApp-Image-2021-11-10-at-09.53.13-585x329.jpeg\" alt=\"\" title=\"WhatsApp Image 2021-11-10 at 09.53.13\"><\/a><a class=\"item-gallery-justified\" href=\"https:\/\/www.sitsesp.org.br\/novo\/wp-content\/uploads\/2021\/11\/WhatsApp-Image-2021-11-10-at-10.44.53.jpeg\"><img decoding=\"async\" src=\"https:\/\/www.sitsesp.org.br\/novo\/wp-content\/uploads\/2021\/11\/WhatsApp-Image-2021-11-10-at-10.44.53-585x439.jpeg\" alt=\"\" title=\"WhatsApp Image 2021-11-10 at 10.44.53\"><\/a><a class=\"item-gallery-justified\" href=\"https:\/\/www.sitsesp.org.br\/novo\/wp-content\/uploads\/2021\/11\/WhatsApp-Image-2021-11-10-at-10.44.51.jpeg\"><img decoding=\"async\" src=\"https:\/\/www.sitsesp.org.br\/novo\/wp-content\/uploads\/2021\/11\/WhatsApp-Image-2021-11-10-at-10.44.51-585x276.jpeg\" alt=\"\" title=\"WhatsApp Image 2021-11-10 at 10.44.51\"><\/a><a class=\"item-gallery-justified\" href=\"https:\/\/www.sitsesp.org.br\/novo\/wp-content\/uploads\/2021\/11\/WhatsApp-Image-2021-11-10-at-10.44.50.jpeg\"><img decoding=\"async\" src=\"https:\/\/www.sitsesp.org.br\/novo\/wp-content\/uploads\/2021\/11\/WhatsApp-Image-2021-11-10-at-10.44.50-585x276.jpeg\" alt=\"\" title=\"WhatsApp Image 2021-11-10 at 10.44.50\"><\/a><a class=\"item-gallery-justified\" href=\"https:\/\/www.sitsesp.org.br\/novo\/wp-content\/uploads\/2021\/11\/WhatsApp-Image-2021-11-10-at-10.44.49.jpeg\"><img decoding=\"async\" src=\"https:\/\/www.sitsesp.org.br\/novo\/wp-content\/uploads\/2021\/11\/WhatsApp-Image-2021-11-10-at-10.44.49-585x276.jpeg\" alt=\"\" title=\"WhatsApp Image 2021-11-10 at 10.44.49\"><\/a><a class=\"item-gallery-justified\" href=\"https:\/\/www.sitsesp.org.br\/novo\/wp-content\/uploads\/2021\/11\/WhatsApp-Image-2021-11-10-at-10.44.45-1.jpeg\"><img decoding=\"async\" src=\"https:\/\/www.sitsesp.org.br\/novo\/wp-content\/uploads\/2021\/11\/WhatsApp-Image-2021-11-10-at-10.44.45-1.jpeg\" alt=\"\" title=\"WhatsApp Image 2021-11-10 at 10.44.45 (1)\"><\/a><a class=\"item-gallery-justified\" href=\"https:\/\/www.sitsesp.org.br\/novo\/wp-content\/uploads\/2021\/11\/WhatsApp-Image-2021-11-10-at-10.44.45.jpeg\"><img decoding=\"async\" src=\"https:\/\/www.sitsesp.org.br\/novo\/wp-content\/uploads\/2021\/11\/WhatsApp-Image-2021-11-10-at-10.44.45-585x276.jpeg\" alt=\"\" title=\"WhatsApp Image 2021-11-10 at 10.44.45\"><\/a><a class=\"item-gallery-justified\" href=\"https:\/\/www.sitsesp.org.br\/novo\/wp-content\/uploads\/2021\/11\/WhatsApp-Image-2021-11-10-at-10.44.44.jpeg\"><img decoding=\"async\" src=\"https:\/\/www.sitsesp.org.br\/novo\/wp-content\/uploads\/2021\/11\/WhatsApp-Image-2021-11-10-at-10.44.44-585x439.jpeg\" alt=\"\" title=\"WhatsApp Image 2021-11-10 at 10.44.44\"><\/a><a class=\"item-gallery-justified\" href=\"https:\/\/www.sitsesp.org.br\/novo\/wp-content\/uploads\/2021\/11\/WhatsApp-Image-2021-11-10-at-10.44.43-1.jpeg\"><img decoding=\"async\" src=\"https:\/\/www.sitsesp.org.br\/novo\/wp-content\/uploads\/2021\/11\/WhatsApp-Image-2021-11-10-at-10.44.43-1-585x276.jpeg\" alt=\"\" title=\"WhatsApp Image 2021-11-10 at 10.44.43 (1)\"><\/a><a class=\"item-gallery-justified\" href=\"https:\/\/www.sitsesp.org.br\/novo\/wp-content\/uploads\/2021\/11\/WhatsApp-Image-2021-11-10-at-10.44.43.jpeg\"><img decoding=\"async\" src=\"https:\/\/www.sitsesp.org.br\/novo\/wp-content\/uploads\/2021\/11\/WhatsApp-Image-2021-11-10-at-10.44.43-585x276.jpeg\" alt=\"\" title=\"WhatsApp Image 2021-11-10 at 10.44.43\"><\/a><a class=\"item-gallery-justified\" href=\"https:\/\/www.sitsesp.org.br\/novo\/wp-content\/uploads\/2021\/11\/WhatsApp-Image-2021-11-10-at-10.44.41.jpeg\"><img decoding=\"async\" src=\"https:\/\/www.sitsesp.org.br\/novo\/wp-content\/uploads\/2021\/11\/WhatsApp-Image-2021-11-10-at-10.44.41-585x276.jpeg\" alt=\"\" title=\"WhatsApp Image 2021-11-10 at 10.44.41\"><\/a><\/div>\n","protected":false},"excerpt":{"rendered":"<p>Acontecendo agora | Ato dos servidores socioeducativos do estado de S\u00e3o Paulo, em frente \u00e0 sede da Funda\u00e7\u00e3o CASA, exigindo o&hellip;<\/p>\n","protected":false},"author":5,"featured_media":7518,"comment_status":"open","ping_status":"open","sticky":false,"template":"","format":"standard","meta":{"cybocfi_hide_featured_image":"","footnotes":""},"categories":[27,22],"tags":[45,65],"yoast_head":"<!-- This site is optimized with the Yoast SEO plugin v22.8 - https:\/\/yoast.com\/wordpress\/plugins\/seo\/ -->\n<title>Ato dos servidores socioeducativos do estado de S\u00e3o Paulo, em frente \u00e0 sede da Funda\u00e7\u00e3o CASA, exigindo o fim da PN 367 - SITSESP<\/title>\n<meta name=\"description\" content=\"Os servidores est\u00e3o sofrendo com as transfer\u00eancias de local de trabalho, transfer\u00eancias que v\u00eam de forma autorit\u00e1ria por parte da administra\u00e7\u00e3o da institui\u00e7\u00e3o. Os servidores querem ficar perto de suas fam\u00edlias!\" \/>\n<meta name=\"robots\" content=\"index, follow, max-snippet:-1, max-image-preview:large, max-video-preview:-1\" \/>\n<link rel=\"canonical\" href=\"https:\/\/www.sitsesp.org.br\/novo\/ato-dos-servidores-socioeducativos-do-estado-de-sao-paulo-em-frente-a-sede-da-fundacao-casa-exigindo-o-fim-da-pn-367\/\" \/>\n<meta property=\"og:locale\" content=\"pt_BR\" \/>\n<meta property=\"og:type\" content=\"article\" \/>\n<meta property=\"og:title\" content=\"Ato dos servidores socioeducativos do estado de S\u00e3o Paulo, em frente \u00e0 sede da Funda\u00e7\u00e3o CASA, exigindo o fim da PN 367 - SITSESP\" \/>\n<meta property=\"og:description\" content=\"Os servidores est\u00e3o sofrendo com as transfer\u00eancias de local de trabalho, transfer\u00eancias que v\u00eam de forma autorit\u00e1ria por parte da administra\u00e7\u00e3o da institui\u00e7\u00e3o. Os servidores querem ficar perto de suas fam\u00edlias!\" \/>\n<meta property=\"og:url\" content=\"https:\/\/www.sitsesp.org.br\/novo\/ato-dos-servidores-socioeducativos-do-estado-de-sao-paulo-em-frente-a-sede-da-fundacao-casa-exigindo-o-fim-da-pn-367\/\" \/>\n<meta property=\"og:site_name\" content=\"SITSESP\" \/>\n<meta property=\"article:published_time\" content=\"2021-11-10T13:14:43+00:00\" \/>\n<meta property=\"article:modified_time\" content=\"2021-11-10T14:11:38+00:00\" \/>\n<meta property=\"og:image\" content=\"https:\/\/www.sitsesp.org.br\/novo\/wp-content\/uploads\/2021\/11\/WhatsApp-Image-2021-11-10-at-09.49.29.jpeg\" \/>\n\t<meta property=\"og:image:width\" content=\"800\" \/>\n\t<meta property=\"og:image:height\" content=\"450\" \/>\n\t<meta property=\"og:image:type\" content=\"image\/jpeg\" \/>\n<meta name=\"author\" content=\"imprensa\" \/>\n<meta name=\"twitter:card\" content=\"summary_large_image\" \/>\n<meta name=\"twitter:label1\" content=\"Escrito por\" \/>\n\t<meta name=\"twitter:data1\" content=\"imprensa\" \/>\n\t<meta name=\"twitter:label2\" content=\"Est. tempo de leitura\" \/>\n\t<meta name=\"twitter:data2\" content=\"1 minuto\" \/>\n<script type=\"application\/ld+json\" class=\"yoast-schema-graph\">{\"@context\":\"https:\/\/schema.org\",\"@graph\":[{\"@type\":\"Article\",\"@id\":\"https:\/\/www.sitsesp.org.br\/novo\/ato-dos-servidores-socioeducativos-do-estado-de-sao-paulo-em-frente-a-sede-da-fundacao-casa-exigindo-o-fim-da-pn-367\/#article\",\"isPartOf\":{\"@id\":\"https:\/\/www.sitsesp.org.br\/novo\/ato-dos-servidores-socioeducativos-do-estado-de-sao-paulo-em-frente-a-sede-da-fundacao-casa-exigindo-o-fim-da-pn-367\/\"},\"author\":{\"name\":\"imprensa\",\"@id\":\"https:\/\/www.sitsesp.org.br\/novo\/#\/schema\/person\/28e42eec160f373e81d0183b3643edbf\"},\"headline\":\"Ato dos servidores socioeducativos do estado de S\u00e3o Paulo, em frente \u00e0 sede da Funda\u00e7\u00e3o CASA, exigindo o fim da PN 367\",\"datePublished\":\"2021-11-10T13:14:43+00:00\",\"dateModified\":\"2021-11-10T14:11:38+00:00\",\"mainEntityOfPage\":{\"@id\":\"https:\/\/www.sitsesp.org.br\/novo\/ato-dos-servidores-socioeducativos-do-estado-de-sao-paulo-em-frente-a-sede-da-fundacao-casa-exigindo-o-fim-da-pn-367\/\"},\"wordCount\":103,\"commentCount\":0,\"publisher\":{\"@id\":\"https:\/\/www.sitsesp.org.br\/novo\/#organization\"},\"image\":{\"@id\":\"https:\/\/www.sitsesp.org.br\/novo\/ato-dos-servidores-socioeducativos-do-estado-de-sao-paulo-em-frente-a-sede-da-fundacao-casa-exigindo-o-fim-da-pn-367\/#primaryimage\"},\"thumbnailUrl\":\"https:\/\/www.sitsesp.org.br\/novo\/wp-content\/uploads\/2021\/11\/WhatsApp-Image-2021-11-10-at-09.49.29.jpeg\",\"keywords\":[\"2021\",\"pn367n\u00e3o\"],\"articleSection\":[\"Destaque\",\"Noticias\"],\"inLanguage\":\"pt-BR\",\"potentialAction\":[{\"@type\":\"CommentAction\",\"name\":\"Comment\",\"target\":[\"https:\/\/www.sitsesp.org.br\/novo\/ato-dos-servidores-socioeducativos-do-estado-de-sao-paulo-em-frente-a-sede-da-fundacao-casa-exigindo-o-fim-da-pn-367\/#respond\"]}]},{\"@type\":\"WebPage\",\"@id\":\"https:\/\/www.sitsesp.org.br\/novo\/ato-dos-servidores-socioeducativos-do-estado-de-sao-paulo-em-frente-a-sede-da-fundacao-casa-exigindo-o-fim-da-pn-367\/\",\"url\":\"https:\/\/www.sitsesp.org.br\/novo\/ato-dos-servidores-socioeducativos-do-estado-de-sao-paulo-em-frente-a-sede-da-fundacao-casa-exigindo-o-fim-da-pn-367\/\",\"name\":\"Ato dos servidores socioeducativos do estado de S\u00e3o Paulo, em frente \u00e0 sede da Funda\u00e7\u00e3o CASA, exigindo o fim da PN 367 - SITSESP\",\"isPartOf\":{\"@id\":\"https:\/\/www.sitsesp.org.br\/novo\/#website\"},\"primaryImageOfPage\":{\"@id\":\"https:\/\/www.sitsesp.org.br\/novo\/ato-dos-servidores-socioeducativos-do-estado-de-sao-paulo-em-frente-a-sede-da-fundacao-casa-exigindo-o-fim-da-pn-367\/#primaryimage\"},\"image\":{\"@id\":\"https:\/\/www.sitsesp.org.br\/novo\/ato-dos-servidores-socioeducativos-do-estado-de-sao-paulo-em-frente-a-sede-da-fundacao-casa-exigindo-o-fim-da-pn-367\/#primaryimage\"},\"thumbnailUrl\":\"https:\/\/www.sitsesp.org.br\/novo\/wp-content\/uploads\/2021\/11\/WhatsApp-Image-2021-11-10-at-09.49.29.jpeg\",\"datePublished\":\"2021-11-10T13:14:43+00:00\",\"dateModified\":\"2021-11-10T14:11:38+00:00\",\"description\":\"Os servidores est\u00e3o sofrendo com as transfer\u00eancias de local de trabalho, transfer\u00eancias que v\u00eam de forma autorit\u00e1ria por parte da administra\u00e7\u00e3o da institui\u00e7\u00e3o. Os servidores querem ficar perto de suas fam\u00edlias!\",\"breadcrumb\":{\"@id\":\"https:\/\/www.sitsesp.org.br\/novo\/ato-dos-servidores-socioeducativos-do-estado-de-sao-paulo-em-frente-a-sede-da-fundacao-casa-exigindo-o-fim-da-pn-367\/#breadcrumb\"},\"inLanguage\":\"pt-BR\",\"potentialAction\":[{\"@type\":\"ReadAction\",\"target\":[\"https:\/\/www.sitsesp.org.br\/novo\/ato-dos-servidores-socioeducativos-do-estado-de-sao-paulo-em-frente-a-sede-da-fundacao-casa-exigindo-o-fim-da-pn-367\/\"]}]},{\"@type\":\"ImageObject\",\"inLanguage\":\"pt-BR\",\"@id\":\"https:\/\/www.sitsesp.org.br\/novo\/ato-dos-servidores-socioeducativos-do-estado-de-sao-paulo-em-frente-a-sede-da-fundacao-casa-exigindo-o-fim-da-pn-367\/#primaryimage\",\"url\":\"https:\/\/www.sitsesp.org.br\/novo\/wp-content\/uploads\/2021\/11\/WhatsApp-Image-2021-11-10-at-09.49.29.jpeg\",\"contentUrl\":\"https:\/\/www.sitsesp.org.br\/novo\/wp-content\/uploads\/2021\/11\/WhatsApp-Image-2021-11-10-at-09.49.29.jpeg\",\"width\":800,\"height\":450},{\"@type\":\"BreadcrumbList\",\"@id\":\"https:\/\/www.sitsesp.org.br\/novo\/ato-dos-servidores-socioeducativos-do-estado-de-sao-paulo-em-frente-a-sede-da-fundacao-casa-exigindo-o-fim-da-pn-367\/#breadcrumb\",\"itemListElement\":[{\"@type\":\"ListItem\",\"position\":1,\"name\":\"In\u00edcio\",\"item\":\"https:\/\/www.sitsesp.org.br\/novo\/\"},{\"@type\":\"ListItem\",\"position\":2,\"name\":\"Ato dos servidores socioeducativos do estado de S\u00e3o Paulo, em frente \u00e0 sede da Funda\u00e7\u00e3o CASA, exigindo o fim da PN 367\"}]},{\"@type\":\"WebSite\",\"@id\":\"https:\/\/www.sitsesp.org.br\/novo\/#website\",\"url\":\"https:\/\/www.sitsesp.org.br\/novo\/\",\"name\":\"Sitsesp\",\"description\":\"SIndicato da Socioeduca\u00e7\u00e3o do Estado de S\u00e3o Paulo\",\"publisher\":{\"@id\":\"https:\/\/www.sitsesp.org.br\/novo\/#organization\"},\"potentialAction\":[{\"@type\":\"SearchAction\",\"target\":{\"@type\":\"EntryPoint\",\"urlTemplate\":\"https:\/\/www.sitsesp.org.br\/novo\/?s={search_term_string}\"},\"query-input\":\"required name=search_term_string\"}],\"inLanguage\":\"pt-BR\"},{\"@type\":\"Organization\",\"@id\":\"https:\/\/www.sitsesp.org.br\/novo\/#organization\",\"name\":\"Sitsesp\",\"url\":\"https:\/\/www.sitsesp.org.br\/novo\/\",\"logo\":{\"@type\":\"ImageObject\",\"inLanguage\":\"pt-BR\",\"@id\":\"https:\/\/www.sitsesp.org.br\/novo\/#\/schema\/logo\/image\/\",\"url\":\"https:\/\/www.sitsesp.org.br\/novo\/wp-content\/uploads\/2020\/09\/Design-sem-nome-1.jpg\",\"contentUrl\":\"https:\/\/www.sitsesp.org.br\/novo\/wp-content\/uploads\/2020\/09\/Design-sem-nome-1.jpg\",\"width\":300,\"height\":300,\"caption\":\"Sitsesp\"},\"image\":{\"@id\":\"https:\/\/www.sitsesp.org.br\/novo\/#\/schema\/logo\/image\/\"}},{\"@type\":\"Person\",\"@id\":\"https:\/\/www.sitsesp.org.br\/novo\/#\/schema\/person\/28e42eec160f373e81d0183b3643edbf\",\"name\":\"imprensa\",\"image\":{\"@type\":\"ImageObject\",\"inLanguage\":\"pt-BR\",\"@id\":\"https:\/\/www.sitsesp.org.br\/novo\/#\/schema\/person\/image\/\",\"url\":\"https:\/\/secure.gravatar.com\/avatar\/8d6ccd8d7d52b8959f34154e87d3fa29?s=96&d=mm&r=g\",\"contentUrl\":\"https:\/\/secure.gravatar.com\/avatar\/8d6ccd8d7d52b8959f34154e87d3fa29?s=96&d=mm&r=g\",\"caption\":\"imprensa\"}}]}<\/script>\n<!-- \/ Yoast SEO plugin. -->","yoast_head_json":{"title":"Ato dos servidores socioeducativos do estado de S\u00e3o Paulo, em frente \u00e0 sede da Funda\u00e7\u00e3o CASA, exigindo o fim da PN 367 - SITSESP","description":"Os servidores est\u00e3o sofrendo com as transfer\u00eancias de local de trabalho, transfer\u00eancias que v\u00eam de forma autorit\u00e1ria por parte da administra\u00e7\u00e3o da institui\u00e7\u00e3o. Os servidores querem ficar perto de suas fam\u00edlias!","robots":{"index":"index","follow":"follow","max-snippet":"max-snippet:-1","max-image-preview":"max-image-preview:large","max-video-preview":"max-video-preview:-1"},"canonical":"https:\/\/www.sitsesp.org.br\/novo\/ato-dos-servidores-socioeducativos-do-estado-de-sao-paulo-em-frente-a-sede-da-fundacao-casa-exigindo-o-fim-da-pn-367\/","og_locale":"pt_BR","og_type":"article","og_title":"Ato dos servidores socioeducativos do estado de S\u00e3o Paulo, em frente \u00e0 sede da Funda\u00e7\u00e3o CASA, exigindo o fim da PN 367 - SITSESP","og_description":"Os servidores est\u00e3o sofrendo com as transfer\u00eancias de local de trabalho, transfer\u00eancias que v\u00eam de forma autorit\u00e1ria por parte da administra\u00e7\u00e3o da institui\u00e7\u00e3o. Os servidores querem ficar perto de suas fam\u00edlias!","og_url":"https:\/\/www.sitsesp.org.br\/novo\/ato-dos-servidores-socioeducativos-do-estado-de-sao-paulo-em-frente-a-sede-da-fundacao-casa-exigindo-o-fim-da-pn-367\/","og_site_name":"SITSESP","article_published_time":"2021-11-10T13:14:43+00:00","article_modified_time":"2021-11-10T14:11:38+00:00","og_image":[{"width":800,"height":450,"url":"https:\/\/www.sitsesp.org.br\/novo\/wp-content\/uploads\/2021\/11\/WhatsApp-Image-2021-11-10-at-09.49.29.jpeg","type":"image\/jpeg"}],"author":"imprensa","twitter_card":"summary_large_image","twitter_misc":{"Escrito por":"imprensa","Est. tempo de leitura":"1 minuto"},"schema":{"@context":"https:\/\/schema.org","@graph":[{"@type":"Article","@id":"https:\/\/www.sitsesp.org.br\/novo\/ato-dos-servidores-socioeducativos-do-estado-de-sao-paulo-em-frente-a-sede-da-fundacao-casa-exigindo-o-fim-da-pn-367\/#article","isPartOf":{"@id":"https:\/\/www.sitsesp.org.br\/novo\/ato-dos-servidores-socioeducativos-do-estado-de-sao-paulo-em-frente-a-sede-da-fundacao-casa-exigindo-o-fim-da-pn-367\/"},"author":{"name":"imprensa","@id":"https:\/\/www.sitsesp.org.br\/novo\/#\/schema\/person\/28e42eec160f373e81d0183b3643edbf"},"headline":"Ato dos servidores socioeducativos do estado de S\u00e3o Paulo, em frente \u00e0 sede da Funda\u00e7\u00e3o CASA, exigindo o fim da PN 367","datePublished":"2021-11-10T13:14:43+00:00","dateModified":"2021-11-10T14:11:38+00:00","mainEntityOfPage":{"@id":"https:\/\/www.sitsesp.org.br\/novo\/ato-dos-servidores-socioeducativos-do-estado-de-sao-paulo-em-frente-a-sede-da-fundacao-casa-exigindo-o-fim-da-pn-367\/"},"wordCount":103,"commentCount":0,"publisher":{"@id":"https:\/\/www.sitsesp.org.br\/novo\/#organization"},"image":{"@id":"https:\/\/www.sitsesp.org.br\/novo\/ato-dos-servidores-socioeducativos-do-estado-de-sao-paulo-em-frente-a-sede-da-fundacao-casa-exigindo-o-fim-da-pn-367\/#primaryimage"},"thumbnailUrl":"https:\/\/www.sitsesp.org.br\/novo\/wp-content\/uploads\/2021\/11\/WhatsApp-Image-2021-11-10-at-09.49.29.jpeg","keywords":["2021","pn367n\u00e3o"],"articleSection":["Destaque","Noticias"],"inLanguage":"pt-BR","potentialAction":[{"@type":"CommentAction","name":"Comment","target":["https:\/\/www.sitsesp.org.br\/novo\/ato-dos-servidores-socioeducativos-do-estado-de-sao-paulo-em-frente-a-sede-da-fundacao-casa-exigindo-o-fim-da-pn-367\/#respond"]}]},{"@type":"WebPage","@id":"https:\/\/www.sitsesp.org.br\/novo\/ato-dos-servidores-socioeducativos-do-estado-de-sao-paulo-em-frente-a-sede-da-fundacao-casa-exigindo-o-fim-da-pn-367\/","url":"https:\/\/www.sitsesp.org.br\/novo\/ato-dos-servidores-socioeducativos-do-estado-de-sao-paulo-em-frente-a-sede-da-fundacao-casa-exigindo-o-fim-da-pn-367\/","name":"Ato dos servidores socioeducativos do estado de S\u00e3o Paulo, em frente \u00e0 sede da Funda\u00e7\u00e3o CASA, exigindo o fim da PN 367 - SITSESP","isPartOf":{"@id":"https:\/\/www.sitsesp.org.br\/novo\/#website"},"primaryImageOfPage":{"@id":"https:\/\/www.sitsesp.org.br\/novo\/ato-dos-servidores-socioeducativos-do-estado-de-sao-paulo-em-frente-a-sede-da-fundacao-casa-exigindo-o-fim-da-pn-367\/#primaryimage"},"image":{"@id":"https:\/\/www.sitsesp.org.br\/novo\/ato-dos-servidores-socioeducativos-do-estado-de-sao-paulo-em-frente-a-sede-da-fundacao-casa-exigindo-o-fim-da-pn-367\/#primaryimage"},"thumbnailUrl":"https:\/\/www.sitsesp.org.br\/novo\/wp-content\/uploads\/2021\/11\/WhatsApp-Image-2021-11-10-at-09.49.29.jpeg","datePublished":"2021-11-10T13:14:43+00:00","dateModified":"2021-11-10T14:11:38+00:00","description":"Os servidores est\u00e3o sofrendo com as transfer\u00eancias de local de trabalho, transfer\u00eancias que v\u00eam de forma autorit\u00e1ria por parte da administra\u00e7\u00e3o da institui\u00e7\u00e3o. Os servidores querem ficar perto de suas fam\u00edlias!","breadcrumb":{"@id":"https:\/\/www.sitsesp.org.br\/novo\/ato-dos-servidores-socioeducativos-do-estado-de-sao-paulo-em-frente-a-sede-da-fundacao-casa-exigindo-o-fim-da-pn-367\/#breadcrumb"},"inLanguage":"pt-BR","potentialAction":[{"@type":"ReadAction","target":["https:\/\/www.sitsesp.org.br\/novo\/ato-dos-servidores-socioeducativos-do-estado-de-sao-paulo-em-frente-a-sede-da-fundacao-casa-exigindo-o-fim-da-pn-367\/"]}]},{"@type":"ImageObject","inLanguage":"pt-BR","@id":"https:\/\/www.sitsesp.org.br\/novo\/ato-dos-servidores-socioeducativos-do-estado-de-sao-paulo-em-frente-a-sede-da-fundacao-casa-exigindo-o-fim-da-pn-367\/#primaryimage","url":"https:\/\/www.sitsesp.org.br\/novo\/wp-content\/uploads\/2021\/11\/WhatsApp-Image-2021-11-10-at-09.49.29.jpeg","contentUrl":"https:\/\/www.sitsesp.org.br\/novo\/wp-content\/uploads\/2021\/11\/WhatsApp-Image-2021-11-10-at-09.49.29.jpeg","width":800,"height":450},{"@type":"BreadcrumbList","@id":"https:\/\/www.sitsesp.org.br\/novo\/ato-dos-servidores-socioeducativos-do-estado-de-sao-paulo-em-frente-a-sede-da-fundacao-casa-exigindo-o-fim-da-pn-367\/#breadcrumb","itemListElement":[{"@type":"ListItem","position":1,"name":"In\u00edcio","item":"https:\/\/www.sitsesp.org.br\/novo\/"},{"@type":"ListItem","position":2,"name":"Ato dos servidores socioeducativos do estado de S\u00e3o Paulo, em frente \u00e0 sede da Funda\u00e7\u00e3o CASA, exigindo o fim da PN 367"}]},{"@type":"WebSite","@id":"https:\/\/www.sitsesp.org.br\/novo\/#website","url":"https:\/\/www.sitsesp.org.br\/novo\/","name":"Sitsesp","description":"SIndicato da Socioeduca\u00e7\u00e3o do Estado de S\u00e3o Paulo","publisher":{"@id":"https:\/\/www.sitsesp.org.br\/novo\/#organization"},"potentialAction":[{"@type":"SearchAction","target":{"@type":"EntryPoint","urlTemplate":"https:\/\/www.sitsesp.org.br\/novo\/?s={search_term_string}"},"query-input":"required name=search_term_string"}],"inLanguage":"pt-BR"},{"@type":"Organization","@id":"https:\/\/www.sitsesp.org.br\/novo\/#organization","name":"Sitsesp","url":"https:\/\/www.sitsesp.org.br\/novo\/","logo":{"@type":"ImageObject","inLanguage":"pt-BR","@id":"https:\/\/www.sitsesp.org.br\/novo\/#\/schema\/logo\/image\/","url":"https:\/\/www.sitsesp.org.br\/novo\/wp-content\/uploads\/2020\/09\/Design-sem-nome-1.jpg","contentUrl":"https:\/\/www.sitsesp.org.br\/novo\/wp-content\/uploads\/2020\/09\/Design-sem-nome-1.jpg","width":300,"height":300,"caption":"Sitsesp"},"image":{"@id":"https:\/\/www.sitsesp.org.br\/novo\/#\/schema\/logo\/image\/"}},{"@type":"Person","@id":"https:\/\/www.sitsesp.org.br\/novo\/#\/schema\/person\/28e42eec160f373e81d0183b3643edbf","name":"imprensa","image":{"@type":"ImageObject","inLanguage":"pt-BR","@id":"https:\/\/www.sitsesp.org.br\/novo\/#\/schema\/person\/image\/","url":"https:\/\/secure.gravatar.com\/avatar\/8d6ccd8d7d52b8959f34154e87d3fa29?s=96&d=mm&r=g","contentUrl":"https:\/\/secure.gravatar.com\/avatar\/8d6ccd8d7d52b8959f34154e87d3fa29?s=96&d=mm&r=g","caption":"imprensa"}}]}},"_links":{"self":[{"href":"https:\/\/www.sitsesp.org.br\/novo\/wp-json\/wp\/v2\/posts\/7514"}],"collection":[{"href":"https:\/\/www.sitsesp.org.br\/novo\/wp-json\/wp\/v2\/posts"}],"about":[{"href":"https:\/\/www.sitsesp.org.br\/novo\/wp-json\/wp\/v2\/types\/post"}],"author":[{"embeddable":true,"href":"https:\/\/www.sitsesp.org.br\/novo\/wp-json\/wp\/v2\/users\/5"}],"replies":[{"embeddable":true,"href":"https:\/\/www.sitsesp.org.br\/novo\/wp-json\/wp\/v2\/comments?post=7514"}],"version-history":[{"count":3,"href":"https:\/\/www.sitsesp.org.br\/novo\/wp-json\/wp\/v2\/posts\/7514\/revisions"}],"predecessor-version":[{"id":7532,"href":"https:\/\/www.sitsesp.org.br\/novo\/wp-json\/wp\/v2\/posts\/7514\/revisions\/7532"}],"wp:featuredmedia":[{"embeddable":true,"href":"https:\/\/www.sitsesp.org.br\/novo\/wp-json\/wp\/v2\/media\/7518"}],"wp:attachment":[{"href":"https:\/\/www.sitsesp.org.br\/novo\/wp-json\/wp\/v2\/media?parent=7514"}],"wp:term":[{"taxonomy":"category","embeddable":true,"href":"https:\/\/www.sitsesp.org.br\/novo\/wp-json\/wp\/v2\/categories?post=7514"},{"taxonomy":"post_tag","embeddable":true,"href":"https:\/\/www.sitsesp.org.br\/novo\/wp-json\/wp\/v2\/tags?post=7514"}],"curies":[{"name":"wp","href":"https:\/\/api.w.org\/{rel}","templated":true}]}}