{"id":7793,"date":"2021-12-16T10:24:43","date_gmt":"2021-12-16T13:24:43","guid":{"rendered":"https:\/\/sitsesp.org.br\/novo\/?p=7793"},"modified":"2021-12-16T10:34:55","modified_gmt":"2021-12-16T13:34:55","slug":"sitsesp-apoio-e-luta-unidos-somos-mais-fortes","status":"publish","type":"post","link":"https:\/\/www.sitsesp.org.br\/novo\/sitsesp-apoio-e-luta-unidos-somos-mais-fortes\/","title":{"rendered":"SITSESP \u2013 APOIO E LUTA \u2013 UNIDOS SOMOS MAIS FORTES"},"content":{"rendered":"<p><!-- VideographyWP Plugin Message: Automatic video embedding prevented by plugin options. --><br \/>\nV\u00e1rias entidades representando trabalhadores do setor de seguran\u00e7a do estado de S\u00e3o Paulo estiveram nessa quarta-feira (15) no P\u00e1tio do Col\u00e9gio e Secretaria de Seguran\u00e7a P\u00fablica para cobrar do governo reposi\u00e7\u00e3o salarial que h\u00e1 muito est\u00e1 defasada.<\/p>\n<p>A manifesta\u00e7\u00e3o contou com a presen\u00e7a do SITSESP, representado pela presidente Claudia Maria, diretores e delegados sindicais da entidade que representa os socioeducadores no estado.<\/p>\n<p>Estiveram apoiando a manifesta\u00e7\u00e3o representantes da classe pol\u00edtica estadual e federal, como os assessores do deputado federal Capit\u00e3o Derrite, o deputado federal Coronel Tadeu, o deputado estadual Major Mecca e tamb\u00e9m v\u00e1rios representantes sindicais, como o presidente F\u00e1bio Jab\u00e1 do sistema prisional \u2013 SIFUSPESP, que tamb\u00e9m \u00e9 Agente de Seguran\u00e7a Penitenci\u00e1ria.<\/p>\n<p>O sistema socioeducativo, juntamente com demais setores da seguran\u00e7a p\u00fablica, est\u00e1 agonizando desde 2015 com seus sal\u00e1rios completamente congelados e desde 2019 que nem mesmo o repasse da infla\u00e7\u00e3o anual n\u00f3s temos. O governador Jo\u00e3o D\u00f3ria e seus comandados vieram para arrochar e exterminar o servi\u00e7o p\u00fablico, trazendo com eles o total abandono e descaso com a seguran\u00e7a p\u00fablica em todos os seus seguimentos. S\u00e3o trabalhadores adoecendo, passando fome, morrendo tanto por doen\u00e7as, como em combate ao sofisticado crime \u201corganizado\u201d.<\/p>\n<p>As promessas de campanha deste governador de transformar a seguran\u00e7a p\u00fablica na \u201cmais equipada e bem paga em toda a federa\u00e7\u00e3o\u201d n\u00e3o passou de engodo para ganhar as elei\u00e7\u00f5es, a realidade que estamos vendo \u00e9 outra totalmente contr\u00e1ria as suas promessas, uma pol\u00edcia sucateada, sistema prisional e socioeducativo deteriorado com o descaso do governo, sal\u00e1rios minguados com a excessiva alta da infla\u00e7\u00e3o. Enquanto isso os alt\u00edssimos gastos que este governo vem realizando com \u201cmimos\u201d para tentar enganar os servidores, como meia d\u00fazia de viaturas, c\u00e2meras, televis\u00f5es de \u00faltima gera\u00e7\u00e3o, tabletes, etc. Mas de concreto para o trabalhador do servi\u00e7o p\u00fablico sobreviver, nada! S\u00f3 vemos retirada de direitos e benef\u00edcios, arroxo salarial e terrorismo seguido de amea\u00e7as de demiss\u00e3o.<\/p>\n<p>Esta manifesta\u00e7\u00e3o foi a \u00faltima desse ano, mas o in\u00edcio de v\u00e1rias que ser\u00e3o feitas ao longo do ano de 2022, UNIDOS SOMOS MAIS FORTES!<\/p>\n<p>O SITSESP, representado por seus diretores e delegados, seguiu at\u00e9 o final da manifesta\u00e7\u00e3o debaixo de muita chuva, demostrando a responsabilidade e garra que a gest\u00e3o Reconstru\u00e7\u00e3o e Luta vem realizando junto a categoria Socioeducativa.<\/p>\n<p>Veja galeria de fotos no site e redes sociais do SITSESP.<\/p>\n<div id=\"penci-post-gallery__78106\" class=\"penci-post-gallery-container justified column-3\" data-height=\"150\" data-margin=\"3\"><a class=\"item-gallery-justified\" href=\"https:\/\/www.sitsesp.org.br\/novo\/wp-content\/uploads\/2021\/12\/WhatsApp-Image-2021-12-16-at-09.41.22-1.jpeg\" data-cap=\"Policial militar passando necessidades...\"><img decoding=\"async\" src=\"https:\/\/www.sitsesp.org.br\/novo\/wp-content\/uploads\/2021\/12\/WhatsApp-Image-2021-12-16-at-09.41.22-1-585x780.jpeg\" alt=\"\" title=\"WhatsApp Image 2021-12-16 at 09.41.22 (1)\"><div class=\"caption\">Policial militar passando necessidades...<\/div><\/a><a class=\"item-gallery-justified\" href=\"https:\/\/www.sitsesp.org.br\/novo\/wp-content\/uploads\/2021\/12\/WhatsApp-Image-2021-12-16-at-09.41.50.jpeg\" data-cap=\"Enfrente a Secret\u00e1ria da Seguran\u00e7a P\u00fablica.\"><img decoding=\"async\" src=\"https:\/\/www.sitsesp.org.br\/novo\/wp-content\/uploads\/2021\/12\/WhatsApp-Image-2021-12-16-at-09.41.50-585x439.jpeg\" alt=\"\" title=\"WhatsApp Image 2021-12-16 at 09.41.50\"><div class=\"caption\">Enfrente a Secret\u00e1ria da Seguran\u00e7a P\u00fablica.<\/div><\/a><a class=\"item-gallery-justified\" href=\"https:\/\/www.sitsesp.org.br\/novo\/wp-content\/uploads\/2021\/12\/WhatsApp-Image-2021-12-16-at-09.42.19.jpeg\" data-cap=\"Ficamos at\u00e9 o fim, at\u00e9 debaixo de chuva a gest\u00e3o permaneceu firme.\"><img decoding=\"async\" src=\"https:\/\/www.sitsesp.org.br\/novo\/wp-content\/uploads\/2021\/12\/WhatsApp-Image-2021-12-16-at-09.42.19-585x439.jpeg\" alt=\"\" title=\"WhatsApp Image 2021-12-16 at 09.42.19\"><div class=\"caption\">Ficamos at\u00e9 o fim, at\u00e9 debaixo de chuva a gest\u00e3o permaneceu firme.<\/div><\/a><a class=\"item-gallery-justified\" href=\"https:\/\/www.sitsesp.org.br\/novo\/wp-content\/uploads\/2021\/12\/WhatsApp-Image-2021-12-16-at-09.42.59.jpeg\" data-cap=\"Assessores do Deputado Federal Capit\u00e3o Derrite\"><img decoding=\"async\" src=\"https:\/\/www.sitsesp.org.br\/novo\/wp-content\/uploads\/2021\/12\/WhatsApp-Image-2021-12-16-at-09.42.59-585x439.jpeg\" alt=\"\" title=\"WhatsApp Image 2021-12-16 at 09.42.59\"><div class=\"caption\">Assessores do Deputado Federal Capit\u00e3o Derrite<\/div><\/a><a class=\"item-gallery-justified\" href=\"https:\/\/www.sitsesp.org.br\/novo\/wp-content\/uploads\/2021\/12\/WhatsApp-Image-2021-12-16-at-09.44.19.jpeg\"><img decoding=\"async\" src=\"https:\/\/www.sitsesp.org.br\/novo\/wp-content\/uploads\/2021\/12\/WhatsApp-Image-2021-12-16-at-09.44.19-585x439.jpeg\" alt=\"\" title=\"WhatsApp Image 2021-12-16 at 09.44.19\"><\/a><a class=\"item-gallery-justified\" href=\"https:\/\/www.sitsesp.org.br\/novo\/wp-content\/uploads\/2021\/12\/WhatsApp-Image-2021-12-16-at-09.44.19-1.jpeg\"><img decoding=\"async\" src=\"https:\/\/www.sitsesp.org.br\/novo\/wp-content\/uploads\/2021\/12\/WhatsApp-Image-2021-12-16-at-09.44.19-1-585x439.jpeg\" alt=\"\" title=\"WhatsApp Image 2021-12-16 at 09.44.19 (1)\"><\/a><a class=\"item-gallery-justified\" href=\"https:\/\/www.sitsesp.org.br\/novo\/wp-content\/uploads\/2021\/12\/WhatsApp-Image-2021-12-16-at-09.44.18.jpeg\"><img decoding=\"async\" src=\"https:\/\/www.sitsesp.org.br\/novo\/wp-content\/uploads\/2021\/12\/WhatsApp-Image-2021-12-16-at-09.44.18-585x439.jpeg\" alt=\"\" title=\"WhatsApp Image 2021-12-16 at 09.44.18\"><\/a><a class=\"item-gallery-justified\" href=\"https:\/\/www.sitsesp.org.br\/novo\/wp-content\/uploads\/2021\/12\/WhatsApp-Image-2021-12-16-at-09.44.18-4.jpeg\"><img decoding=\"async\" src=\"https:\/\/www.sitsesp.org.br\/novo\/wp-content\/uploads\/2021\/12\/WhatsApp-Image-2021-12-16-at-09.44.18-4-585x439.jpeg\" alt=\"\" title=\"WhatsApp Image 2021-12-16 at 09.44.18 (4)\"><\/a><a class=\"item-gallery-justified\" href=\"https:\/\/www.sitsesp.org.br\/novo\/wp-content\/uploads\/2021\/12\/WhatsApp-Image-2021-12-16-at-09.44.18-3.jpeg\"><img decoding=\"async\" src=\"https:\/\/www.sitsesp.org.br\/novo\/wp-content\/uploads\/2021\/12\/WhatsApp-Image-2021-12-16-at-09.44.18-3-585x439.jpeg\" alt=\"\" title=\"WhatsApp Image 2021-12-16 at 09.44.18 (3)\"><\/a><a class=\"item-gallery-justified\" href=\"https:\/\/www.sitsesp.org.br\/novo\/wp-content\/uploads\/2021\/12\/WhatsApp-Image-2021-12-16-at-09.44.18-2.jpeg\"><img decoding=\"async\" src=\"https:\/\/www.sitsesp.org.br\/novo\/wp-content\/uploads\/2021\/12\/WhatsApp-Image-2021-12-16-at-09.44.18-2-585x439.jpeg\" alt=\"\" title=\"WhatsApp Image 2021-12-16 at 09.44.18 (2)\"><\/a><a class=\"item-gallery-justified\" href=\"https:\/\/www.sitsesp.org.br\/novo\/wp-content\/uploads\/2021\/12\/WhatsApp-Image-2021-12-16-at-09.44.18-1.jpeg\"><img decoding=\"async\" src=\"https:\/\/www.sitsesp.org.br\/novo\/wp-content\/uploads\/2021\/12\/WhatsApp-Image-2021-12-16-at-09.44.18-1-585x439.jpeg\" alt=\"\" title=\"WhatsApp Image 2021-12-16 at 09.44.18 (1)\"><\/a><a class=\"item-gallery-justified\" href=\"https:\/\/www.sitsesp.org.br\/novo\/wp-content\/uploads\/2021\/12\/WhatsApp-Image-2021-12-16-at-09.44.17-5.jpeg\"><img decoding=\"async\" src=\"https:\/\/www.sitsesp.org.br\/novo\/wp-content\/uploads\/2021\/12\/WhatsApp-Image-2021-12-16-at-09.44.17-5-585x439.jpeg\" alt=\"\" title=\"WhatsApp Image 2021-12-16 at 09.44.17\"><\/a><a class=\"item-gallery-justified\" href=\"https:\/\/www.sitsesp.org.br\/novo\/wp-content\/uploads\/2021\/12\/WhatsApp-Image-2021-12-16-at-09.44.17-4.jpeg\"><img decoding=\"async\" src=\"https:\/\/www.sitsesp.org.br\/novo\/wp-content\/uploads\/2021\/12\/WhatsApp-Image-2021-12-16-at-09.44.17-4-585x780.jpeg\" alt=\"\" title=\"WhatsApp Image 2021-12-16 at 09.44.17 (4)\"><\/a><a class=\"item-gallery-justified\" href=\"https:\/\/www.sitsesp.org.br\/novo\/wp-content\/uploads\/2021\/12\/WhatsApp-Image-2021-12-16-at-09.44.17-3.jpeg\"><img decoding=\"async\" src=\"https:\/\/www.sitsesp.org.br\/novo\/wp-content\/uploads\/2021\/12\/WhatsApp-Image-2021-12-16-at-09.44.17-3-585x439.jpeg\" alt=\"\" title=\"WhatsApp Image 2021-12-16 at 09.44.17 (3)\"><\/a><a class=\"item-gallery-justified\" href=\"https:\/\/www.sitsesp.org.br\/novo\/wp-content\/uploads\/2021\/12\/WhatsApp-Image-2021-12-16-at-09.44.17-2.jpeg\"><img decoding=\"async\" src=\"https:\/\/www.sitsesp.org.br\/novo\/wp-content\/uploads\/2021\/12\/WhatsApp-Image-2021-12-16-at-09.44.17-2-585x439.jpeg\" alt=\"\" title=\"WhatsApp Image 2021-12-16 at 09.44.17 (2)\"><\/a><a class=\"item-gallery-justified\" href=\"https:\/\/www.sitsesp.org.br\/novo\/wp-content\/uploads\/2021\/12\/WhatsApp-Image-2021-12-16-at-09.44.16-2.jpeg\"><img decoding=\"async\" src=\"https:\/\/www.sitsesp.org.br\/novo\/wp-content\/uploads\/2021\/12\/WhatsApp-Image-2021-12-16-at-09.44.16-2-585x276.jpeg\" alt=\"\" title=\"WhatsApp Image 2021-12-16 at 09.44.16 (2)\"><\/a><a class=\"item-gallery-justified\" href=\"https:\/\/www.sitsesp.org.br\/novo\/wp-content\/uploads\/2021\/12\/WhatsApp-Image-2021-12-16-at-09.44.16-1.jpeg\"><img decoding=\"async\" src=\"https:\/\/www.sitsesp.org.br\/novo\/wp-content\/uploads\/2021\/12\/WhatsApp-Image-2021-12-16-at-09.44.16-1.jpeg\" alt=\"\" title=\"WhatsApp Image 2021-12-16 at 09.44.16 (1)\"><\/a><a class=\"item-gallery-justified\" href=\"https:\/\/www.sitsesp.org.br\/novo\/wp-content\/uploads\/2021\/12\/WhatsApp-Image-2021-12-16-at-09.44.17.jpeg\"><img decoding=\"async\" src=\"https:\/\/www.sitsesp.org.br\/novo\/wp-content\/uploads\/2021\/12\/WhatsApp-Image-2021-12-16-at-09.44.17-585x780.jpeg\" alt=\"\" title=\"WhatsApp Image 2021-12-16 at 09.44.17\"><\/a><\/div>\n<p>&nbsp;<\/p>\n<p>&nbsp;<\/p>\n","protected":false},"excerpt":{"rendered":"<p>V\u00e1rias entidades representando trabalhadores do setor de seguran\u00e7a do estado de S\u00e3o Paulo estiveram nessa quarta-feira (15) no P\u00e1tio do Col\u00e9gio&hellip;<\/p>\n","protected":false},"author":5,"featured_media":7794,"comment_status":"open","ping_status":"open","sticky":false,"template":"","format":"standard","meta":{"cybocfi_hide_featured_image":"","footnotes":""},"categories":[27,22],"tags":[],"yoast_head":"<!-- This site is optimized with the Yoast SEO plugin v22.8 - https:\/\/yoast.com\/wordpress\/plugins\/seo\/ -->\n<title>SITSESP \u2013 APOIO E LUTA \u2013 UNIDOS SOMOS MAIS FORTES - SITSESP<\/title>\n<meta name=\"robots\" content=\"index, follow, max-snippet:-1, max-image-preview:large, max-video-preview:-1\" \/>\n<link rel=\"canonical\" href=\"https:\/\/www.sitsesp.org.br\/novo\/sitsesp-apoio-e-luta-unidos-somos-mais-fortes\/\" \/>\n<meta property=\"og:locale\" content=\"pt_BR\" \/>\n<meta property=\"og:type\" content=\"article\" \/>\n<meta property=\"og:title\" content=\"SITSESP \u2013 APOIO E LUTA \u2013 UNIDOS SOMOS MAIS FORTES - SITSESP\" \/>\n<meta property=\"og:description\" content=\"V\u00e1rias entidades representando trabalhadores do setor de seguran\u00e7a do estado de S\u00e3o Paulo estiveram nessa quarta-feira (15) no P\u00e1tio do Col\u00e9gio&hellip;\" \/>\n<meta property=\"og:url\" content=\"https:\/\/www.sitsesp.org.br\/novo\/sitsesp-apoio-e-luta-unidos-somos-mais-fortes\/\" \/>\n<meta property=\"og:site_name\" content=\"SITSESP\" \/>\n<meta property=\"article:published_time\" content=\"2021-12-16T13:24:43+00:00\" \/>\n<meta property=\"article:modified_time\" content=\"2021-12-16T13:34:55+00:00\" \/>\n<meta property=\"og:image\" content=\"https:\/\/www.sitsesp.org.br\/novo\/wp-content\/uploads\/2021\/12\/WhatsApp-Image-2021-12-16-at-09.44.17.jpeg\" \/>\n\t<meta property=\"og:image:width\" content=\"600\" \/>\n\t<meta property=\"og:image:height\" content=\"800\" \/>\n\t<meta property=\"og:image:type\" content=\"image\/jpeg\" \/>\n<meta name=\"author\" content=\"imprensa\" \/>\n<meta name=\"twitter:card\" content=\"summary_large_image\" \/>\n<meta name=\"twitter:label1\" content=\"Escrito por\" \/>\n\t<meta name=\"twitter:data1\" content=\"imprensa\" \/>\n\t<meta name=\"twitter:label2\" content=\"Est. tempo de leitura\" \/>\n\t<meta name=\"twitter:data2\" content=\"2 minutos\" \/>\n<script type=\"application\/ld+json\" class=\"yoast-schema-graph\">{\"@context\":\"https:\/\/schema.org\",\"@graph\":[{\"@type\":\"Article\",\"@id\":\"https:\/\/www.sitsesp.org.br\/novo\/sitsesp-apoio-e-luta-unidos-somos-mais-fortes\/#article\",\"isPartOf\":{\"@id\":\"https:\/\/www.sitsesp.org.br\/novo\/sitsesp-apoio-e-luta-unidos-somos-mais-fortes\/\"},\"author\":{\"name\":\"imprensa\",\"@id\":\"https:\/\/www.sitsesp.org.br\/novo\/#\/schema\/person\/28e42eec160f373e81d0183b3643edbf\"},\"headline\":\"SITSESP \u2013 APOIO E LUTA \u2013 UNIDOS SOMOS MAIS FORTES\",\"datePublished\":\"2021-12-16T13:24:43+00:00\",\"dateModified\":\"2021-12-16T13:34:55+00:00\",\"mainEntityOfPage\":{\"@id\":\"https:\/\/www.sitsesp.org.br\/novo\/sitsesp-apoio-e-luta-unidos-somos-mais-fortes\/\"},\"wordCount\":445,\"commentCount\":0,\"publisher\":{\"@id\":\"https:\/\/www.sitsesp.org.br\/novo\/#organization\"},\"image\":{\"@id\":\"https:\/\/www.sitsesp.org.br\/novo\/sitsesp-apoio-e-luta-unidos-somos-mais-fortes\/#primaryimage\"},\"thumbnailUrl\":\"https:\/\/www.sitsesp.org.br\/novo\/wp-content\/uploads\/2021\/12\/WhatsApp-Image-2021-12-16-at-09.44.17.jpeg\",\"articleSection\":[\"Destaque\",\"Noticias\"],\"inLanguage\":\"pt-BR\",\"potentialAction\":[{\"@type\":\"CommentAction\",\"name\":\"Comment\",\"target\":[\"https:\/\/www.sitsesp.org.br\/novo\/sitsesp-apoio-e-luta-unidos-somos-mais-fortes\/#respond\"]}]},{\"@type\":\"WebPage\",\"@id\":\"https:\/\/www.sitsesp.org.br\/novo\/sitsesp-apoio-e-luta-unidos-somos-mais-fortes\/\",\"url\":\"https:\/\/www.sitsesp.org.br\/novo\/sitsesp-apoio-e-luta-unidos-somos-mais-fortes\/\",\"name\":\"SITSESP \u2013 APOIO E LUTA \u2013 UNIDOS SOMOS MAIS FORTES - SITSESP\",\"isPartOf\":{\"@id\":\"https:\/\/www.sitsesp.org.br\/novo\/#website\"},\"primaryImageOfPage\":{\"@id\":\"https:\/\/www.sitsesp.org.br\/novo\/sitsesp-apoio-e-luta-unidos-somos-mais-fortes\/#primaryimage\"},\"image\":{\"@id\":\"https:\/\/www.sitsesp.org.br\/novo\/sitsesp-apoio-e-luta-unidos-somos-mais-fortes\/#primaryimage\"},\"thumbnailUrl\":\"https:\/\/www.sitsesp.org.br\/novo\/wp-content\/uploads\/2021\/12\/WhatsApp-Image-2021-12-16-at-09.44.17.jpeg\",\"datePublished\":\"2021-12-16T13:24:43+00:00\",\"dateModified\":\"2021-12-16T13:34:55+00:00\",\"breadcrumb\":{\"@id\":\"https:\/\/www.sitsesp.org.br\/novo\/sitsesp-apoio-e-luta-unidos-somos-mais-fortes\/#breadcrumb\"},\"inLanguage\":\"pt-BR\",\"potentialAction\":[{\"@type\":\"ReadAction\",\"target\":[\"https:\/\/www.sitsesp.org.br\/novo\/sitsesp-apoio-e-luta-unidos-somos-mais-fortes\/\"]}]},{\"@type\":\"ImageObject\",\"inLanguage\":\"pt-BR\",\"@id\":\"https:\/\/www.sitsesp.org.br\/novo\/sitsesp-apoio-e-luta-unidos-somos-mais-fortes\/#primaryimage\",\"url\":\"https:\/\/www.sitsesp.org.br\/novo\/wp-content\/uploads\/2021\/12\/WhatsApp-Image-2021-12-16-at-09.44.17.jpeg\",\"contentUrl\":\"https:\/\/www.sitsesp.org.br\/novo\/wp-content\/uploads\/2021\/12\/WhatsApp-Image-2021-12-16-at-09.44.17.jpeg\",\"width\":600,\"height\":800},{\"@type\":\"BreadcrumbList\",\"@id\":\"https:\/\/www.sitsesp.org.br\/novo\/sitsesp-apoio-e-luta-unidos-somos-mais-fortes\/#breadcrumb\",\"itemListElement\":[{\"@type\":\"ListItem\",\"position\":1,\"name\":\"In\u00edcio\",\"item\":\"https:\/\/www.sitsesp.org.br\/novo\/\"},{\"@type\":\"ListItem\",\"position\":2,\"name\":\"SITSESP \u2013 APOIO E LUTA \u2013 UNIDOS SOMOS MAIS FORTES\"}]},{\"@type\":\"WebSite\",\"@id\":\"https:\/\/www.sitsesp.org.br\/novo\/#website\",\"url\":\"https:\/\/www.sitsesp.org.br\/novo\/\",\"name\":\"Sitsesp\",\"description\":\"SIndicato da Socioeduca\u00e7\u00e3o do Estado de S\u00e3o Paulo\",\"publisher\":{\"@id\":\"https:\/\/www.sitsesp.org.br\/novo\/#organization\"},\"potentialAction\":[{\"@type\":\"SearchAction\",\"target\":{\"@type\":\"EntryPoint\",\"urlTemplate\":\"https:\/\/www.sitsesp.org.br\/novo\/?s={search_term_string}\"},\"query-input\":\"required name=search_term_string\"}],\"inLanguage\":\"pt-BR\"},{\"@type\":\"Organization\",\"@id\":\"https:\/\/www.sitsesp.org.br\/novo\/#organization\",\"name\":\"Sitsesp\",\"url\":\"https:\/\/www.sitsesp.org.br\/novo\/\",\"logo\":{\"@type\":\"ImageObject\",\"inLanguage\":\"pt-BR\",\"@id\":\"https:\/\/www.sitsesp.org.br\/novo\/#\/schema\/logo\/image\/\",\"url\":\"https:\/\/www.sitsesp.org.br\/novo\/wp-content\/uploads\/2020\/09\/Design-sem-nome-1.jpg\",\"contentUrl\":\"https:\/\/www.sitsesp.org.br\/novo\/wp-content\/uploads\/2020\/09\/Design-sem-nome-1.jpg\",\"width\":300,\"height\":300,\"caption\":\"Sitsesp\"},\"image\":{\"@id\":\"https:\/\/www.sitsesp.org.br\/novo\/#\/schema\/logo\/image\/\"}},{\"@type\":\"Person\",\"@id\":\"https:\/\/www.sitsesp.org.br\/novo\/#\/schema\/person\/28e42eec160f373e81d0183b3643edbf\",\"name\":\"imprensa\",\"image\":{\"@type\":\"ImageObject\",\"inLanguage\":\"pt-BR\",\"@id\":\"https:\/\/www.sitsesp.org.br\/novo\/#\/schema\/person\/image\/\",\"url\":\"https:\/\/secure.gravatar.com\/avatar\/8d6ccd8d7d52b8959f34154e87d3fa29?s=96&d=mm&r=g\",\"contentUrl\":\"https:\/\/secure.gravatar.com\/avatar\/8d6ccd8d7d52b8959f34154e87d3fa29?s=96&d=mm&r=g\",\"caption\":\"imprensa\"}}]}<\/script>\n<!-- \/ Yoast SEO plugin. -->","yoast_head_json":{"title":"SITSESP \u2013 APOIO E LUTA \u2013 UNIDOS SOMOS MAIS FORTES - SITSESP","robots":{"index":"index","follow":"follow","max-snippet":"max-snippet:-1","max-image-preview":"max-image-preview:large","max-video-preview":"max-video-preview:-1"},"canonical":"https:\/\/www.sitsesp.org.br\/novo\/sitsesp-apoio-e-luta-unidos-somos-mais-fortes\/","og_locale":"pt_BR","og_type":"article","og_title":"SITSESP \u2013 APOIO E LUTA \u2013 UNIDOS SOMOS MAIS FORTES - SITSESP","og_description":"V\u00e1rias entidades representando trabalhadores do setor de seguran\u00e7a do estado de S\u00e3o Paulo estiveram nessa quarta-feira (15) no P\u00e1tio do Col\u00e9gio&hellip;","og_url":"https:\/\/www.sitsesp.org.br\/novo\/sitsesp-apoio-e-luta-unidos-somos-mais-fortes\/","og_site_name":"SITSESP","article_published_time":"2021-12-16T13:24:43+00:00","article_modified_time":"2021-12-16T13:34:55+00:00","og_image":[{"width":600,"height":800,"url":"https:\/\/www.sitsesp.org.br\/novo\/wp-content\/uploads\/2021\/12\/WhatsApp-Image-2021-12-16-at-09.44.17.jpeg","type":"image\/jpeg"}],"author":"imprensa","twitter_card":"summary_large_image","twitter_misc":{"Escrito por":"imprensa","Est. tempo de leitura":"2 minutos"},"schema":{"@context":"https:\/\/schema.org","@graph":[{"@type":"Article","@id":"https:\/\/www.sitsesp.org.br\/novo\/sitsesp-apoio-e-luta-unidos-somos-mais-fortes\/#article","isPartOf":{"@id":"https:\/\/www.sitsesp.org.br\/novo\/sitsesp-apoio-e-luta-unidos-somos-mais-fortes\/"},"author":{"name":"imprensa","@id":"https:\/\/www.sitsesp.org.br\/novo\/#\/schema\/person\/28e42eec160f373e81d0183b3643edbf"},"headline":"SITSESP \u2013 APOIO E LUTA \u2013 UNIDOS SOMOS MAIS FORTES","datePublished":"2021-12-16T13:24:43+00:00","dateModified":"2021-12-16T13:34:55+00:00","mainEntityOfPage":{"@id":"https:\/\/www.sitsesp.org.br\/novo\/sitsesp-apoio-e-luta-unidos-somos-mais-fortes\/"},"wordCount":445,"commentCount":0,"publisher":{"@id":"https:\/\/www.sitsesp.org.br\/novo\/#organization"},"image":{"@id":"https:\/\/www.sitsesp.org.br\/novo\/sitsesp-apoio-e-luta-unidos-somos-mais-fortes\/#primaryimage"},"thumbnailUrl":"https:\/\/www.sitsesp.org.br\/novo\/wp-content\/uploads\/2021\/12\/WhatsApp-Image-2021-12-16-at-09.44.17.jpeg","articleSection":["Destaque","Noticias"],"inLanguage":"pt-BR","potentialAction":[{"@type":"CommentAction","name":"Comment","target":["https:\/\/www.sitsesp.org.br\/novo\/sitsesp-apoio-e-luta-unidos-somos-mais-fortes\/#respond"]}]},{"@type":"WebPage","@id":"https:\/\/www.sitsesp.org.br\/novo\/sitsesp-apoio-e-luta-unidos-somos-mais-fortes\/","url":"https:\/\/www.sitsesp.org.br\/novo\/sitsesp-apoio-e-luta-unidos-somos-mais-fortes\/","name":"SITSESP \u2013 APOIO E LUTA \u2013 UNIDOS SOMOS MAIS FORTES - SITSESP","isPartOf":{"@id":"https:\/\/www.sitsesp.org.br\/novo\/#website"},"primaryImageOfPage":{"@id":"https:\/\/www.sitsesp.org.br\/novo\/sitsesp-apoio-e-luta-unidos-somos-mais-fortes\/#primaryimage"},"image":{"@id":"https:\/\/www.sitsesp.org.br\/novo\/sitsesp-apoio-e-luta-unidos-somos-mais-fortes\/#primaryimage"},"thumbnailUrl":"https:\/\/www.sitsesp.org.br\/novo\/wp-content\/uploads\/2021\/12\/WhatsApp-Image-2021-12-16-at-09.44.17.jpeg","datePublished":"2021-12-16T13:24:43+00:00","dateModified":"2021-12-16T13:34:55+00:00","breadcrumb":{"@id":"https:\/\/www.sitsesp.org.br\/novo\/sitsesp-apoio-e-luta-unidos-somos-mais-fortes\/#breadcrumb"},"inLanguage":"pt-BR","potentialAction":[{"@type":"ReadAction","target":["https:\/\/www.sitsesp.org.br\/novo\/sitsesp-apoio-e-luta-unidos-somos-mais-fortes\/"]}]},{"@type":"ImageObject","inLanguage":"pt-BR","@id":"https:\/\/www.sitsesp.org.br\/novo\/sitsesp-apoio-e-luta-unidos-somos-mais-fortes\/#primaryimage","url":"https:\/\/www.sitsesp.org.br\/novo\/wp-content\/uploads\/2021\/12\/WhatsApp-Image-2021-12-16-at-09.44.17.jpeg","contentUrl":"https:\/\/www.sitsesp.org.br\/novo\/wp-content\/uploads\/2021\/12\/WhatsApp-Image-2021-12-16-at-09.44.17.jpeg","width":600,"height":800},{"@type":"BreadcrumbList","@id":"https:\/\/www.sitsesp.org.br\/novo\/sitsesp-apoio-e-luta-unidos-somos-mais-fortes\/#breadcrumb","itemListElement":[{"@type":"ListItem","position":1,"name":"In\u00edcio","item":"https:\/\/www.sitsesp.org.br\/novo\/"},{"@type":"ListItem","position":2,"name":"SITSESP \u2013 APOIO E LUTA \u2013 UNIDOS SOMOS MAIS FORTES"}]},{"@type":"WebSite","@id":"https:\/\/www.sitsesp.org.br\/novo\/#website","url":"https:\/\/www.sitsesp.org.br\/novo\/","name":"Sitsesp","description":"SIndicato da Socioeduca\u00e7\u00e3o do Estado de S\u00e3o Paulo","publisher":{"@id":"https:\/\/www.sitsesp.org.br\/novo\/#organization"},"potentialAction":[{"@type":"SearchAction","target":{"@type":"EntryPoint","urlTemplate":"https:\/\/www.sitsesp.org.br\/novo\/?s={search_term_string}"},"query-input":"required name=search_term_string"}],"inLanguage":"pt-BR"},{"@type":"Organization","@id":"https:\/\/www.sitsesp.org.br\/novo\/#organization","name":"Sitsesp","url":"https:\/\/www.sitsesp.org.br\/novo\/","logo":{"@type":"ImageObject","inLanguage":"pt-BR","@id":"https:\/\/www.sitsesp.org.br\/novo\/#\/schema\/logo\/image\/","url":"https:\/\/www.sitsesp.org.br\/novo\/wp-content\/uploads\/2020\/09\/Design-sem-nome-1.jpg","contentUrl":"https:\/\/www.sitsesp.org.br\/novo\/wp-content\/uploads\/2020\/09\/Design-sem-nome-1.jpg","width":300,"height":300,"caption":"Sitsesp"},"image":{"@id":"https:\/\/www.sitsesp.org.br\/novo\/#\/schema\/logo\/image\/"}},{"@type":"Person","@id":"https:\/\/www.sitsesp.org.br\/novo\/#\/schema\/person\/28e42eec160f373e81d0183b3643edbf","name":"imprensa","image":{"@type":"ImageObject","inLanguage":"pt-BR","@id":"https:\/\/www.sitsesp.org.br\/novo\/#\/schema\/person\/image\/","url":"https:\/\/secure.gravatar.com\/avatar\/8d6ccd8d7d52b8959f34154e87d3fa29?s=96&d=mm&r=g","contentUrl":"https:\/\/secure.gravatar.com\/avatar\/8d6ccd8d7d52b8959f34154e87d3fa29?s=96&d=mm&r=g","caption":"imprensa"}}]}},"_links":{"self":[{"href":"https:\/\/www.sitsesp.org.br\/novo\/wp-json\/wp\/v2\/posts\/7793"}],"collection":[{"href":"https:\/\/www.sitsesp.org.br\/novo\/wp-json\/wp\/v2\/posts"}],"about":[{"href":"https:\/\/www.sitsesp.org.br\/novo\/wp-json\/wp\/v2\/types\/post"}],"author":[{"embeddable":true,"href":"https:\/\/www.sitsesp.org.br\/novo\/wp-json\/wp\/v2\/users\/5"}],"replies":[{"embeddable":true,"href":"https:\/\/www.sitsesp.org.br\/novo\/wp-json\/wp\/v2\/comments?post=7793"}],"version-history":[{"count":2,"href":"https:\/\/www.sitsesp.org.br\/novo\/wp-json\/wp\/v2\/posts\/7793\/revisions"}],"predecessor-version":[{"id":7815,"href":"https:\/\/www.sitsesp.org.br\/novo\/wp-json\/wp\/v2\/posts\/7793\/revisions\/7815"}],"wp:featuredmedia":[{"embeddable":true,"href":"https:\/\/www.sitsesp.org.br\/novo\/wp-json\/wp\/v2\/media\/7794"}],"wp:attachment":[{"href":"https:\/\/www.sitsesp.org.br\/novo\/wp-json\/wp\/v2\/media?parent=7793"}],"wp:term":[{"taxonomy":"category","embeddable":true,"href":"https:\/\/www.sitsesp.org.br\/novo\/wp-json\/wp\/v2\/categories?post=7793"},{"taxonomy":"post_tag","embeddable":true,"href":"https:\/\/www.sitsesp.org.br\/novo\/wp-json\/wp\/v2\/tags?post=7793"}],"curies":[{"name":"wp","href":"https:\/\/api.w.org\/{rel}","templated":true}]}}