{"id":7820,"date":"2021-12-16T18:41:48","date_gmt":"2021-12-16T21:41:48","guid":{"rendered":"https:\/\/sitsesp.org.br\/novo\/?p=7820"},"modified":"2021-12-16T18:41:48","modified_gmt":"2021-12-16T21:41:48","slug":"sitsesp-deputado-estadual-major-mecca-gratidao-do-sistema-socioeducativo-no-estado-de-sao-paulo","status":"publish","type":"post","link":"https:\/\/www.sitsesp.org.br\/novo\/sitsesp-deputado-estadual-major-mecca-gratidao-do-sistema-socioeducativo-no-estado-de-sao-paulo\/","title":{"rendered":"SITSESP &#8211; DEPUTADO ESTADUAL MAJOR MECCA. Gratid\u00e3o do sistema socioeducativo no estado de S\u00e3o Paulo."},"content":{"rendered":"<p><!-- VideographyWP Plugin Message: Automatic video embedding prevented by plugin options. --><br \/>\nDepois de liderar e organizar o ato de ontem, 15 de dezembro de 2021, major Mecca deixa sua mensagem de agradecimento a todos que apoiaram o movimento.<\/p>\n<p>Gratid\u00e3o do sistema socioeducativo no estado de S\u00e3o Paulo.<\/p>\n<div style=\"width: 640px;\" class=\"wp-video\"><!--[if lt IE 9]><script>document.createElement('video');<\/script><![endif]-->\n<video class=\"wp-video-shortcode\" id=\"video-7820-1\" width=\"640\" height=\"352\" preload=\"metadata\" controls=\"controls\"><source type=\"video\/mp4\" src=\"https:\/\/sitsesp.org.br\/novo\/wp-content\/uploads\/2021\/12\/WhatsApp-Video-2021-12-16-at-17.40.01.mp4?_=1\" \/><a href=\"https:\/\/sitsesp.org.br\/novo\/wp-content\/uploads\/2021\/12\/WhatsApp-Video-2021-12-16-at-17.40.01.mp4\">https:\/\/sitsesp.org.br\/novo\/wp-content\/uploads\/2021\/12\/WhatsApp-Video-2021-12-16-at-17.40.01.mp4<\/a><\/video><\/div>\n","protected":false},"excerpt":{"rendered":"<p>Depois de liderar e organizar o ato de ontem, 15 de dezembro de 2021, major Mecca deixa sua mensagem de agradecimento&hellip;<\/p>\n","protected":false},"author":5,"featured_media":7822,"comment_status":"open","ping_status":"open","sticky":false,"template":"","format":"standard","meta":{"cybocfi_hide_featured_image":"","footnotes":""},"categories":[22],"tags":[],"yoast_head":"<!-- This site is optimized with the Yoast SEO plugin v22.8 - https:\/\/yoast.com\/wordpress\/plugins\/seo\/ -->\n<title>SITSESP - DEPUTADO ESTADUAL MAJOR MECCA. Gratid\u00e3o do sistema socioeducativo no estado de S\u00e3o Paulo. - SITSESP<\/title>\n<meta name=\"robots\" content=\"index, follow, max-snippet:-1, max-image-preview:large, max-video-preview:-1\" \/>\n<link rel=\"canonical\" href=\"https:\/\/www.sitsesp.org.br\/novo\/sitsesp-deputado-estadual-major-mecca-gratidao-do-sistema-socioeducativo-no-estado-de-sao-paulo\/\" \/>\n<meta property=\"og:locale\" content=\"pt_BR\" \/>\n<meta property=\"og:type\" content=\"article\" \/>\n<meta property=\"og:title\" content=\"SITSESP - DEPUTADO ESTADUAL MAJOR MECCA. Gratid\u00e3o do sistema socioeducativo no estado de S\u00e3o Paulo. - SITSESP\" \/>\n<meta property=\"og:description\" content=\"Depois de liderar e organizar o ato de ontem, 15 de dezembro de 2021, major Mecca deixa sua mensagem de agradecimento&hellip;\" \/>\n<meta property=\"og:url\" content=\"https:\/\/www.sitsesp.org.br\/novo\/sitsesp-deputado-estadual-major-mecca-gratidao-do-sistema-socioeducativo-no-estado-de-sao-paulo\/\" \/>\n<meta property=\"og:site_name\" content=\"SITSESP\" \/>\n<meta property=\"article:published_time\" content=\"2021-12-16T21:41:48+00:00\" \/>\n<meta property=\"og:image\" content=\"https:\/\/www.sitsesp.org.br\/novo\/wp-content\/uploads\/2021\/12\/1sitsesp.png\" \/>\n\t<meta property=\"og:image:width\" content=\"499\" \/>\n\t<meta property=\"og:image:height\" content=\"273\" \/>\n\t<meta property=\"og:image:type\" content=\"image\/png\" \/>\n<meta name=\"author\" content=\"imprensa\" \/>\n<meta name=\"twitter:card\" content=\"summary_large_image\" \/>\n<meta name=\"twitter:label1\" content=\"Escrito por\" \/>\n\t<meta name=\"twitter:data1\" content=\"imprensa\" \/>\n\t<meta name=\"twitter:label2\" content=\"Est. tempo de leitura\" \/>\n\t<meta name=\"twitter:data2\" content=\"1 minuto\" \/>\n<script type=\"application\/ld+json\" class=\"yoast-schema-graph\">{\"@context\":\"https:\/\/schema.org\",\"@graph\":[{\"@type\":\"Article\",\"@id\":\"https:\/\/www.sitsesp.org.br\/novo\/sitsesp-deputado-estadual-major-mecca-gratidao-do-sistema-socioeducativo-no-estado-de-sao-paulo\/#article\",\"isPartOf\":{\"@id\":\"https:\/\/www.sitsesp.org.br\/novo\/sitsesp-deputado-estadual-major-mecca-gratidao-do-sistema-socioeducativo-no-estado-de-sao-paulo\/\"},\"author\":{\"name\":\"imprensa\",\"@id\":\"https:\/\/www.sitsesp.org.br\/novo\/#\/schema\/person\/28e42eec160f373e81d0183b3643edbf\"},\"headline\":\"SITSESP &#8211; DEPUTADO ESTADUAL MAJOR MECCA. Gratid\u00e3o do sistema socioeducativo no estado de S\u00e3o Paulo.\",\"datePublished\":\"2021-12-16T21:41:48+00:00\",\"dateModified\":\"2021-12-16T21:41:48+00:00\",\"mainEntityOfPage\":{\"@id\":\"https:\/\/www.sitsesp.org.br\/novo\/sitsesp-deputado-estadual-major-mecca-gratidao-do-sistema-socioeducativo-no-estado-de-sao-paulo\/\"},\"wordCount\":70,\"commentCount\":0,\"publisher\":{\"@id\":\"https:\/\/www.sitsesp.org.br\/novo\/#organization\"},\"image\":{\"@id\":\"https:\/\/www.sitsesp.org.br\/novo\/sitsesp-deputado-estadual-major-mecca-gratidao-do-sistema-socioeducativo-no-estado-de-sao-paulo\/#primaryimage\"},\"thumbnailUrl\":\"https:\/\/www.sitsesp.org.br\/novo\/wp-content\/uploads\/2021\/12\/1sitsesp.png\",\"articleSection\":[\"Noticias\"],\"inLanguage\":\"pt-BR\",\"potentialAction\":[{\"@type\":\"CommentAction\",\"name\":\"Comment\",\"target\":[\"https:\/\/www.sitsesp.org.br\/novo\/sitsesp-deputado-estadual-major-mecca-gratidao-do-sistema-socioeducativo-no-estado-de-sao-paulo\/#respond\"]}]},{\"@type\":\"WebPage\",\"@id\":\"https:\/\/www.sitsesp.org.br\/novo\/sitsesp-deputado-estadual-major-mecca-gratidao-do-sistema-socioeducativo-no-estado-de-sao-paulo\/\",\"url\":\"https:\/\/www.sitsesp.org.br\/novo\/sitsesp-deputado-estadual-major-mecca-gratidao-do-sistema-socioeducativo-no-estado-de-sao-paulo\/\",\"name\":\"SITSESP - DEPUTADO ESTADUAL MAJOR MECCA. Gratid\u00e3o do sistema socioeducativo no estado de S\u00e3o Paulo. - SITSESP\",\"isPartOf\":{\"@id\":\"https:\/\/www.sitsesp.org.br\/novo\/#website\"},\"primaryImageOfPage\":{\"@id\":\"https:\/\/www.sitsesp.org.br\/novo\/sitsesp-deputado-estadual-major-mecca-gratidao-do-sistema-socioeducativo-no-estado-de-sao-paulo\/#primaryimage\"},\"image\":{\"@id\":\"https:\/\/www.sitsesp.org.br\/novo\/sitsesp-deputado-estadual-major-mecca-gratidao-do-sistema-socioeducativo-no-estado-de-sao-paulo\/#primaryimage\"},\"thumbnailUrl\":\"https:\/\/www.sitsesp.org.br\/novo\/wp-content\/uploads\/2021\/12\/1sitsesp.png\",\"datePublished\":\"2021-12-16T21:41:48+00:00\",\"dateModified\":\"2021-12-16T21:41:48+00:00\",\"breadcrumb\":{\"@id\":\"https:\/\/www.sitsesp.org.br\/novo\/sitsesp-deputado-estadual-major-mecca-gratidao-do-sistema-socioeducativo-no-estado-de-sao-paulo\/#breadcrumb\"},\"inLanguage\":\"pt-BR\",\"potentialAction\":[{\"@type\":\"ReadAction\",\"target\":[\"https:\/\/www.sitsesp.org.br\/novo\/sitsesp-deputado-estadual-major-mecca-gratidao-do-sistema-socioeducativo-no-estado-de-sao-paulo\/\"]}]},{\"@type\":\"ImageObject\",\"inLanguage\":\"pt-BR\",\"@id\":\"https:\/\/www.sitsesp.org.br\/novo\/sitsesp-deputado-estadual-major-mecca-gratidao-do-sistema-socioeducativo-no-estado-de-sao-paulo\/#primaryimage\",\"url\":\"https:\/\/www.sitsesp.org.br\/novo\/wp-content\/uploads\/2021\/12\/1sitsesp.png\",\"contentUrl\":\"https:\/\/www.sitsesp.org.br\/novo\/wp-content\/uploads\/2021\/12\/1sitsesp.png\",\"width\":499,\"height\":273},{\"@type\":\"BreadcrumbList\",\"@id\":\"https:\/\/www.sitsesp.org.br\/novo\/sitsesp-deputado-estadual-major-mecca-gratidao-do-sistema-socioeducativo-no-estado-de-sao-paulo\/#breadcrumb\",\"itemListElement\":[{\"@type\":\"ListItem\",\"position\":1,\"name\":\"In\u00edcio\",\"item\":\"https:\/\/www.sitsesp.org.br\/novo\/\"},{\"@type\":\"ListItem\",\"position\":2,\"name\":\"SITSESP &#8211; DEPUTADO ESTADUAL MAJOR MECCA. Gratid\u00e3o do sistema socioeducativo no estado de S\u00e3o Paulo.\"}]},{\"@type\":\"WebSite\",\"@id\":\"https:\/\/www.sitsesp.org.br\/novo\/#website\",\"url\":\"https:\/\/www.sitsesp.org.br\/novo\/\",\"name\":\"Sitsesp\",\"description\":\"SIndicato da Socioeduca\u00e7\u00e3o do Estado de S\u00e3o Paulo\",\"publisher\":{\"@id\":\"https:\/\/www.sitsesp.org.br\/novo\/#organization\"},\"potentialAction\":[{\"@type\":\"SearchAction\",\"target\":{\"@type\":\"EntryPoint\",\"urlTemplate\":\"https:\/\/www.sitsesp.org.br\/novo\/?s={search_term_string}\"},\"query-input\":\"required name=search_term_string\"}],\"inLanguage\":\"pt-BR\"},{\"@type\":\"Organization\",\"@id\":\"https:\/\/www.sitsesp.org.br\/novo\/#organization\",\"name\":\"Sitsesp\",\"url\":\"https:\/\/www.sitsesp.org.br\/novo\/\",\"logo\":{\"@type\":\"ImageObject\",\"inLanguage\":\"pt-BR\",\"@id\":\"https:\/\/www.sitsesp.org.br\/novo\/#\/schema\/logo\/image\/\",\"url\":\"https:\/\/www.sitsesp.org.br\/novo\/wp-content\/uploads\/2020\/09\/Design-sem-nome-1.jpg\",\"contentUrl\":\"https:\/\/www.sitsesp.org.br\/novo\/wp-content\/uploads\/2020\/09\/Design-sem-nome-1.jpg\",\"width\":300,\"height\":300,\"caption\":\"Sitsesp\"},\"image\":{\"@id\":\"https:\/\/www.sitsesp.org.br\/novo\/#\/schema\/logo\/image\/\"}},{\"@type\":\"Person\",\"@id\":\"https:\/\/www.sitsesp.org.br\/novo\/#\/schema\/person\/28e42eec160f373e81d0183b3643edbf\",\"name\":\"imprensa\",\"image\":{\"@type\":\"ImageObject\",\"inLanguage\":\"pt-BR\",\"@id\":\"https:\/\/www.sitsesp.org.br\/novo\/#\/schema\/person\/image\/\",\"url\":\"https:\/\/secure.gravatar.com\/avatar\/8d6ccd8d7d52b8959f34154e87d3fa29?s=96&d=mm&r=g\",\"contentUrl\":\"https:\/\/secure.gravatar.com\/avatar\/8d6ccd8d7d52b8959f34154e87d3fa29?s=96&d=mm&r=g\",\"caption\":\"imprensa\"}}]}<\/script>\n<!-- \/ Yoast SEO plugin. -->","yoast_head_json":{"title":"SITSESP - DEPUTADO ESTADUAL MAJOR MECCA. Gratid\u00e3o do sistema socioeducativo no estado de S\u00e3o Paulo. - SITSESP","robots":{"index":"index","follow":"follow","max-snippet":"max-snippet:-1","max-image-preview":"max-image-preview:large","max-video-preview":"max-video-preview:-1"},"canonical":"https:\/\/www.sitsesp.org.br\/novo\/sitsesp-deputado-estadual-major-mecca-gratidao-do-sistema-socioeducativo-no-estado-de-sao-paulo\/","og_locale":"pt_BR","og_type":"article","og_title":"SITSESP - DEPUTADO ESTADUAL MAJOR MECCA. Gratid\u00e3o do sistema socioeducativo no estado de S\u00e3o Paulo. - SITSESP","og_description":"Depois de liderar e organizar o ato de ontem, 15 de dezembro de 2021, major Mecca deixa sua mensagem de agradecimento&hellip;","og_url":"https:\/\/www.sitsesp.org.br\/novo\/sitsesp-deputado-estadual-major-mecca-gratidao-do-sistema-socioeducativo-no-estado-de-sao-paulo\/","og_site_name":"SITSESP","article_published_time":"2021-12-16T21:41:48+00:00","og_image":[{"width":499,"height":273,"url":"https:\/\/www.sitsesp.org.br\/novo\/wp-content\/uploads\/2021\/12\/1sitsesp.png","type":"image\/png"}],"author":"imprensa","twitter_card":"summary_large_image","twitter_misc":{"Escrito por":"imprensa","Est. tempo de leitura":"1 minuto"},"schema":{"@context":"https:\/\/schema.org","@graph":[{"@type":"Article","@id":"https:\/\/www.sitsesp.org.br\/novo\/sitsesp-deputado-estadual-major-mecca-gratidao-do-sistema-socioeducativo-no-estado-de-sao-paulo\/#article","isPartOf":{"@id":"https:\/\/www.sitsesp.org.br\/novo\/sitsesp-deputado-estadual-major-mecca-gratidao-do-sistema-socioeducativo-no-estado-de-sao-paulo\/"},"author":{"name":"imprensa","@id":"https:\/\/www.sitsesp.org.br\/novo\/#\/schema\/person\/28e42eec160f373e81d0183b3643edbf"},"headline":"SITSESP &#8211; DEPUTADO ESTADUAL MAJOR MECCA. Gratid\u00e3o do sistema socioeducativo no estado de S\u00e3o Paulo.","datePublished":"2021-12-16T21:41:48+00:00","dateModified":"2021-12-16T21:41:48+00:00","mainEntityOfPage":{"@id":"https:\/\/www.sitsesp.org.br\/novo\/sitsesp-deputado-estadual-major-mecca-gratidao-do-sistema-socioeducativo-no-estado-de-sao-paulo\/"},"wordCount":70,"commentCount":0,"publisher":{"@id":"https:\/\/www.sitsesp.org.br\/novo\/#organization"},"image":{"@id":"https:\/\/www.sitsesp.org.br\/novo\/sitsesp-deputado-estadual-major-mecca-gratidao-do-sistema-socioeducativo-no-estado-de-sao-paulo\/#primaryimage"},"thumbnailUrl":"https:\/\/www.sitsesp.org.br\/novo\/wp-content\/uploads\/2021\/12\/1sitsesp.png","articleSection":["Noticias"],"inLanguage":"pt-BR","potentialAction":[{"@type":"CommentAction","name":"Comment","target":["https:\/\/www.sitsesp.org.br\/novo\/sitsesp-deputado-estadual-major-mecca-gratidao-do-sistema-socioeducativo-no-estado-de-sao-paulo\/#respond"]}]},{"@type":"WebPage","@id":"https:\/\/www.sitsesp.org.br\/novo\/sitsesp-deputado-estadual-major-mecca-gratidao-do-sistema-socioeducativo-no-estado-de-sao-paulo\/","url":"https:\/\/www.sitsesp.org.br\/novo\/sitsesp-deputado-estadual-major-mecca-gratidao-do-sistema-socioeducativo-no-estado-de-sao-paulo\/","name":"SITSESP - DEPUTADO ESTADUAL MAJOR MECCA. Gratid\u00e3o do sistema socioeducativo no estado de S\u00e3o Paulo. - SITSESP","isPartOf":{"@id":"https:\/\/www.sitsesp.org.br\/novo\/#website"},"primaryImageOfPage":{"@id":"https:\/\/www.sitsesp.org.br\/novo\/sitsesp-deputado-estadual-major-mecca-gratidao-do-sistema-socioeducativo-no-estado-de-sao-paulo\/#primaryimage"},"image":{"@id":"https:\/\/www.sitsesp.org.br\/novo\/sitsesp-deputado-estadual-major-mecca-gratidao-do-sistema-socioeducativo-no-estado-de-sao-paulo\/#primaryimage"},"thumbnailUrl":"https:\/\/www.sitsesp.org.br\/novo\/wp-content\/uploads\/2021\/12\/1sitsesp.png","datePublished":"2021-12-16T21:41:48+00:00","dateModified":"2021-12-16T21:41:48+00:00","breadcrumb":{"@id":"https:\/\/www.sitsesp.org.br\/novo\/sitsesp-deputado-estadual-major-mecca-gratidao-do-sistema-socioeducativo-no-estado-de-sao-paulo\/#breadcrumb"},"inLanguage":"pt-BR","potentialAction":[{"@type":"ReadAction","target":["https:\/\/www.sitsesp.org.br\/novo\/sitsesp-deputado-estadual-major-mecca-gratidao-do-sistema-socioeducativo-no-estado-de-sao-paulo\/"]}]},{"@type":"ImageObject","inLanguage":"pt-BR","@id":"https:\/\/www.sitsesp.org.br\/novo\/sitsesp-deputado-estadual-major-mecca-gratidao-do-sistema-socioeducativo-no-estado-de-sao-paulo\/#primaryimage","url":"https:\/\/www.sitsesp.org.br\/novo\/wp-content\/uploads\/2021\/12\/1sitsesp.png","contentUrl":"https:\/\/www.sitsesp.org.br\/novo\/wp-content\/uploads\/2021\/12\/1sitsesp.png","width":499,"height":273},{"@type":"BreadcrumbList","@id":"https:\/\/www.sitsesp.org.br\/novo\/sitsesp-deputado-estadual-major-mecca-gratidao-do-sistema-socioeducativo-no-estado-de-sao-paulo\/#breadcrumb","itemListElement":[{"@type":"ListItem","position":1,"name":"In\u00edcio","item":"https:\/\/www.sitsesp.org.br\/novo\/"},{"@type":"ListItem","position":2,"name":"SITSESP &#8211; DEPUTADO ESTADUAL MAJOR MECCA. Gratid\u00e3o do sistema socioeducativo no estado de S\u00e3o Paulo."}]},{"@type":"WebSite","@id":"https:\/\/www.sitsesp.org.br\/novo\/#website","url":"https:\/\/www.sitsesp.org.br\/novo\/","name":"Sitsesp","description":"SIndicato da Socioeduca\u00e7\u00e3o do Estado de S\u00e3o Paulo","publisher":{"@id":"https:\/\/www.sitsesp.org.br\/novo\/#organization"},"potentialAction":[{"@type":"SearchAction","target":{"@type":"EntryPoint","urlTemplate":"https:\/\/www.sitsesp.org.br\/novo\/?s={search_term_string}"},"query-input":"required name=search_term_string"}],"inLanguage":"pt-BR"},{"@type":"Organization","@id":"https:\/\/www.sitsesp.org.br\/novo\/#organization","name":"Sitsesp","url":"https:\/\/www.sitsesp.org.br\/novo\/","logo":{"@type":"ImageObject","inLanguage":"pt-BR","@id":"https:\/\/www.sitsesp.org.br\/novo\/#\/schema\/logo\/image\/","url":"https:\/\/www.sitsesp.org.br\/novo\/wp-content\/uploads\/2020\/09\/Design-sem-nome-1.jpg","contentUrl":"https:\/\/www.sitsesp.org.br\/novo\/wp-content\/uploads\/2020\/09\/Design-sem-nome-1.jpg","width":300,"height":300,"caption":"Sitsesp"},"image":{"@id":"https:\/\/www.sitsesp.org.br\/novo\/#\/schema\/logo\/image\/"}},{"@type":"Person","@id":"https:\/\/www.sitsesp.org.br\/novo\/#\/schema\/person\/28e42eec160f373e81d0183b3643edbf","name":"imprensa","image":{"@type":"ImageObject","inLanguage":"pt-BR","@id":"https:\/\/www.sitsesp.org.br\/novo\/#\/schema\/person\/image\/","url":"https:\/\/secure.gravatar.com\/avatar\/8d6ccd8d7d52b8959f34154e87d3fa29?s=96&d=mm&r=g","contentUrl":"https:\/\/secure.gravatar.com\/avatar\/8d6ccd8d7d52b8959f34154e87d3fa29?s=96&d=mm&r=g","caption":"imprensa"}}]}},"_links":{"self":[{"href":"https:\/\/www.sitsesp.org.br\/novo\/wp-json\/wp\/v2\/posts\/7820"}],"collection":[{"href":"https:\/\/www.sitsesp.org.br\/novo\/wp-json\/wp\/v2\/posts"}],"about":[{"href":"https:\/\/www.sitsesp.org.br\/novo\/wp-json\/wp\/v2\/types\/post"}],"author":[{"embeddable":true,"href":"https:\/\/www.sitsesp.org.br\/novo\/wp-json\/wp\/v2\/users\/5"}],"replies":[{"embeddable":true,"href":"https:\/\/www.sitsesp.org.br\/novo\/wp-json\/wp\/v2\/comments?post=7820"}],"version-history":[{"count":1,"href":"https:\/\/www.sitsesp.org.br\/novo\/wp-json\/wp\/v2\/posts\/7820\/revisions"}],"predecessor-version":[{"id":7823,"href":"https:\/\/www.sitsesp.org.br\/novo\/wp-json\/wp\/v2\/posts\/7820\/revisions\/7823"}],"wp:featuredmedia":[{"embeddable":true,"href":"https:\/\/www.sitsesp.org.br\/novo\/wp-json\/wp\/v2\/media\/7822"}],"wp:attachment":[{"href":"https:\/\/www.sitsesp.org.br\/novo\/wp-json\/wp\/v2\/media?parent=7820"}],"wp:term":[{"taxonomy":"category","embeddable":true,"href":"https:\/\/www.sitsesp.org.br\/novo\/wp-json\/wp\/v2\/categories?post=7820"},{"taxonomy":"post_tag","embeddable":true,"href":"https:\/\/www.sitsesp.org.br\/novo\/wp-json\/wp\/v2\/tags?post=7820"}],"curies":[{"name":"wp","href":"https:\/\/api.w.org\/{rel}","templated":true}]}}