{"id":7832,"date":"2021-12-20T08:04:51","date_gmt":"2021-12-20T11:04:51","guid":{"rendered":"https:\/\/sitsesp.org.br\/novo\/?p=7832"},"modified":"2021-12-20T08:04:51","modified_gmt":"2021-12-20T11:04:51","slug":"sitsesp-em-movimento-solicitacao-de-reforco-de-policiamento-no-casa-santo-andre-i","status":"publish","type":"post","link":"https:\/\/www.sitsesp.org.br\/novo\/sitsesp-em-movimento-solicitacao-de-reforco-de-policiamento-no-casa-santo-andre-i\/","title":{"rendered":"SITSESP EM MOVIMENTO \u2013 SOLICITA\u00c7\u00c3O DE REFOR\u00c7O DE POLICIAMENTO NO CASA SANTO ANDR\u00c9 I"},"content":{"rendered":"<p><!-- VideographyWP Plugin Message: Automatic video embedding prevented by plugin options. --><br \/>\nNa sexta-feira, dia 17 de dezembro de 2021, o SITSESP, representado pelo diretor Sr. M\u00e1rio, protocolou os of\u00edcios sindicais 227\/2021 e 228\/2021 requisitando o aumento de policiamento no Casa Santo Andr\u00e9 I devido ao aos disparos por arma de fogo contra o port\u00e3o de pedestres ocorridos no dia 05 de dezembro deste ano.<\/p>\n<p>Os of\u00edcios foram entregues tanto \u00e0 Guarda Civil de Santo Andr\u00e9, quanto \u00e0 Policia Militar respons\u00e1vel por aquela regi\u00e3o. No oficio tamb\u00e9m foi mencionado que um ataque semelhante ocorreu em 30 de dezembro de 2018, refor\u00e7ando a necessidade de refor\u00e7o no policiamento da \u00e1rea para a seguran\u00e7a dos funcion\u00e1rios da Funda\u00e7\u00e3o Casa.<\/p>\n<p>O SITSESP segue na luta por direitos e melhores condi\u00e7\u00f5es de trabalho para o trabalhadores da socioeduca\u00e7\u00e3o.<\/p>\n<div id=\"penci-post-gallery__47729\" class=\"penci-post-gallery-container justified column-3\" data-height=\"150\" data-margin=\"3\"><a class=\"item-gallery-justified\" href=\"https:\/\/www.sitsesp.org.br\/novo\/wp-content\/uploads\/2021\/12\/WhatsApp-Image-2021-12-19-at-08.32.46.jpeg\"><img decoding=\"async\" src=\"https:\/\/www.sitsesp.org.br\/novo\/wp-content\/uploads\/2021\/12\/WhatsApp-Image-2021-12-19-at-08.32.46-585x439.jpeg\" alt=\"\" title=\"WhatsApp Image 2021-12-19 at 08.32.46\"><\/a><a class=\"item-gallery-justified\" href=\"https:\/\/www.sitsesp.org.br\/novo\/wp-content\/uploads\/2021\/12\/WhatsApp-Image-2021-12-19-at-08.32.47-2.jpeg\"><img decoding=\"async\" src=\"https:\/\/www.sitsesp.org.br\/novo\/wp-content\/uploads\/2021\/12\/WhatsApp-Image-2021-12-19-at-08.32.47-2-585x439.jpeg\" alt=\"\" title=\"WhatsApp Image 2021-12-19 at 08.32.47\"><\/a><a class=\"item-gallery-justified\" href=\"https:\/\/www.sitsesp.org.br\/novo\/wp-content\/uploads\/2021\/12\/WhatsApp-Image-2021-12-19-at-08.32.47-1.jpeg\"><img decoding=\"async\" src=\"https:\/\/www.sitsesp.org.br\/novo\/wp-content\/uploads\/2021\/12\/WhatsApp-Image-2021-12-19-at-08.32.47-1-585x276.jpeg\" alt=\"\" title=\"WhatsApp Image 2021-12-19 at 08.32.47 (1)\"><\/a><a class=\"item-gallery-justified\" href=\"https:\/\/www.sitsesp.org.br\/novo\/wp-content\/uploads\/2021\/12\/WhatsApp-Image-2021-12-19-at-08.32.46-1.jpeg\"><img decoding=\"async\" src=\"https:\/\/www.sitsesp.org.br\/novo\/wp-content\/uploads\/2021\/12\/WhatsApp-Image-2021-12-19-at-08.32.46-1.jpeg\" alt=\"\" title=\"WhatsApp Image 2021-12-19 at 08.32.46 (1)\"><\/a><\/div>\n<p><strong>O SITSESP \u00c9 DE TODOS, PARA TODOS, TRABALHANDO COM TODOS &#8211; SEJA UM FILIADO SITSESP E PARTICIPE DA LUTA<\/strong><\/p>\n","protected":false},"excerpt":{"rendered":"<p>Na sexta-feira, dia 17 de dezembro de 2021, o SITSESP, representado pelo diretor Sr. M\u00e1rio, protocolou os of\u00edcios sindicais 227\/2021 e&hellip;<\/p>\n","protected":false},"author":5,"featured_media":7833,"comment_status":"open","ping_status":"open","sticky":false,"template":"","format":"standard","meta":{"cybocfi_hide_featured_image":"","footnotes":""},"categories":[27,22],"tags":[],"yoast_head":"<!-- This site is optimized with the Yoast SEO plugin v22.8 - https:\/\/yoast.com\/wordpress\/plugins\/seo\/ -->\n<title>SITSESP EM MOVIMENTO \u2013 SOLICITA\u00c7\u00c3O DE REFOR\u00c7O DE POLICIAMENTO NO CASA SANTO ANDR\u00c9 I - SITSESP<\/title>\n<meta name=\"robots\" content=\"index, follow, max-snippet:-1, max-image-preview:large, max-video-preview:-1\" \/>\n<link rel=\"canonical\" href=\"https:\/\/www.sitsesp.org.br\/novo\/sitsesp-em-movimento-solicitacao-de-reforco-de-policiamento-no-casa-santo-andre-i\/\" \/>\n<meta property=\"og:locale\" content=\"pt_BR\" \/>\n<meta property=\"og:type\" content=\"article\" \/>\n<meta property=\"og:title\" content=\"SITSESP EM MOVIMENTO \u2013 SOLICITA\u00c7\u00c3O DE REFOR\u00c7O DE POLICIAMENTO NO CASA SANTO ANDR\u00c9 I - SITSESP\" \/>\n<meta property=\"og:description\" content=\"Na sexta-feira, dia 17 de dezembro de 2021, o SITSESP, representado pelo diretor Sr. M\u00e1rio, protocolou os of\u00edcios sindicais 227\/2021 e&hellip;\" \/>\n<meta property=\"og:url\" content=\"https:\/\/www.sitsesp.org.br\/novo\/sitsesp-em-movimento-solicitacao-de-reforco-de-policiamento-no-casa-santo-andre-i\/\" \/>\n<meta property=\"og:site_name\" content=\"SITSESP\" \/>\n<meta property=\"article:published_time\" content=\"2021-12-20T11:04:51+00:00\" \/>\n<meta property=\"og:image\" content=\"https:\/\/www.sitsesp.org.br\/novo\/wp-content\/uploads\/2021\/12\/WhatsApp-Image-2021-12-19-at-08.32.47.jpeg\" \/>\n\t<meta property=\"og:image:width\" content=\"800\" \/>\n\t<meta property=\"og:image:height\" content=\"600\" \/>\n\t<meta property=\"og:image:type\" content=\"image\/jpeg\" \/>\n<meta name=\"author\" content=\"imprensa\" \/>\n<meta name=\"twitter:card\" content=\"summary_large_image\" \/>\n<meta name=\"twitter:label1\" content=\"Escrito por\" \/>\n\t<meta name=\"twitter:data1\" content=\"imprensa\" \/>\n\t<meta name=\"twitter:label2\" content=\"Est. tempo de leitura\" \/>\n\t<meta name=\"twitter:data2\" content=\"1 minuto\" \/>\n<script type=\"application\/ld+json\" class=\"yoast-schema-graph\">{\"@context\":\"https:\/\/schema.org\",\"@graph\":[{\"@type\":\"Article\",\"@id\":\"https:\/\/www.sitsesp.org.br\/novo\/sitsesp-em-movimento-solicitacao-de-reforco-de-policiamento-no-casa-santo-andre-i\/#article\",\"isPartOf\":{\"@id\":\"https:\/\/www.sitsesp.org.br\/novo\/sitsesp-em-movimento-solicitacao-de-reforco-de-policiamento-no-casa-santo-andre-i\/\"},\"author\":{\"name\":\"imprensa\",\"@id\":\"https:\/\/www.sitsesp.org.br\/novo\/#\/schema\/person\/28e42eec160f373e81d0183b3643edbf\"},\"headline\":\"SITSESP EM MOVIMENTO \u2013 SOLICITA\u00c7\u00c3O DE REFOR\u00c7O DE POLICIAMENTO NO CASA SANTO ANDR\u00c9 I\",\"datePublished\":\"2021-12-20T11:04:51+00:00\",\"dateModified\":\"2021-12-20T11:04:51+00:00\",\"mainEntityOfPage\":{\"@id\":\"https:\/\/www.sitsesp.org.br\/novo\/sitsesp-em-movimento-solicitacao-de-reforco-de-policiamento-no-casa-santo-andre-i\/\"},\"wordCount\":162,\"commentCount\":0,\"publisher\":{\"@id\":\"https:\/\/www.sitsesp.org.br\/novo\/#organization\"},\"image\":{\"@id\":\"https:\/\/www.sitsesp.org.br\/novo\/sitsesp-em-movimento-solicitacao-de-reforco-de-policiamento-no-casa-santo-andre-i\/#primaryimage\"},\"thumbnailUrl\":\"https:\/\/www.sitsesp.org.br\/novo\/wp-content\/uploads\/2021\/12\/WhatsApp-Image-2021-12-19-at-08.32.47.jpeg\",\"articleSection\":[\"Destaque\",\"Noticias\"],\"inLanguage\":\"pt-BR\",\"potentialAction\":[{\"@type\":\"CommentAction\",\"name\":\"Comment\",\"target\":[\"https:\/\/www.sitsesp.org.br\/novo\/sitsesp-em-movimento-solicitacao-de-reforco-de-policiamento-no-casa-santo-andre-i\/#respond\"]}]},{\"@type\":\"WebPage\",\"@id\":\"https:\/\/www.sitsesp.org.br\/novo\/sitsesp-em-movimento-solicitacao-de-reforco-de-policiamento-no-casa-santo-andre-i\/\",\"url\":\"https:\/\/www.sitsesp.org.br\/novo\/sitsesp-em-movimento-solicitacao-de-reforco-de-policiamento-no-casa-santo-andre-i\/\",\"name\":\"SITSESP EM MOVIMENTO \u2013 SOLICITA\u00c7\u00c3O DE REFOR\u00c7O DE POLICIAMENTO NO CASA SANTO ANDR\u00c9 I - SITSESP\",\"isPartOf\":{\"@id\":\"https:\/\/www.sitsesp.org.br\/novo\/#website\"},\"primaryImageOfPage\":{\"@id\":\"https:\/\/www.sitsesp.org.br\/novo\/sitsesp-em-movimento-solicitacao-de-reforco-de-policiamento-no-casa-santo-andre-i\/#primaryimage\"},\"image\":{\"@id\":\"https:\/\/www.sitsesp.org.br\/novo\/sitsesp-em-movimento-solicitacao-de-reforco-de-policiamento-no-casa-santo-andre-i\/#primaryimage\"},\"thumbnailUrl\":\"https:\/\/www.sitsesp.org.br\/novo\/wp-content\/uploads\/2021\/12\/WhatsApp-Image-2021-12-19-at-08.32.47.jpeg\",\"datePublished\":\"2021-12-20T11:04:51+00:00\",\"dateModified\":\"2021-12-20T11:04:51+00:00\",\"breadcrumb\":{\"@id\":\"https:\/\/www.sitsesp.org.br\/novo\/sitsesp-em-movimento-solicitacao-de-reforco-de-policiamento-no-casa-santo-andre-i\/#breadcrumb\"},\"inLanguage\":\"pt-BR\",\"potentialAction\":[{\"@type\":\"ReadAction\",\"target\":[\"https:\/\/www.sitsesp.org.br\/novo\/sitsesp-em-movimento-solicitacao-de-reforco-de-policiamento-no-casa-santo-andre-i\/\"]}]},{\"@type\":\"ImageObject\",\"inLanguage\":\"pt-BR\",\"@id\":\"https:\/\/www.sitsesp.org.br\/novo\/sitsesp-em-movimento-solicitacao-de-reforco-de-policiamento-no-casa-santo-andre-i\/#primaryimage\",\"url\":\"https:\/\/www.sitsesp.org.br\/novo\/wp-content\/uploads\/2021\/12\/WhatsApp-Image-2021-12-19-at-08.32.47.jpeg\",\"contentUrl\":\"https:\/\/www.sitsesp.org.br\/novo\/wp-content\/uploads\/2021\/12\/WhatsApp-Image-2021-12-19-at-08.32.47.jpeg\",\"width\":800,\"height\":600},{\"@type\":\"BreadcrumbList\",\"@id\":\"https:\/\/www.sitsesp.org.br\/novo\/sitsesp-em-movimento-solicitacao-de-reforco-de-policiamento-no-casa-santo-andre-i\/#breadcrumb\",\"itemListElement\":[{\"@type\":\"ListItem\",\"position\":1,\"name\":\"In\u00edcio\",\"item\":\"https:\/\/www.sitsesp.org.br\/novo\/\"},{\"@type\":\"ListItem\",\"position\":2,\"name\":\"SITSESP EM MOVIMENTO \u2013 SOLICITA\u00c7\u00c3O DE REFOR\u00c7O DE POLICIAMENTO NO CASA SANTO ANDR\u00c9 I\"}]},{\"@type\":\"WebSite\",\"@id\":\"https:\/\/www.sitsesp.org.br\/novo\/#website\",\"url\":\"https:\/\/www.sitsesp.org.br\/novo\/\",\"name\":\"Sitsesp\",\"description\":\"SIndicato da Socioeduca\u00e7\u00e3o do Estado de S\u00e3o Paulo\",\"publisher\":{\"@id\":\"https:\/\/www.sitsesp.org.br\/novo\/#organization\"},\"potentialAction\":[{\"@type\":\"SearchAction\",\"target\":{\"@type\":\"EntryPoint\",\"urlTemplate\":\"https:\/\/www.sitsesp.org.br\/novo\/?s={search_term_string}\"},\"query-input\":\"required name=search_term_string\"}],\"inLanguage\":\"pt-BR\"},{\"@type\":\"Organization\",\"@id\":\"https:\/\/www.sitsesp.org.br\/novo\/#organization\",\"name\":\"Sitsesp\",\"url\":\"https:\/\/www.sitsesp.org.br\/novo\/\",\"logo\":{\"@type\":\"ImageObject\",\"inLanguage\":\"pt-BR\",\"@id\":\"https:\/\/www.sitsesp.org.br\/novo\/#\/schema\/logo\/image\/\",\"url\":\"https:\/\/www.sitsesp.org.br\/novo\/wp-content\/uploads\/2020\/09\/Design-sem-nome-1.jpg\",\"contentUrl\":\"https:\/\/www.sitsesp.org.br\/novo\/wp-content\/uploads\/2020\/09\/Design-sem-nome-1.jpg\",\"width\":300,\"height\":300,\"caption\":\"Sitsesp\"},\"image\":{\"@id\":\"https:\/\/www.sitsesp.org.br\/novo\/#\/schema\/logo\/image\/\"}},{\"@type\":\"Person\",\"@id\":\"https:\/\/www.sitsesp.org.br\/novo\/#\/schema\/person\/28e42eec160f373e81d0183b3643edbf\",\"name\":\"imprensa\",\"image\":{\"@type\":\"ImageObject\",\"inLanguage\":\"pt-BR\",\"@id\":\"https:\/\/www.sitsesp.org.br\/novo\/#\/schema\/person\/image\/\",\"url\":\"https:\/\/secure.gravatar.com\/avatar\/8d6ccd8d7d52b8959f34154e87d3fa29?s=96&d=mm&r=g\",\"contentUrl\":\"https:\/\/secure.gravatar.com\/avatar\/8d6ccd8d7d52b8959f34154e87d3fa29?s=96&d=mm&r=g\",\"caption\":\"imprensa\"}}]}<\/script>\n<!-- \/ Yoast SEO plugin. -->","yoast_head_json":{"title":"SITSESP EM MOVIMENTO \u2013 SOLICITA\u00c7\u00c3O DE REFOR\u00c7O DE POLICIAMENTO NO CASA SANTO ANDR\u00c9 I - SITSESP","robots":{"index":"index","follow":"follow","max-snippet":"max-snippet:-1","max-image-preview":"max-image-preview:large","max-video-preview":"max-video-preview:-1"},"canonical":"https:\/\/www.sitsesp.org.br\/novo\/sitsesp-em-movimento-solicitacao-de-reforco-de-policiamento-no-casa-santo-andre-i\/","og_locale":"pt_BR","og_type":"article","og_title":"SITSESP EM MOVIMENTO \u2013 SOLICITA\u00c7\u00c3O DE REFOR\u00c7O DE POLICIAMENTO NO CASA SANTO ANDR\u00c9 I - SITSESP","og_description":"Na sexta-feira, dia 17 de dezembro de 2021, o SITSESP, representado pelo diretor Sr. M\u00e1rio, protocolou os of\u00edcios sindicais 227\/2021 e&hellip;","og_url":"https:\/\/www.sitsesp.org.br\/novo\/sitsesp-em-movimento-solicitacao-de-reforco-de-policiamento-no-casa-santo-andre-i\/","og_site_name":"SITSESP","article_published_time":"2021-12-20T11:04:51+00:00","og_image":[{"width":800,"height":600,"url":"https:\/\/www.sitsesp.org.br\/novo\/wp-content\/uploads\/2021\/12\/WhatsApp-Image-2021-12-19-at-08.32.47.jpeg","type":"image\/jpeg"}],"author":"imprensa","twitter_card":"summary_large_image","twitter_misc":{"Escrito por":"imprensa","Est. tempo de leitura":"1 minuto"},"schema":{"@context":"https:\/\/schema.org","@graph":[{"@type":"Article","@id":"https:\/\/www.sitsesp.org.br\/novo\/sitsesp-em-movimento-solicitacao-de-reforco-de-policiamento-no-casa-santo-andre-i\/#article","isPartOf":{"@id":"https:\/\/www.sitsesp.org.br\/novo\/sitsesp-em-movimento-solicitacao-de-reforco-de-policiamento-no-casa-santo-andre-i\/"},"author":{"name":"imprensa","@id":"https:\/\/www.sitsesp.org.br\/novo\/#\/schema\/person\/28e42eec160f373e81d0183b3643edbf"},"headline":"SITSESP EM MOVIMENTO \u2013 SOLICITA\u00c7\u00c3O DE REFOR\u00c7O DE POLICIAMENTO NO CASA SANTO ANDR\u00c9 I","datePublished":"2021-12-20T11:04:51+00:00","dateModified":"2021-12-20T11:04:51+00:00","mainEntityOfPage":{"@id":"https:\/\/www.sitsesp.org.br\/novo\/sitsesp-em-movimento-solicitacao-de-reforco-de-policiamento-no-casa-santo-andre-i\/"},"wordCount":162,"commentCount":0,"publisher":{"@id":"https:\/\/www.sitsesp.org.br\/novo\/#organization"},"image":{"@id":"https:\/\/www.sitsesp.org.br\/novo\/sitsesp-em-movimento-solicitacao-de-reforco-de-policiamento-no-casa-santo-andre-i\/#primaryimage"},"thumbnailUrl":"https:\/\/www.sitsesp.org.br\/novo\/wp-content\/uploads\/2021\/12\/WhatsApp-Image-2021-12-19-at-08.32.47.jpeg","articleSection":["Destaque","Noticias"],"inLanguage":"pt-BR","potentialAction":[{"@type":"CommentAction","name":"Comment","target":["https:\/\/www.sitsesp.org.br\/novo\/sitsesp-em-movimento-solicitacao-de-reforco-de-policiamento-no-casa-santo-andre-i\/#respond"]}]},{"@type":"WebPage","@id":"https:\/\/www.sitsesp.org.br\/novo\/sitsesp-em-movimento-solicitacao-de-reforco-de-policiamento-no-casa-santo-andre-i\/","url":"https:\/\/www.sitsesp.org.br\/novo\/sitsesp-em-movimento-solicitacao-de-reforco-de-policiamento-no-casa-santo-andre-i\/","name":"SITSESP EM MOVIMENTO \u2013 SOLICITA\u00c7\u00c3O DE REFOR\u00c7O DE POLICIAMENTO NO CASA SANTO ANDR\u00c9 I - SITSESP","isPartOf":{"@id":"https:\/\/www.sitsesp.org.br\/novo\/#website"},"primaryImageOfPage":{"@id":"https:\/\/www.sitsesp.org.br\/novo\/sitsesp-em-movimento-solicitacao-de-reforco-de-policiamento-no-casa-santo-andre-i\/#primaryimage"},"image":{"@id":"https:\/\/www.sitsesp.org.br\/novo\/sitsesp-em-movimento-solicitacao-de-reforco-de-policiamento-no-casa-santo-andre-i\/#primaryimage"},"thumbnailUrl":"https:\/\/www.sitsesp.org.br\/novo\/wp-content\/uploads\/2021\/12\/WhatsApp-Image-2021-12-19-at-08.32.47.jpeg","datePublished":"2021-12-20T11:04:51+00:00","dateModified":"2021-12-20T11:04:51+00:00","breadcrumb":{"@id":"https:\/\/www.sitsesp.org.br\/novo\/sitsesp-em-movimento-solicitacao-de-reforco-de-policiamento-no-casa-santo-andre-i\/#breadcrumb"},"inLanguage":"pt-BR","potentialAction":[{"@type":"ReadAction","target":["https:\/\/www.sitsesp.org.br\/novo\/sitsesp-em-movimento-solicitacao-de-reforco-de-policiamento-no-casa-santo-andre-i\/"]}]},{"@type":"ImageObject","inLanguage":"pt-BR","@id":"https:\/\/www.sitsesp.org.br\/novo\/sitsesp-em-movimento-solicitacao-de-reforco-de-policiamento-no-casa-santo-andre-i\/#primaryimage","url":"https:\/\/www.sitsesp.org.br\/novo\/wp-content\/uploads\/2021\/12\/WhatsApp-Image-2021-12-19-at-08.32.47.jpeg","contentUrl":"https:\/\/www.sitsesp.org.br\/novo\/wp-content\/uploads\/2021\/12\/WhatsApp-Image-2021-12-19-at-08.32.47.jpeg","width":800,"height":600},{"@type":"BreadcrumbList","@id":"https:\/\/www.sitsesp.org.br\/novo\/sitsesp-em-movimento-solicitacao-de-reforco-de-policiamento-no-casa-santo-andre-i\/#breadcrumb","itemListElement":[{"@type":"ListItem","position":1,"name":"In\u00edcio","item":"https:\/\/www.sitsesp.org.br\/novo\/"},{"@type":"ListItem","position":2,"name":"SITSESP EM MOVIMENTO \u2013 SOLICITA\u00c7\u00c3O DE REFOR\u00c7O DE POLICIAMENTO NO CASA SANTO ANDR\u00c9 I"}]},{"@type":"WebSite","@id":"https:\/\/www.sitsesp.org.br\/novo\/#website","url":"https:\/\/www.sitsesp.org.br\/novo\/","name":"Sitsesp","description":"SIndicato da Socioeduca\u00e7\u00e3o do Estado de S\u00e3o Paulo","publisher":{"@id":"https:\/\/www.sitsesp.org.br\/novo\/#organization"},"potentialAction":[{"@type":"SearchAction","target":{"@type":"EntryPoint","urlTemplate":"https:\/\/www.sitsesp.org.br\/novo\/?s={search_term_string}"},"query-input":"required name=search_term_string"}],"inLanguage":"pt-BR"},{"@type":"Organization","@id":"https:\/\/www.sitsesp.org.br\/novo\/#organization","name":"Sitsesp","url":"https:\/\/www.sitsesp.org.br\/novo\/","logo":{"@type":"ImageObject","inLanguage":"pt-BR","@id":"https:\/\/www.sitsesp.org.br\/novo\/#\/schema\/logo\/image\/","url":"https:\/\/www.sitsesp.org.br\/novo\/wp-content\/uploads\/2020\/09\/Design-sem-nome-1.jpg","contentUrl":"https:\/\/www.sitsesp.org.br\/novo\/wp-content\/uploads\/2020\/09\/Design-sem-nome-1.jpg","width":300,"height":300,"caption":"Sitsesp"},"image":{"@id":"https:\/\/www.sitsesp.org.br\/novo\/#\/schema\/logo\/image\/"}},{"@type":"Person","@id":"https:\/\/www.sitsesp.org.br\/novo\/#\/schema\/person\/28e42eec160f373e81d0183b3643edbf","name":"imprensa","image":{"@type":"ImageObject","inLanguage":"pt-BR","@id":"https:\/\/www.sitsesp.org.br\/novo\/#\/schema\/person\/image\/","url":"https:\/\/secure.gravatar.com\/avatar\/8d6ccd8d7d52b8959f34154e87d3fa29?s=96&d=mm&r=g","contentUrl":"https:\/\/secure.gravatar.com\/avatar\/8d6ccd8d7d52b8959f34154e87d3fa29?s=96&d=mm&r=g","caption":"imprensa"}}]}},"_links":{"self":[{"href":"https:\/\/www.sitsesp.org.br\/novo\/wp-json\/wp\/v2\/posts\/7832"}],"collection":[{"href":"https:\/\/www.sitsesp.org.br\/novo\/wp-json\/wp\/v2\/posts"}],"about":[{"href":"https:\/\/www.sitsesp.org.br\/novo\/wp-json\/wp\/v2\/types\/post"}],"author":[{"embeddable":true,"href":"https:\/\/www.sitsesp.org.br\/novo\/wp-json\/wp\/v2\/users\/5"}],"replies":[{"embeddable":true,"href":"https:\/\/www.sitsesp.org.br\/novo\/wp-json\/wp\/v2\/comments?post=7832"}],"version-history":[{"count":1,"href":"https:\/\/www.sitsesp.org.br\/novo\/wp-json\/wp\/v2\/posts\/7832\/revisions"}],"predecessor-version":[{"id":7838,"href":"https:\/\/www.sitsesp.org.br\/novo\/wp-json\/wp\/v2\/posts\/7832\/revisions\/7838"}],"wp:featuredmedia":[{"embeddable":true,"href":"https:\/\/www.sitsesp.org.br\/novo\/wp-json\/wp\/v2\/media\/7833"}],"wp:attachment":[{"href":"https:\/\/www.sitsesp.org.br\/novo\/wp-json\/wp\/v2\/media?parent=7832"}],"wp:term":[{"taxonomy":"category","embeddable":true,"href":"https:\/\/www.sitsesp.org.br\/novo\/wp-json\/wp\/v2\/categories?post=7832"},{"taxonomy":"post_tag","embeddable":true,"href":"https:\/\/www.sitsesp.org.br\/novo\/wp-json\/wp\/v2\/tags?post=7832"}],"curies":[{"name":"wp","href":"https:\/\/api.w.org\/{rel}","templated":true}]}}