{"id":7887,"date":"2022-01-04T08:18:06","date_gmt":"2022-01-04T11:18:06","guid":{"rendered":"https:\/\/sitsesp.org.br\/novo\/?p=7887"},"modified":"2022-01-04T08:33:49","modified_gmt":"2022-01-04T11:33:49","slug":"sitsesp-fundacao-casa-solta-dois-comunicados-nessa-segunda-feira-03-01-2022","status":"publish","type":"post","link":"https:\/\/www.sitsesp.org.br\/novo\/sitsesp-fundacao-casa-solta-dois-comunicados-nessa-segunda-feira-03-01-2022\/","title":{"rendered":"SITSESP &#8211; FUNDA\u00c7\u00c3O CASA SOLTA DOIS COMUNICADOS NESSA SEGUNDA-FEIRA 03\/01\/2022"},"content":{"rendered":"<p><!-- VideographyWP Plugin Message: Automatic video embedding prevented by plugin options. --><br \/>\nOntem a Funda\u00e7\u00e3o CASA emitiu o comunicado DRH 01\/2022 que estabelece os procedimentos para reembolso do Aux\u00edlio Ber\u00e7\u00e1rio\/Creche e o comunicado DRH 02\/2022 que trata sobre o Plano Odontol\u00f3gico para os dependentes.<br \/>\nLeia na \u00edntegra os comunicados no site do SITSESP.<\/p>\n<a href=\"https:\/\/sitsesp.org.br\/novo\/wp-content\/uploads\/2022\/01\/COMUNICADO-DRH-01-2022-DOCUMENTACAO-REEMBOLSO-DO-AUXILIO-BERCARIO-CRECHE.pdf\" class=\"pdfemb-viewer\" style=\"\" data-width=\"max\" data-height=\"max\" data-toolbar=\"bottom\" data-toolbar-fixed=\"off\">COMUNICADO DRH 01-2022 DOCUMENTA\u00c7\u00c3O REEMBOLSO DO AUX\u00cdLIO BER\u00c7ARIO-CRECHE<\/a>\n<p><a href=\"https:\/\/sitsesp.org.br\/novo\/wp-content\/uploads\/2022\/01\/COMUNICADO-DRH-01-2022-DOCUMENTACAO-REEMBOLSO-DO-AUXILIO-BERCARIO-CRECHE.pdf\">BAIXE AQUI<\/a><\/p>\n<a href=\"https:\/\/sitsesp.org.br\/novo\/wp-content\/uploads\/2022\/01\/COMUNICADO-DRH-02-22-Plano-de-saude-e-odontologico-para-dependentes-Condicao-para-vinculacao-aos-contratos.pdf\" class=\"pdfemb-viewer\" style=\"\" data-width=\"max\" data-height=\"max\" data-toolbar=\"bottom\" data-toolbar-fixed=\"off\">COMUNICADO DRH 02-22 Plano de sa\u00fade e odontol\u00f3gico para dependentes (Condi\u00e7\u00e3o para vincula\u00e7\u00e3o aos contratos)<\/a>\n<p><a href=\"https:\/\/sitsesp.org.br\/novo\/wp-content\/uploads\/2022\/01\/COMUNICADO-DRH-02-22-Plano-de-saude-e-odontologico-para-dependentes-Condicao-para-vinculacao-aos-contratos.pdf\">BAIXE AQUI<\/a><\/p>\n<p>&nbsp;<\/p>\n<p><strong>O SITSESP \u00c9 DE TODOS, PARA TODOS, TRABALHANDO COM TODOS &#8211; SEJA UM FILIADO SITSESP E PARTICIPE DA LUTA<\/strong><\/p>\n","protected":false},"excerpt":{"rendered":"<p>Ontem a Funda\u00e7\u00e3o CASA emitiu o comunicado DRH 01\/2022 que estabelece os procedimentos para reembolso do Aux\u00edlio Ber\u00e7\u00e1rio\/Creche e o comunicado&hellip;<\/p>\n","protected":false},"author":5,"featured_media":7893,"comment_status":"open","ping_status":"open","sticky":false,"template":"","format":"standard","meta":{"cybocfi_hide_featured_image":"","footnotes":""},"categories":[27,22],"tags":[],"yoast_head":"<!-- This site is optimized with the Yoast SEO plugin v22.8 - https:\/\/yoast.com\/wordpress\/plugins\/seo\/ -->\n<title>SITSESP - FUNDA\u00c7\u00c3O CASA SOLTA DOIS COMUNICADOS NESSA SEGUNDA-FEIRA 03\/01\/2022 - SITSESP<\/title>\n<meta name=\"description\" content=\"Ontem a Funda\u00e7\u00e3o CASA emitiu o comunicado DRH 01\/2022 que estabelece os procedimentos para reembolso do Aux\u00edlio Ber\u00e7\u00e1rio\/Creche e o comunicado DRH 02\/2022 que trata sobre o Plano Odontol\u00f3gico para os dependentes. Leia na \u00edntegra os comunicados no site do SITSESP.\" \/>\n<meta name=\"robots\" content=\"index, follow, max-snippet:-1, max-image-preview:large, max-video-preview:-1\" \/>\n<link rel=\"canonical\" href=\"https:\/\/www.sitsesp.org.br\/novo\/sitsesp-fundacao-casa-solta-dois-comunicados-nessa-segunda-feira-03-01-2022\/\" \/>\n<meta property=\"og:locale\" content=\"pt_BR\" \/>\n<meta property=\"og:type\" content=\"article\" \/>\n<meta property=\"og:title\" content=\"SITSESP - FUNDA\u00c7\u00c3O CASA SOLTA DOIS COMUNICADOS NESSA SEGUNDA-FEIRA 03\/01\/2022 - SITSESP\" \/>\n<meta property=\"og:description\" content=\"Ontem a Funda\u00e7\u00e3o CASA emitiu o comunicado DRH 01\/2022 que estabelece os procedimentos para reembolso do Aux\u00edlio Ber\u00e7\u00e1rio\/Creche e o comunicado DRH 02\/2022 que trata sobre o Plano Odontol\u00f3gico para os dependentes. Leia na \u00edntegra os comunicados no site do SITSESP.\" \/>\n<meta property=\"og:url\" content=\"https:\/\/www.sitsesp.org.br\/novo\/sitsesp-fundacao-casa-solta-dois-comunicados-nessa-segunda-feira-03-01-2022\/\" \/>\n<meta property=\"og:site_name\" content=\"SITSESP\" \/>\n<meta property=\"article:published_time\" content=\"2022-01-04T11:18:06+00:00\" \/>\n<meta property=\"article:modified_time\" content=\"2022-01-04T11:33:49+00:00\" \/>\n<meta property=\"og:image\" content=\"https:\/\/www.sitsesp.org.br\/novo\/wp-content\/uploads\/2022\/01\/0401-1.jpg\" \/>\n\t<meta property=\"og:image:width\" content=\"800\" \/>\n\t<meta property=\"og:image:height\" content=\"800\" \/>\n\t<meta property=\"og:image:type\" content=\"image\/jpeg\" \/>\n<meta name=\"author\" content=\"imprensa\" \/>\n<meta name=\"twitter:card\" content=\"summary_large_image\" \/>\n<meta name=\"twitter:label1\" content=\"Escrito por\" \/>\n\t<meta name=\"twitter:data1\" content=\"imprensa\" \/>\n\t<meta name=\"twitter:label2\" content=\"Est. tempo de leitura\" \/>\n\t<meta name=\"twitter:data2\" content=\"1 minuto\" \/>\n<script type=\"application\/ld+json\" class=\"yoast-schema-graph\">{\"@context\":\"https:\/\/schema.org\",\"@graph\":[{\"@type\":\"Article\",\"@id\":\"https:\/\/www.sitsesp.org.br\/novo\/sitsesp-fundacao-casa-solta-dois-comunicados-nessa-segunda-feira-03-01-2022\/#article\",\"isPartOf\":{\"@id\":\"https:\/\/www.sitsesp.org.br\/novo\/sitsesp-fundacao-casa-solta-dois-comunicados-nessa-segunda-feira-03-01-2022\/\"},\"author\":{\"name\":\"imprensa\",\"@id\":\"https:\/\/www.sitsesp.org.br\/novo\/#\/schema\/person\/28e42eec160f373e81d0183b3643edbf\"},\"headline\":\"SITSESP &#8211; FUNDA\u00c7\u00c3O CASA SOLTA DOIS COMUNICADOS NESSA SEGUNDA-FEIRA 03\/01\/2022\",\"datePublished\":\"2022-01-04T11:18:06+00:00\",\"dateModified\":\"2022-01-04T11:33:49+00:00\",\"mainEntityOfPage\":{\"@id\":\"https:\/\/www.sitsesp.org.br\/novo\/sitsesp-fundacao-casa-solta-dois-comunicados-nessa-segunda-feira-03-01-2022\/\"},\"wordCount\":135,\"commentCount\":0,\"publisher\":{\"@id\":\"https:\/\/www.sitsesp.org.br\/novo\/#organization\"},\"image\":{\"@id\":\"https:\/\/www.sitsesp.org.br\/novo\/sitsesp-fundacao-casa-solta-dois-comunicados-nessa-segunda-feira-03-01-2022\/#primaryimage\"},\"thumbnailUrl\":\"https:\/\/www.sitsesp.org.br\/novo\/wp-content\/uploads\/2022\/01\/0401-1.jpg\",\"articleSection\":[\"Destaque\",\"Noticias\"],\"inLanguage\":\"pt-BR\",\"potentialAction\":[{\"@type\":\"CommentAction\",\"name\":\"Comment\",\"target\":[\"https:\/\/www.sitsesp.org.br\/novo\/sitsesp-fundacao-casa-solta-dois-comunicados-nessa-segunda-feira-03-01-2022\/#respond\"]}]},{\"@type\":\"WebPage\",\"@id\":\"https:\/\/www.sitsesp.org.br\/novo\/sitsesp-fundacao-casa-solta-dois-comunicados-nessa-segunda-feira-03-01-2022\/\",\"url\":\"https:\/\/www.sitsesp.org.br\/novo\/sitsesp-fundacao-casa-solta-dois-comunicados-nessa-segunda-feira-03-01-2022\/\",\"name\":\"SITSESP - FUNDA\u00c7\u00c3O CASA SOLTA DOIS COMUNICADOS NESSA SEGUNDA-FEIRA 03\/01\/2022 - SITSESP\",\"isPartOf\":{\"@id\":\"https:\/\/www.sitsesp.org.br\/novo\/#website\"},\"primaryImageOfPage\":{\"@id\":\"https:\/\/www.sitsesp.org.br\/novo\/sitsesp-fundacao-casa-solta-dois-comunicados-nessa-segunda-feira-03-01-2022\/#primaryimage\"},\"image\":{\"@id\":\"https:\/\/www.sitsesp.org.br\/novo\/sitsesp-fundacao-casa-solta-dois-comunicados-nessa-segunda-feira-03-01-2022\/#primaryimage\"},\"thumbnailUrl\":\"https:\/\/www.sitsesp.org.br\/novo\/wp-content\/uploads\/2022\/01\/0401-1.jpg\",\"datePublished\":\"2022-01-04T11:18:06+00:00\",\"dateModified\":\"2022-01-04T11:33:49+00:00\",\"description\":\"Ontem a Funda\u00e7\u00e3o CASA emitiu o comunicado DRH 01\/2022 que estabelece os procedimentos para reembolso do Aux\u00edlio Ber\u00e7\u00e1rio\/Creche e o comunicado DRH 02\/2022 que trata sobre o Plano Odontol\u00f3gico para os dependentes. Leia na \u00edntegra os comunicados no site do SITSESP.\",\"breadcrumb\":{\"@id\":\"https:\/\/www.sitsesp.org.br\/novo\/sitsesp-fundacao-casa-solta-dois-comunicados-nessa-segunda-feira-03-01-2022\/#breadcrumb\"},\"inLanguage\":\"pt-BR\",\"potentialAction\":[{\"@type\":\"ReadAction\",\"target\":[\"https:\/\/www.sitsesp.org.br\/novo\/sitsesp-fundacao-casa-solta-dois-comunicados-nessa-segunda-feira-03-01-2022\/\"]}]},{\"@type\":\"ImageObject\",\"inLanguage\":\"pt-BR\",\"@id\":\"https:\/\/www.sitsesp.org.br\/novo\/sitsesp-fundacao-casa-solta-dois-comunicados-nessa-segunda-feira-03-01-2022\/#primaryimage\",\"url\":\"https:\/\/www.sitsesp.org.br\/novo\/wp-content\/uploads\/2022\/01\/0401-1.jpg\",\"contentUrl\":\"https:\/\/www.sitsesp.org.br\/novo\/wp-content\/uploads\/2022\/01\/0401-1.jpg\",\"width\":800,\"height\":800},{\"@type\":\"BreadcrumbList\",\"@id\":\"https:\/\/www.sitsesp.org.br\/novo\/sitsesp-fundacao-casa-solta-dois-comunicados-nessa-segunda-feira-03-01-2022\/#breadcrumb\",\"itemListElement\":[{\"@type\":\"ListItem\",\"position\":1,\"name\":\"In\u00edcio\",\"item\":\"https:\/\/www.sitsesp.org.br\/novo\/\"},{\"@type\":\"ListItem\",\"position\":2,\"name\":\"SITSESP &#8211; FUNDA\u00c7\u00c3O CASA SOLTA DOIS COMUNICADOS NESSA SEGUNDA-FEIRA 03\/01\/2022\"}]},{\"@type\":\"WebSite\",\"@id\":\"https:\/\/www.sitsesp.org.br\/novo\/#website\",\"url\":\"https:\/\/www.sitsesp.org.br\/novo\/\",\"name\":\"Sitsesp\",\"description\":\"SIndicato da Socioeduca\u00e7\u00e3o do Estado de S\u00e3o Paulo\",\"publisher\":{\"@id\":\"https:\/\/www.sitsesp.org.br\/novo\/#organization\"},\"potentialAction\":[{\"@type\":\"SearchAction\",\"target\":{\"@type\":\"EntryPoint\",\"urlTemplate\":\"https:\/\/www.sitsesp.org.br\/novo\/?s={search_term_string}\"},\"query-input\":\"required name=search_term_string\"}],\"inLanguage\":\"pt-BR\"},{\"@type\":\"Organization\",\"@id\":\"https:\/\/www.sitsesp.org.br\/novo\/#organization\",\"name\":\"Sitsesp\",\"url\":\"https:\/\/www.sitsesp.org.br\/novo\/\",\"logo\":{\"@type\":\"ImageObject\",\"inLanguage\":\"pt-BR\",\"@id\":\"https:\/\/www.sitsesp.org.br\/novo\/#\/schema\/logo\/image\/\",\"url\":\"https:\/\/www.sitsesp.org.br\/novo\/wp-content\/uploads\/2020\/09\/Design-sem-nome-1.jpg\",\"contentUrl\":\"https:\/\/www.sitsesp.org.br\/novo\/wp-content\/uploads\/2020\/09\/Design-sem-nome-1.jpg\",\"width\":300,\"height\":300,\"caption\":\"Sitsesp\"},\"image\":{\"@id\":\"https:\/\/www.sitsesp.org.br\/novo\/#\/schema\/logo\/image\/\"}},{\"@type\":\"Person\",\"@id\":\"https:\/\/www.sitsesp.org.br\/novo\/#\/schema\/person\/28e42eec160f373e81d0183b3643edbf\",\"name\":\"imprensa\",\"image\":{\"@type\":\"ImageObject\",\"inLanguage\":\"pt-BR\",\"@id\":\"https:\/\/www.sitsesp.org.br\/novo\/#\/schema\/person\/image\/\",\"url\":\"https:\/\/secure.gravatar.com\/avatar\/8d6ccd8d7d52b8959f34154e87d3fa29?s=96&d=mm&r=g\",\"contentUrl\":\"https:\/\/secure.gravatar.com\/avatar\/8d6ccd8d7d52b8959f34154e87d3fa29?s=96&d=mm&r=g\",\"caption\":\"imprensa\"}}]}<\/script>\n<!-- \/ Yoast SEO plugin. -->","yoast_head_json":{"title":"SITSESP - FUNDA\u00c7\u00c3O CASA SOLTA DOIS COMUNICADOS NESSA SEGUNDA-FEIRA 03\/01\/2022 - SITSESP","description":"Ontem a Funda\u00e7\u00e3o CASA emitiu o comunicado DRH 01\/2022 que estabelece os procedimentos para reembolso do Aux\u00edlio Ber\u00e7\u00e1rio\/Creche e o comunicado DRH 02\/2022 que trata sobre o Plano Odontol\u00f3gico para os dependentes. Leia na \u00edntegra os comunicados no site do SITSESP.","robots":{"index":"index","follow":"follow","max-snippet":"max-snippet:-1","max-image-preview":"max-image-preview:large","max-video-preview":"max-video-preview:-1"},"canonical":"https:\/\/www.sitsesp.org.br\/novo\/sitsesp-fundacao-casa-solta-dois-comunicados-nessa-segunda-feira-03-01-2022\/","og_locale":"pt_BR","og_type":"article","og_title":"SITSESP - FUNDA\u00c7\u00c3O CASA SOLTA DOIS COMUNICADOS NESSA SEGUNDA-FEIRA 03\/01\/2022 - SITSESP","og_description":"Ontem a Funda\u00e7\u00e3o CASA emitiu o comunicado DRH 01\/2022 que estabelece os procedimentos para reembolso do Aux\u00edlio Ber\u00e7\u00e1rio\/Creche e o comunicado DRH 02\/2022 que trata sobre o Plano Odontol\u00f3gico para os dependentes. Leia na \u00edntegra os comunicados no site do SITSESP.","og_url":"https:\/\/www.sitsesp.org.br\/novo\/sitsesp-fundacao-casa-solta-dois-comunicados-nessa-segunda-feira-03-01-2022\/","og_site_name":"SITSESP","article_published_time":"2022-01-04T11:18:06+00:00","article_modified_time":"2022-01-04T11:33:49+00:00","og_image":[{"width":800,"height":800,"url":"https:\/\/www.sitsesp.org.br\/novo\/wp-content\/uploads\/2022\/01\/0401-1.jpg","type":"image\/jpeg"}],"author":"imprensa","twitter_card":"summary_large_image","twitter_misc":{"Escrito por":"imprensa","Est. tempo de leitura":"1 minuto"},"schema":{"@context":"https:\/\/schema.org","@graph":[{"@type":"Article","@id":"https:\/\/www.sitsesp.org.br\/novo\/sitsesp-fundacao-casa-solta-dois-comunicados-nessa-segunda-feira-03-01-2022\/#article","isPartOf":{"@id":"https:\/\/www.sitsesp.org.br\/novo\/sitsesp-fundacao-casa-solta-dois-comunicados-nessa-segunda-feira-03-01-2022\/"},"author":{"name":"imprensa","@id":"https:\/\/www.sitsesp.org.br\/novo\/#\/schema\/person\/28e42eec160f373e81d0183b3643edbf"},"headline":"SITSESP &#8211; FUNDA\u00c7\u00c3O CASA SOLTA DOIS COMUNICADOS NESSA SEGUNDA-FEIRA 03\/01\/2022","datePublished":"2022-01-04T11:18:06+00:00","dateModified":"2022-01-04T11:33:49+00:00","mainEntityOfPage":{"@id":"https:\/\/www.sitsesp.org.br\/novo\/sitsesp-fundacao-casa-solta-dois-comunicados-nessa-segunda-feira-03-01-2022\/"},"wordCount":135,"commentCount":0,"publisher":{"@id":"https:\/\/www.sitsesp.org.br\/novo\/#organization"},"image":{"@id":"https:\/\/www.sitsesp.org.br\/novo\/sitsesp-fundacao-casa-solta-dois-comunicados-nessa-segunda-feira-03-01-2022\/#primaryimage"},"thumbnailUrl":"https:\/\/www.sitsesp.org.br\/novo\/wp-content\/uploads\/2022\/01\/0401-1.jpg","articleSection":["Destaque","Noticias"],"inLanguage":"pt-BR","potentialAction":[{"@type":"CommentAction","name":"Comment","target":["https:\/\/www.sitsesp.org.br\/novo\/sitsesp-fundacao-casa-solta-dois-comunicados-nessa-segunda-feira-03-01-2022\/#respond"]}]},{"@type":"WebPage","@id":"https:\/\/www.sitsesp.org.br\/novo\/sitsesp-fundacao-casa-solta-dois-comunicados-nessa-segunda-feira-03-01-2022\/","url":"https:\/\/www.sitsesp.org.br\/novo\/sitsesp-fundacao-casa-solta-dois-comunicados-nessa-segunda-feira-03-01-2022\/","name":"SITSESP - FUNDA\u00c7\u00c3O CASA SOLTA DOIS COMUNICADOS NESSA SEGUNDA-FEIRA 03\/01\/2022 - SITSESP","isPartOf":{"@id":"https:\/\/www.sitsesp.org.br\/novo\/#website"},"primaryImageOfPage":{"@id":"https:\/\/www.sitsesp.org.br\/novo\/sitsesp-fundacao-casa-solta-dois-comunicados-nessa-segunda-feira-03-01-2022\/#primaryimage"},"image":{"@id":"https:\/\/www.sitsesp.org.br\/novo\/sitsesp-fundacao-casa-solta-dois-comunicados-nessa-segunda-feira-03-01-2022\/#primaryimage"},"thumbnailUrl":"https:\/\/www.sitsesp.org.br\/novo\/wp-content\/uploads\/2022\/01\/0401-1.jpg","datePublished":"2022-01-04T11:18:06+00:00","dateModified":"2022-01-04T11:33:49+00:00","description":"Ontem a Funda\u00e7\u00e3o CASA emitiu o comunicado DRH 01\/2022 que estabelece os procedimentos para reembolso do Aux\u00edlio Ber\u00e7\u00e1rio\/Creche e o comunicado DRH 02\/2022 que trata sobre o Plano Odontol\u00f3gico para os dependentes. Leia na \u00edntegra os comunicados no site do SITSESP.","breadcrumb":{"@id":"https:\/\/www.sitsesp.org.br\/novo\/sitsesp-fundacao-casa-solta-dois-comunicados-nessa-segunda-feira-03-01-2022\/#breadcrumb"},"inLanguage":"pt-BR","potentialAction":[{"@type":"ReadAction","target":["https:\/\/www.sitsesp.org.br\/novo\/sitsesp-fundacao-casa-solta-dois-comunicados-nessa-segunda-feira-03-01-2022\/"]}]},{"@type":"ImageObject","inLanguage":"pt-BR","@id":"https:\/\/www.sitsesp.org.br\/novo\/sitsesp-fundacao-casa-solta-dois-comunicados-nessa-segunda-feira-03-01-2022\/#primaryimage","url":"https:\/\/www.sitsesp.org.br\/novo\/wp-content\/uploads\/2022\/01\/0401-1.jpg","contentUrl":"https:\/\/www.sitsesp.org.br\/novo\/wp-content\/uploads\/2022\/01\/0401-1.jpg","width":800,"height":800},{"@type":"BreadcrumbList","@id":"https:\/\/www.sitsesp.org.br\/novo\/sitsesp-fundacao-casa-solta-dois-comunicados-nessa-segunda-feira-03-01-2022\/#breadcrumb","itemListElement":[{"@type":"ListItem","position":1,"name":"In\u00edcio","item":"https:\/\/www.sitsesp.org.br\/novo\/"},{"@type":"ListItem","position":2,"name":"SITSESP &#8211; FUNDA\u00c7\u00c3O CASA SOLTA DOIS COMUNICADOS NESSA SEGUNDA-FEIRA 03\/01\/2022"}]},{"@type":"WebSite","@id":"https:\/\/www.sitsesp.org.br\/novo\/#website","url":"https:\/\/www.sitsesp.org.br\/novo\/","name":"Sitsesp","description":"SIndicato da Socioeduca\u00e7\u00e3o do Estado de S\u00e3o Paulo","publisher":{"@id":"https:\/\/www.sitsesp.org.br\/novo\/#organization"},"potentialAction":[{"@type":"SearchAction","target":{"@type":"EntryPoint","urlTemplate":"https:\/\/www.sitsesp.org.br\/novo\/?s={search_term_string}"},"query-input":"required name=search_term_string"}],"inLanguage":"pt-BR"},{"@type":"Organization","@id":"https:\/\/www.sitsesp.org.br\/novo\/#organization","name":"Sitsesp","url":"https:\/\/www.sitsesp.org.br\/novo\/","logo":{"@type":"ImageObject","inLanguage":"pt-BR","@id":"https:\/\/www.sitsesp.org.br\/novo\/#\/schema\/logo\/image\/","url":"https:\/\/www.sitsesp.org.br\/novo\/wp-content\/uploads\/2020\/09\/Design-sem-nome-1.jpg","contentUrl":"https:\/\/www.sitsesp.org.br\/novo\/wp-content\/uploads\/2020\/09\/Design-sem-nome-1.jpg","width":300,"height":300,"caption":"Sitsesp"},"image":{"@id":"https:\/\/www.sitsesp.org.br\/novo\/#\/schema\/logo\/image\/"}},{"@type":"Person","@id":"https:\/\/www.sitsesp.org.br\/novo\/#\/schema\/person\/28e42eec160f373e81d0183b3643edbf","name":"imprensa","image":{"@type":"ImageObject","inLanguage":"pt-BR","@id":"https:\/\/www.sitsesp.org.br\/novo\/#\/schema\/person\/image\/","url":"https:\/\/secure.gravatar.com\/avatar\/8d6ccd8d7d52b8959f34154e87d3fa29?s=96&d=mm&r=g","contentUrl":"https:\/\/secure.gravatar.com\/avatar\/8d6ccd8d7d52b8959f34154e87d3fa29?s=96&d=mm&r=g","caption":"imprensa"}}]}},"_links":{"self":[{"href":"https:\/\/www.sitsesp.org.br\/novo\/wp-json\/wp\/v2\/posts\/7887"}],"collection":[{"href":"https:\/\/www.sitsesp.org.br\/novo\/wp-json\/wp\/v2\/posts"}],"about":[{"href":"https:\/\/www.sitsesp.org.br\/novo\/wp-json\/wp\/v2\/types\/post"}],"author":[{"embeddable":true,"href":"https:\/\/www.sitsesp.org.br\/novo\/wp-json\/wp\/v2\/users\/5"}],"replies":[{"embeddable":true,"href":"https:\/\/www.sitsesp.org.br\/novo\/wp-json\/wp\/v2\/comments?post=7887"}],"version-history":[{"count":3,"href":"https:\/\/www.sitsesp.org.br\/novo\/wp-json\/wp\/v2\/posts\/7887\/revisions"}],"predecessor-version":[{"id":7892,"href":"https:\/\/www.sitsesp.org.br\/novo\/wp-json\/wp\/v2\/posts\/7887\/revisions\/7892"}],"wp:featuredmedia":[{"embeddable":true,"href":"https:\/\/www.sitsesp.org.br\/novo\/wp-json\/wp\/v2\/media\/7893"}],"wp:attachment":[{"href":"https:\/\/www.sitsesp.org.br\/novo\/wp-json\/wp\/v2\/media?parent=7887"}],"wp:term":[{"taxonomy":"category","embeddable":true,"href":"https:\/\/www.sitsesp.org.br\/novo\/wp-json\/wp\/v2\/categories?post=7887"},{"taxonomy":"post_tag","embeddable":true,"href":"https:\/\/www.sitsesp.org.br\/novo\/wp-json\/wp\/v2\/tags?post=7887"}],"curies":[{"name":"wp","href":"https:\/\/api.w.org\/{rel}","templated":true}]}}