{"id":7902,"date":"2022-01-05T10:53:45","date_gmt":"2022-01-05T13:53:45","guid":{"rendered":"https:\/\/sitsesp.org.br\/novo\/?p=7902"},"modified":"2022-01-05T10:53:45","modified_gmt":"2022-01-05T13:53:45","slug":"sitsesp-presidente-da-fundacao-casa-oficializa-por-portaria-aquilo-que-ja-acontecia","status":"publish","type":"post","link":"https:\/\/www.sitsesp.org.br\/novo\/sitsesp-presidente-da-fundacao-casa-oficializa-por-portaria-aquilo-que-ja-acontecia\/","title":{"rendered":"SITSESP &#8211; PRESIDENTE DA FUNDA\u00c7\u00c3O CASA OFICIALIZA POR PORTARIA AQUILO QUE J\u00c1 ACONTECIA"},"content":{"rendered":"<p><!-- VideographyWP Plugin Message: Automatic video embedding prevented by plugin options. --><br \/>\nPresidente da Funda\u00e7\u00e3o CASA, Fernando Jos\u00e9 da Costa, oficializou, por meio da Portaria Normativa n\u00b0 380\/2022 publicada dia 04 de janeiro de 2022, o uso de aparelhos celulares dentro das depend\u00eancias dos Centros de socioeduca\u00e7\u00e3o da Funda\u00e7\u00e3o CASA pelos gestores.<\/p>\n<p>Ele apenas normatizou aquilo que j\u00e1 acontecia.<br \/>\nA \u00fanica diferen\u00e7a \u00e9 que agora, por Portaria, ele fala em responsabilizar aqueles que fizerem o uso indevido dos aparelhos, estando sujeitos a terem esse direito cessado pela chefia imediata.<\/p>\n<p>O que seria o uso indevido do aparelho? Abrir redes sociais para os adolescentes acompanharem seus perfis? Mostrar v\u00eddeos impr\u00f3prios? Fazer contatos com familiares e pessoas pr\u00f3ximas? Planejar atos que ir\u00e3o mais uma vez colocar a seguran\u00e7a em risco? Fazer selfie com adolescentes e enviar para as redes?<\/p>\n<p>Sabemos que essas perguntas nada mais s\u00e3o que fatos j\u00e1 ocorridos dentro dos Centros em diversas regionais, antes mesmo do presidente oficializar, por portaria, essa altera\u00e7\u00e3o do artigo 18 da PN n\u00b0 315\/2018.<br \/>\nCom certeza acontecer\u00e3o com maior frequ\u00eancia a partir de agora.<\/p>\n<p>O SITSESP, atrav\u00e9s de seus delegados, diretores regionais e departamento jur\u00eddico, estar\u00e1 monitorando esta Portaria e responsabilizar\u00e1, tamb\u00e9m, o presidente Fernando Jos\u00e9 da Costa por mais essa trucul\u00eancia contra os servidores da seguran\u00e7a nos Centros, pois \u00e9 nesses servidores que a bomba sempre estoura.<br \/>\nSITSESP em a\u00e7\u00e3o!<\/p>\n<a href=\"https:\/\/sitsesp.org.br\/novo\/wp-content\/uploads\/2022\/01\/PN-380-22-Altera-\u00a71o-do-artigo-18-da-PN-315-2018-Normas-Tecnicas-de-Seguranca-2.pdf\" class=\"pdfemb-viewer\" style=\"\" data-width=\"max\" data-height=\"max\" data-toolbar=\"bottom\" data-toolbar-fixed=\"off\">PN 380-22 Altera \u00a71\u00ba do artigo 18 da PN 315-2018 Normas T\u00e9cnicas de Seguran\u00e7a (2)<\/a>\n<p><a href=\"https:\/\/sitsesp.org.br\/novo\/wp-content\/uploads\/2022\/01\/PN-380-22-Altera-\u00a71o-do-artigo-18-da-PN-315-2018-Normas-Tecnicas-de-Seguranca-2.pdf\">BAIXE AQUI<\/a><\/p>\n<p>O SITSESP \u00c9 DE TODOS, PARA TODOS, TRABALHANDO COM TODOS &#8211; SEJA UM FILIADO SITSESP E PARTICIPE DA LUTA<\/p>\n","protected":false},"excerpt":{"rendered":"<p>Presidente da Funda\u00e7\u00e3o CASA, Fernando Jos\u00e9 da Costa, oficializou, por meio da Portaria Normativa n\u00b0 380\/2022 publicada dia 04 de janeiro&hellip;<\/p>\n","protected":false},"author":5,"featured_media":7904,"comment_status":"open","ping_status":"open","sticky":false,"template":"","format":"standard","meta":{"cybocfi_hide_featured_image":"","footnotes":""},"categories":[27,22],"tags":[],"yoast_head":"<!-- This site is optimized with the Yoast SEO plugin v22.8 - https:\/\/yoast.com\/wordpress\/plugins\/seo\/ -->\n<title>SITSESP - PRESIDENTE DA FUNDA\u00c7\u00c3O CASA OFICIALIZA POR PORTARIA AQUILO QUE J\u00c1 ACONTECIA - SITSESP<\/title>\n<meta name=\"robots\" content=\"index, follow, max-snippet:-1, max-image-preview:large, max-video-preview:-1\" \/>\n<link rel=\"canonical\" href=\"https:\/\/www.sitsesp.org.br\/novo\/sitsesp-presidente-da-fundacao-casa-oficializa-por-portaria-aquilo-que-ja-acontecia\/\" \/>\n<meta property=\"og:locale\" content=\"pt_BR\" \/>\n<meta property=\"og:type\" content=\"article\" \/>\n<meta property=\"og:title\" content=\"SITSESP - PRESIDENTE DA FUNDA\u00c7\u00c3O CASA OFICIALIZA POR PORTARIA AQUILO QUE J\u00c1 ACONTECIA - SITSESP\" \/>\n<meta property=\"og:description\" content=\"Presidente da Funda\u00e7\u00e3o CASA, Fernando Jos\u00e9 da Costa, oficializou, por meio da Portaria Normativa n\u00b0 380\/2022 publicada dia 04 de janeiro&hellip;\" \/>\n<meta property=\"og:url\" content=\"https:\/\/www.sitsesp.org.br\/novo\/sitsesp-presidente-da-fundacao-casa-oficializa-por-portaria-aquilo-que-ja-acontecia\/\" \/>\n<meta property=\"og:site_name\" content=\"SITSESP\" \/>\n<meta property=\"article:published_time\" content=\"2022-01-05T13:53:45+00:00\" \/>\n<meta property=\"og:image\" content=\"https:\/\/www.sitsesp.org.br\/novo\/wp-content\/uploads\/2022\/01\/0501b.jpg\" \/>\n\t<meta property=\"og:image:width\" content=\"800\" \/>\n\t<meta property=\"og:image:height\" content=\"800\" \/>\n\t<meta property=\"og:image:type\" content=\"image\/jpeg\" \/>\n<meta name=\"author\" content=\"imprensa\" \/>\n<meta name=\"twitter:card\" content=\"summary_large_image\" \/>\n<meta name=\"twitter:label1\" content=\"Escrito por\" \/>\n\t<meta name=\"twitter:data1\" content=\"imprensa\" \/>\n\t<meta name=\"twitter:label2\" content=\"Est. tempo de leitura\" \/>\n\t<meta name=\"twitter:data2\" content=\"2 minutos\" \/>\n<script type=\"application\/ld+json\" class=\"yoast-schema-graph\">{\"@context\":\"https:\/\/schema.org\",\"@graph\":[{\"@type\":\"Article\",\"@id\":\"https:\/\/www.sitsesp.org.br\/novo\/sitsesp-presidente-da-fundacao-casa-oficializa-por-portaria-aquilo-que-ja-acontecia\/#article\",\"isPartOf\":{\"@id\":\"https:\/\/www.sitsesp.org.br\/novo\/sitsesp-presidente-da-fundacao-casa-oficializa-por-portaria-aquilo-que-ja-acontecia\/\"},\"author\":{\"name\":\"imprensa\",\"@id\":\"https:\/\/www.sitsesp.org.br\/novo\/#\/schema\/person\/28e42eec160f373e81d0183b3643edbf\"},\"headline\":\"SITSESP &#8211; PRESIDENTE DA FUNDA\u00c7\u00c3O CASA OFICIALIZA POR PORTARIA AQUILO QUE J\u00c1 ACONTECIA\",\"datePublished\":\"2022-01-05T13:53:45+00:00\",\"dateModified\":\"2022-01-05T13:53:45+00:00\",\"mainEntityOfPage\":{\"@id\":\"https:\/\/www.sitsesp.org.br\/novo\/sitsesp-presidente-da-fundacao-casa-oficializa-por-portaria-aquilo-que-ja-acontecia\/\"},\"wordCount\":294,\"commentCount\":0,\"publisher\":{\"@id\":\"https:\/\/www.sitsesp.org.br\/novo\/#organization\"},\"image\":{\"@id\":\"https:\/\/www.sitsesp.org.br\/novo\/sitsesp-presidente-da-fundacao-casa-oficializa-por-portaria-aquilo-que-ja-acontecia\/#primaryimage\"},\"thumbnailUrl\":\"https:\/\/www.sitsesp.org.br\/novo\/wp-content\/uploads\/2022\/01\/0501b.jpg\",\"articleSection\":[\"Destaque\",\"Noticias\"],\"inLanguage\":\"pt-BR\",\"potentialAction\":[{\"@type\":\"CommentAction\",\"name\":\"Comment\",\"target\":[\"https:\/\/www.sitsesp.org.br\/novo\/sitsesp-presidente-da-fundacao-casa-oficializa-por-portaria-aquilo-que-ja-acontecia\/#respond\"]}]},{\"@type\":\"WebPage\",\"@id\":\"https:\/\/www.sitsesp.org.br\/novo\/sitsesp-presidente-da-fundacao-casa-oficializa-por-portaria-aquilo-que-ja-acontecia\/\",\"url\":\"https:\/\/www.sitsesp.org.br\/novo\/sitsesp-presidente-da-fundacao-casa-oficializa-por-portaria-aquilo-que-ja-acontecia\/\",\"name\":\"SITSESP - PRESIDENTE DA FUNDA\u00c7\u00c3O CASA OFICIALIZA POR PORTARIA AQUILO QUE J\u00c1 ACONTECIA - SITSESP\",\"isPartOf\":{\"@id\":\"https:\/\/www.sitsesp.org.br\/novo\/#website\"},\"primaryImageOfPage\":{\"@id\":\"https:\/\/www.sitsesp.org.br\/novo\/sitsesp-presidente-da-fundacao-casa-oficializa-por-portaria-aquilo-que-ja-acontecia\/#primaryimage\"},\"image\":{\"@id\":\"https:\/\/www.sitsesp.org.br\/novo\/sitsesp-presidente-da-fundacao-casa-oficializa-por-portaria-aquilo-que-ja-acontecia\/#primaryimage\"},\"thumbnailUrl\":\"https:\/\/www.sitsesp.org.br\/novo\/wp-content\/uploads\/2022\/01\/0501b.jpg\",\"datePublished\":\"2022-01-05T13:53:45+00:00\",\"dateModified\":\"2022-01-05T13:53:45+00:00\",\"breadcrumb\":{\"@id\":\"https:\/\/www.sitsesp.org.br\/novo\/sitsesp-presidente-da-fundacao-casa-oficializa-por-portaria-aquilo-que-ja-acontecia\/#breadcrumb\"},\"inLanguage\":\"pt-BR\",\"potentialAction\":[{\"@type\":\"ReadAction\",\"target\":[\"https:\/\/www.sitsesp.org.br\/novo\/sitsesp-presidente-da-fundacao-casa-oficializa-por-portaria-aquilo-que-ja-acontecia\/\"]}]},{\"@type\":\"ImageObject\",\"inLanguage\":\"pt-BR\",\"@id\":\"https:\/\/www.sitsesp.org.br\/novo\/sitsesp-presidente-da-fundacao-casa-oficializa-por-portaria-aquilo-que-ja-acontecia\/#primaryimage\",\"url\":\"https:\/\/www.sitsesp.org.br\/novo\/wp-content\/uploads\/2022\/01\/0501b.jpg\",\"contentUrl\":\"https:\/\/www.sitsesp.org.br\/novo\/wp-content\/uploads\/2022\/01\/0501b.jpg\",\"width\":800,\"height\":800},{\"@type\":\"BreadcrumbList\",\"@id\":\"https:\/\/www.sitsesp.org.br\/novo\/sitsesp-presidente-da-fundacao-casa-oficializa-por-portaria-aquilo-que-ja-acontecia\/#breadcrumb\",\"itemListElement\":[{\"@type\":\"ListItem\",\"position\":1,\"name\":\"In\u00edcio\",\"item\":\"https:\/\/www.sitsesp.org.br\/novo\/\"},{\"@type\":\"ListItem\",\"position\":2,\"name\":\"SITSESP &#8211; PRESIDENTE DA FUNDA\u00c7\u00c3O CASA OFICIALIZA POR PORTARIA AQUILO QUE J\u00c1 ACONTECIA\"}]},{\"@type\":\"WebSite\",\"@id\":\"https:\/\/www.sitsesp.org.br\/novo\/#website\",\"url\":\"https:\/\/www.sitsesp.org.br\/novo\/\",\"name\":\"Sitsesp\",\"description\":\"SIndicato da Socioeduca\u00e7\u00e3o do Estado de S\u00e3o Paulo\",\"publisher\":{\"@id\":\"https:\/\/www.sitsesp.org.br\/novo\/#organization\"},\"potentialAction\":[{\"@type\":\"SearchAction\",\"target\":{\"@type\":\"EntryPoint\",\"urlTemplate\":\"https:\/\/www.sitsesp.org.br\/novo\/?s={search_term_string}\"},\"query-input\":\"required name=search_term_string\"}],\"inLanguage\":\"pt-BR\"},{\"@type\":\"Organization\",\"@id\":\"https:\/\/www.sitsesp.org.br\/novo\/#organization\",\"name\":\"Sitsesp\",\"url\":\"https:\/\/www.sitsesp.org.br\/novo\/\",\"logo\":{\"@type\":\"ImageObject\",\"inLanguage\":\"pt-BR\",\"@id\":\"https:\/\/www.sitsesp.org.br\/novo\/#\/schema\/logo\/image\/\",\"url\":\"https:\/\/www.sitsesp.org.br\/novo\/wp-content\/uploads\/2020\/09\/Design-sem-nome-1.jpg\",\"contentUrl\":\"https:\/\/www.sitsesp.org.br\/novo\/wp-content\/uploads\/2020\/09\/Design-sem-nome-1.jpg\",\"width\":300,\"height\":300,\"caption\":\"Sitsesp\"},\"image\":{\"@id\":\"https:\/\/www.sitsesp.org.br\/novo\/#\/schema\/logo\/image\/\"}},{\"@type\":\"Person\",\"@id\":\"https:\/\/www.sitsesp.org.br\/novo\/#\/schema\/person\/28e42eec160f373e81d0183b3643edbf\",\"name\":\"imprensa\",\"image\":{\"@type\":\"ImageObject\",\"inLanguage\":\"pt-BR\",\"@id\":\"https:\/\/www.sitsesp.org.br\/novo\/#\/schema\/person\/image\/\",\"url\":\"https:\/\/secure.gravatar.com\/avatar\/8d6ccd8d7d52b8959f34154e87d3fa29?s=96&d=mm&r=g\",\"contentUrl\":\"https:\/\/secure.gravatar.com\/avatar\/8d6ccd8d7d52b8959f34154e87d3fa29?s=96&d=mm&r=g\",\"caption\":\"imprensa\"}}]}<\/script>\n<!-- \/ Yoast SEO plugin. -->","yoast_head_json":{"title":"SITSESP - PRESIDENTE DA FUNDA\u00c7\u00c3O CASA OFICIALIZA POR PORTARIA AQUILO QUE J\u00c1 ACONTECIA - SITSESP","robots":{"index":"index","follow":"follow","max-snippet":"max-snippet:-1","max-image-preview":"max-image-preview:large","max-video-preview":"max-video-preview:-1"},"canonical":"https:\/\/www.sitsesp.org.br\/novo\/sitsesp-presidente-da-fundacao-casa-oficializa-por-portaria-aquilo-que-ja-acontecia\/","og_locale":"pt_BR","og_type":"article","og_title":"SITSESP - PRESIDENTE DA FUNDA\u00c7\u00c3O CASA OFICIALIZA POR PORTARIA AQUILO QUE J\u00c1 ACONTECIA - SITSESP","og_description":"Presidente da Funda\u00e7\u00e3o CASA, Fernando Jos\u00e9 da Costa, oficializou, por meio da Portaria Normativa n\u00b0 380\/2022 publicada dia 04 de janeiro&hellip;","og_url":"https:\/\/www.sitsesp.org.br\/novo\/sitsesp-presidente-da-fundacao-casa-oficializa-por-portaria-aquilo-que-ja-acontecia\/","og_site_name":"SITSESP","article_published_time":"2022-01-05T13:53:45+00:00","og_image":[{"width":800,"height":800,"url":"https:\/\/www.sitsesp.org.br\/novo\/wp-content\/uploads\/2022\/01\/0501b.jpg","type":"image\/jpeg"}],"author":"imprensa","twitter_card":"summary_large_image","twitter_misc":{"Escrito por":"imprensa","Est. tempo de leitura":"2 minutos"},"schema":{"@context":"https:\/\/schema.org","@graph":[{"@type":"Article","@id":"https:\/\/www.sitsesp.org.br\/novo\/sitsesp-presidente-da-fundacao-casa-oficializa-por-portaria-aquilo-que-ja-acontecia\/#article","isPartOf":{"@id":"https:\/\/www.sitsesp.org.br\/novo\/sitsesp-presidente-da-fundacao-casa-oficializa-por-portaria-aquilo-que-ja-acontecia\/"},"author":{"name":"imprensa","@id":"https:\/\/www.sitsesp.org.br\/novo\/#\/schema\/person\/28e42eec160f373e81d0183b3643edbf"},"headline":"SITSESP &#8211; PRESIDENTE DA FUNDA\u00c7\u00c3O CASA OFICIALIZA POR PORTARIA AQUILO QUE J\u00c1 ACONTECIA","datePublished":"2022-01-05T13:53:45+00:00","dateModified":"2022-01-05T13:53:45+00:00","mainEntityOfPage":{"@id":"https:\/\/www.sitsesp.org.br\/novo\/sitsesp-presidente-da-fundacao-casa-oficializa-por-portaria-aquilo-que-ja-acontecia\/"},"wordCount":294,"commentCount":0,"publisher":{"@id":"https:\/\/www.sitsesp.org.br\/novo\/#organization"},"image":{"@id":"https:\/\/www.sitsesp.org.br\/novo\/sitsesp-presidente-da-fundacao-casa-oficializa-por-portaria-aquilo-que-ja-acontecia\/#primaryimage"},"thumbnailUrl":"https:\/\/www.sitsesp.org.br\/novo\/wp-content\/uploads\/2022\/01\/0501b.jpg","articleSection":["Destaque","Noticias"],"inLanguage":"pt-BR","potentialAction":[{"@type":"CommentAction","name":"Comment","target":["https:\/\/www.sitsesp.org.br\/novo\/sitsesp-presidente-da-fundacao-casa-oficializa-por-portaria-aquilo-que-ja-acontecia\/#respond"]}]},{"@type":"WebPage","@id":"https:\/\/www.sitsesp.org.br\/novo\/sitsesp-presidente-da-fundacao-casa-oficializa-por-portaria-aquilo-que-ja-acontecia\/","url":"https:\/\/www.sitsesp.org.br\/novo\/sitsesp-presidente-da-fundacao-casa-oficializa-por-portaria-aquilo-que-ja-acontecia\/","name":"SITSESP - PRESIDENTE DA FUNDA\u00c7\u00c3O CASA OFICIALIZA POR PORTARIA AQUILO QUE J\u00c1 ACONTECIA - SITSESP","isPartOf":{"@id":"https:\/\/www.sitsesp.org.br\/novo\/#website"},"primaryImageOfPage":{"@id":"https:\/\/www.sitsesp.org.br\/novo\/sitsesp-presidente-da-fundacao-casa-oficializa-por-portaria-aquilo-que-ja-acontecia\/#primaryimage"},"image":{"@id":"https:\/\/www.sitsesp.org.br\/novo\/sitsesp-presidente-da-fundacao-casa-oficializa-por-portaria-aquilo-que-ja-acontecia\/#primaryimage"},"thumbnailUrl":"https:\/\/www.sitsesp.org.br\/novo\/wp-content\/uploads\/2022\/01\/0501b.jpg","datePublished":"2022-01-05T13:53:45+00:00","dateModified":"2022-01-05T13:53:45+00:00","breadcrumb":{"@id":"https:\/\/www.sitsesp.org.br\/novo\/sitsesp-presidente-da-fundacao-casa-oficializa-por-portaria-aquilo-que-ja-acontecia\/#breadcrumb"},"inLanguage":"pt-BR","potentialAction":[{"@type":"ReadAction","target":["https:\/\/www.sitsesp.org.br\/novo\/sitsesp-presidente-da-fundacao-casa-oficializa-por-portaria-aquilo-que-ja-acontecia\/"]}]},{"@type":"ImageObject","inLanguage":"pt-BR","@id":"https:\/\/www.sitsesp.org.br\/novo\/sitsesp-presidente-da-fundacao-casa-oficializa-por-portaria-aquilo-que-ja-acontecia\/#primaryimage","url":"https:\/\/www.sitsesp.org.br\/novo\/wp-content\/uploads\/2022\/01\/0501b.jpg","contentUrl":"https:\/\/www.sitsesp.org.br\/novo\/wp-content\/uploads\/2022\/01\/0501b.jpg","width":800,"height":800},{"@type":"BreadcrumbList","@id":"https:\/\/www.sitsesp.org.br\/novo\/sitsesp-presidente-da-fundacao-casa-oficializa-por-portaria-aquilo-que-ja-acontecia\/#breadcrumb","itemListElement":[{"@type":"ListItem","position":1,"name":"In\u00edcio","item":"https:\/\/www.sitsesp.org.br\/novo\/"},{"@type":"ListItem","position":2,"name":"SITSESP &#8211; PRESIDENTE DA FUNDA\u00c7\u00c3O CASA OFICIALIZA POR PORTARIA AQUILO QUE J\u00c1 ACONTECIA"}]},{"@type":"WebSite","@id":"https:\/\/www.sitsesp.org.br\/novo\/#website","url":"https:\/\/www.sitsesp.org.br\/novo\/","name":"Sitsesp","description":"SIndicato da Socioeduca\u00e7\u00e3o do Estado de S\u00e3o Paulo","publisher":{"@id":"https:\/\/www.sitsesp.org.br\/novo\/#organization"},"potentialAction":[{"@type":"SearchAction","target":{"@type":"EntryPoint","urlTemplate":"https:\/\/www.sitsesp.org.br\/novo\/?s={search_term_string}"},"query-input":"required name=search_term_string"}],"inLanguage":"pt-BR"},{"@type":"Organization","@id":"https:\/\/www.sitsesp.org.br\/novo\/#organization","name":"Sitsesp","url":"https:\/\/www.sitsesp.org.br\/novo\/","logo":{"@type":"ImageObject","inLanguage":"pt-BR","@id":"https:\/\/www.sitsesp.org.br\/novo\/#\/schema\/logo\/image\/","url":"https:\/\/www.sitsesp.org.br\/novo\/wp-content\/uploads\/2020\/09\/Design-sem-nome-1.jpg","contentUrl":"https:\/\/www.sitsesp.org.br\/novo\/wp-content\/uploads\/2020\/09\/Design-sem-nome-1.jpg","width":300,"height":300,"caption":"Sitsesp"},"image":{"@id":"https:\/\/www.sitsesp.org.br\/novo\/#\/schema\/logo\/image\/"}},{"@type":"Person","@id":"https:\/\/www.sitsesp.org.br\/novo\/#\/schema\/person\/28e42eec160f373e81d0183b3643edbf","name":"imprensa","image":{"@type":"ImageObject","inLanguage":"pt-BR","@id":"https:\/\/www.sitsesp.org.br\/novo\/#\/schema\/person\/image\/","url":"https:\/\/secure.gravatar.com\/avatar\/8d6ccd8d7d52b8959f34154e87d3fa29?s=96&d=mm&r=g","contentUrl":"https:\/\/secure.gravatar.com\/avatar\/8d6ccd8d7d52b8959f34154e87d3fa29?s=96&d=mm&r=g","caption":"imprensa"}}]}},"_links":{"self":[{"href":"https:\/\/www.sitsesp.org.br\/novo\/wp-json\/wp\/v2\/posts\/7902"}],"collection":[{"href":"https:\/\/www.sitsesp.org.br\/novo\/wp-json\/wp\/v2\/posts"}],"about":[{"href":"https:\/\/www.sitsesp.org.br\/novo\/wp-json\/wp\/v2\/types\/post"}],"author":[{"embeddable":true,"href":"https:\/\/www.sitsesp.org.br\/novo\/wp-json\/wp\/v2\/users\/5"}],"replies":[{"embeddable":true,"href":"https:\/\/www.sitsesp.org.br\/novo\/wp-json\/wp\/v2\/comments?post=7902"}],"version-history":[{"count":1,"href":"https:\/\/www.sitsesp.org.br\/novo\/wp-json\/wp\/v2\/posts\/7902\/revisions"}],"predecessor-version":[{"id":7905,"href":"https:\/\/www.sitsesp.org.br\/novo\/wp-json\/wp\/v2\/posts\/7902\/revisions\/7905"}],"wp:featuredmedia":[{"embeddable":true,"href":"https:\/\/www.sitsesp.org.br\/novo\/wp-json\/wp\/v2\/media\/7904"}],"wp:attachment":[{"href":"https:\/\/www.sitsesp.org.br\/novo\/wp-json\/wp\/v2\/media?parent=7902"}],"wp:term":[{"taxonomy":"category","embeddable":true,"href":"https:\/\/www.sitsesp.org.br\/novo\/wp-json\/wp\/v2\/categories?post=7902"},{"taxonomy":"post_tag","embeddable":true,"href":"https:\/\/www.sitsesp.org.br\/novo\/wp-json\/wp\/v2\/tags?post=7902"}],"curies":[{"name":"wp","href":"https:\/\/api.w.org\/{rel}","templated":true}]}}