{"id":7917,"date":"2022-01-07T15:26:23","date_gmt":"2022-01-07T18:26:23","guid":{"rendered":"https:\/\/sitsesp.org.br\/novo\/?p=7917"},"modified":"2022-01-07T15:26:23","modified_gmt":"2022-01-07T18:26:23","slug":"sitsesp-a-fome-de-demissao","status":"publish","type":"post","link":"https:\/\/www.sitsesp.org.br\/novo\/sitsesp-a-fome-de-demissao\/","title":{"rendered":"SITSESP \u2013 A FOME DE DEMISS\u00c3O"},"content":{"rendered":"<p><!-- VideographyWP Plugin Message: Automatic video embedding prevented by plugin options. --><br \/>\nDepois do Decreto n\u00ba 66.421 de 03 de janeiro de 2022, o sr. presidente da Funda\u00e7\u00e3o CASA, Fernando Jos\u00e9 da Costa, colocou em vigor, na data de 06 de janeiro de 2022, a Portaria Normativa n\u00ba 381\/22 que trata da entrega do comprovante de vacina\u00e7\u00e3o contra a COVID-19. Amparado na Lei Federal n\u00ba 13.979 de 06 de fevereiro de 2020, a Funda\u00e7\u00e3o CASA estipula o prazo de 08 de janeiro de 2022, pr\u00f3ximo s\u00e1bado, para a entrega do comprovante, o que contraria a informa\u00e7\u00e3o do pr\u00f3prio site oficial de not\u00edcias do governo do estado de S\u00e3o Paulo, que dava prazo at\u00e9 domingo, 09 de janeiro de 2022, conforme informou o comunicado de imprensa aos servidores no dia 04 de janeiro de 2022 no site e nas redes sociais SITSESP.<\/p>\n<p>O governo de S\u00e3o Paulo, totalmente imbu\u00eddo da neurose de demiss\u00e3o em massa no servi\u00e7o p\u00fablico estadual, vem atacando diretamente os servidores da Funda\u00e7\u00e3o CASA com Leis, Decretos, Portarias Normativas, Transfer\u00eancias Compuls\u00f3rias, Fechamentos de Centros, persegui\u00e7\u00f5es de servidores atrav\u00e9s de v\u00eddeo monitoramento interno (quando precisamos de c\u00e2meras externas para a seguran\u00e7a dos servidores nas sa\u00eddas e entradas dos Centros contra a criminalidade), Processos Administrativos, Pedido de Demiss\u00e3o Individual que retira dos trabalhadores direitos financeiros ao inv\u00e9s de bonifica-los.<\/p>\n<p>Agora vem este Decreto e Portaria que chega ao absurdo da crueldade contra a liberdade do indiv\u00edduo.<\/p>\n<p>Quando o servidor escolheu n\u00e3o se vacinar n\u00e3o existia a Lei, Decreto ou Portaria e o servidor tomou essa decis\u00e3o por in\u00fameros motivos: receio, medo, falta de informa\u00e7\u00e3o, doen\u00e7a incompat\u00edvel com a vacina, enfrentamentos pol\u00edticos que geraram muitas d\u00favidas n\u00e3o s\u00f3 aos servidores como na popula\u00e7\u00e3o em geral.<\/p>\n<p>Agora, a toque de caixa, em apenas seis dias (Decreto, Portaria e entrega de documento) querem punir e, at\u00e9 mesmo, demitir o servidor por n\u00e3o ter tomado as vacinas ou apenas ter tomado uma das vacinas.<\/p>\n<p>Este governo e esta gest\u00e3o que se apoderaram da institui\u00e7\u00e3o p\u00fablica Funda\u00e7\u00e3o CASA, querem sugar, drenar e exterminar a sa\u00fade do trabalhador do servi\u00e7o p\u00fablico, ao contr\u00e1rio de tratar, dar condi\u00e7\u00f5es de trabalho f\u00edsica e financeira para ter um trabalhador desenvolvendo suas atividades com orgulho e satisfa\u00e7\u00e3o de fazer parte de uma institui\u00e7\u00e3o que trata da socioeduca\u00e7\u00e3o de crian\u00e7as e adolescentes que est\u00e3o em condi\u00e7\u00f5es de atos infracionais, uma gest\u00e3o que a todo tempo esmaga e oprime o servidor no sentido de querer faze-lo pedir para sair.<\/p>\n<p>Encerramos o ano de 2021 com 2078 cont\u00e1gios no sistema socioeducativo no estado de S\u00e3o Paulo e choramos a perda de 34 servidores que vieram a \u00f3bito vitimados pela covid-19. O SITSESP, durante toda a pandemia, lutou pela prote\u00e7\u00e3o e pelos direitos do trabalhador socioeducativo, inclusive fazendo campanha pela vacina\u00e7\u00e3o dos mesmos, contudo vemos nessa medida do governo do estado uma tentativa de punir e uma desculpa para demitir seus funcion\u00e1rios.<br \/>\n<strong>Ainda h\u00e1 tempo de procurar um posto e tomar a sua primeira ou segunda dose da vacina at\u00e9 amanh\u00e3!<\/strong><\/p>\n","protected":false},"excerpt":{"rendered":"<p>Depois do Decreto n\u00ba 66.421 de 03 de janeiro de 2022, o sr. presidente da Funda\u00e7\u00e3o CASA, Fernando Jos\u00e9 da Costa,&hellip;<\/p>\n","protected":false},"author":5,"featured_media":7919,"comment_status":"open","ping_status":"open","sticky":false,"template":"","format":"standard","meta":{"cybocfi_hide_featured_image":"","footnotes":""},"categories":[27,22],"tags":[],"yoast_head":"<!-- This site is optimized with the Yoast SEO plugin v22.8 - https:\/\/yoast.com\/wordpress\/plugins\/seo\/ -->\n<title>SITSESP \u2013 A FOME DE DEMISS\u00c3O - SITSESP<\/title>\n<meta name=\"description\" content=\"Encerramos o ano de 2021 com 2078 cont\u00e1gios no sistema socioeducativo no estado de S\u00e3o Paulo e choramos a perda de 34 servidores que vieram a \u00f3bito vitimados pela covid-19. O SITSESP, durante toda a pandemia, lutou pela prote\u00e7\u00e3o e pelos direitos do trabalhador socioeducativo, inclusive fazendo campanha pela vacina\u00e7\u00e3o dos mesmos, contudo vemos nessa medida do governo do estado uma tentativa de punir e uma desculpa para demitir seus funcion\u00e1rios. Ainda h\u00e1 tempo de procurar um posto e tomar a sua primeira ou segunda dose da vacina at\u00e9 amanh\u00e3!\" \/>\n<meta name=\"robots\" content=\"index, follow, max-snippet:-1, max-image-preview:large, max-video-preview:-1\" \/>\n<link rel=\"canonical\" href=\"https:\/\/www.sitsesp.org.br\/novo\/sitsesp-a-fome-de-demissao\/\" \/>\n<meta property=\"og:locale\" content=\"pt_BR\" \/>\n<meta property=\"og:type\" content=\"article\" \/>\n<meta property=\"og:title\" content=\"SITSESP \u2013 A FOME DE DEMISS\u00c3O - SITSESP\" \/>\n<meta property=\"og:description\" content=\"Encerramos o ano de 2021 com 2078 cont\u00e1gios no sistema socioeducativo no estado de S\u00e3o Paulo e choramos a perda de 34 servidores que vieram a \u00f3bito vitimados pela covid-19. O SITSESP, durante toda a pandemia, lutou pela prote\u00e7\u00e3o e pelos direitos do trabalhador socioeducativo, inclusive fazendo campanha pela vacina\u00e7\u00e3o dos mesmos, contudo vemos nessa medida do governo do estado uma tentativa de punir e uma desculpa para demitir seus funcion\u00e1rios. Ainda h\u00e1 tempo de procurar um posto e tomar a sua primeira ou segunda dose da vacina at\u00e9 amanh\u00e3!\" \/>\n<meta property=\"og:url\" content=\"https:\/\/www.sitsesp.org.br\/novo\/sitsesp-a-fome-de-demissao\/\" \/>\n<meta property=\"og:site_name\" content=\"SITSESP\" \/>\n<meta property=\"article:published_time\" content=\"2022-01-07T18:26:23+00:00\" \/>\n<meta property=\"og:image\" content=\"https:\/\/www.sitsesp.org.br\/novo\/wp-content\/uploads\/2022\/01\/0701-1.jpg\" \/>\n\t<meta property=\"og:image:width\" content=\"800\" \/>\n\t<meta property=\"og:image:height\" content=\"800\" \/>\n\t<meta property=\"og:image:type\" content=\"image\/jpeg\" \/>\n<meta name=\"author\" content=\"imprensa\" \/>\n<meta name=\"twitter:card\" content=\"summary_large_image\" \/>\n<meta name=\"twitter:label1\" content=\"Escrito por\" \/>\n\t<meta name=\"twitter:data1\" content=\"imprensa\" \/>\n\t<meta name=\"twitter:label2\" content=\"Est. tempo de leitura\" \/>\n\t<meta name=\"twitter:data2\" content=\"3 minutos\" \/>\n<script type=\"application\/ld+json\" class=\"yoast-schema-graph\">{\"@context\":\"https:\/\/schema.org\",\"@graph\":[{\"@type\":\"Article\",\"@id\":\"https:\/\/www.sitsesp.org.br\/novo\/sitsesp-a-fome-de-demissao\/#article\",\"isPartOf\":{\"@id\":\"https:\/\/www.sitsesp.org.br\/novo\/sitsesp-a-fome-de-demissao\/\"},\"author\":{\"name\":\"imprensa\",\"@id\":\"https:\/\/www.sitsesp.org.br\/novo\/#\/schema\/person\/28e42eec160f373e81d0183b3643edbf\"},\"headline\":\"SITSESP \u2013 A FOME DE DEMISS\u00c3O\",\"datePublished\":\"2022-01-07T18:26:23+00:00\",\"dateModified\":\"2022-01-07T18:26:23+00:00\",\"mainEntityOfPage\":{\"@id\":\"https:\/\/www.sitsesp.org.br\/novo\/sitsesp-a-fome-de-demissao\/\"},\"wordCount\":533,\"commentCount\":0,\"publisher\":{\"@id\":\"https:\/\/www.sitsesp.org.br\/novo\/#organization\"},\"image\":{\"@id\":\"https:\/\/www.sitsesp.org.br\/novo\/sitsesp-a-fome-de-demissao\/#primaryimage\"},\"thumbnailUrl\":\"https:\/\/www.sitsesp.org.br\/novo\/wp-content\/uploads\/2022\/01\/0701-1.jpg\",\"articleSection\":[\"Destaque\",\"Noticias\"],\"inLanguage\":\"pt-BR\",\"potentialAction\":[{\"@type\":\"CommentAction\",\"name\":\"Comment\",\"target\":[\"https:\/\/www.sitsesp.org.br\/novo\/sitsesp-a-fome-de-demissao\/#respond\"]}]},{\"@type\":\"WebPage\",\"@id\":\"https:\/\/www.sitsesp.org.br\/novo\/sitsesp-a-fome-de-demissao\/\",\"url\":\"https:\/\/www.sitsesp.org.br\/novo\/sitsesp-a-fome-de-demissao\/\",\"name\":\"SITSESP \u2013 A FOME DE DEMISS\u00c3O - SITSESP\",\"isPartOf\":{\"@id\":\"https:\/\/www.sitsesp.org.br\/novo\/#website\"},\"primaryImageOfPage\":{\"@id\":\"https:\/\/www.sitsesp.org.br\/novo\/sitsesp-a-fome-de-demissao\/#primaryimage\"},\"image\":{\"@id\":\"https:\/\/www.sitsesp.org.br\/novo\/sitsesp-a-fome-de-demissao\/#primaryimage\"},\"thumbnailUrl\":\"https:\/\/www.sitsesp.org.br\/novo\/wp-content\/uploads\/2022\/01\/0701-1.jpg\",\"datePublished\":\"2022-01-07T18:26:23+00:00\",\"dateModified\":\"2022-01-07T18:26:23+00:00\",\"description\":\"Encerramos o ano de 2021 com 2078 cont\u00e1gios no sistema socioeducativo no estado de S\u00e3o Paulo e choramos a perda de 34 servidores que vieram a \u00f3bito vitimados pela covid-19. O SITSESP, durante toda a pandemia, lutou pela prote\u00e7\u00e3o e pelos direitos do trabalhador socioeducativo, inclusive fazendo campanha pela vacina\u00e7\u00e3o dos mesmos, contudo vemos nessa medida do governo do estado uma tentativa de punir e uma desculpa para demitir seus funcion\u00e1rios. Ainda h\u00e1 tempo de procurar um posto e tomar a sua primeira ou segunda dose da vacina at\u00e9 amanh\u00e3!\",\"breadcrumb\":{\"@id\":\"https:\/\/www.sitsesp.org.br\/novo\/sitsesp-a-fome-de-demissao\/#breadcrumb\"},\"inLanguage\":\"pt-BR\",\"potentialAction\":[{\"@type\":\"ReadAction\",\"target\":[\"https:\/\/www.sitsesp.org.br\/novo\/sitsesp-a-fome-de-demissao\/\"]}]},{\"@type\":\"ImageObject\",\"inLanguage\":\"pt-BR\",\"@id\":\"https:\/\/www.sitsesp.org.br\/novo\/sitsesp-a-fome-de-demissao\/#primaryimage\",\"url\":\"https:\/\/www.sitsesp.org.br\/novo\/wp-content\/uploads\/2022\/01\/0701-1.jpg\",\"contentUrl\":\"https:\/\/www.sitsesp.org.br\/novo\/wp-content\/uploads\/2022\/01\/0701-1.jpg\",\"width\":800,\"height\":800},{\"@type\":\"BreadcrumbList\",\"@id\":\"https:\/\/www.sitsesp.org.br\/novo\/sitsesp-a-fome-de-demissao\/#breadcrumb\",\"itemListElement\":[{\"@type\":\"ListItem\",\"position\":1,\"name\":\"In\u00edcio\",\"item\":\"https:\/\/www.sitsesp.org.br\/novo\/\"},{\"@type\":\"ListItem\",\"position\":2,\"name\":\"SITSESP \u2013 A FOME DE DEMISS\u00c3O\"}]},{\"@type\":\"WebSite\",\"@id\":\"https:\/\/www.sitsesp.org.br\/novo\/#website\",\"url\":\"https:\/\/www.sitsesp.org.br\/novo\/\",\"name\":\"Sitsesp\",\"description\":\"SIndicato da Socioeduca\u00e7\u00e3o do Estado de S\u00e3o Paulo\",\"publisher\":{\"@id\":\"https:\/\/www.sitsesp.org.br\/novo\/#organization\"},\"potentialAction\":[{\"@type\":\"SearchAction\",\"target\":{\"@type\":\"EntryPoint\",\"urlTemplate\":\"https:\/\/www.sitsesp.org.br\/novo\/?s={search_term_string}\"},\"query-input\":\"required name=search_term_string\"}],\"inLanguage\":\"pt-BR\"},{\"@type\":\"Organization\",\"@id\":\"https:\/\/www.sitsesp.org.br\/novo\/#organization\",\"name\":\"Sitsesp\",\"url\":\"https:\/\/www.sitsesp.org.br\/novo\/\",\"logo\":{\"@type\":\"ImageObject\",\"inLanguage\":\"pt-BR\",\"@id\":\"https:\/\/www.sitsesp.org.br\/novo\/#\/schema\/logo\/image\/\",\"url\":\"https:\/\/www.sitsesp.org.br\/novo\/wp-content\/uploads\/2020\/09\/Design-sem-nome-1.jpg\",\"contentUrl\":\"https:\/\/www.sitsesp.org.br\/novo\/wp-content\/uploads\/2020\/09\/Design-sem-nome-1.jpg\",\"width\":300,\"height\":300,\"caption\":\"Sitsesp\"},\"image\":{\"@id\":\"https:\/\/www.sitsesp.org.br\/novo\/#\/schema\/logo\/image\/\"}},{\"@type\":\"Person\",\"@id\":\"https:\/\/www.sitsesp.org.br\/novo\/#\/schema\/person\/28e42eec160f373e81d0183b3643edbf\",\"name\":\"imprensa\",\"image\":{\"@type\":\"ImageObject\",\"inLanguage\":\"pt-BR\",\"@id\":\"https:\/\/www.sitsesp.org.br\/novo\/#\/schema\/person\/image\/\",\"url\":\"https:\/\/secure.gravatar.com\/avatar\/8d6ccd8d7d52b8959f34154e87d3fa29?s=96&d=mm&r=g\",\"contentUrl\":\"https:\/\/secure.gravatar.com\/avatar\/8d6ccd8d7d52b8959f34154e87d3fa29?s=96&d=mm&r=g\",\"caption\":\"imprensa\"}}]}<\/script>\n<!-- \/ Yoast SEO plugin. -->","yoast_head_json":{"title":"SITSESP \u2013 A FOME DE DEMISS\u00c3O - SITSESP","description":"Encerramos o ano de 2021 com 2078 cont\u00e1gios no sistema socioeducativo no estado de S\u00e3o Paulo e choramos a perda de 34 servidores que vieram a \u00f3bito vitimados pela covid-19. O SITSESP, durante toda a pandemia, lutou pela prote\u00e7\u00e3o e pelos direitos do trabalhador socioeducativo, inclusive fazendo campanha pela vacina\u00e7\u00e3o dos mesmos, contudo vemos nessa medida do governo do estado uma tentativa de punir e uma desculpa para demitir seus funcion\u00e1rios. Ainda h\u00e1 tempo de procurar um posto e tomar a sua primeira ou segunda dose da vacina at\u00e9 amanh\u00e3!","robots":{"index":"index","follow":"follow","max-snippet":"max-snippet:-1","max-image-preview":"max-image-preview:large","max-video-preview":"max-video-preview:-1"},"canonical":"https:\/\/www.sitsesp.org.br\/novo\/sitsesp-a-fome-de-demissao\/","og_locale":"pt_BR","og_type":"article","og_title":"SITSESP \u2013 A FOME DE DEMISS\u00c3O - SITSESP","og_description":"Encerramos o ano de 2021 com 2078 cont\u00e1gios no sistema socioeducativo no estado de S\u00e3o Paulo e choramos a perda de 34 servidores que vieram a \u00f3bito vitimados pela covid-19. O SITSESP, durante toda a pandemia, lutou pela prote\u00e7\u00e3o e pelos direitos do trabalhador socioeducativo, inclusive fazendo campanha pela vacina\u00e7\u00e3o dos mesmos, contudo vemos nessa medida do governo do estado uma tentativa de punir e uma desculpa para demitir seus funcion\u00e1rios. Ainda h\u00e1 tempo de procurar um posto e tomar a sua primeira ou segunda dose da vacina at\u00e9 amanh\u00e3!","og_url":"https:\/\/www.sitsesp.org.br\/novo\/sitsesp-a-fome-de-demissao\/","og_site_name":"SITSESP","article_published_time":"2022-01-07T18:26:23+00:00","og_image":[{"width":800,"height":800,"url":"https:\/\/www.sitsesp.org.br\/novo\/wp-content\/uploads\/2022\/01\/0701-1.jpg","type":"image\/jpeg"}],"author":"imprensa","twitter_card":"summary_large_image","twitter_misc":{"Escrito por":"imprensa","Est. tempo de leitura":"3 minutos"},"schema":{"@context":"https:\/\/schema.org","@graph":[{"@type":"Article","@id":"https:\/\/www.sitsesp.org.br\/novo\/sitsesp-a-fome-de-demissao\/#article","isPartOf":{"@id":"https:\/\/www.sitsesp.org.br\/novo\/sitsesp-a-fome-de-demissao\/"},"author":{"name":"imprensa","@id":"https:\/\/www.sitsesp.org.br\/novo\/#\/schema\/person\/28e42eec160f373e81d0183b3643edbf"},"headline":"SITSESP \u2013 A FOME DE DEMISS\u00c3O","datePublished":"2022-01-07T18:26:23+00:00","dateModified":"2022-01-07T18:26:23+00:00","mainEntityOfPage":{"@id":"https:\/\/www.sitsesp.org.br\/novo\/sitsesp-a-fome-de-demissao\/"},"wordCount":533,"commentCount":0,"publisher":{"@id":"https:\/\/www.sitsesp.org.br\/novo\/#organization"},"image":{"@id":"https:\/\/www.sitsesp.org.br\/novo\/sitsesp-a-fome-de-demissao\/#primaryimage"},"thumbnailUrl":"https:\/\/www.sitsesp.org.br\/novo\/wp-content\/uploads\/2022\/01\/0701-1.jpg","articleSection":["Destaque","Noticias"],"inLanguage":"pt-BR","potentialAction":[{"@type":"CommentAction","name":"Comment","target":["https:\/\/www.sitsesp.org.br\/novo\/sitsesp-a-fome-de-demissao\/#respond"]}]},{"@type":"WebPage","@id":"https:\/\/www.sitsesp.org.br\/novo\/sitsesp-a-fome-de-demissao\/","url":"https:\/\/www.sitsesp.org.br\/novo\/sitsesp-a-fome-de-demissao\/","name":"SITSESP \u2013 A FOME DE DEMISS\u00c3O - SITSESP","isPartOf":{"@id":"https:\/\/www.sitsesp.org.br\/novo\/#website"},"primaryImageOfPage":{"@id":"https:\/\/www.sitsesp.org.br\/novo\/sitsesp-a-fome-de-demissao\/#primaryimage"},"image":{"@id":"https:\/\/www.sitsesp.org.br\/novo\/sitsesp-a-fome-de-demissao\/#primaryimage"},"thumbnailUrl":"https:\/\/www.sitsesp.org.br\/novo\/wp-content\/uploads\/2022\/01\/0701-1.jpg","datePublished":"2022-01-07T18:26:23+00:00","dateModified":"2022-01-07T18:26:23+00:00","description":"Encerramos o ano de 2021 com 2078 cont\u00e1gios no sistema socioeducativo no estado de S\u00e3o Paulo e choramos a perda de 34 servidores que vieram a \u00f3bito vitimados pela covid-19. O SITSESP, durante toda a pandemia, lutou pela prote\u00e7\u00e3o e pelos direitos do trabalhador socioeducativo, inclusive fazendo campanha pela vacina\u00e7\u00e3o dos mesmos, contudo vemos nessa medida do governo do estado uma tentativa de punir e uma desculpa para demitir seus funcion\u00e1rios. Ainda h\u00e1 tempo de procurar um posto e tomar a sua primeira ou segunda dose da vacina at\u00e9 amanh\u00e3!","breadcrumb":{"@id":"https:\/\/www.sitsesp.org.br\/novo\/sitsesp-a-fome-de-demissao\/#breadcrumb"},"inLanguage":"pt-BR","potentialAction":[{"@type":"ReadAction","target":["https:\/\/www.sitsesp.org.br\/novo\/sitsesp-a-fome-de-demissao\/"]}]},{"@type":"ImageObject","inLanguage":"pt-BR","@id":"https:\/\/www.sitsesp.org.br\/novo\/sitsesp-a-fome-de-demissao\/#primaryimage","url":"https:\/\/www.sitsesp.org.br\/novo\/wp-content\/uploads\/2022\/01\/0701-1.jpg","contentUrl":"https:\/\/www.sitsesp.org.br\/novo\/wp-content\/uploads\/2022\/01\/0701-1.jpg","width":800,"height":800},{"@type":"BreadcrumbList","@id":"https:\/\/www.sitsesp.org.br\/novo\/sitsesp-a-fome-de-demissao\/#breadcrumb","itemListElement":[{"@type":"ListItem","position":1,"name":"In\u00edcio","item":"https:\/\/www.sitsesp.org.br\/novo\/"},{"@type":"ListItem","position":2,"name":"SITSESP \u2013 A FOME DE DEMISS\u00c3O"}]},{"@type":"WebSite","@id":"https:\/\/www.sitsesp.org.br\/novo\/#website","url":"https:\/\/www.sitsesp.org.br\/novo\/","name":"Sitsesp","description":"SIndicato da Socioeduca\u00e7\u00e3o do Estado de S\u00e3o Paulo","publisher":{"@id":"https:\/\/www.sitsesp.org.br\/novo\/#organization"},"potentialAction":[{"@type":"SearchAction","target":{"@type":"EntryPoint","urlTemplate":"https:\/\/www.sitsesp.org.br\/novo\/?s={search_term_string}"},"query-input":"required name=search_term_string"}],"inLanguage":"pt-BR"},{"@type":"Organization","@id":"https:\/\/www.sitsesp.org.br\/novo\/#organization","name":"Sitsesp","url":"https:\/\/www.sitsesp.org.br\/novo\/","logo":{"@type":"ImageObject","inLanguage":"pt-BR","@id":"https:\/\/www.sitsesp.org.br\/novo\/#\/schema\/logo\/image\/","url":"https:\/\/www.sitsesp.org.br\/novo\/wp-content\/uploads\/2020\/09\/Design-sem-nome-1.jpg","contentUrl":"https:\/\/www.sitsesp.org.br\/novo\/wp-content\/uploads\/2020\/09\/Design-sem-nome-1.jpg","width":300,"height":300,"caption":"Sitsesp"},"image":{"@id":"https:\/\/www.sitsesp.org.br\/novo\/#\/schema\/logo\/image\/"}},{"@type":"Person","@id":"https:\/\/www.sitsesp.org.br\/novo\/#\/schema\/person\/28e42eec160f373e81d0183b3643edbf","name":"imprensa","image":{"@type":"ImageObject","inLanguage":"pt-BR","@id":"https:\/\/www.sitsesp.org.br\/novo\/#\/schema\/person\/image\/","url":"https:\/\/secure.gravatar.com\/avatar\/8d6ccd8d7d52b8959f34154e87d3fa29?s=96&d=mm&r=g","contentUrl":"https:\/\/secure.gravatar.com\/avatar\/8d6ccd8d7d52b8959f34154e87d3fa29?s=96&d=mm&r=g","caption":"imprensa"}}]}},"_links":{"self":[{"href":"https:\/\/www.sitsesp.org.br\/novo\/wp-json\/wp\/v2\/posts\/7917"}],"collection":[{"href":"https:\/\/www.sitsesp.org.br\/novo\/wp-json\/wp\/v2\/posts"}],"about":[{"href":"https:\/\/www.sitsesp.org.br\/novo\/wp-json\/wp\/v2\/types\/post"}],"author":[{"embeddable":true,"href":"https:\/\/www.sitsesp.org.br\/novo\/wp-json\/wp\/v2\/users\/5"}],"replies":[{"embeddable":true,"href":"https:\/\/www.sitsesp.org.br\/novo\/wp-json\/wp\/v2\/comments?post=7917"}],"version-history":[{"count":1,"href":"https:\/\/www.sitsesp.org.br\/novo\/wp-json\/wp\/v2\/posts\/7917\/revisions"}],"predecessor-version":[{"id":7920,"href":"https:\/\/www.sitsesp.org.br\/novo\/wp-json\/wp\/v2\/posts\/7917\/revisions\/7920"}],"wp:featuredmedia":[{"embeddable":true,"href":"https:\/\/www.sitsesp.org.br\/novo\/wp-json\/wp\/v2\/media\/7919"}],"wp:attachment":[{"href":"https:\/\/www.sitsesp.org.br\/novo\/wp-json\/wp\/v2\/media?parent=7917"}],"wp:term":[{"taxonomy":"category","embeddable":true,"href":"https:\/\/www.sitsesp.org.br\/novo\/wp-json\/wp\/v2\/categories?post=7917"},{"taxonomy":"post_tag","embeddable":true,"href":"https:\/\/www.sitsesp.org.br\/novo\/wp-json\/wp\/v2\/tags?post=7917"}],"curies":[{"name":"wp","href":"https:\/\/api.w.org\/{rel}","templated":true}]}}