{"id":7950,"date":"2022-01-20T13:28:38","date_gmt":"2022-01-20T16:28:38","guid":{"rendered":"https:\/\/sitsesp.org.br\/novo\/?p=7950"},"modified":"2022-01-20T13:59:43","modified_gmt":"2022-01-20T16:59:43","slug":"sitsesp-informa-governo-federal-lanca-pesquisa-para-ouvir-os-servidores-socioeducativos","status":"publish","type":"post","link":"https:\/\/www.sitsesp.org.br\/novo\/sitsesp-informa-governo-federal-lanca-pesquisa-para-ouvir-os-servidores-socioeducativos\/","title":{"rendered":"SITSESP informa | Governo Federal lan\u00e7a pesquisa para ouvir os servidores socioeducativos"},"content":{"rendered":"<p><!-- VideographyWP Plugin Message: Automatic video embedding prevented by plugin options. --><br \/>\nNo dia 18 de janeiro, o Governo Federal, atrav\u00e9s do Minist\u00e9rio da Mulher, da Fam\u00edlia e dos Direitos Humanos, anunciou uma pesquisa para averiguar poss\u00edveis melhoreis para garantir a seguran\u00e7a nas unidades socioeducativas em todo o pa\u00eds.<\/p>\n<p>Essa \u00e9 a primeira vez desde a implementa\u00e7\u00e3o do Sistema Nacional de Atendimento Socioeducativo (Sinase), h\u00e1 10 anos, que o Governo Federal pede para ouvir os trabalhadores do sistema socioeducativo, que somam aproximadamente 23 mil servidores. Por isso \u00e9 importante que os servidores respondam a pesquisa e relatem os problemas que encontram no seu trabalho e quais mudan\u00e7as s\u00e3o necess\u00e1rias. Acessem os links abaixo para responder a pesquisa:<\/p>\n<p>Gestores Estaduais: <a href=\"https:\/\/forms.gle\/iv7SKa7cKoM89YhQ7\">https:\/\/forms.gle\/iv7SKa7cKoM89YhQ7<\/a><br \/>\nSocioeducadores: <a href=\"https:\/\/forms.gle\/HfejEmCKvwDj5Ux57\">https:\/\/forms.gle\/HfejEmCKvwDj5Ux57<\/a><br \/>\n<strong>A pesquisa concluir\u00e1 em 28 de fevereiro.<\/strong><\/p>\n<p>No ano de 2021 o investimento no Sinase foi de R$1,9 milh\u00e3o de reais e a previs\u00e3o \u00e9 que para 2022 esse investimento suba para R$5,4 milh\u00f5es de reais. Isso mais que dobra o or\u00e7amento, mas esperamos para este 2022 uma real valoriza\u00e7\u00e3o em nossos sal\u00e1rios e uma amplia\u00e7\u00e3o dos direitos sociais e econ\u00f4micos.<\/p>\n","protected":false},"excerpt":{"rendered":"<p>No dia 18 de janeiro, o Governo Federal, atrav\u00e9s do Minist\u00e9rio da Mulher, da Fam\u00edlia e dos Direitos Humanos, anunciou uma&hellip;<\/p>\n","protected":false},"author":5,"featured_media":7951,"comment_status":"open","ping_status":"open","sticky":false,"template":"","format":"standard","meta":{"cybocfi_hide_featured_image":"","footnotes":""},"categories":[27,22],"tags":[],"yoast_head":"<!-- This site is optimized with the Yoast SEO plugin v22.8 - https:\/\/yoast.com\/wordpress\/plugins\/seo\/ -->\n<title>SITSESP informa | Governo Federal lan\u00e7a pesquisa para ouvir os servidores socioeducativos - SITSESP<\/title>\n<meta name=\"description\" content=\"No dia 18 de janeiro, o Governo Federal, atrav\u00e9s do Minist\u00e9rio da Mulher, da Fam\u00edlia e dos Direitos Humanos, anunciou uma pesquisa para averiguar poss\u00edveis melhoreis para garantir a seguran\u00e7a nas unidades socioeducativas em todo o pa\u00eds. Essa \u00e9 a primeira vez desde a implementa\u00e7\u00e3o do Sistema Nacional de Atendimento Socioeducativo (Sinase), h\u00e1 10 anos, que o Governo Federal pede para ouvir os trabalhadores do sistema socioeducativo, que somam aproximadamente 23 mil servidores. Por isso \u00e9 importante que os servidores respondam a pesquisa e relatem os problemas que encontram no seu trabalho e quais mudan\u00e7as s\u00e3o necess\u00e1rias. Acessem os links abaixo para responder a pesquisa:\" \/>\n<meta name=\"robots\" content=\"index, follow, max-snippet:-1, max-image-preview:large, max-video-preview:-1\" \/>\n<link rel=\"canonical\" href=\"https:\/\/www.sitsesp.org.br\/novo\/sitsesp-informa-governo-federal-lanca-pesquisa-para-ouvir-os-servidores-socioeducativos\/\" \/>\n<meta property=\"og:locale\" content=\"pt_BR\" \/>\n<meta property=\"og:type\" content=\"article\" \/>\n<meta property=\"og:title\" content=\"SITSESP informa | Governo Federal lan\u00e7a pesquisa para ouvir os servidores socioeducativos - SITSESP\" \/>\n<meta property=\"og:description\" content=\"No dia 18 de janeiro, o Governo Federal, atrav\u00e9s do Minist\u00e9rio da Mulher, da Fam\u00edlia e dos Direitos Humanos, anunciou uma pesquisa para averiguar poss\u00edveis melhoreis para garantir a seguran\u00e7a nas unidades socioeducativas em todo o pa\u00eds. Essa \u00e9 a primeira vez desde a implementa\u00e7\u00e3o do Sistema Nacional de Atendimento Socioeducativo (Sinase), h\u00e1 10 anos, que o Governo Federal pede para ouvir os trabalhadores do sistema socioeducativo, que somam aproximadamente 23 mil servidores. Por isso \u00e9 importante que os servidores respondam a pesquisa e relatem os problemas que encontram no seu trabalho e quais mudan\u00e7as s\u00e3o necess\u00e1rias. Acessem os links abaixo para responder a pesquisa:\" \/>\n<meta property=\"og:url\" content=\"https:\/\/www.sitsesp.org.br\/novo\/sitsesp-informa-governo-federal-lanca-pesquisa-para-ouvir-os-servidores-socioeducativos\/\" \/>\n<meta property=\"og:site_name\" content=\"SITSESP\" \/>\n<meta property=\"article:published_time\" content=\"2022-01-20T16:28:38+00:00\" \/>\n<meta property=\"article:modified_time\" content=\"2022-01-20T16:59:43+00:00\" \/>\n<meta property=\"og:image\" content=\"https:\/\/www.sitsesp.org.br\/novo\/wp-content\/uploads\/2022\/01\/2001.jpg\" \/>\n\t<meta property=\"og:image:width\" content=\"800\" \/>\n\t<meta property=\"og:image:height\" content=\"800\" \/>\n\t<meta property=\"og:image:type\" content=\"image\/jpeg\" \/>\n<meta name=\"author\" content=\"imprensa\" \/>\n<meta name=\"twitter:card\" content=\"summary_large_image\" \/>\n<meta name=\"twitter:label1\" content=\"Escrito por\" \/>\n\t<meta name=\"twitter:data1\" content=\"imprensa\" \/>\n\t<meta name=\"twitter:label2\" content=\"Est. tempo de leitura\" \/>\n\t<meta name=\"twitter:data2\" content=\"1 minuto\" \/>\n<script type=\"application\/ld+json\" class=\"yoast-schema-graph\">{\"@context\":\"https:\/\/schema.org\",\"@graph\":[{\"@type\":\"Article\",\"@id\":\"https:\/\/www.sitsesp.org.br\/novo\/sitsesp-informa-governo-federal-lanca-pesquisa-para-ouvir-os-servidores-socioeducativos\/#article\",\"isPartOf\":{\"@id\":\"https:\/\/www.sitsesp.org.br\/novo\/sitsesp-informa-governo-federal-lanca-pesquisa-para-ouvir-os-servidores-socioeducativos\/\"},\"author\":{\"name\":\"imprensa\",\"@id\":\"https:\/\/www.sitsesp.org.br\/novo\/#\/schema\/person\/28e42eec160f373e81d0183b3643edbf\"},\"headline\":\"SITSESP informa | Governo Federal lan\u00e7a pesquisa para ouvir os servidores socioeducativos\",\"datePublished\":\"2022-01-20T16:28:38+00:00\",\"dateModified\":\"2022-01-20T16:59:43+00:00\",\"mainEntityOfPage\":{\"@id\":\"https:\/\/www.sitsesp.org.br\/novo\/sitsesp-informa-governo-federal-lanca-pesquisa-para-ouvir-os-servidores-socioeducativos\/\"},\"wordCount\":201,\"commentCount\":0,\"publisher\":{\"@id\":\"https:\/\/www.sitsesp.org.br\/novo\/#organization\"},\"image\":{\"@id\":\"https:\/\/www.sitsesp.org.br\/novo\/sitsesp-informa-governo-federal-lanca-pesquisa-para-ouvir-os-servidores-socioeducativos\/#primaryimage\"},\"thumbnailUrl\":\"https:\/\/www.sitsesp.org.br\/novo\/wp-content\/uploads\/2022\/01\/2001.jpg\",\"articleSection\":[\"Destaque\",\"Noticias\"],\"inLanguage\":\"pt-BR\",\"potentialAction\":[{\"@type\":\"CommentAction\",\"name\":\"Comment\",\"target\":[\"https:\/\/www.sitsesp.org.br\/novo\/sitsesp-informa-governo-federal-lanca-pesquisa-para-ouvir-os-servidores-socioeducativos\/#respond\"]}]},{\"@type\":\"WebPage\",\"@id\":\"https:\/\/www.sitsesp.org.br\/novo\/sitsesp-informa-governo-federal-lanca-pesquisa-para-ouvir-os-servidores-socioeducativos\/\",\"url\":\"https:\/\/www.sitsesp.org.br\/novo\/sitsesp-informa-governo-federal-lanca-pesquisa-para-ouvir-os-servidores-socioeducativos\/\",\"name\":\"SITSESP informa | Governo Federal lan\u00e7a pesquisa para ouvir os servidores socioeducativos - SITSESP\",\"isPartOf\":{\"@id\":\"https:\/\/www.sitsesp.org.br\/novo\/#website\"},\"primaryImageOfPage\":{\"@id\":\"https:\/\/www.sitsesp.org.br\/novo\/sitsesp-informa-governo-federal-lanca-pesquisa-para-ouvir-os-servidores-socioeducativos\/#primaryimage\"},\"image\":{\"@id\":\"https:\/\/www.sitsesp.org.br\/novo\/sitsesp-informa-governo-federal-lanca-pesquisa-para-ouvir-os-servidores-socioeducativos\/#primaryimage\"},\"thumbnailUrl\":\"https:\/\/www.sitsesp.org.br\/novo\/wp-content\/uploads\/2022\/01\/2001.jpg\",\"datePublished\":\"2022-01-20T16:28:38+00:00\",\"dateModified\":\"2022-01-20T16:59:43+00:00\",\"description\":\"No dia 18 de janeiro, o Governo Federal, atrav\u00e9s do Minist\u00e9rio da Mulher, da Fam\u00edlia e dos Direitos Humanos, anunciou uma pesquisa para averiguar poss\u00edveis melhoreis para garantir a seguran\u00e7a nas unidades socioeducativas em todo o pa\u00eds. Essa \u00e9 a primeira vez desde a implementa\u00e7\u00e3o do Sistema Nacional de Atendimento Socioeducativo (Sinase), h\u00e1 10 anos, que o Governo Federal pede para ouvir os trabalhadores do sistema socioeducativo, que somam aproximadamente 23 mil servidores. Por isso \u00e9 importante que os servidores respondam a pesquisa e relatem os problemas que encontram no seu trabalho e quais mudan\u00e7as s\u00e3o necess\u00e1rias. Acessem os links abaixo para responder a pesquisa:\",\"breadcrumb\":{\"@id\":\"https:\/\/www.sitsesp.org.br\/novo\/sitsesp-informa-governo-federal-lanca-pesquisa-para-ouvir-os-servidores-socioeducativos\/#breadcrumb\"},\"inLanguage\":\"pt-BR\",\"potentialAction\":[{\"@type\":\"ReadAction\",\"target\":[\"https:\/\/www.sitsesp.org.br\/novo\/sitsesp-informa-governo-federal-lanca-pesquisa-para-ouvir-os-servidores-socioeducativos\/\"]}]},{\"@type\":\"ImageObject\",\"inLanguage\":\"pt-BR\",\"@id\":\"https:\/\/www.sitsesp.org.br\/novo\/sitsesp-informa-governo-federal-lanca-pesquisa-para-ouvir-os-servidores-socioeducativos\/#primaryimage\",\"url\":\"https:\/\/www.sitsesp.org.br\/novo\/wp-content\/uploads\/2022\/01\/2001.jpg\",\"contentUrl\":\"https:\/\/www.sitsesp.org.br\/novo\/wp-content\/uploads\/2022\/01\/2001.jpg\",\"width\":800,\"height\":800},{\"@type\":\"BreadcrumbList\",\"@id\":\"https:\/\/www.sitsesp.org.br\/novo\/sitsesp-informa-governo-federal-lanca-pesquisa-para-ouvir-os-servidores-socioeducativos\/#breadcrumb\",\"itemListElement\":[{\"@type\":\"ListItem\",\"position\":1,\"name\":\"In\u00edcio\",\"item\":\"https:\/\/www.sitsesp.org.br\/novo\/\"},{\"@type\":\"ListItem\",\"position\":2,\"name\":\"SITSESP informa | Governo Federal lan\u00e7a pesquisa para ouvir os servidores socioeducativos\"}]},{\"@type\":\"WebSite\",\"@id\":\"https:\/\/www.sitsesp.org.br\/novo\/#website\",\"url\":\"https:\/\/www.sitsesp.org.br\/novo\/\",\"name\":\"Sitsesp\",\"description\":\"SIndicato da Socioeduca\u00e7\u00e3o do Estado de S\u00e3o Paulo\",\"publisher\":{\"@id\":\"https:\/\/www.sitsesp.org.br\/novo\/#organization\"},\"potentialAction\":[{\"@type\":\"SearchAction\",\"target\":{\"@type\":\"EntryPoint\",\"urlTemplate\":\"https:\/\/www.sitsesp.org.br\/novo\/?s={search_term_string}\"},\"query-input\":\"required name=search_term_string\"}],\"inLanguage\":\"pt-BR\"},{\"@type\":\"Organization\",\"@id\":\"https:\/\/www.sitsesp.org.br\/novo\/#organization\",\"name\":\"Sitsesp\",\"url\":\"https:\/\/www.sitsesp.org.br\/novo\/\",\"logo\":{\"@type\":\"ImageObject\",\"inLanguage\":\"pt-BR\",\"@id\":\"https:\/\/www.sitsesp.org.br\/novo\/#\/schema\/logo\/image\/\",\"url\":\"https:\/\/www.sitsesp.org.br\/novo\/wp-content\/uploads\/2020\/09\/Design-sem-nome-1.jpg\",\"contentUrl\":\"https:\/\/www.sitsesp.org.br\/novo\/wp-content\/uploads\/2020\/09\/Design-sem-nome-1.jpg\",\"width\":300,\"height\":300,\"caption\":\"Sitsesp\"},\"image\":{\"@id\":\"https:\/\/www.sitsesp.org.br\/novo\/#\/schema\/logo\/image\/\"}},{\"@type\":\"Person\",\"@id\":\"https:\/\/www.sitsesp.org.br\/novo\/#\/schema\/person\/28e42eec160f373e81d0183b3643edbf\",\"name\":\"imprensa\",\"image\":{\"@type\":\"ImageObject\",\"inLanguage\":\"pt-BR\",\"@id\":\"https:\/\/www.sitsesp.org.br\/novo\/#\/schema\/person\/image\/\",\"url\":\"https:\/\/secure.gravatar.com\/avatar\/8d6ccd8d7d52b8959f34154e87d3fa29?s=96&d=mm&r=g\",\"contentUrl\":\"https:\/\/secure.gravatar.com\/avatar\/8d6ccd8d7d52b8959f34154e87d3fa29?s=96&d=mm&r=g\",\"caption\":\"imprensa\"}}]}<\/script>\n<!-- \/ Yoast SEO plugin. -->","yoast_head_json":{"title":"SITSESP informa | Governo Federal lan\u00e7a pesquisa para ouvir os servidores socioeducativos - SITSESP","description":"No dia 18 de janeiro, o Governo Federal, atrav\u00e9s do Minist\u00e9rio da Mulher, da Fam\u00edlia e dos Direitos Humanos, anunciou uma pesquisa para averiguar poss\u00edveis melhoreis para garantir a seguran\u00e7a nas unidades socioeducativas em todo o pa\u00eds. Essa \u00e9 a primeira vez desde a implementa\u00e7\u00e3o do Sistema Nacional de Atendimento Socioeducativo (Sinase), h\u00e1 10 anos, que o Governo Federal pede para ouvir os trabalhadores do sistema socioeducativo, que somam aproximadamente 23 mil servidores. Por isso \u00e9 importante que os servidores respondam a pesquisa e relatem os problemas que encontram no seu trabalho e quais mudan\u00e7as s\u00e3o necess\u00e1rias. Acessem os links abaixo para responder a pesquisa:","robots":{"index":"index","follow":"follow","max-snippet":"max-snippet:-1","max-image-preview":"max-image-preview:large","max-video-preview":"max-video-preview:-1"},"canonical":"https:\/\/www.sitsesp.org.br\/novo\/sitsesp-informa-governo-federal-lanca-pesquisa-para-ouvir-os-servidores-socioeducativos\/","og_locale":"pt_BR","og_type":"article","og_title":"SITSESP informa | Governo Federal lan\u00e7a pesquisa para ouvir os servidores socioeducativos - SITSESP","og_description":"No dia 18 de janeiro, o Governo Federal, atrav\u00e9s do Minist\u00e9rio da Mulher, da Fam\u00edlia e dos Direitos Humanos, anunciou uma pesquisa para averiguar poss\u00edveis melhoreis para garantir a seguran\u00e7a nas unidades socioeducativas em todo o pa\u00eds. Essa \u00e9 a primeira vez desde a implementa\u00e7\u00e3o do Sistema Nacional de Atendimento Socioeducativo (Sinase), h\u00e1 10 anos, que o Governo Federal pede para ouvir os trabalhadores do sistema socioeducativo, que somam aproximadamente 23 mil servidores. Por isso \u00e9 importante que os servidores respondam a pesquisa e relatem os problemas que encontram no seu trabalho e quais mudan\u00e7as s\u00e3o necess\u00e1rias. Acessem os links abaixo para responder a pesquisa:","og_url":"https:\/\/www.sitsesp.org.br\/novo\/sitsesp-informa-governo-federal-lanca-pesquisa-para-ouvir-os-servidores-socioeducativos\/","og_site_name":"SITSESP","article_published_time":"2022-01-20T16:28:38+00:00","article_modified_time":"2022-01-20T16:59:43+00:00","og_image":[{"width":800,"height":800,"url":"https:\/\/www.sitsesp.org.br\/novo\/wp-content\/uploads\/2022\/01\/2001.jpg","type":"image\/jpeg"}],"author":"imprensa","twitter_card":"summary_large_image","twitter_misc":{"Escrito por":"imprensa","Est. tempo de leitura":"1 minuto"},"schema":{"@context":"https:\/\/schema.org","@graph":[{"@type":"Article","@id":"https:\/\/www.sitsesp.org.br\/novo\/sitsesp-informa-governo-federal-lanca-pesquisa-para-ouvir-os-servidores-socioeducativos\/#article","isPartOf":{"@id":"https:\/\/www.sitsesp.org.br\/novo\/sitsesp-informa-governo-federal-lanca-pesquisa-para-ouvir-os-servidores-socioeducativos\/"},"author":{"name":"imprensa","@id":"https:\/\/www.sitsesp.org.br\/novo\/#\/schema\/person\/28e42eec160f373e81d0183b3643edbf"},"headline":"SITSESP informa | Governo Federal lan\u00e7a pesquisa para ouvir os servidores socioeducativos","datePublished":"2022-01-20T16:28:38+00:00","dateModified":"2022-01-20T16:59:43+00:00","mainEntityOfPage":{"@id":"https:\/\/www.sitsesp.org.br\/novo\/sitsesp-informa-governo-federal-lanca-pesquisa-para-ouvir-os-servidores-socioeducativos\/"},"wordCount":201,"commentCount":0,"publisher":{"@id":"https:\/\/www.sitsesp.org.br\/novo\/#organization"},"image":{"@id":"https:\/\/www.sitsesp.org.br\/novo\/sitsesp-informa-governo-federal-lanca-pesquisa-para-ouvir-os-servidores-socioeducativos\/#primaryimage"},"thumbnailUrl":"https:\/\/www.sitsesp.org.br\/novo\/wp-content\/uploads\/2022\/01\/2001.jpg","articleSection":["Destaque","Noticias"],"inLanguage":"pt-BR","potentialAction":[{"@type":"CommentAction","name":"Comment","target":["https:\/\/www.sitsesp.org.br\/novo\/sitsesp-informa-governo-federal-lanca-pesquisa-para-ouvir-os-servidores-socioeducativos\/#respond"]}]},{"@type":"WebPage","@id":"https:\/\/www.sitsesp.org.br\/novo\/sitsesp-informa-governo-federal-lanca-pesquisa-para-ouvir-os-servidores-socioeducativos\/","url":"https:\/\/www.sitsesp.org.br\/novo\/sitsesp-informa-governo-federal-lanca-pesquisa-para-ouvir-os-servidores-socioeducativos\/","name":"SITSESP informa | Governo Federal lan\u00e7a pesquisa para ouvir os servidores socioeducativos - SITSESP","isPartOf":{"@id":"https:\/\/www.sitsesp.org.br\/novo\/#website"},"primaryImageOfPage":{"@id":"https:\/\/www.sitsesp.org.br\/novo\/sitsesp-informa-governo-federal-lanca-pesquisa-para-ouvir-os-servidores-socioeducativos\/#primaryimage"},"image":{"@id":"https:\/\/www.sitsesp.org.br\/novo\/sitsesp-informa-governo-federal-lanca-pesquisa-para-ouvir-os-servidores-socioeducativos\/#primaryimage"},"thumbnailUrl":"https:\/\/www.sitsesp.org.br\/novo\/wp-content\/uploads\/2022\/01\/2001.jpg","datePublished":"2022-01-20T16:28:38+00:00","dateModified":"2022-01-20T16:59:43+00:00","description":"No dia 18 de janeiro, o Governo Federal, atrav\u00e9s do Minist\u00e9rio da Mulher, da Fam\u00edlia e dos Direitos Humanos, anunciou uma pesquisa para averiguar poss\u00edveis melhoreis para garantir a seguran\u00e7a nas unidades socioeducativas em todo o pa\u00eds. Essa \u00e9 a primeira vez desde a implementa\u00e7\u00e3o do Sistema Nacional de Atendimento Socioeducativo (Sinase), h\u00e1 10 anos, que o Governo Federal pede para ouvir os trabalhadores do sistema socioeducativo, que somam aproximadamente 23 mil servidores. Por isso \u00e9 importante que os servidores respondam a pesquisa e relatem os problemas que encontram no seu trabalho e quais mudan\u00e7as s\u00e3o necess\u00e1rias. Acessem os links abaixo para responder a pesquisa:","breadcrumb":{"@id":"https:\/\/www.sitsesp.org.br\/novo\/sitsesp-informa-governo-federal-lanca-pesquisa-para-ouvir-os-servidores-socioeducativos\/#breadcrumb"},"inLanguage":"pt-BR","potentialAction":[{"@type":"ReadAction","target":["https:\/\/www.sitsesp.org.br\/novo\/sitsesp-informa-governo-federal-lanca-pesquisa-para-ouvir-os-servidores-socioeducativos\/"]}]},{"@type":"ImageObject","inLanguage":"pt-BR","@id":"https:\/\/www.sitsesp.org.br\/novo\/sitsesp-informa-governo-federal-lanca-pesquisa-para-ouvir-os-servidores-socioeducativos\/#primaryimage","url":"https:\/\/www.sitsesp.org.br\/novo\/wp-content\/uploads\/2022\/01\/2001.jpg","contentUrl":"https:\/\/www.sitsesp.org.br\/novo\/wp-content\/uploads\/2022\/01\/2001.jpg","width":800,"height":800},{"@type":"BreadcrumbList","@id":"https:\/\/www.sitsesp.org.br\/novo\/sitsesp-informa-governo-federal-lanca-pesquisa-para-ouvir-os-servidores-socioeducativos\/#breadcrumb","itemListElement":[{"@type":"ListItem","position":1,"name":"In\u00edcio","item":"https:\/\/www.sitsesp.org.br\/novo\/"},{"@type":"ListItem","position":2,"name":"SITSESP informa | Governo Federal lan\u00e7a pesquisa para ouvir os servidores socioeducativos"}]},{"@type":"WebSite","@id":"https:\/\/www.sitsesp.org.br\/novo\/#website","url":"https:\/\/www.sitsesp.org.br\/novo\/","name":"Sitsesp","description":"SIndicato da Socioeduca\u00e7\u00e3o do Estado de S\u00e3o Paulo","publisher":{"@id":"https:\/\/www.sitsesp.org.br\/novo\/#organization"},"potentialAction":[{"@type":"SearchAction","target":{"@type":"EntryPoint","urlTemplate":"https:\/\/www.sitsesp.org.br\/novo\/?s={search_term_string}"},"query-input":"required name=search_term_string"}],"inLanguage":"pt-BR"},{"@type":"Organization","@id":"https:\/\/www.sitsesp.org.br\/novo\/#organization","name":"Sitsesp","url":"https:\/\/www.sitsesp.org.br\/novo\/","logo":{"@type":"ImageObject","inLanguage":"pt-BR","@id":"https:\/\/www.sitsesp.org.br\/novo\/#\/schema\/logo\/image\/","url":"https:\/\/www.sitsesp.org.br\/novo\/wp-content\/uploads\/2020\/09\/Design-sem-nome-1.jpg","contentUrl":"https:\/\/www.sitsesp.org.br\/novo\/wp-content\/uploads\/2020\/09\/Design-sem-nome-1.jpg","width":300,"height":300,"caption":"Sitsesp"},"image":{"@id":"https:\/\/www.sitsesp.org.br\/novo\/#\/schema\/logo\/image\/"}},{"@type":"Person","@id":"https:\/\/www.sitsesp.org.br\/novo\/#\/schema\/person\/28e42eec160f373e81d0183b3643edbf","name":"imprensa","image":{"@type":"ImageObject","inLanguage":"pt-BR","@id":"https:\/\/www.sitsesp.org.br\/novo\/#\/schema\/person\/image\/","url":"https:\/\/secure.gravatar.com\/avatar\/8d6ccd8d7d52b8959f34154e87d3fa29?s=96&d=mm&r=g","contentUrl":"https:\/\/secure.gravatar.com\/avatar\/8d6ccd8d7d52b8959f34154e87d3fa29?s=96&d=mm&r=g","caption":"imprensa"}}]}},"_links":{"self":[{"href":"https:\/\/www.sitsesp.org.br\/novo\/wp-json\/wp\/v2\/posts\/7950"}],"collection":[{"href":"https:\/\/www.sitsesp.org.br\/novo\/wp-json\/wp\/v2\/posts"}],"about":[{"href":"https:\/\/www.sitsesp.org.br\/novo\/wp-json\/wp\/v2\/types\/post"}],"author":[{"embeddable":true,"href":"https:\/\/www.sitsesp.org.br\/novo\/wp-json\/wp\/v2\/users\/5"}],"replies":[{"embeddable":true,"href":"https:\/\/www.sitsesp.org.br\/novo\/wp-json\/wp\/v2\/comments?post=7950"}],"version-history":[{"count":3,"href":"https:\/\/www.sitsesp.org.br\/novo\/wp-json\/wp\/v2\/posts\/7950\/revisions"}],"predecessor-version":[{"id":7954,"href":"https:\/\/www.sitsesp.org.br\/novo\/wp-json\/wp\/v2\/posts\/7950\/revisions\/7954"}],"wp:featuredmedia":[{"embeddable":true,"href":"https:\/\/www.sitsesp.org.br\/novo\/wp-json\/wp\/v2\/media\/7951"}],"wp:attachment":[{"href":"https:\/\/www.sitsesp.org.br\/novo\/wp-json\/wp\/v2\/media?parent=7950"}],"wp:term":[{"taxonomy":"category","embeddable":true,"href":"https:\/\/www.sitsesp.org.br\/novo\/wp-json\/wp\/v2\/categories?post=7950"},{"taxonomy":"post_tag","embeddable":true,"href":"https:\/\/www.sitsesp.org.br\/novo\/wp-json\/wp\/v2\/tags?post=7950"}],"curies":[{"name":"wp","href":"https:\/\/api.w.org\/{rel}","templated":true}]}}