{"id":7991,"date":"2022-01-29T13:47:40","date_gmt":"2022-01-29T16:47:40","guid":{"rendered":"https:\/\/sitsesp.org.br\/novo\/?p=7991"},"modified":"2022-02-04T07:47:13","modified_gmt":"2022-02-04T10:47:13","slug":"assembleia-geral-05-de-fevereiro-faca-sua-inscricao","status":"publish","type":"post","link":"https:\/\/www.sitsesp.org.br\/novo\/assembleia-geral-05-de-fevereiro-faca-sua-inscricao\/","title":{"rendered":"ASSEMBLEIA GERAL, 05 DE FEVEREIRO. Fa\u00e7a sua inscri\u00e7\u00e3o!"},"content":{"rendered":"<p><!-- VideographyWP Plugin Message: Automatic video embedding prevented by plugin options. --><br \/>\nAten\u00e7\u00e3o categoria!<br \/>\n<strong>ASSEMBLEIA GERAL dia 05 de fevereiro \u00e0s 09h.<\/strong><br \/>\nPauta: Aprova\u00e7\u00e3o Pauta de Reivindica\u00e7\u00e3o da Campanha Salarial 2022.<\/p>\n<p><strong>Fa\u00e7a sua inscri\u00e7\u00e3o at\u00e9 o dia 03 de fevereiro.<\/strong><\/p>\n<a href=\"https:\/\/sitsesp.org.br\/novo\/wp-content\/uploads\/2022\/01\/PAUTA-DE-REINVINDICACAO-2021-FRAGMENTADA_versao_final.pdf\" class=\"pdfemb-viewer\" style=\"\" data-width=\"max\" data-height=\"max\" data-toolbar=\"bottom\" data-toolbar-fixed=\"off\">PAUTA DE REINVINDICACAO 2021 FRAGMENTADA_vers\u00e3o_final<\/a>\n<p><a href=\"https:\/\/sitsesp.org.br\/novo\/wp-content\/uploads\/2022\/01\/PAUTA-DE-REINVINDICACAO-2021-FRAGMENTADA_versao_final.pdf\">BAIXE AQUI<\/a><\/p>\n<p>&nbsp;<\/p>\n<p><strong>OBS<\/strong>: N\u00e3o ser\u00e3o discutidas as cl\u00e1usulas sociais, pois as mesmas j\u00e1 est\u00e3o garantidas at\u00e9 2023 apenas as econ\u00f4micas, e em reuni\u00e3o com os delegados de base neste s\u00e1bado 29\/01, ser\u00e1 levada para assembleia algumas propostas de mudan\u00e7as e retifica\u00e7\u00e3o de pautas assim como, as colocadas pelos servidores na assembleia do dia 05\/02\/2022.<\/p>\n<p>&nbsp;<\/p>\n","protected":false},"excerpt":{"rendered":"<p>Aten\u00e7\u00e3o categoria! ASSEMBLEIA GERAL dia 05 de fevereiro \u00e0s 09h. Pauta: Aprova\u00e7\u00e3o Pauta de Reivindica\u00e7\u00e3o da Campanha Salarial 2022. Fa\u00e7a sua&hellip;<\/p>\n","protected":false},"author":5,"featured_media":7993,"comment_status":"open","ping_status":"open","sticky":false,"template":"","format":"standard","meta":{"cybocfi_hide_featured_image":"","footnotes":""},"categories":[27,22],"tags":[67,44,38,37,39],"yoast_head":"<!-- This site is optimized with the Yoast SEO plugin v22.8 - https:\/\/yoast.com\/wordpress\/plugins\/seo\/ -->\n<title>ASSEMBLEIA GERAL, 05 DE FEVEREIRO. Fa\u00e7a sua inscri\u00e7\u00e3o! - SITSESP<\/title>\n<meta name=\"description\" content=\"CAMPANHA SALARIAL | Assembleia Geral, 05 de fevereiro.\" \/>\n<meta name=\"robots\" content=\"index, follow, max-snippet:-1, max-image-preview:large, max-video-preview:-1\" \/>\n<link rel=\"canonical\" href=\"https:\/\/www.sitsesp.org.br\/novo\/assembleia-geral-05-de-fevereiro-faca-sua-inscricao\/\" \/>\n<meta property=\"og:locale\" content=\"pt_BR\" \/>\n<meta property=\"og:type\" content=\"article\" \/>\n<meta property=\"og:title\" content=\"ASSEMBLEIA GERAL, 05 DE FEVEREIRO. Fa\u00e7a sua inscri\u00e7\u00e3o! - SITSESP\" \/>\n<meta property=\"og:description\" content=\"CAMPANHA SALARIAL | Assembleia Geral, 05 de fevereiro.\" \/>\n<meta property=\"og:url\" content=\"https:\/\/www.sitsesp.org.br\/novo\/assembleia-geral-05-de-fevereiro-faca-sua-inscricao\/\" \/>\n<meta property=\"og:site_name\" content=\"SITSESP\" \/>\n<meta property=\"article:published_time\" content=\"2022-01-29T16:47:40+00:00\" \/>\n<meta property=\"article:modified_time\" content=\"2022-02-04T10:47:13+00:00\" \/>\n<meta property=\"og:image\" content=\"https:\/\/www.sitsesp.org.br\/novo\/wp-content\/uploads\/2022\/01\/ASSEMBLEIA.jpg\" \/>\n\t<meta property=\"og:image:width\" content=\"800\" \/>\n\t<meta property=\"og:image:height\" content=\"800\" \/>\n\t<meta property=\"og:image:type\" content=\"image\/jpeg\" \/>\n<meta name=\"author\" content=\"imprensa\" \/>\n<meta name=\"twitter:card\" content=\"summary_large_image\" \/>\n<meta name=\"twitter:label1\" content=\"Escrito por\" \/>\n\t<meta name=\"twitter:data1\" content=\"imprensa\" \/>\n\t<meta name=\"twitter:label2\" content=\"Est. tempo de leitura\" \/>\n\t<meta name=\"twitter:data2\" content=\"1 minuto\" \/>\n<script type=\"application\/ld+json\" class=\"yoast-schema-graph\">{\"@context\":\"https:\/\/schema.org\",\"@graph\":[{\"@type\":\"Article\",\"@id\":\"https:\/\/www.sitsesp.org.br\/novo\/assembleia-geral-05-de-fevereiro-faca-sua-inscricao\/#article\",\"isPartOf\":{\"@id\":\"https:\/\/www.sitsesp.org.br\/novo\/assembleia-geral-05-de-fevereiro-faca-sua-inscricao\/\"},\"author\":{\"name\":\"imprensa\",\"@id\":\"https:\/\/www.sitsesp.org.br\/novo\/#\/schema\/person\/28e42eec160f373e81d0183b3643edbf\"},\"headline\":\"ASSEMBLEIA GERAL, 05 DE FEVEREIRO. Fa\u00e7a sua inscri\u00e7\u00e3o!\",\"datePublished\":\"2022-01-29T16:47:40+00:00\",\"dateModified\":\"2022-02-04T10:47:13+00:00\",\"mainEntityOfPage\":{\"@id\":\"https:\/\/www.sitsesp.org.br\/novo\/assembleia-geral-05-de-fevereiro-faca-sua-inscricao\/\"},\"wordCount\":123,\"commentCount\":0,\"publisher\":{\"@id\":\"https:\/\/www.sitsesp.org.br\/novo\/#organization\"},\"image\":{\"@id\":\"https:\/\/www.sitsesp.org.br\/novo\/assembleia-geral-05-de-fevereiro-faca-sua-inscricao\/#primaryimage\"},\"thumbnailUrl\":\"https:\/\/www.sitsesp.org.br\/novo\/wp-content\/uploads\/2022\/01\/ASSEMBLEIA.jpg\",\"keywords\":[\"2022\",\"campanha salarial\",\"Funda\u00e7\u00e3o CASA\",\"SITSESP\",\"SOCIOEDUCA\u00c7\u00c3O\"],\"articleSection\":[\"Destaque\",\"Noticias\"],\"inLanguage\":\"pt-BR\",\"potentialAction\":[{\"@type\":\"CommentAction\",\"name\":\"Comment\",\"target\":[\"https:\/\/www.sitsesp.org.br\/novo\/assembleia-geral-05-de-fevereiro-faca-sua-inscricao\/#respond\"]}]},{\"@type\":\"WebPage\",\"@id\":\"https:\/\/www.sitsesp.org.br\/novo\/assembleia-geral-05-de-fevereiro-faca-sua-inscricao\/\",\"url\":\"https:\/\/www.sitsesp.org.br\/novo\/assembleia-geral-05-de-fevereiro-faca-sua-inscricao\/\",\"name\":\"ASSEMBLEIA GERAL, 05 DE FEVEREIRO. Fa\u00e7a sua inscri\u00e7\u00e3o! - SITSESP\",\"isPartOf\":{\"@id\":\"https:\/\/www.sitsesp.org.br\/novo\/#website\"},\"primaryImageOfPage\":{\"@id\":\"https:\/\/www.sitsesp.org.br\/novo\/assembleia-geral-05-de-fevereiro-faca-sua-inscricao\/#primaryimage\"},\"image\":{\"@id\":\"https:\/\/www.sitsesp.org.br\/novo\/assembleia-geral-05-de-fevereiro-faca-sua-inscricao\/#primaryimage\"},\"thumbnailUrl\":\"https:\/\/www.sitsesp.org.br\/novo\/wp-content\/uploads\/2022\/01\/ASSEMBLEIA.jpg\",\"datePublished\":\"2022-01-29T16:47:40+00:00\",\"dateModified\":\"2022-02-04T10:47:13+00:00\",\"description\":\"CAMPANHA SALARIAL | Assembleia Geral, 05 de fevereiro.\",\"breadcrumb\":{\"@id\":\"https:\/\/www.sitsesp.org.br\/novo\/assembleia-geral-05-de-fevereiro-faca-sua-inscricao\/#breadcrumb\"},\"inLanguage\":\"pt-BR\",\"potentialAction\":[{\"@type\":\"ReadAction\",\"target\":[\"https:\/\/www.sitsesp.org.br\/novo\/assembleia-geral-05-de-fevereiro-faca-sua-inscricao\/\"]}]},{\"@type\":\"ImageObject\",\"inLanguage\":\"pt-BR\",\"@id\":\"https:\/\/www.sitsesp.org.br\/novo\/assembleia-geral-05-de-fevereiro-faca-sua-inscricao\/#primaryimage\",\"url\":\"https:\/\/www.sitsesp.org.br\/novo\/wp-content\/uploads\/2022\/01\/ASSEMBLEIA.jpg\",\"contentUrl\":\"https:\/\/www.sitsesp.org.br\/novo\/wp-content\/uploads\/2022\/01\/ASSEMBLEIA.jpg\",\"width\":800,\"height\":800},{\"@type\":\"BreadcrumbList\",\"@id\":\"https:\/\/www.sitsesp.org.br\/novo\/assembleia-geral-05-de-fevereiro-faca-sua-inscricao\/#breadcrumb\",\"itemListElement\":[{\"@type\":\"ListItem\",\"position\":1,\"name\":\"In\u00edcio\",\"item\":\"https:\/\/www.sitsesp.org.br\/novo\/\"},{\"@type\":\"ListItem\",\"position\":2,\"name\":\"ASSEMBLEIA GERAL, 05 DE FEVEREIRO. Fa\u00e7a sua inscri\u00e7\u00e3o!\"}]},{\"@type\":\"WebSite\",\"@id\":\"https:\/\/www.sitsesp.org.br\/novo\/#website\",\"url\":\"https:\/\/www.sitsesp.org.br\/novo\/\",\"name\":\"Sitsesp\",\"description\":\"SIndicato da Socioeduca\u00e7\u00e3o do Estado de S\u00e3o Paulo\",\"publisher\":{\"@id\":\"https:\/\/www.sitsesp.org.br\/novo\/#organization\"},\"potentialAction\":[{\"@type\":\"SearchAction\",\"target\":{\"@type\":\"EntryPoint\",\"urlTemplate\":\"https:\/\/www.sitsesp.org.br\/novo\/?s={search_term_string}\"},\"query-input\":\"required name=search_term_string\"}],\"inLanguage\":\"pt-BR\"},{\"@type\":\"Organization\",\"@id\":\"https:\/\/www.sitsesp.org.br\/novo\/#organization\",\"name\":\"Sitsesp\",\"url\":\"https:\/\/www.sitsesp.org.br\/novo\/\",\"logo\":{\"@type\":\"ImageObject\",\"inLanguage\":\"pt-BR\",\"@id\":\"https:\/\/www.sitsesp.org.br\/novo\/#\/schema\/logo\/image\/\",\"url\":\"https:\/\/www.sitsesp.org.br\/novo\/wp-content\/uploads\/2020\/09\/Design-sem-nome-1.jpg\",\"contentUrl\":\"https:\/\/www.sitsesp.org.br\/novo\/wp-content\/uploads\/2020\/09\/Design-sem-nome-1.jpg\",\"width\":300,\"height\":300,\"caption\":\"Sitsesp\"},\"image\":{\"@id\":\"https:\/\/www.sitsesp.org.br\/novo\/#\/schema\/logo\/image\/\"}},{\"@type\":\"Person\",\"@id\":\"https:\/\/www.sitsesp.org.br\/novo\/#\/schema\/person\/28e42eec160f373e81d0183b3643edbf\",\"name\":\"imprensa\",\"image\":{\"@type\":\"ImageObject\",\"inLanguage\":\"pt-BR\",\"@id\":\"https:\/\/www.sitsesp.org.br\/novo\/#\/schema\/person\/image\/\",\"url\":\"https:\/\/secure.gravatar.com\/avatar\/8d6ccd8d7d52b8959f34154e87d3fa29?s=96&d=mm&r=g\",\"contentUrl\":\"https:\/\/secure.gravatar.com\/avatar\/8d6ccd8d7d52b8959f34154e87d3fa29?s=96&d=mm&r=g\",\"caption\":\"imprensa\"}}]}<\/script>\n<!-- \/ Yoast SEO plugin. -->","yoast_head_json":{"title":"ASSEMBLEIA GERAL, 05 DE FEVEREIRO. Fa\u00e7a sua inscri\u00e7\u00e3o! - SITSESP","description":"CAMPANHA SALARIAL | Assembleia Geral, 05 de fevereiro.","robots":{"index":"index","follow":"follow","max-snippet":"max-snippet:-1","max-image-preview":"max-image-preview:large","max-video-preview":"max-video-preview:-1"},"canonical":"https:\/\/www.sitsesp.org.br\/novo\/assembleia-geral-05-de-fevereiro-faca-sua-inscricao\/","og_locale":"pt_BR","og_type":"article","og_title":"ASSEMBLEIA GERAL, 05 DE FEVEREIRO. Fa\u00e7a sua inscri\u00e7\u00e3o! - SITSESP","og_description":"CAMPANHA SALARIAL | Assembleia Geral, 05 de fevereiro.","og_url":"https:\/\/www.sitsesp.org.br\/novo\/assembleia-geral-05-de-fevereiro-faca-sua-inscricao\/","og_site_name":"SITSESP","article_published_time":"2022-01-29T16:47:40+00:00","article_modified_time":"2022-02-04T10:47:13+00:00","og_image":[{"width":800,"height":800,"url":"https:\/\/www.sitsesp.org.br\/novo\/wp-content\/uploads\/2022\/01\/ASSEMBLEIA.jpg","type":"image\/jpeg"}],"author":"imprensa","twitter_card":"summary_large_image","twitter_misc":{"Escrito por":"imprensa","Est. tempo de leitura":"1 minuto"},"schema":{"@context":"https:\/\/schema.org","@graph":[{"@type":"Article","@id":"https:\/\/www.sitsesp.org.br\/novo\/assembleia-geral-05-de-fevereiro-faca-sua-inscricao\/#article","isPartOf":{"@id":"https:\/\/www.sitsesp.org.br\/novo\/assembleia-geral-05-de-fevereiro-faca-sua-inscricao\/"},"author":{"name":"imprensa","@id":"https:\/\/www.sitsesp.org.br\/novo\/#\/schema\/person\/28e42eec160f373e81d0183b3643edbf"},"headline":"ASSEMBLEIA GERAL, 05 DE FEVEREIRO. Fa\u00e7a sua inscri\u00e7\u00e3o!","datePublished":"2022-01-29T16:47:40+00:00","dateModified":"2022-02-04T10:47:13+00:00","mainEntityOfPage":{"@id":"https:\/\/www.sitsesp.org.br\/novo\/assembleia-geral-05-de-fevereiro-faca-sua-inscricao\/"},"wordCount":123,"commentCount":0,"publisher":{"@id":"https:\/\/www.sitsesp.org.br\/novo\/#organization"},"image":{"@id":"https:\/\/www.sitsesp.org.br\/novo\/assembleia-geral-05-de-fevereiro-faca-sua-inscricao\/#primaryimage"},"thumbnailUrl":"https:\/\/www.sitsesp.org.br\/novo\/wp-content\/uploads\/2022\/01\/ASSEMBLEIA.jpg","keywords":["2022","campanha salarial","Funda\u00e7\u00e3o CASA","SITSESP","SOCIOEDUCA\u00c7\u00c3O"],"articleSection":["Destaque","Noticias"],"inLanguage":"pt-BR","potentialAction":[{"@type":"CommentAction","name":"Comment","target":["https:\/\/www.sitsesp.org.br\/novo\/assembleia-geral-05-de-fevereiro-faca-sua-inscricao\/#respond"]}]},{"@type":"WebPage","@id":"https:\/\/www.sitsesp.org.br\/novo\/assembleia-geral-05-de-fevereiro-faca-sua-inscricao\/","url":"https:\/\/www.sitsesp.org.br\/novo\/assembleia-geral-05-de-fevereiro-faca-sua-inscricao\/","name":"ASSEMBLEIA GERAL, 05 DE FEVEREIRO. Fa\u00e7a sua inscri\u00e7\u00e3o! - SITSESP","isPartOf":{"@id":"https:\/\/www.sitsesp.org.br\/novo\/#website"},"primaryImageOfPage":{"@id":"https:\/\/www.sitsesp.org.br\/novo\/assembleia-geral-05-de-fevereiro-faca-sua-inscricao\/#primaryimage"},"image":{"@id":"https:\/\/www.sitsesp.org.br\/novo\/assembleia-geral-05-de-fevereiro-faca-sua-inscricao\/#primaryimage"},"thumbnailUrl":"https:\/\/www.sitsesp.org.br\/novo\/wp-content\/uploads\/2022\/01\/ASSEMBLEIA.jpg","datePublished":"2022-01-29T16:47:40+00:00","dateModified":"2022-02-04T10:47:13+00:00","description":"CAMPANHA SALARIAL | Assembleia Geral, 05 de fevereiro.","breadcrumb":{"@id":"https:\/\/www.sitsesp.org.br\/novo\/assembleia-geral-05-de-fevereiro-faca-sua-inscricao\/#breadcrumb"},"inLanguage":"pt-BR","potentialAction":[{"@type":"ReadAction","target":["https:\/\/www.sitsesp.org.br\/novo\/assembleia-geral-05-de-fevereiro-faca-sua-inscricao\/"]}]},{"@type":"ImageObject","inLanguage":"pt-BR","@id":"https:\/\/www.sitsesp.org.br\/novo\/assembleia-geral-05-de-fevereiro-faca-sua-inscricao\/#primaryimage","url":"https:\/\/www.sitsesp.org.br\/novo\/wp-content\/uploads\/2022\/01\/ASSEMBLEIA.jpg","contentUrl":"https:\/\/www.sitsesp.org.br\/novo\/wp-content\/uploads\/2022\/01\/ASSEMBLEIA.jpg","width":800,"height":800},{"@type":"BreadcrumbList","@id":"https:\/\/www.sitsesp.org.br\/novo\/assembleia-geral-05-de-fevereiro-faca-sua-inscricao\/#breadcrumb","itemListElement":[{"@type":"ListItem","position":1,"name":"In\u00edcio","item":"https:\/\/www.sitsesp.org.br\/novo\/"},{"@type":"ListItem","position":2,"name":"ASSEMBLEIA GERAL, 05 DE FEVEREIRO. Fa\u00e7a sua inscri\u00e7\u00e3o!"}]},{"@type":"WebSite","@id":"https:\/\/www.sitsesp.org.br\/novo\/#website","url":"https:\/\/www.sitsesp.org.br\/novo\/","name":"Sitsesp","description":"SIndicato da Socioeduca\u00e7\u00e3o do Estado de S\u00e3o Paulo","publisher":{"@id":"https:\/\/www.sitsesp.org.br\/novo\/#organization"},"potentialAction":[{"@type":"SearchAction","target":{"@type":"EntryPoint","urlTemplate":"https:\/\/www.sitsesp.org.br\/novo\/?s={search_term_string}"},"query-input":"required name=search_term_string"}],"inLanguage":"pt-BR"},{"@type":"Organization","@id":"https:\/\/www.sitsesp.org.br\/novo\/#organization","name":"Sitsesp","url":"https:\/\/www.sitsesp.org.br\/novo\/","logo":{"@type":"ImageObject","inLanguage":"pt-BR","@id":"https:\/\/www.sitsesp.org.br\/novo\/#\/schema\/logo\/image\/","url":"https:\/\/www.sitsesp.org.br\/novo\/wp-content\/uploads\/2020\/09\/Design-sem-nome-1.jpg","contentUrl":"https:\/\/www.sitsesp.org.br\/novo\/wp-content\/uploads\/2020\/09\/Design-sem-nome-1.jpg","width":300,"height":300,"caption":"Sitsesp"},"image":{"@id":"https:\/\/www.sitsesp.org.br\/novo\/#\/schema\/logo\/image\/"}},{"@type":"Person","@id":"https:\/\/www.sitsesp.org.br\/novo\/#\/schema\/person\/28e42eec160f373e81d0183b3643edbf","name":"imprensa","image":{"@type":"ImageObject","inLanguage":"pt-BR","@id":"https:\/\/www.sitsesp.org.br\/novo\/#\/schema\/person\/image\/","url":"https:\/\/secure.gravatar.com\/avatar\/8d6ccd8d7d52b8959f34154e87d3fa29?s=96&d=mm&r=g","contentUrl":"https:\/\/secure.gravatar.com\/avatar\/8d6ccd8d7d52b8959f34154e87d3fa29?s=96&d=mm&r=g","caption":"imprensa"}}]}},"_links":{"self":[{"href":"https:\/\/www.sitsesp.org.br\/novo\/wp-json\/wp\/v2\/posts\/7991"}],"collection":[{"href":"https:\/\/www.sitsesp.org.br\/novo\/wp-json\/wp\/v2\/posts"}],"about":[{"href":"https:\/\/www.sitsesp.org.br\/novo\/wp-json\/wp\/v2\/types\/post"}],"author":[{"embeddable":true,"href":"https:\/\/www.sitsesp.org.br\/novo\/wp-json\/wp\/v2\/users\/5"}],"replies":[{"embeddable":true,"href":"https:\/\/www.sitsesp.org.br\/novo\/wp-json\/wp\/v2\/comments?post=7991"}],"version-history":[{"count":4,"href":"https:\/\/www.sitsesp.org.br\/novo\/wp-json\/wp\/v2\/posts\/7991\/revisions"}],"predecessor-version":[{"id":8009,"href":"https:\/\/www.sitsesp.org.br\/novo\/wp-json\/wp\/v2\/posts\/7991\/revisions\/8009"}],"wp:featuredmedia":[{"embeddable":true,"href":"https:\/\/www.sitsesp.org.br\/novo\/wp-json\/wp\/v2\/media\/7993"}],"wp:attachment":[{"href":"https:\/\/www.sitsesp.org.br\/novo\/wp-json\/wp\/v2\/media?parent=7991"}],"wp:term":[{"taxonomy":"category","embeddable":true,"href":"https:\/\/www.sitsesp.org.br\/novo\/wp-json\/wp\/v2\/categories?post=7991"},{"taxonomy":"post_tag","embeddable":true,"href":"https:\/\/www.sitsesp.org.br\/novo\/wp-json\/wp\/v2\/tags?post=7991"}],"curies":[{"name":"wp","href":"https:\/\/api.w.org\/{rel}","templated":true}]}}