{"id":8010,"date":"2022-02-04T13:23:43","date_gmt":"2022-02-04T16:23:43","guid":{"rendered":"https:\/\/sitsesp.org.br\/novo\/?p=8010"},"modified":"2022-02-04T13:23:43","modified_gmt":"2022-02-04T16:23:43","slug":"governo-federal-lanca-investimento-de-r67-milhoes-em-parceria-publico-privada-no-setor-socioeducativo-ao-inves-de-investir-nos-servidores-publicos-da-socioeducacao","status":"publish","type":"post","link":"https:\/\/www.sitsesp.org.br\/novo\/governo-federal-lanca-investimento-de-r67-milhoes-em-parceria-publico-privada-no-setor-socioeducativo-ao-inves-de-investir-nos-servidores-publicos-da-socioeducacao\/","title":{"rendered":"Governo Federal lan\u00e7a investimento de R$67 milh\u00f5es em Parceria P\u00fablico Privada no setor socioeducativo ao inv\u00e9s de investir nos servidores p\u00fablicos da socioeduca\u00e7\u00e3o"},"content":{"rendered":"<p><!-- VideographyWP Plugin Message: Automatic video embedding prevented by plugin options. --><br \/>\nNa \u00faltima quarta-feira (2), o Governo Federal anunciou o projeto Novo Socioeducativo que prev\u00ea o investimento de R$67 milh\u00f5es de reais em Parcerias P\u00fablico Privadas no setor socioeducativo. O que o Governo pretende \u00e9 usar esse dinheiro na contrata\u00e7\u00e3o de empresas privadas que ir\u00e3o construir novos Centros socioeducativos e cuidar de sua gest\u00e3o, bem como da contrata\u00e7\u00e3o e tratamento dos funcion\u00e1rios.<\/p>\n<p>Na pr\u00e1tica, esse projeto \u00e9 mais um passo na dire\u00e7\u00e3o do sucateamento do sistema socioeducativo p\u00fablico. O que vemos \u00e9 o fechamento de Centros j\u00e1 existentes, o achatamento salarial, a implementa\u00e7\u00e3o de programas de demiss\u00e3o incentivada e ass\u00e9dio nos locais de trabalho. Tudo isso para prejudicar o servi\u00e7o e o servidor p\u00fablico e dar lugar ao setor privado.<\/p>\n<p>O SITSESP \u00e9 contra o projeto Novo Socioeducativo e contra as Parcerias P\u00fablico Privadas, defendemos que esse valor seja investido nos Centros j\u00e1 existentes, em sua manuten\u00e7\u00e3o, na melhoria das condi\u00e7\u00f5es de trabalho, na valoriza\u00e7\u00e3o dos funcion\u00e1rios socioeducativos p\u00fablicos, na expans\u00e3o dos direitos sociais e econ\u00f4micos.<\/p>\n","protected":false},"excerpt":{"rendered":"<p>Na \u00faltima quarta-feira (2), o Governo Federal anunciou o projeto Novo Socioeducativo que prev\u00ea o investimento de R$67 milh\u00f5es de reais&hellip;<\/p>\n","protected":false},"author":5,"featured_media":8011,"comment_status":"open","ping_status":"open","sticky":false,"template":"","format":"standard","meta":{"cybocfi_hide_featured_image":"","footnotes":""},"categories":[27,22],"tags":[],"yoast_head":"<!-- This site is optimized with the Yoast SEO plugin v22.8 - https:\/\/yoast.com\/wordpress\/plugins\/seo\/ -->\n<title>Governo Federal lan\u00e7a investimento de R$67 milh\u00f5es em Parceria P\u00fablico Privada no setor socioeducativo ao inv\u00e9s de investir nos servidores p\u00fablicos da socioeduca\u00e7\u00e3o - SITSESP<\/title>\n<meta name=\"robots\" content=\"index, follow, max-snippet:-1, max-image-preview:large, max-video-preview:-1\" \/>\n<link rel=\"canonical\" href=\"https:\/\/www.sitsesp.org.br\/novo\/governo-federal-lanca-investimento-de-r67-milhoes-em-parceria-publico-privada-no-setor-socioeducativo-ao-inves-de-investir-nos-servidores-publicos-da-socioeducacao\/\" \/>\n<meta property=\"og:locale\" content=\"pt_BR\" \/>\n<meta property=\"og:type\" content=\"article\" \/>\n<meta property=\"og:title\" content=\"Governo Federal lan\u00e7a investimento de R$67 milh\u00f5es em Parceria P\u00fablico Privada no setor socioeducativo ao inv\u00e9s de investir nos servidores p\u00fablicos da socioeduca\u00e7\u00e3o - SITSESP\" \/>\n<meta property=\"og:description\" content=\"Na \u00faltima quarta-feira (2), o Governo Federal anunciou o projeto Novo Socioeducativo que prev\u00ea o investimento de R$67 milh\u00f5es de reais&hellip;\" \/>\n<meta property=\"og:url\" content=\"https:\/\/www.sitsesp.org.br\/novo\/governo-federal-lanca-investimento-de-r67-milhoes-em-parceria-publico-privada-no-setor-socioeducativo-ao-inves-de-investir-nos-servidores-publicos-da-socioeducacao\/\" \/>\n<meta property=\"og:site_name\" content=\"SITSESP\" \/>\n<meta property=\"article:published_time\" content=\"2022-02-04T16:23:43+00:00\" \/>\n<meta property=\"og:image\" content=\"https:\/\/www.sitsesp.org.br\/novo\/wp-content\/uploads\/2022\/02\/0402.jpg\" \/>\n\t<meta property=\"og:image:width\" content=\"800\" \/>\n\t<meta property=\"og:image:height\" content=\"800\" \/>\n\t<meta property=\"og:image:type\" content=\"image\/jpeg\" \/>\n<meta name=\"author\" content=\"imprensa\" \/>\n<meta name=\"twitter:card\" content=\"summary_large_image\" \/>\n<meta name=\"twitter:label1\" content=\"Escrito por\" \/>\n\t<meta name=\"twitter:data1\" content=\"imprensa\" \/>\n\t<meta name=\"twitter:label2\" content=\"Est. tempo de leitura\" \/>\n\t<meta name=\"twitter:data2\" content=\"1 minuto\" \/>\n<script type=\"application\/ld+json\" class=\"yoast-schema-graph\">{\"@context\":\"https:\/\/schema.org\",\"@graph\":[{\"@type\":\"Article\",\"@id\":\"https:\/\/www.sitsesp.org.br\/novo\/governo-federal-lanca-investimento-de-r67-milhoes-em-parceria-publico-privada-no-setor-socioeducativo-ao-inves-de-investir-nos-servidores-publicos-da-socioeducacao\/#article\",\"isPartOf\":{\"@id\":\"https:\/\/www.sitsesp.org.br\/novo\/governo-federal-lanca-investimento-de-r67-milhoes-em-parceria-publico-privada-no-setor-socioeducativo-ao-inves-de-investir-nos-servidores-publicos-da-socioeducacao\/\"},\"author\":{\"name\":\"imprensa\",\"@id\":\"https:\/\/www.sitsesp.org.br\/novo\/#\/schema\/person\/28e42eec160f373e81d0183b3643edbf\"},\"headline\":\"Governo Federal lan\u00e7a investimento de R$67 milh\u00f5es em Parceria P\u00fablico Privada no setor socioeducativo ao inv\u00e9s de investir nos servidores p\u00fablicos da socioeduca\u00e7\u00e3o\",\"datePublished\":\"2022-02-04T16:23:43+00:00\",\"dateModified\":\"2022-02-04T16:23:43+00:00\",\"mainEntityOfPage\":{\"@id\":\"https:\/\/www.sitsesp.org.br\/novo\/governo-federal-lanca-investimento-de-r67-milhoes-em-parceria-publico-privada-no-setor-socioeducativo-ao-inves-de-investir-nos-servidores-publicos-da-socioeducacao\/\"},\"wordCount\":212,\"commentCount\":0,\"publisher\":{\"@id\":\"https:\/\/www.sitsesp.org.br\/novo\/#organization\"},\"image\":{\"@id\":\"https:\/\/www.sitsesp.org.br\/novo\/governo-federal-lanca-investimento-de-r67-milhoes-em-parceria-publico-privada-no-setor-socioeducativo-ao-inves-de-investir-nos-servidores-publicos-da-socioeducacao\/#primaryimage\"},\"thumbnailUrl\":\"https:\/\/www.sitsesp.org.br\/novo\/wp-content\/uploads\/2022\/02\/0402.jpg\",\"articleSection\":[\"Destaque\",\"Noticias\"],\"inLanguage\":\"pt-BR\",\"potentialAction\":[{\"@type\":\"CommentAction\",\"name\":\"Comment\",\"target\":[\"https:\/\/www.sitsesp.org.br\/novo\/governo-federal-lanca-investimento-de-r67-milhoes-em-parceria-publico-privada-no-setor-socioeducativo-ao-inves-de-investir-nos-servidores-publicos-da-socioeducacao\/#respond\"]}]},{\"@type\":\"WebPage\",\"@id\":\"https:\/\/www.sitsesp.org.br\/novo\/governo-federal-lanca-investimento-de-r67-milhoes-em-parceria-publico-privada-no-setor-socioeducativo-ao-inves-de-investir-nos-servidores-publicos-da-socioeducacao\/\",\"url\":\"https:\/\/www.sitsesp.org.br\/novo\/governo-federal-lanca-investimento-de-r67-milhoes-em-parceria-publico-privada-no-setor-socioeducativo-ao-inves-de-investir-nos-servidores-publicos-da-socioeducacao\/\",\"name\":\"Governo Federal lan\u00e7a investimento de R$67 milh\u00f5es em Parceria P\u00fablico Privada no setor socioeducativo ao inv\u00e9s de investir nos servidores p\u00fablicos da socioeduca\u00e7\u00e3o - SITSESP\",\"isPartOf\":{\"@id\":\"https:\/\/www.sitsesp.org.br\/novo\/#website\"},\"primaryImageOfPage\":{\"@id\":\"https:\/\/www.sitsesp.org.br\/novo\/governo-federal-lanca-investimento-de-r67-milhoes-em-parceria-publico-privada-no-setor-socioeducativo-ao-inves-de-investir-nos-servidores-publicos-da-socioeducacao\/#primaryimage\"},\"image\":{\"@id\":\"https:\/\/www.sitsesp.org.br\/novo\/governo-federal-lanca-investimento-de-r67-milhoes-em-parceria-publico-privada-no-setor-socioeducativo-ao-inves-de-investir-nos-servidores-publicos-da-socioeducacao\/#primaryimage\"},\"thumbnailUrl\":\"https:\/\/www.sitsesp.org.br\/novo\/wp-content\/uploads\/2022\/02\/0402.jpg\",\"datePublished\":\"2022-02-04T16:23:43+00:00\",\"dateModified\":\"2022-02-04T16:23:43+00:00\",\"breadcrumb\":{\"@id\":\"https:\/\/www.sitsesp.org.br\/novo\/governo-federal-lanca-investimento-de-r67-milhoes-em-parceria-publico-privada-no-setor-socioeducativo-ao-inves-de-investir-nos-servidores-publicos-da-socioeducacao\/#breadcrumb\"},\"inLanguage\":\"pt-BR\",\"potentialAction\":[{\"@type\":\"ReadAction\",\"target\":[\"https:\/\/www.sitsesp.org.br\/novo\/governo-federal-lanca-investimento-de-r67-milhoes-em-parceria-publico-privada-no-setor-socioeducativo-ao-inves-de-investir-nos-servidores-publicos-da-socioeducacao\/\"]}]},{\"@type\":\"ImageObject\",\"inLanguage\":\"pt-BR\",\"@id\":\"https:\/\/www.sitsesp.org.br\/novo\/governo-federal-lanca-investimento-de-r67-milhoes-em-parceria-publico-privada-no-setor-socioeducativo-ao-inves-de-investir-nos-servidores-publicos-da-socioeducacao\/#primaryimage\",\"url\":\"https:\/\/www.sitsesp.org.br\/novo\/wp-content\/uploads\/2022\/02\/0402.jpg\",\"contentUrl\":\"https:\/\/www.sitsesp.org.br\/novo\/wp-content\/uploads\/2022\/02\/0402.jpg\",\"width\":800,\"height\":800},{\"@type\":\"BreadcrumbList\",\"@id\":\"https:\/\/www.sitsesp.org.br\/novo\/governo-federal-lanca-investimento-de-r67-milhoes-em-parceria-publico-privada-no-setor-socioeducativo-ao-inves-de-investir-nos-servidores-publicos-da-socioeducacao\/#breadcrumb\",\"itemListElement\":[{\"@type\":\"ListItem\",\"position\":1,\"name\":\"In\u00edcio\",\"item\":\"https:\/\/www.sitsesp.org.br\/novo\/\"},{\"@type\":\"ListItem\",\"position\":2,\"name\":\"Governo Federal lan\u00e7a investimento de R$67 milh\u00f5es em Parceria P\u00fablico Privada no setor socioeducativo ao inv\u00e9s de investir nos servidores p\u00fablicos da socioeduca\u00e7\u00e3o\"}]},{\"@type\":\"WebSite\",\"@id\":\"https:\/\/www.sitsesp.org.br\/novo\/#website\",\"url\":\"https:\/\/www.sitsesp.org.br\/novo\/\",\"name\":\"Sitsesp\",\"description\":\"SIndicato da Socioeduca\u00e7\u00e3o do Estado de S\u00e3o Paulo\",\"publisher\":{\"@id\":\"https:\/\/www.sitsesp.org.br\/novo\/#organization\"},\"potentialAction\":[{\"@type\":\"SearchAction\",\"target\":{\"@type\":\"EntryPoint\",\"urlTemplate\":\"https:\/\/www.sitsesp.org.br\/novo\/?s={search_term_string}\"},\"query-input\":\"required name=search_term_string\"}],\"inLanguage\":\"pt-BR\"},{\"@type\":\"Organization\",\"@id\":\"https:\/\/www.sitsesp.org.br\/novo\/#organization\",\"name\":\"Sitsesp\",\"url\":\"https:\/\/www.sitsesp.org.br\/novo\/\",\"logo\":{\"@type\":\"ImageObject\",\"inLanguage\":\"pt-BR\",\"@id\":\"https:\/\/www.sitsesp.org.br\/novo\/#\/schema\/logo\/image\/\",\"url\":\"https:\/\/www.sitsesp.org.br\/novo\/wp-content\/uploads\/2020\/09\/Design-sem-nome-1.jpg\",\"contentUrl\":\"https:\/\/www.sitsesp.org.br\/novo\/wp-content\/uploads\/2020\/09\/Design-sem-nome-1.jpg\",\"width\":300,\"height\":300,\"caption\":\"Sitsesp\"},\"image\":{\"@id\":\"https:\/\/www.sitsesp.org.br\/novo\/#\/schema\/logo\/image\/\"}},{\"@type\":\"Person\",\"@id\":\"https:\/\/www.sitsesp.org.br\/novo\/#\/schema\/person\/28e42eec160f373e81d0183b3643edbf\",\"name\":\"imprensa\",\"image\":{\"@type\":\"ImageObject\",\"inLanguage\":\"pt-BR\",\"@id\":\"https:\/\/www.sitsesp.org.br\/novo\/#\/schema\/person\/image\/\",\"url\":\"https:\/\/secure.gravatar.com\/avatar\/8d6ccd8d7d52b8959f34154e87d3fa29?s=96&d=mm&r=g\",\"contentUrl\":\"https:\/\/secure.gravatar.com\/avatar\/8d6ccd8d7d52b8959f34154e87d3fa29?s=96&d=mm&r=g\",\"caption\":\"imprensa\"}}]}<\/script>\n<!-- \/ Yoast SEO plugin. -->","yoast_head_json":{"title":"Governo Federal lan\u00e7a investimento de R$67 milh\u00f5es em Parceria P\u00fablico Privada no setor socioeducativo ao inv\u00e9s de investir nos servidores p\u00fablicos da socioeduca\u00e7\u00e3o - SITSESP","robots":{"index":"index","follow":"follow","max-snippet":"max-snippet:-1","max-image-preview":"max-image-preview:large","max-video-preview":"max-video-preview:-1"},"canonical":"https:\/\/www.sitsesp.org.br\/novo\/governo-federal-lanca-investimento-de-r67-milhoes-em-parceria-publico-privada-no-setor-socioeducativo-ao-inves-de-investir-nos-servidores-publicos-da-socioeducacao\/","og_locale":"pt_BR","og_type":"article","og_title":"Governo Federal lan\u00e7a investimento de R$67 milh\u00f5es em Parceria P\u00fablico Privada no setor socioeducativo ao inv\u00e9s de investir nos servidores p\u00fablicos da socioeduca\u00e7\u00e3o - SITSESP","og_description":"Na \u00faltima quarta-feira (2), o Governo Federal anunciou o projeto Novo Socioeducativo que prev\u00ea o investimento de R$67 milh\u00f5es de reais&hellip;","og_url":"https:\/\/www.sitsesp.org.br\/novo\/governo-federal-lanca-investimento-de-r67-milhoes-em-parceria-publico-privada-no-setor-socioeducativo-ao-inves-de-investir-nos-servidores-publicos-da-socioeducacao\/","og_site_name":"SITSESP","article_published_time":"2022-02-04T16:23:43+00:00","og_image":[{"width":800,"height":800,"url":"https:\/\/www.sitsesp.org.br\/novo\/wp-content\/uploads\/2022\/02\/0402.jpg","type":"image\/jpeg"}],"author":"imprensa","twitter_card":"summary_large_image","twitter_misc":{"Escrito por":"imprensa","Est. tempo de leitura":"1 minuto"},"schema":{"@context":"https:\/\/schema.org","@graph":[{"@type":"Article","@id":"https:\/\/www.sitsesp.org.br\/novo\/governo-federal-lanca-investimento-de-r67-milhoes-em-parceria-publico-privada-no-setor-socioeducativo-ao-inves-de-investir-nos-servidores-publicos-da-socioeducacao\/#article","isPartOf":{"@id":"https:\/\/www.sitsesp.org.br\/novo\/governo-federal-lanca-investimento-de-r67-milhoes-em-parceria-publico-privada-no-setor-socioeducativo-ao-inves-de-investir-nos-servidores-publicos-da-socioeducacao\/"},"author":{"name":"imprensa","@id":"https:\/\/www.sitsesp.org.br\/novo\/#\/schema\/person\/28e42eec160f373e81d0183b3643edbf"},"headline":"Governo Federal lan\u00e7a investimento de R$67 milh\u00f5es em Parceria P\u00fablico Privada no setor socioeducativo ao inv\u00e9s de investir nos servidores p\u00fablicos da socioeduca\u00e7\u00e3o","datePublished":"2022-02-04T16:23:43+00:00","dateModified":"2022-02-04T16:23:43+00:00","mainEntityOfPage":{"@id":"https:\/\/www.sitsesp.org.br\/novo\/governo-federal-lanca-investimento-de-r67-milhoes-em-parceria-publico-privada-no-setor-socioeducativo-ao-inves-de-investir-nos-servidores-publicos-da-socioeducacao\/"},"wordCount":212,"commentCount":0,"publisher":{"@id":"https:\/\/www.sitsesp.org.br\/novo\/#organization"},"image":{"@id":"https:\/\/www.sitsesp.org.br\/novo\/governo-federal-lanca-investimento-de-r67-milhoes-em-parceria-publico-privada-no-setor-socioeducativo-ao-inves-de-investir-nos-servidores-publicos-da-socioeducacao\/#primaryimage"},"thumbnailUrl":"https:\/\/www.sitsesp.org.br\/novo\/wp-content\/uploads\/2022\/02\/0402.jpg","articleSection":["Destaque","Noticias"],"inLanguage":"pt-BR","potentialAction":[{"@type":"CommentAction","name":"Comment","target":["https:\/\/www.sitsesp.org.br\/novo\/governo-federal-lanca-investimento-de-r67-milhoes-em-parceria-publico-privada-no-setor-socioeducativo-ao-inves-de-investir-nos-servidores-publicos-da-socioeducacao\/#respond"]}]},{"@type":"WebPage","@id":"https:\/\/www.sitsesp.org.br\/novo\/governo-federal-lanca-investimento-de-r67-milhoes-em-parceria-publico-privada-no-setor-socioeducativo-ao-inves-de-investir-nos-servidores-publicos-da-socioeducacao\/","url":"https:\/\/www.sitsesp.org.br\/novo\/governo-federal-lanca-investimento-de-r67-milhoes-em-parceria-publico-privada-no-setor-socioeducativo-ao-inves-de-investir-nos-servidores-publicos-da-socioeducacao\/","name":"Governo Federal lan\u00e7a investimento de R$67 milh\u00f5es em Parceria P\u00fablico Privada no setor socioeducativo ao inv\u00e9s de investir nos servidores p\u00fablicos da socioeduca\u00e7\u00e3o - SITSESP","isPartOf":{"@id":"https:\/\/www.sitsesp.org.br\/novo\/#website"},"primaryImageOfPage":{"@id":"https:\/\/www.sitsesp.org.br\/novo\/governo-federal-lanca-investimento-de-r67-milhoes-em-parceria-publico-privada-no-setor-socioeducativo-ao-inves-de-investir-nos-servidores-publicos-da-socioeducacao\/#primaryimage"},"image":{"@id":"https:\/\/www.sitsesp.org.br\/novo\/governo-federal-lanca-investimento-de-r67-milhoes-em-parceria-publico-privada-no-setor-socioeducativo-ao-inves-de-investir-nos-servidores-publicos-da-socioeducacao\/#primaryimage"},"thumbnailUrl":"https:\/\/www.sitsesp.org.br\/novo\/wp-content\/uploads\/2022\/02\/0402.jpg","datePublished":"2022-02-04T16:23:43+00:00","dateModified":"2022-02-04T16:23:43+00:00","breadcrumb":{"@id":"https:\/\/www.sitsesp.org.br\/novo\/governo-federal-lanca-investimento-de-r67-milhoes-em-parceria-publico-privada-no-setor-socioeducativo-ao-inves-de-investir-nos-servidores-publicos-da-socioeducacao\/#breadcrumb"},"inLanguage":"pt-BR","potentialAction":[{"@type":"ReadAction","target":["https:\/\/www.sitsesp.org.br\/novo\/governo-federal-lanca-investimento-de-r67-milhoes-em-parceria-publico-privada-no-setor-socioeducativo-ao-inves-de-investir-nos-servidores-publicos-da-socioeducacao\/"]}]},{"@type":"ImageObject","inLanguage":"pt-BR","@id":"https:\/\/www.sitsesp.org.br\/novo\/governo-federal-lanca-investimento-de-r67-milhoes-em-parceria-publico-privada-no-setor-socioeducativo-ao-inves-de-investir-nos-servidores-publicos-da-socioeducacao\/#primaryimage","url":"https:\/\/www.sitsesp.org.br\/novo\/wp-content\/uploads\/2022\/02\/0402.jpg","contentUrl":"https:\/\/www.sitsesp.org.br\/novo\/wp-content\/uploads\/2022\/02\/0402.jpg","width":800,"height":800},{"@type":"BreadcrumbList","@id":"https:\/\/www.sitsesp.org.br\/novo\/governo-federal-lanca-investimento-de-r67-milhoes-em-parceria-publico-privada-no-setor-socioeducativo-ao-inves-de-investir-nos-servidores-publicos-da-socioeducacao\/#breadcrumb","itemListElement":[{"@type":"ListItem","position":1,"name":"In\u00edcio","item":"https:\/\/www.sitsesp.org.br\/novo\/"},{"@type":"ListItem","position":2,"name":"Governo Federal lan\u00e7a investimento de R$67 milh\u00f5es em Parceria P\u00fablico Privada no setor socioeducativo ao inv\u00e9s de investir nos servidores p\u00fablicos da socioeduca\u00e7\u00e3o"}]},{"@type":"WebSite","@id":"https:\/\/www.sitsesp.org.br\/novo\/#website","url":"https:\/\/www.sitsesp.org.br\/novo\/","name":"Sitsesp","description":"SIndicato da Socioeduca\u00e7\u00e3o do Estado de S\u00e3o Paulo","publisher":{"@id":"https:\/\/www.sitsesp.org.br\/novo\/#organization"},"potentialAction":[{"@type":"SearchAction","target":{"@type":"EntryPoint","urlTemplate":"https:\/\/www.sitsesp.org.br\/novo\/?s={search_term_string}"},"query-input":"required name=search_term_string"}],"inLanguage":"pt-BR"},{"@type":"Organization","@id":"https:\/\/www.sitsesp.org.br\/novo\/#organization","name":"Sitsesp","url":"https:\/\/www.sitsesp.org.br\/novo\/","logo":{"@type":"ImageObject","inLanguage":"pt-BR","@id":"https:\/\/www.sitsesp.org.br\/novo\/#\/schema\/logo\/image\/","url":"https:\/\/www.sitsesp.org.br\/novo\/wp-content\/uploads\/2020\/09\/Design-sem-nome-1.jpg","contentUrl":"https:\/\/www.sitsesp.org.br\/novo\/wp-content\/uploads\/2020\/09\/Design-sem-nome-1.jpg","width":300,"height":300,"caption":"Sitsesp"},"image":{"@id":"https:\/\/www.sitsesp.org.br\/novo\/#\/schema\/logo\/image\/"}},{"@type":"Person","@id":"https:\/\/www.sitsesp.org.br\/novo\/#\/schema\/person\/28e42eec160f373e81d0183b3643edbf","name":"imprensa","image":{"@type":"ImageObject","inLanguage":"pt-BR","@id":"https:\/\/www.sitsesp.org.br\/novo\/#\/schema\/person\/image\/","url":"https:\/\/secure.gravatar.com\/avatar\/8d6ccd8d7d52b8959f34154e87d3fa29?s=96&d=mm&r=g","contentUrl":"https:\/\/secure.gravatar.com\/avatar\/8d6ccd8d7d52b8959f34154e87d3fa29?s=96&d=mm&r=g","caption":"imprensa"}}]}},"_links":{"self":[{"href":"https:\/\/www.sitsesp.org.br\/novo\/wp-json\/wp\/v2\/posts\/8010"}],"collection":[{"href":"https:\/\/www.sitsesp.org.br\/novo\/wp-json\/wp\/v2\/posts"}],"about":[{"href":"https:\/\/www.sitsesp.org.br\/novo\/wp-json\/wp\/v2\/types\/post"}],"author":[{"embeddable":true,"href":"https:\/\/www.sitsesp.org.br\/novo\/wp-json\/wp\/v2\/users\/5"}],"replies":[{"embeddable":true,"href":"https:\/\/www.sitsesp.org.br\/novo\/wp-json\/wp\/v2\/comments?post=8010"}],"version-history":[{"count":1,"href":"https:\/\/www.sitsesp.org.br\/novo\/wp-json\/wp\/v2\/posts\/8010\/revisions"}],"predecessor-version":[{"id":8012,"href":"https:\/\/www.sitsesp.org.br\/novo\/wp-json\/wp\/v2\/posts\/8010\/revisions\/8012"}],"wp:featuredmedia":[{"embeddable":true,"href":"https:\/\/www.sitsesp.org.br\/novo\/wp-json\/wp\/v2\/media\/8011"}],"wp:attachment":[{"href":"https:\/\/www.sitsesp.org.br\/novo\/wp-json\/wp\/v2\/media?parent=8010"}],"wp:term":[{"taxonomy":"category","embeddable":true,"href":"https:\/\/www.sitsesp.org.br\/novo\/wp-json\/wp\/v2\/categories?post=8010"},{"taxonomy":"post_tag","embeddable":true,"href":"https:\/\/www.sitsesp.org.br\/novo\/wp-json\/wp\/v2\/tags?post=8010"}],"curies":[{"name":"wp","href":"https:\/\/api.w.org\/{rel}","templated":true}]}}