{"id":8100,"date":"2022-02-18T14:42:24","date_gmt":"2022-02-18T17:42:24","guid":{"rendered":"https:\/\/sitsesp.org.br\/novo\/?p=8100"},"modified":"2022-02-18T14:42:24","modified_gmt":"2022-02-18T17:42:24","slug":"sitsesp-em-defesa-de-uma-campanha-salarial-apoiada-na-voz-dos-trabalhadores","status":"publish","type":"post","link":"https:\/\/www.sitsesp.org.br\/novo\/sitsesp-em-defesa-de-uma-campanha-salarial-apoiada-na-voz-dos-trabalhadores\/","title":{"rendered":"SITSESP em defesa de uma campanha salarial apoiada na voz dos trabalhadores"},"content":{"rendered":"<p><!-- VideographyWP Plugin Message: Automatic video embedding prevented by plugin options. --><br \/>\nA nota da Funda\u00e7\u00e3o CASA, mais uma vez infeliz, aponta que a mesma quer iniciar a negocia\u00e7\u00e3o coletiva deste ano de forma truculenta e pretendendo (quisera) desequilibrar a nossa categoria profissional.<\/p>\n<p>Sabemos que n\u00e3o \u00e9 o patr\u00e3o que dita a data de apresenta\u00e7\u00e3o da pauta de reivindica\u00e7\u00e3o.<br \/>\nA pauta de reivindica\u00e7\u00e3o \u00e9 constru\u00edda pela categoria profissional e n\u00e3o pelo sindicato.<\/p>\n<p>A pauta de reivindica\u00e7\u00e3o deste ano foi constru\u00edda pela base nos momentos de visita do SITSESP as unidades e nas reuni\u00f5es com os delegados sindicais, etc.<br \/>\nE ap\u00f3s os devidos debates com a categoria e com os delegados sindicais \u00e9 que houve a realiza\u00e7\u00e3o de assembleia geral para aprova\u00e7\u00e3o da pauta de reivindica\u00e7\u00e3o, que cont\u00e9m cl\u00e1usulas econ\u00f4micas e tamb\u00e9m sociais.<\/p>\n<p>N\u00e3o poderia ter sido apresentada uma pauta de reivindica\u00e7\u00e3o sem ouvir a categoria, sem pr\u00e9vios encontros com os delegados sindicais.<br \/>\nA categoria n\u00e3o \u00e9 dirigida pelo patr\u00e3o.<br \/>\nEnt\u00e3o, Funda\u00e7\u00e3o CASA, o SITSESP esclarece que negociar\u00e1 a pauta de reivindica\u00e7\u00e3o da categoria, aquela aprovada em assembleia, convocada no seu tempo e modo e n\u00e3o ir\u00e1 admitir inger\u00eancia e atropelos.<\/p>\n","protected":false},"excerpt":{"rendered":"<p>A nota da Funda\u00e7\u00e3o CASA, mais uma vez infeliz, aponta que a mesma quer iniciar a negocia\u00e7\u00e3o coletiva deste ano de&hellip;<\/p>\n","protected":false},"author":5,"featured_media":8101,"comment_status":"open","ping_status":"open","sticky":false,"template":"","format":"standard","meta":{"cybocfi_hide_featured_image":"","footnotes":""},"categories":[27,22],"tags":[67,42,44,38,40,37,39],"yoast_head":"<!-- This site is optimized with the Yoast SEO plugin v22.8 - https:\/\/yoast.com\/wordpress\/plugins\/seo\/ -->\n<title>SITSESP em defesa de uma campanha salarial apoiada na voz dos trabalhadores - SITSESP<\/title>\n<meta name=\"description\" content=\"Sabemos que n\u00e3o \u00e9 o patr\u00e3o que dita a data de apresenta\u00e7\u00e3o da pauta de reivindica\u00e7\u00e3o. A pauta de reivindica\u00e7\u00e3o \u00e9 constru\u00edda pela categoria profissional e n\u00e3o pelo sindicato. A pauta de reivindica\u00e7\u00e3o deste ano foi constru\u00edda pela base nos momentos de visita do SITSESP as unidades e nas reuni\u00f5es com os delegados sindicais, etc. E ap\u00f3s os devidos debates com a categoria e com os delegados sindicais \u00e9 que houve a realiza\u00e7\u00e3o de assembleia geral para aprova\u00e7\u00e3o da pauta de reivindica\u00e7\u00e3o, que cont\u00e9m cl\u00e1usulas econ\u00f4micas e tamb\u00e9m sociais.\" \/>\n<meta name=\"robots\" content=\"index, follow, max-snippet:-1, max-image-preview:large, max-video-preview:-1\" \/>\n<link rel=\"canonical\" href=\"https:\/\/www.sitsesp.org.br\/novo\/sitsesp-em-defesa-de-uma-campanha-salarial-apoiada-na-voz-dos-trabalhadores\/\" \/>\n<meta property=\"og:locale\" content=\"pt_BR\" \/>\n<meta property=\"og:type\" content=\"article\" \/>\n<meta property=\"og:title\" content=\"SITSESP em defesa de uma campanha salarial apoiada na voz dos trabalhadores - SITSESP\" \/>\n<meta property=\"og:description\" content=\"Sabemos que n\u00e3o \u00e9 o patr\u00e3o que dita a data de apresenta\u00e7\u00e3o da pauta de reivindica\u00e7\u00e3o. A pauta de reivindica\u00e7\u00e3o \u00e9 constru\u00edda pela categoria profissional e n\u00e3o pelo sindicato. A pauta de reivindica\u00e7\u00e3o deste ano foi constru\u00edda pela base nos momentos de visita do SITSESP as unidades e nas reuni\u00f5es com os delegados sindicais, etc. E ap\u00f3s os devidos debates com a categoria e com os delegados sindicais \u00e9 que houve a realiza\u00e7\u00e3o de assembleia geral para aprova\u00e7\u00e3o da pauta de reivindica\u00e7\u00e3o, que cont\u00e9m cl\u00e1usulas econ\u00f4micas e tamb\u00e9m sociais.\" \/>\n<meta property=\"og:url\" content=\"https:\/\/www.sitsesp.org.br\/novo\/sitsesp-em-defesa-de-uma-campanha-salarial-apoiada-na-voz-dos-trabalhadores\/\" \/>\n<meta property=\"og:site_name\" content=\"SITSESP\" \/>\n<meta property=\"article:published_time\" content=\"2022-02-18T17:42:24+00:00\" \/>\n<meta property=\"og:image\" content=\"https:\/\/www.sitsesp.org.br\/novo\/wp-content\/uploads\/2022\/02\/1802.jpg\" \/>\n\t<meta property=\"og:image:width\" content=\"800\" \/>\n\t<meta property=\"og:image:height\" content=\"800\" \/>\n\t<meta property=\"og:image:type\" content=\"image\/jpeg\" \/>\n<meta name=\"author\" content=\"imprensa\" \/>\n<meta name=\"twitter:card\" content=\"summary_large_image\" \/>\n<meta name=\"twitter:label1\" content=\"Escrito por\" \/>\n\t<meta name=\"twitter:data1\" content=\"imprensa\" \/>\n\t<meta name=\"twitter:label2\" content=\"Est. tempo de leitura\" \/>\n\t<meta name=\"twitter:data2\" content=\"1 minuto\" \/>\n<script type=\"application\/ld+json\" class=\"yoast-schema-graph\">{\"@context\":\"https:\/\/schema.org\",\"@graph\":[{\"@type\":\"Article\",\"@id\":\"https:\/\/www.sitsesp.org.br\/novo\/sitsesp-em-defesa-de-uma-campanha-salarial-apoiada-na-voz-dos-trabalhadores\/#article\",\"isPartOf\":{\"@id\":\"https:\/\/www.sitsesp.org.br\/novo\/sitsesp-em-defesa-de-uma-campanha-salarial-apoiada-na-voz-dos-trabalhadores\/\"},\"author\":{\"name\":\"imprensa\",\"@id\":\"https:\/\/www.sitsesp.org.br\/novo\/#\/schema\/person\/28e42eec160f373e81d0183b3643edbf\"},\"headline\":\"SITSESP em defesa de uma campanha salarial apoiada na voz dos trabalhadores\",\"datePublished\":\"2022-02-18T17:42:24+00:00\",\"dateModified\":\"2022-02-18T17:42:24+00:00\",\"mainEntityOfPage\":{\"@id\":\"https:\/\/www.sitsesp.org.br\/novo\/sitsesp-em-defesa-de-uma-campanha-salarial-apoiada-na-voz-dos-trabalhadores\/\"},\"wordCount\":216,\"commentCount\":0,\"publisher\":{\"@id\":\"https:\/\/www.sitsesp.org.br\/novo\/#organization\"},\"image\":{\"@id\":\"https:\/\/www.sitsesp.org.br\/novo\/sitsesp-em-defesa-de-uma-campanha-salarial-apoiada-na-voz-dos-trabalhadores\/#primaryimage\"},\"thumbnailUrl\":\"https:\/\/www.sitsesp.org.br\/novo\/wp-content\/uploads\/2022\/02\/1802.jpg\",\"keywords\":[\"2022\",\"assembleia\",\"campanha salarial\",\"Funda\u00e7\u00e3o CASA\",\"SINDICATO\",\"SITSESP\",\"SOCIOEDUCA\u00c7\u00c3O\"],\"articleSection\":[\"Destaque\",\"Noticias\"],\"inLanguage\":\"pt-BR\",\"potentialAction\":[{\"@type\":\"CommentAction\",\"name\":\"Comment\",\"target\":[\"https:\/\/www.sitsesp.org.br\/novo\/sitsesp-em-defesa-de-uma-campanha-salarial-apoiada-na-voz-dos-trabalhadores\/#respond\"]}]},{\"@type\":\"WebPage\",\"@id\":\"https:\/\/www.sitsesp.org.br\/novo\/sitsesp-em-defesa-de-uma-campanha-salarial-apoiada-na-voz-dos-trabalhadores\/\",\"url\":\"https:\/\/www.sitsesp.org.br\/novo\/sitsesp-em-defesa-de-uma-campanha-salarial-apoiada-na-voz-dos-trabalhadores\/\",\"name\":\"SITSESP em defesa de uma campanha salarial apoiada na voz dos trabalhadores - SITSESP\",\"isPartOf\":{\"@id\":\"https:\/\/www.sitsesp.org.br\/novo\/#website\"},\"primaryImageOfPage\":{\"@id\":\"https:\/\/www.sitsesp.org.br\/novo\/sitsesp-em-defesa-de-uma-campanha-salarial-apoiada-na-voz-dos-trabalhadores\/#primaryimage\"},\"image\":{\"@id\":\"https:\/\/www.sitsesp.org.br\/novo\/sitsesp-em-defesa-de-uma-campanha-salarial-apoiada-na-voz-dos-trabalhadores\/#primaryimage\"},\"thumbnailUrl\":\"https:\/\/www.sitsesp.org.br\/novo\/wp-content\/uploads\/2022\/02\/1802.jpg\",\"datePublished\":\"2022-02-18T17:42:24+00:00\",\"dateModified\":\"2022-02-18T17:42:24+00:00\",\"description\":\"Sabemos que n\u00e3o \u00e9 o patr\u00e3o que dita a data de apresenta\u00e7\u00e3o da pauta de reivindica\u00e7\u00e3o. A pauta de reivindica\u00e7\u00e3o \u00e9 constru\u00edda pela categoria profissional e n\u00e3o pelo sindicato. A pauta de reivindica\u00e7\u00e3o deste ano foi constru\u00edda pela base nos momentos de visita do SITSESP as unidades e nas reuni\u00f5es com os delegados sindicais, etc. E ap\u00f3s os devidos debates com a categoria e com os delegados sindicais \u00e9 que houve a realiza\u00e7\u00e3o de assembleia geral para aprova\u00e7\u00e3o da pauta de reivindica\u00e7\u00e3o, que cont\u00e9m cl\u00e1usulas econ\u00f4micas e tamb\u00e9m sociais.\",\"breadcrumb\":{\"@id\":\"https:\/\/www.sitsesp.org.br\/novo\/sitsesp-em-defesa-de-uma-campanha-salarial-apoiada-na-voz-dos-trabalhadores\/#breadcrumb\"},\"inLanguage\":\"pt-BR\",\"potentialAction\":[{\"@type\":\"ReadAction\",\"target\":[\"https:\/\/www.sitsesp.org.br\/novo\/sitsesp-em-defesa-de-uma-campanha-salarial-apoiada-na-voz-dos-trabalhadores\/\"]}]},{\"@type\":\"ImageObject\",\"inLanguage\":\"pt-BR\",\"@id\":\"https:\/\/www.sitsesp.org.br\/novo\/sitsesp-em-defesa-de-uma-campanha-salarial-apoiada-na-voz-dos-trabalhadores\/#primaryimage\",\"url\":\"https:\/\/www.sitsesp.org.br\/novo\/wp-content\/uploads\/2022\/02\/1802.jpg\",\"contentUrl\":\"https:\/\/www.sitsesp.org.br\/novo\/wp-content\/uploads\/2022\/02\/1802.jpg\",\"width\":800,\"height\":800},{\"@type\":\"BreadcrumbList\",\"@id\":\"https:\/\/www.sitsesp.org.br\/novo\/sitsesp-em-defesa-de-uma-campanha-salarial-apoiada-na-voz-dos-trabalhadores\/#breadcrumb\",\"itemListElement\":[{\"@type\":\"ListItem\",\"position\":1,\"name\":\"In\u00edcio\",\"item\":\"https:\/\/www.sitsesp.org.br\/novo\/\"},{\"@type\":\"ListItem\",\"position\":2,\"name\":\"SITSESP em defesa de uma campanha salarial apoiada na voz dos trabalhadores\"}]},{\"@type\":\"WebSite\",\"@id\":\"https:\/\/www.sitsesp.org.br\/novo\/#website\",\"url\":\"https:\/\/www.sitsesp.org.br\/novo\/\",\"name\":\"Sitsesp\",\"description\":\"SIndicato da Socioeduca\u00e7\u00e3o do Estado de S\u00e3o Paulo\",\"publisher\":{\"@id\":\"https:\/\/www.sitsesp.org.br\/novo\/#organization\"},\"potentialAction\":[{\"@type\":\"SearchAction\",\"target\":{\"@type\":\"EntryPoint\",\"urlTemplate\":\"https:\/\/www.sitsesp.org.br\/novo\/?s={search_term_string}\"},\"query-input\":\"required name=search_term_string\"}],\"inLanguage\":\"pt-BR\"},{\"@type\":\"Organization\",\"@id\":\"https:\/\/www.sitsesp.org.br\/novo\/#organization\",\"name\":\"Sitsesp\",\"url\":\"https:\/\/www.sitsesp.org.br\/novo\/\",\"logo\":{\"@type\":\"ImageObject\",\"inLanguage\":\"pt-BR\",\"@id\":\"https:\/\/www.sitsesp.org.br\/novo\/#\/schema\/logo\/image\/\",\"url\":\"https:\/\/www.sitsesp.org.br\/novo\/wp-content\/uploads\/2020\/09\/Design-sem-nome-1.jpg\",\"contentUrl\":\"https:\/\/www.sitsesp.org.br\/novo\/wp-content\/uploads\/2020\/09\/Design-sem-nome-1.jpg\",\"width\":300,\"height\":300,\"caption\":\"Sitsesp\"},\"image\":{\"@id\":\"https:\/\/www.sitsesp.org.br\/novo\/#\/schema\/logo\/image\/\"}},{\"@type\":\"Person\",\"@id\":\"https:\/\/www.sitsesp.org.br\/novo\/#\/schema\/person\/28e42eec160f373e81d0183b3643edbf\",\"name\":\"imprensa\",\"image\":{\"@type\":\"ImageObject\",\"inLanguage\":\"pt-BR\",\"@id\":\"https:\/\/www.sitsesp.org.br\/novo\/#\/schema\/person\/image\/\",\"url\":\"https:\/\/secure.gravatar.com\/avatar\/8d6ccd8d7d52b8959f34154e87d3fa29?s=96&d=mm&r=g\",\"contentUrl\":\"https:\/\/secure.gravatar.com\/avatar\/8d6ccd8d7d52b8959f34154e87d3fa29?s=96&d=mm&r=g\",\"caption\":\"imprensa\"}}]}<\/script>\n<!-- \/ Yoast SEO plugin. -->","yoast_head_json":{"title":"SITSESP em defesa de uma campanha salarial apoiada na voz dos trabalhadores - SITSESP","description":"Sabemos que n\u00e3o \u00e9 o patr\u00e3o que dita a data de apresenta\u00e7\u00e3o da pauta de reivindica\u00e7\u00e3o. A pauta de reivindica\u00e7\u00e3o \u00e9 constru\u00edda pela categoria profissional e n\u00e3o pelo sindicato. A pauta de reivindica\u00e7\u00e3o deste ano foi constru\u00edda pela base nos momentos de visita do SITSESP as unidades e nas reuni\u00f5es com os delegados sindicais, etc. E ap\u00f3s os devidos debates com a categoria e com os delegados sindicais \u00e9 que houve a realiza\u00e7\u00e3o de assembleia geral para aprova\u00e7\u00e3o da pauta de reivindica\u00e7\u00e3o, que cont\u00e9m cl\u00e1usulas econ\u00f4micas e tamb\u00e9m sociais.","robots":{"index":"index","follow":"follow","max-snippet":"max-snippet:-1","max-image-preview":"max-image-preview:large","max-video-preview":"max-video-preview:-1"},"canonical":"https:\/\/www.sitsesp.org.br\/novo\/sitsesp-em-defesa-de-uma-campanha-salarial-apoiada-na-voz-dos-trabalhadores\/","og_locale":"pt_BR","og_type":"article","og_title":"SITSESP em defesa de uma campanha salarial apoiada na voz dos trabalhadores - SITSESP","og_description":"Sabemos que n\u00e3o \u00e9 o patr\u00e3o que dita a data de apresenta\u00e7\u00e3o da pauta de reivindica\u00e7\u00e3o. A pauta de reivindica\u00e7\u00e3o \u00e9 constru\u00edda pela categoria profissional e n\u00e3o pelo sindicato. A pauta de reivindica\u00e7\u00e3o deste ano foi constru\u00edda pela base nos momentos de visita do SITSESP as unidades e nas reuni\u00f5es com os delegados sindicais, etc. E ap\u00f3s os devidos debates com a categoria e com os delegados sindicais \u00e9 que houve a realiza\u00e7\u00e3o de assembleia geral para aprova\u00e7\u00e3o da pauta de reivindica\u00e7\u00e3o, que cont\u00e9m cl\u00e1usulas econ\u00f4micas e tamb\u00e9m sociais.","og_url":"https:\/\/www.sitsesp.org.br\/novo\/sitsesp-em-defesa-de-uma-campanha-salarial-apoiada-na-voz-dos-trabalhadores\/","og_site_name":"SITSESP","article_published_time":"2022-02-18T17:42:24+00:00","og_image":[{"width":800,"height":800,"url":"https:\/\/www.sitsesp.org.br\/novo\/wp-content\/uploads\/2022\/02\/1802.jpg","type":"image\/jpeg"}],"author":"imprensa","twitter_card":"summary_large_image","twitter_misc":{"Escrito por":"imprensa","Est. tempo de leitura":"1 minuto"},"schema":{"@context":"https:\/\/schema.org","@graph":[{"@type":"Article","@id":"https:\/\/www.sitsesp.org.br\/novo\/sitsesp-em-defesa-de-uma-campanha-salarial-apoiada-na-voz-dos-trabalhadores\/#article","isPartOf":{"@id":"https:\/\/www.sitsesp.org.br\/novo\/sitsesp-em-defesa-de-uma-campanha-salarial-apoiada-na-voz-dos-trabalhadores\/"},"author":{"name":"imprensa","@id":"https:\/\/www.sitsesp.org.br\/novo\/#\/schema\/person\/28e42eec160f373e81d0183b3643edbf"},"headline":"SITSESP em defesa de uma campanha salarial apoiada na voz dos trabalhadores","datePublished":"2022-02-18T17:42:24+00:00","dateModified":"2022-02-18T17:42:24+00:00","mainEntityOfPage":{"@id":"https:\/\/www.sitsesp.org.br\/novo\/sitsesp-em-defesa-de-uma-campanha-salarial-apoiada-na-voz-dos-trabalhadores\/"},"wordCount":216,"commentCount":0,"publisher":{"@id":"https:\/\/www.sitsesp.org.br\/novo\/#organization"},"image":{"@id":"https:\/\/www.sitsesp.org.br\/novo\/sitsesp-em-defesa-de-uma-campanha-salarial-apoiada-na-voz-dos-trabalhadores\/#primaryimage"},"thumbnailUrl":"https:\/\/www.sitsesp.org.br\/novo\/wp-content\/uploads\/2022\/02\/1802.jpg","keywords":["2022","assembleia","campanha salarial","Funda\u00e7\u00e3o CASA","SINDICATO","SITSESP","SOCIOEDUCA\u00c7\u00c3O"],"articleSection":["Destaque","Noticias"],"inLanguage":"pt-BR","potentialAction":[{"@type":"CommentAction","name":"Comment","target":["https:\/\/www.sitsesp.org.br\/novo\/sitsesp-em-defesa-de-uma-campanha-salarial-apoiada-na-voz-dos-trabalhadores\/#respond"]}]},{"@type":"WebPage","@id":"https:\/\/www.sitsesp.org.br\/novo\/sitsesp-em-defesa-de-uma-campanha-salarial-apoiada-na-voz-dos-trabalhadores\/","url":"https:\/\/www.sitsesp.org.br\/novo\/sitsesp-em-defesa-de-uma-campanha-salarial-apoiada-na-voz-dos-trabalhadores\/","name":"SITSESP em defesa de uma campanha salarial apoiada na voz dos trabalhadores - SITSESP","isPartOf":{"@id":"https:\/\/www.sitsesp.org.br\/novo\/#website"},"primaryImageOfPage":{"@id":"https:\/\/www.sitsesp.org.br\/novo\/sitsesp-em-defesa-de-uma-campanha-salarial-apoiada-na-voz-dos-trabalhadores\/#primaryimage"},"image":{"@id":"https:\/\/www.sitsesp.org.br\/novo\/sitsesp-em-defesa-de-uma-campanha-salarial-apoiada-na-voz-dos-trabalhadores\/#primaryimage"},"thumbnailUrl":"https:\/\/www.sitsesp.org.br\/novo\/wp-content\/uploads\/2022\/02\/1802.jpg","datePublished":"2022-02-18T17:42:24+00:00","dateModified":"2022-02-18T17:42:24+00:00","description":"Sabemos que n\u00e3o \u00e9 o patr\u00e3o que dita a data de apresenta\u00e7\u00e3o da pauta de reivindica\u00e7\u00e3o. A pauta de reivindica\u00e7\u00e3o \u00e9 constru\u00edda pela categoria profissional e n\u00e3o pelo sindicato. A pauta de reivindica\u00e7\u00e3o deste ano foi constru\u00edda pela base nos momentos de visita do SITSESP as unidades e nas reuni\u00f5es com os delegados sindicais, etc. E ap\u00f3s os devidos debates com a categoria e com os delegados sindicais \u00e9 que houve a realiza\u00e7\u00e3o de assembleia geral para aprova\u00e7\u00e3o da pauta de reivindica\u00e7\u00e3o, que cont\u00e9m cl\u00e1usulas econ\u00f4micas e tamb\u00e9m sociais.","breadcrumb":{"@id":"https:\/\/www.sitsesp.org.br\/novo\/sitsesp-em-defesa-de-uma-campanha-salarial-apoiada-na-voz-dos-trabalhadores\/#breadcrumb"},"inLanguage":"pt-BR","potentialAction":[{"@type":"ReadAction","target":["https:\/\/www.sitsesp.org.br\/novo\/sitsesp-em-defesa-de-uma-campanha-salarial-apoiada-na-voz-dos-trabalhadores\/"]}]},{"@type":"ImageObject","inLanguage":"pt-BR","@id":"https:\/\/www.sitsesp.org.br\/novo\/sitsesp-em-defesa-de-uma-campanha-salarial-apoiada-na-voz-dos-trabalhadores\/#primaryimage","url":"https:\/\/www.sitsesp.org.br\/novo\/wp-content\/uploads\/2022\/02\/1802.jpg","contentUrl":"https:\/\/www.sitsesp.org.br\/novo\/wp-content\/uploads\/2022\/02\/1802.jpg","width":800,"height":800},{"@type":"BreadcrumbList","@id":"https:\/\/www.sitsesp.org.br\/novo\/sitsesp-em-defesa-de-uma-campanha-salarial-apoiada-na-voz-dos-trabalhadores\/#breadcrumb","itemListElement":[{"@type":"ListItem","position":1,"name":"In\u00edcio","item":"https:\/\/www.sitsesp.org.br\/novo\/"},{"@type":"ListItem","position":2,"name":"SITSESP em defesa de uma campanha salarial apoiada na voz dos trabalhadores"}]},{"@type":"WebSite","@id":"https:\/\/www.sitsesp.org.br\/novo\/#website","url":"https:\/\/www.sitsesp.org.br\/novo\/","name":"Sitsesp","description":"SIndicato da Socioeduca\u00e7\u00e3o do Estado de S\u00e3o Paulo","publisher":{"@id":"https:\/\/www.sitsesp.org.br\/novo\/#organization"},"potentialAction":[{"@type":"SearchAction","target":{"@type":"EntryPoint","urlTemplate":"https:\/\/www.sitsesp.org.br\/novo\/?s={search_term_string}"},"query-input":"required name=search_term_string"}],"inLanguage":"pt-BR"},{"@type":"Organization","@id":"https:\/\/www.sitsesp.org.br\/novo\/#organization","name":"Sitsesp","url":"https:\/\/www.sitsesp.org.br\/novo\/","logo":{"@type":"ImageObject","inLanguage":"pt-BR","@id":"https:\/\/www.sitsesp.org.br\/novo\/#\/schema\/logo\/image\/","url":"https:\/\/www.sitsesp.org.br\/novo\/wp-content\/uploads\/2020\/09\/Design-sem-nome-1.jpg","contentUrl":"https:\/\/www.sitsesp.org.br\/novo\/wp-content\/uploads\/2020\/09\/Design-sem-nome-1.jpg","width":300,"height":300,"caption":"Sitsesp"},"image":{"@id":"https:\/\/www.sitsesp.org.br\/novo\/#\/schema\/logo\/image\/"}},{"@type":"Person","@id":"https:\/\/www.sitsesp.org.br\/novo\/#\/schema\/person\/28e42eec160f373e81d0183b3643edbf","name":"imprensa","image":{"@type":"ImageObject","inLanguage":"pt-BR","@id":"https:\/\/www.sitsesp.org.br\/novo\/#\/schema\/person\/image\/","url":"https:\/\/secure.gravatar.com\/avatar\/8d6ccd8d7d52b8959f34154e87d3fa29?s=96&d=mm&r=g","contentUrl":"https:\/\/secure.gravatar.com\/avatar\/8d6ccd8d7d52b8959f34154e87d3fa29?s=96&d=mm&r=g","caption":"imprensa"}}]}},"_links":{"self":[{"href":"https:\/\/www.sitsesp.org.br\/novo\/wp-json\/wp\/v2\/posts\/8100"}],"collection":[{"href":"https:\/\/www.sitsesp.org.br\/novo\/wp-json\/wp\/v2\/posts"}],"about":[{"href":"https:\/\/www.sitsesp.org.br\/novo\/wp-json\/wp\/v2\/types\/post"}],"author":[{"embeddable":true,"href":"https:\/\/www.sitsesp.org.br\/novo\/wp-json\/wp\/v2\/users\/5"}],"replies":[{"embeddable":true,"href":"https:\/\/www.sitsesp.org.br\/novo\/wp-json\/wp\/v2\/comments?post=8100"}],"version-history":[{"count":1,"href":"https:\/\/www.sitsesp.org.br\/novo\/wp-json\/wp\/v2\/posts\/8100\/revisions"}],"predecessor-version":[{"id":8102,"href":"https:\/\/www.sitsesp.org.br\/novo\/wp-json\/wp\/v2\/posts\/8100\/revisions\/8102"}],"wp:featuredmedia":[{"embeddable":true,"href":"https:\/\/www.sitsesp.org.br\/novo\/wp-json\/wp\/v2\/media\/8101"}],"wp:attachment":[{"href":"https:\/\/www.sitsesp.org.br\/novo\/wp-json\/wp\/v2\/media?parent=8100"}],"wp:term":[{"taxonomy":"category","embeddable":true,"href":"https:\/\/www.sitsesp.org.br\/novo\/wp-json\/wp\/v2\/categories?post=8100"},{"taxonomy":"post_tag","embeddable":true,"href":"https:\/\/www.sitsesp.org.br\/novo\/wp-json\/wp\/v2\/tags?post=8100"}],"curies":[{"name":"wp","href":"https:\/\/api.w.org\/{rel}","templated":true}]}}