{"id":8103,"date":"2022-02-19T13:07:03","date_gmt":"2022-02-19T16:07:03","guid":{"rendered":"https:\/\/sitsesp.org.br\/novo\/?p=8103"},"modified":"2022-02-19T14:35:48","modified_gmt":"2022-02-19T17:35:48","slug":"sitsesp-em-movimento-informe-sobre-a-primeira-reuniao-de-negociacao-com-a-fundacao-casa-em-2022","status":"publish","type":"post","link":"https:\/\/www.sitsesp.org.br\/novo\/sitsesp-em-movimento-informe-sobre-a-primeira-reuniao-de-negociacao-com-a-fundacao-casa-em-2022\/","title":{"rendered":"SITSESP EM MOVIMENTO \u2013 Informe sobre a primeira reuni\u00e3o de negocia\u00e7\u00e3o com a Funda\u00e7\u00e3o CASA em 2022"},"content":{"rendered":"<p><!-- VideographyWP Plugin Message: Automatic video embedding prevented by plugin options. --><br \/>\nNo dia 18 de fevereiro de 2022, a partir das 16 horas e por mais de 5 horas, ocorreu a primeira reuni\u00e3o de negocia\u00e7\u00e3o coletiva relativa ao ano de 2022 entre o SITSESP e a Funda\u00e7\u00e3o CASA.<\/p>\n<p>Na reuni\u00e3o a Funda\u00e7\u00e3o CASA informou que est\u00e1 fazendo gest\u00e3o junto aos \u00f3rg\u00e3os estaduais para que seja aplicado aos servidores da Funda\u00e7\u00e3o CASA o mesmo \u00edndice de reajuste salarial anunciado pelo governo do estado de S\u00e3o Paulo para as categorias de seguran\u00e7a p\u00fablica e sa\u00fade, que se aproxima do percentual de 20%.<br \/>\nQuanto ao reajuste das demais cl\u00e1usulas econ\u00f4micas o \u00edndice requerido pela Funda\u00e7\u00e3o CASA \u00e0 CPS (Comiss\u00e3o Pol\u00edtica Salarial) foi na margem de 9,60%.<\/p>\n<p>Em rela\u00e7\u00e3o aos demais pontos da pauta de reivindica\u00e7\u00e3o da nossa categoria, a Funda\u00e7\u00e3o CASA informou que est\u00e1 se empenhando em obter autoriza\u00e7\u00e3o governamental para proceder com as avalia\u00e7\u00f5es e promo\u00e7\u00f5es dos servidores em rela\u00e7\u00e3o ao PCCS dos anos de 2016, 2017, 2018, 2019, 2020, 2021 e 2022.<\/p>\n<p>Em rela\u00e7\u00e3o aos motoristas, a Funda\u00e7\u00e3o CASA esclareceu que efetuar\u00e1 um estudo para revis\u00e3o da nomenclatura para alterar de agente operacional para motorista e que efetuar\u00e1 gest\u00e3o perante o DETRAN para discutir acerca das multas aplicadas aos motoristas quando da condu\u00e7\u00e3o de carros da Funda\u00e7\u00e3o.<\/p>\n<p>Ainda em rela\u00e7\u00e3o aos motoristas, a Funda\u00e7\u00e3o CASA concordou com a decis\u00e3o da assembleia, realizada no ano passado com os motoristas, para aplicar a Cl\u00e1usula 11\u00aa do Diss\u00eddio Coletivo de 2021, com vig\u00eancia imediata, quanto a jornada de trabalho em regime de escala 2&#215;2, com jornada das 19h \u00e0s 07h, com 1 hora de descanso\/alimenta\u00e7\u00e3o, com o direito \u00e0 2 (duas) trocas de plant\u00e3o por m\u00eas e 2 (duas) folgas anuais, al\u00e9m das 6 (seis) folgas anuais previstas na Portaria Normativa 337; podendo, excepcionalmente, ser praticada a escala 5&#215;2 por acordo m\u00fatuo entre servidor e gestor, sendo esta de segunda a sexta-feira, com 1 hora de intervalo para refei\u00e7\u00e3o e descanso. Tal concord\u00e2ncia ser\u00e1 comunicada de imediato ao Tribunal Regional do Trabalho da 2\u00aa Regi\u00e3o.<\/p>\n<p>A Funda\u00e7\u00e3o CASA, tamb\u00e9m, concordou, em parte, com a cl\u00e1usula relativa a concess\u00e3o de licen\u00e7a n\u00e3o remunerada, com adequa\u00e7\u00e3o de que o servidor poder\u00e1 requerer independente do tempo de servi\u00e7o e ser\u00e1 concedida a crit\u00e9rio da administra\u00e7\u00e3o.<\/p>\n<p>Informou, tamb\u00e9m, que est\u00e1 em tratativas com a operadora do conv\u00eanio m\u00e9dico para incluir os filhos adotivos dos servidores da Funda\u00e7\u00e3o CASA, em especial nos casos de guarda ou ado\u00e7\u00e3o provis\u00f3ria.<\/p>\n<p>Concordou com a cl\u00e1usula 21\u00aa da pauta de reivindica\u00e7\u00e3o que dispensa para est\u00e1gio obrigat\u00f3rio os servidores que cursam faculdade presencial, semipresencial, EAD e cursos t\u00e9cnicos que exijam est\u00e1gio pr\u00e1tico para sua conclus\u00e3o, mediante compensa\u00e7\u00e3o de horas de trabalho; e quando existir atividade espec\u00edfica de est\u00e1gio pr\u00e1tico dos servidores, estes poder\u00e3o, desde que autorizados pelas mantenedoras, exercer o est\u00e1gio na pr\u00f3pria Funda\u00e7\u00e3o CASA, com garantia de comprova\u00e7\u00e3o em sua jornada de trabalho.<\/p>\n<p>Concordou, tamb\u00e9m, com a cl\u00e1usula 28\u00aa da pauta de reivindica\u00e7\u00e3o acerca da sa\u00fade do trabalhador, tal como apresentado, ressalvando apenas adotar as provid\u00eancias necess\u00e1rias no menor prazo poss\u00edvel.<\/p>\n<p>Esclareceu, tamb\u00e9m, que n\u00e3o h\u00e1 nenhuma normativa interna que impe\u00e7a que as viaturas dos Centros prestem socorro a servidores que sofram acidentes de trabalho ou tenham algum mal s\u00fabito, a Executiva estudar\u00e1 uma normativa para orientar e tratar sobre o tema, para que casos de omiss\u00e3o de socorro a servidores n\u00e3o venham a ocorrer nos Centros.<\/p>\n<p>Em rela\u00e7\u00e3o as demais propostas econ\u00f4micas e sociais, a Funda\u00e7\u00e3o CASA esclareceu que est\u00e1 aguardando a resposta da Comiss\u00e3o Salarial do governo do estado de S\u00e3o Paulo, motivo pelo qual sugeriu a prorroga\u00e7\u00e3o da data-base em rela\u00e7\u00e3o a pauta econ\u00f4mica pelo prazo de 30 dias, com o que o SITSESP n\u00e3o concordou em virtude de que neste ano ocorrer\u00e3o elei\u00e7\u00f5es gerais no Brasil e, desta forma, ent\u00e3o, se firmou um compromisso de extens\u00e3o do diss\u00eddio coletivo de 2021 por 15 dias, para possibilitar a continuidade da negocia\u00e7\u00e3o, inclusive, com a apresenta\u00e7\u00e3o de \u00edndice de reajuste salarial.<\/p>\n<p>A resposta completa da Funda\u00e7\u00e3o CASA em rela\u00e7\u00e3o a cada uma das cl\u00e1usulas apresentadas na pauta de reivindica\u00e7\u00e3o ser\u00e1 enviada ao SITSESP na pr\u00f3xima segunda-feira e, t\u00e3o logo a receba, o Sindicato a divulgar\u00e1 para a categoria nos seus meios de comunica\u00e7\u00e3o.<\/p>\n<div id=\"penci-post-gallery__87153\" class=\"penci-post-gallery-container justified column-3\" data-height=\"150\" data-margin=\"3\"><a class=\"item-gallery-justified\" href=\"https:\/\/www.sitsesp.org.br\/novo\/wp-content\/uploads\/2022\/02\/WhatsApp-Image-2022-02-19-at-07.41.30-1.jpeg\"><img decoding=\"async\" src=\"https:\/\/www.sitsesp.org.br\/novo\/wp-content\/uploads\/2022\/02\/WhatsApp-Image-2022-02-19-at-07.41.30-1-585x439.jpeg\" alt=\"\" title=\"WhatsApp Image 2022-02-19 at 07.41.30 (1)\"><\/a><a class=\"item-gallery-justified\" href=\"https:\/\/www.sitsesp.org.br\/novo\/wp-content\/uploads\/2022\/02\/WhatsApp-Image-2022-02-19-at-07.41.30.jpeg\"><img decoding=\"async\" src=\"https:\/\/www.sitsesp.org.br\/novo\/wp-content\/uploads\/2022\/02\/WhatsApp-Image-2022-02-19-at-07.41.30-585x439.jpeg\" alt=\"\" title=\"WhatsApp Image 2022-02-19 at 07.41.30\"><\/a><a class=\"item-gallery-justified\" href=\"https:\/\/www.sitsesp.org.br\/novo\/wp-content\/uploads\/2022\/02\/WhatsApp-Image-2022-02-19-at-07.41.31.jpeg\"><img decoding=\"async\" src=\"https:\/\/www.sitsesp.org.br\/novo\/wp-content\/uploads\/2022\/02\/WhatsApp-Image-2022-02-19-at-07.41.31-585x439.jpeg\" alt=\"\" title=\"WhatsApp Image 2022-02-19 at 07.41.31\"><\/a><\/div>\n","protected":false},"excerpt":{"rendered":"<p>No dia 18 de fevereiro de 2022, a partir das 16 horas e por mais de 5 horas, ocorreu a primeira&hellip;<\/p>\n","protected":false},"author":5,"featured_media":8104,"comment_status":"open","ping_status":"open","sticky":false,"template":"","format":"standard","meta":{"cybocfi_hide_featured_image":"","footnotes":""},"categories":[27,22],"tags":[67,44,38,40,37,39],"yoast_head":"<!-- This site is optimized with the Yoast SEO plugin v22.8 - https:\/\/yoast.com\/wordpress\/plugins\/seo\/ -->\n<title>SITSESP EM MOVIMENTO \u2013 Informe sobre a primeira reuni\u00e3o de negocia\u00e7\u00e3o com a Funda\u00e7\u00e3o CASA em 2022 - SITSESP<\/title>\n<meta name=\"description\" content=\"No dia 18 de fevereiro de 2022, a partir das 16 horas e por mais de 5 horas, ocorreu a primeira reuni\u00e3o de negocia\u00e7\u00e3o coletiva relativa ao ano de 2022 entre o SITSESP e a Funda\u00e7\u00e3o CASA. Na reuni\u00e3o a Funda\u00e7\u00e3o CASA informou que est\u00e1 fazendo gest\u00e3o junto aos \u00f3rg\u00e3os estaduais para que seja aplicado aos servidores da Funda\u00e7\u00e3o CASA o mesmo \u00edndice de reajuste salarial anunciado pelo governo do estado de S\u00e3o Paulo para as categorias de seguran\u00e7a p\u00fablica e sa\u00fade, que se aproxima do percentual de 20%. Quanto ao reajuste das demais cl\u00e1usulas econ\u00f4micas o \u00edndice requerido pela Funda\u00e7\u00e3o CASA \u00e0 CPS (Comiss\u00e3o Pol\u00edtica Salarial) foi na margem de 9,60%.\" \/>\n<meta name=\"robots\" content=\"index, follow, max-snippet:-1, max-image-preview:large, max-video-preview:-1\" \/>\n<link rel=\"canonical\" href=\"https:\/\/www.sitsesp.org.br\/novo\/sitsesp-em-movimento-informe-sobre-a-primeira-reuniao-de-negociacao-com-a-fundacao-casa-em-2022\/\" \/>\n<meta property=\"og:locale\" content=\"pt_BR\" \/>\n<meta property=\"og:type\" content=\"article\" \/>\n<meta property=\"og:title\" content=\"SITSESP EM MOVIMENTO \u2013 Informe sobre a primeira reuni\u00e3o de negocia\u00e7\u00e3o com a Funda\u00e7\u00e3o CASA em 2022 - SITSESP\" \/>\n<meta property=\"og:description\" content=\"No dia 18 de fevereiro de 2022, a partir das 16 horas e por mais de 5 horas, ocorreu a primeira reuni\u00e3o de negocia\u00e7\u00e3o coletiva relativa ao ano de 2022 entre o SITSESP e a Funda\u00e7\u00e3o CASA. Na reuni\u00e3o a Funda\u00e7\u00e3o CASA informou que est\u00e1 fazendo gest\u00e3o junto aos \u00f3rg\u00e3os estaduais para que seja aplicado aos servidores da Funda\u00e7\u00e3o CASA o mesmo \u00edndice de reajuste salarial anunciado pelo governo do estado de S\u00e3o Paulo para as categorias de seguran\u00e7a p\u00fablica e sa\u00fade, que se aproxima do percentual de 20%. Quanto ao reajuste das demais cl\u00e1usulas econ\u00f4micas o \u00edndice requerido pela Funda\u00e7\u00e3o CASA \u00e0 CPS (Comiss\u00e3o Pol\u00edtica Salarial) foi na margem de 9,60%.\" \/>\n<meta property=\"og:url\" content=\"https:\/\/www.sitsesp.org.br\/novo\/sitsesp-em-movimento-informe-sobre-a-primeira-reuniao-de-negociacao-com-a-fundacao-casa-em-2022\/\" \/>\n<meta property=\"og:site_name\" content=\"SITSESP\" \/>\n<meta property=\"article:published_time\" content=\"2022-02-19T16:07:03+00:00\" \/>\n<meta property=\"article:modified_time\" content=\"2022-02-19T17:35:48+00:00\" \/>\n<meta property=\"og:image\" content=\"https:\/\/www.sitsesp.org.br\/novo\/wp-content\/uploads\/2022\/02\/WhatsApp-Image-2022-02-19-at-07.41.31.jpeg\" \/>\n\t<meta property=\"og:image:width\" content=\"800\" \/>\n\t<meta property=\"og:image:height\" content=\"600\" \/>\n\t<meta property=\"og:image:type\" content=\"image\/jpeg\" \/>\n<meta name=\"author\" content=\"imprensa\" \/>\n<meta name=\"twitter:card\" content=\"summary_large_image\" \/>\n<meta name=\"twitter:label1\" content=\"Escrito por\" \/>\n\t<meta name=\"twitter:data1\" content=\"imprensa\" \/>\n\t<meta name=\"twitter:label2\" content=\"Est. tempo de leitura\" \/>\n\t<meta name=\"twitter:data2\" content=\"4 minutos\" \/>\n<script type=\"application\/ld+json\" class=\"yoast-schema-graph\">{\"@context\":\"https:\/\/schema.org\",\"@graph\":[{\"@type\":\"Article\",\"@id\":\"https:\/\/www.sitsesp.org.br\/novo\/sitsesp-em-movimento-informe-sobre-a-primeira-reuniao-de-negociacao-com-a-fundacao-casa-em-2022\/#article\",\"isPartOf\":{\"@id\":\"https:\/\/www.sitsesp.org.br\/novo\/sitsesp-em-movimento-informe-sobre-a-primeira-reuniao-de-negociacao-com-a-fundacao-casa-em-2022\/\"},\"author\":{\"name\":\"imprensa\",\"@id\":\"https:\/\/www.sitsesp.org.br\/novo\/#\/schema\/person\/28e42eec160f373e81d0183b3643edbf\"},\"headline\":\"SITSESP EM MOVIMENTO \u2013 Informe sobre a primeira reuni\u00e3o de negocia\u00e7\u00e3o com a Funda\u00e7\u00e3o CASA em 2022\",\"datePublished\":\"2022-02-19T16:07:03+00:00\",\"dateModified\":\"2022-02-19T17:35:48+00:00\",\"mainEntityOfPage\":{\"@id\":\"https:\/\/www.sitsesp.org.br\/novo\/sitsesp-em-movimento-informe-sobre-a-primeira-reuniao-de-negociacao-com-a-fundacao-casa-em-2022\/\"},\"wordCount\":795,\"commentCount\":0,\"publisher\":{\"@id\":\"https:\/\/www.sitsesp.org.br\/novo\/#organization\"},\"image\":{\"@id\":\"https:\/\/www.sitsesp.org.br\/novo\/sitsesp-em-movimento-informe-sobre-a-primeira-reuniao-de-negociacao-com-a-fundacao-casa-em-2022\/#primaryimage\"},\"thumbnailUrl\":\"https:\/\/www.sitsesp.org.br\/novo\/wp-content\/uploads\/2022\/02\/WhatsApp-Image-2022-02-19-at-07.41.31.jpeg\",\"keywords\":[\"2022\",\"campanha salarial\",\"Funda\u00e7\u00e3o CASA\",\"SINDICATO\",\"SITSESP\",\"SOCIOEDUCA\u00c7\u00c3O\"],\"articleSection\":[\"Destaque\",\"Noticias\"],\"inLanguage\":\"pt-BR\",\"potentialAction\":[{\"@type\":\"CommentAction\",\"name\":\"Comment\",\"target\":[\"https:\/\/www.sitsesp.org.br\/novo\/sitsesp-em-movimento-informe-sobre-a-primeira-reuniao-de-negociacao-com-a-fundacao-casa-em-2022\/#respond\"]}]},{\"@type\":\"WebPage\",\"@id\":\"https:\/\/www.sitsesp.org.br\/novo\/sitsesp-em-movimento-informe-sobre-a-primeira-reuniao-de-negociacao-com-a-fundacao-casa-em-2022\/\",\"url\":\"https:\/\/www.sitsesp.org.br\/novo\/sitsesp-em-movimento-informe-sobre-a-primeira-reuniao-de-negociacao-com-a-fundacao-casa-em-2022\/\",\"name\":\"SITSESP EM MOVIMENTO \u2013 Informe sobre a primeira reuni\u00e3o de negocia\u00e7\u00e3o com a Funda\u00e7\u00e3o CASA em 2022 - SITSESP\",\"isPartOf\":{\"@id\":\"https:\/\/www.sitsesp.org.br\/novo\/#website\"},\"primaryImageOfPage\":{\"@id\":\"https:\/\/www.sitsesp.org.br\/novo\/sitsesp-em-movimento-informe-sobre-a-primeira-reuniao-de-negociacao-com-a-fundacao-casa-em-2022\/#primaryimage\"},\"image\":{\"@id\":\"https:\/\/www.sitsesp.org.br\/novo\/sitsesp-em-movimento-informe-sobre-a-primeira-reuniao-de-negociacao-com-a-fundacao-casa-em-2022\/#primaryimage\"},\"thumbnailUrl\":\"https:\/\/www.sitsesp.org.br\/novo\/wp-content\/uploads\/2022\/02\/WhatsApp-Image-2022-02-19-at-07.41.31.jpeg\",\"datePublished\":\"2022-02-19T16:07:03+00:00\",\"dateModified\":\"2022-02-19T17:35:48+00:00\",\"description\":\"No dia 18 de fevereiro de 2022, a partir das 16 horas e por mais de 5 horas, ocorreu a primeira reuni\u00e3o de negocia\u00e7\u00e3o coletiva relativa ao ano de 2022 entre o SITSESP e a Funda\u00e7\u00e3o CASA. Na reuni\u00e3o a Funda\u00e7\u00e3o CASA informou que est\u00e1 fazendo gest\u00e3o junto aos \u00f3rg\u00e3os estaduais para que seja aplicado aos servidores da Funda\u00e7\u00e3o CASA o mesmo \u00edndice de reajuste salarial anunciado pelo governo do estado de S\u00e3o Paulo para as categorias de seguran\u00e7a p\u00fablica e sa\u00fade, que se aproxima do percentual de 20%. Quanto ao reajuste das demais cl\u00e1usulas econ\u00f4micas o \u00edndice requerido pela Funda\u00e7\u00e3o CASA \u00e0 CPS (Comiss\u00e3o Pol\u00edtica Salarial) foi na margem de 9,60%.\",\"breadcrumb\":{\"@id\":\"https:\/\/www.sitsesp.org.br\/novo\/sitsesp-em-movimento-informe-sobre-a-primeira-reuniao-de-negociacao-com-a-fundacao-casa-em-2022\/#breadcrumb\"},\"inLanguage\":\"pt-BR\",\"potentialAction\":[{\"@type\":\"ReadAction\",\"target\":[\"https:\/\/www.sitsesp.org.br\/novo\/sitsesp-em-movimento-informe-sobre-a-primeira-reuniao-de-negociacao-com-a-fundacao-casa-em-2022\/\"]}]},{\"@type\":\"ImageObject\",\"inLanguage\":\"pt-BR\",\"@id\":\"https:\/\/www.sitsesp.org.br\/novo\/sitsesp-em-movimento-informe-sobre-a-primeira-reuniao-de-negociacao-com-a-fundacao-casa-em-2022\/#primaryimage\",\"url\":\"https:\/\/www.sitsesp.org.br\/novo\/wp-content\/uploads\/2022\/02\/WhatsApp-Image-2022-02-19-at-07.41.31.jpeg\",\"contentUrl\":\"https:\/\/www.sitsesp.org.br\/novo\/wp-content\/uploads\/2022\/02\/WhatsApp-Image-2022-02-19-at-07.41.31.jpeg\",\"width\":800,\"height\":600},{\"@type\":\"BreadcrumbList\",\"@id\":\"https:\/\/www.sitsesp.org.br\/novo\/sitsesp-em-movimento-informe-sobre-a-primeira-reuniao-de-negociacao-com-a-fundacao-casa-em-2022\/#breadcrumb\",\"itemListElement\":[{\"@type\":\"ListItem\",\"position\":1,\"name\":\"In\u00edcio\",\"item\":\"https:\/\/www.sitsesp.org.br\/novo\/\"},{\"@type\":\"ListItem\",\"position\":2,\"name\":\"SITSESP EM MOVIMENTO \u2013 Informe sobre a primeira reuni\u00e3o de negocia\u00e7\u00e3o com a Funda\u00e7\u00e3o CASA em 2022\"}]},{\"@type\":\"WebSite\",\"@id\":\"https:\/\/www.sitsesp.org.br\/novo\/#website\",\"url\":\"https:\/\/www.sitsesp.org.br\/novo\/\",\"name\":\"Sitsesp\",\"description\":\"SIndicato da Socioeduca\u00e7\u00e3o do Estado de S\u00e3o Paulo\",\"publisher\":{\"@id\":\"https:\/\/www.sitsesp.org.br\/novo\/#organization\"},\"potentialAction\":[{\"@type\":\"SearchAction\",\"target\":{\"@type\":\"EntryPoint\",\"urlTemplate\":\"https:\/\/www.sitsesp.org.br\/novo\/?s={search_term_string}\"},\"query-input\":\"required name=search_term_string\"}],\"inLanguage\":\"pt-BR\"},{\"@type\":\"Organization\",\"@id\":\"https:\/\/www.sitsesp.org.br\/novo\/#organization\",\"name\":\"Sitsesp\",\"url\":\"https:\/\/www.sitsesp.org.br\/novo\/\",\"logo\":{\"@type\":\"ImageObject\",\"inLanguage\":\"pt-BR\",\"@id\":\"https:\/\/www.sitsesp.org.br\/novo\/#\/schema\/logo\/image\/\",\"url\":\"https:\/\/www.sitsesp.org.br\/novo\/wp-content\/uploads\/2020\/09\/Design-sem-nome-1.jpg\",\"contentUrl\":\"https:\/\/www.sitsesp.org.br\/novo\/wp-content\/uploads\/2020\/09\/Design-sem-nome-1.jpg\",\"width\":300,\"height\":300,\"caption\":\"Sitsesp\"},\"image\":{\"@id\":\"https:\/\/www.sitsesp.org.br\/novo\/#\/schema\/logo\/image\/\"}},{\"@type\":\"Person\",\"@id\":\"https:\/\/www.sitsesp.org.br\/novo\/#\/schema\/person\/28e42eec160f373e81d0183b3643edbf\",\"name\":\"imprensa\",\"image\":{\"@type\":\"ImageObject\",\"inLanguage\":\"pt-BR\",\"@id\":\"https:\/\/www.sitsesp.org.br\/novo\/#\/schema\/person\/image\/\",\"url\":\"https:\/\/secure.gravatar.com\/avatar\/8d6ccd8d7d52b8959f34154e87d3fa29?s=96&d=mm&r=g\",\"contentUrl\":\"https:\/\/secure.gravatar.com\/avatar\/8d6ccd8d7d52b8959f34154e87d3fa29?s=96&d=mm&r=g\",\"caption\":\"imprensa\"}}]}<\/script>\n<!-- \/ Yoast SEO plugin. -->","yoast_head_json":{"title":"SITSESP EM MOVIMENTO \u2013 Informe sobre a primeira reuni\u00e3o de negocia\u00e7\u00e3o com a Funda\u00e7\u00e3o CASA em 2022 - SITSESP","description":"No dia 18 de fevereiro de 2022, a partir das 16 horas e por mais de 5 horas, ocorreu a primeira reuni\u00e3o de negocia\u00e7\u00e3o coletiva relativa ao ano de 2022 entre o SITSESP e a Funda\u00e7\u00e3o CASA. Na reuni\u00e3o a Funda\u00e7\u00e3o CASA informou que est\u00e1 fazendo gest\u00e3o junto aos \u00f3rg\u00e3os estaduais para que seja aplicado aos servidores da Funda\u00e7\u00e3o CASA o mesmo \u00edndice de reajuste salarial anunciado pelo governo do estado de S\u00e3o Paulo para as categorias de seguran\u00e7a p\u00fablica e sa\u00fade, que se aproxima do percentual de 20%. Quanto ao reajuste das demais cl\u00e1usulas econ\u00f4micas o \u00edndice requerido pela Funda\u00e7\u00e3o CASA \u00e0 CPS (Comiss\u00e3o Pol\u00edtica Salarial) foi na margem de 9,60%.","robots":{"index":"index","follow":"follow","max-snippet":"max-snippet:-1","max-image-preview":"max-image-preview:large","max-video-preview":"max-video-preview:-1"},"canonical":"https:\/\/www.sitsesp.org.br\/novo\/sitsesp-em-movimento-informe-sobre-a-primeira-reuniao-de-negociacao-com-a-fundacao-casa-em-2022\/","og_locale":"pt_BR","og_type":"article","og_title":"SITSESP EM MOVIMENTO \u2013 Informe sobre a primeira reuni\u00e3o de negocia\u00e7\u00e3o com a Funda\u00e7\u00e3o CASA em 2022 - SITSESP","og_description":"No dia 18 de fevereiro de 2022, a partir das 16 horas e por mais de 5 horas, ocorreu a primeira reuni\u00e3o de negocia\u00e7\u00e3o coletiva relativa ao ano de 2022 entre o SITSESP e a Funda\u00e7\u00e3o CASA. Na reuni\u00e3o a Funda\u00e7\u00e3o CASA informou que est\u00e1 fazendo gest\u00e3o junto aos \u00f3rg\u00e3os estaduais para que seja aplicado aos servidores da Funda\u00e7\u00e3o CASA o mesmo \u00edndice de reajuste salarial anunciado pelo governo do estado de S\u00e3o Paulo para as categorias de seguran\u00e7a p\u00fablica e sa\u00fade, que se aproxima do percentual de 20%. Quanto ao reajuste das demais cl\u00e1usulas econ\u00f4micas o \u00edndice requerido pela Funda\u00e7\u00e3o CASA \u00e0 CPS (Comiss\u00e3o Pol\u00edtica Salarial) foi na margem de 9,60%.","og_url":"https:\/\/www.sitsesp.org.br\/novo\/sitsesp-em-movimento-informe-sobre-a-primeira-reuniao-de-negociacao-com-a-fundacao-casa-em-2022\/","og_site_name":"SITSESP","article_published_time":"2022-02-19T16:07:03+00:00","article_modified_time":"2022-02-19T17:35:48+00:00","og_image":[{"width":800,"height":600,"url":"https:\/\/www.sitsesp.org.br\/novo\/wp-content\/uploads\/2022\/02\/WhatsApp-Image-2022-02-19-at-07.41.31.jpeg","type":"image\/jpeg"}],"author":"imprensa","twitter_card":"summary_large_image","twitter_misc":{"Escrito por":"imprensa","Est. tempo de leitura":"4 minutos"},"schema":{"@context":"https:\/\/schema.org","@graph":[{"@type":"Article","@id":"https:\/\/www.sitsesp.org.br\/novo\/sitsesp-em-movimento-informe-sobre-a-primeira-reuniao-de-negociacao-com-a-fundacao-casa-em-2022\/#article","isPartOf":{"@id":"https:\/\/www.sitsesp.org.br\/novo\/sitsesp-em-movimento-informe-sobre-a-primeira-reuniao-de-negociacao-com-a-fundacao-casa-em-2022\/"},"author":{"name":"imprensa","@id":"https:\/\/www.sitsesp.org.br\/novo\/#\/schema\/person\/28e42eec160f373e81d0183b3643edbf"},"headline":"SITSESP EM MOVIMENTO \u2013 Informe sobre a primeira reuni\u00e3o de negocia\u00e7\u00e3o com a Funda\u00e7\u00e3o CASA em 2022","datePublished":"2022-02-19T16:07:03+00:00","dateModified":"2022-02-19T17:35:48+00:00","mainEntityOfPage":{"@id":"https:\/\/www.sitsesp.org.br\/novo\/sitsesp-em-movimento-informe-sobre-a-primeira-reuniao-de-negociacao-com-a-fundacao-casa-em-2022\/"},"wordCount":795,"commentCount":0,"publisher":{"@id":"https:\/\/www.sitsesp.org.br\/novo\/#organization"},"image":{"@id":"https:\/\/www.sitsesp.org.br\/novo\/sitsesp-em-movimento-informe-sobre-a-primeira-reuniao-de-negociacao-com-a-fundacao-casa-em-2022\/#primaryimage"},"thumbnailUrl":"https:\/\/www.sitsesp.org.br\/novo\/wp-content\/uploads\/2022\/02\/WhatsApp-Image-2022-02-19-at-07.41.31.jpeg","keywords":["2022","campanha salarial","Funda\u00e7\u00e3o CASA","SINDICATO","SITSESP","SOCIOEDUCA\u00c7\u00c3O"],"articleSection":["Destaque","Noticias"],"inLanguage":"pt-BR","potentialAction":[{"@type":"CommentAction","name":"Comment","target":["https:\/\/www.sitsesp.org.br\/novo\/sitsesp-em-movimento-informe-sobre-a-primeira-reuniao-de-negociacao-com-a-fundacao-casa-em-2022\/#respond"]}]},{"@type":"WebPage","@id":"https:\/\/www.sitsesp.org.br\/novo\/sitsesp-em-movimento-informe-sobre-a-primeira-reuniao-de-negociacao-com-a-fundacao-casa-em-2022\/","url":"https:\/\/www.sitsesp.org.br\/novo\/sitsesp-em-movimento-informe-sobre-a-primeira-reuniao-de-negociacao-com-a-fundacao-casa-em-2022\/","name":"SITSESP EM MOVIMENTO \u2013 Informe sobre a primeira reuni\u00e3o de negocia\u00e7\u00e3o com a Funda\u00e7\u00e3o CASA em 2022 - SITSESP","isPartOf":{"@id":"https:\/\/www.sitsesp.org.br\/novo\/#website"},"primaryImageOfPage":{"@id":"https:\/\/www.sitsesp.org.br\/novo\/sitsesp-em-movimento-informe-sobre-a-primeira-reuniao-de-negociacao-com-a-fundacao-casa-em-2022\/#primaryimage"},"image":{"@id":"https:\/\/www.sitsesp.org.br\/novo\/sitsesp-em-movimento-informe-sobre-a-primeira-reuniao-de-negociacao-com-a-fundacao-casa-em-2022\/#primaryimage"},"thumbnailUrl":"https:\/\/www.sitsesp.org.br\/novo\/wp-content\/uploads\/2022\/02\/WhatsApp-Image-2022-02-19-at-07.41.31.jpeg","datePublished":"2022-02-19T16:07:03+00:00","dateModified":"2022-02-19T17:35:48+00:00","description":"No dia 18 de fevereiro de 2022, a partir das 16 horas e por mais de 5 horas, ocorreu a primeira reuni\u00e3o de negocia\u00e7\u00e3o coletiva relativa ao ano de 2022 entre o SITSESP e a Funda\u00e7\u00e3o CASA. Na reuni\u00e3o a Funda\u00e7\u00e3o CASA informou que est\u00e1 fazendo gest\u00e3o junto aos \u00f3rg\u00e3os estaduais para que seja aplicado aos servidores da Funda\u00e7\u00e3o CASA o mesmo \u00edndice de reajuste salarial anunciado pelo governo do estado de S\u00e3o Paulo para as categorias de seguran\u00e7a p\u00fablica e sa\u00fade, que se aproxima do percentual de 20%. Quanto ao reajuste das demais cl\u00e1usulas econ\u00f4micas o \u00edndice requerido pela Funda\u00e7\u00e3o CASA \u00e0 CPS (Comiss\u00e3o Pol\u00edtica Salarial) foi na margem de 9,60%.","breadcrumb":{"@id":"https:\/\/www.sitsesp.org.br\/novo\/sitsesp-em-movimento-informe-sobre-a-primeira-reuniao-de-negociacao-com-a-fundacao-casa-em-2022\/#breadcrumb"},"inLanguage":"pt-BR","potentialAction":[{"@type":"ReadAction","target":["https:\/\/www.sitsesp.org.br\/novo\/sitsesp-em-movimento-informe-sobre-a-primeira-reuniao-de-negociacao-com-a-fundacao-casa-em-2022\/"]}]},{"@type":"ImageObject","inLanguage":"pt-BR","@id":"https:\/\/www.sitsesp.org.br\/novo\/sitsesp-em-movimento-informe-sobre-a-primeira-reuniao-de-negociacao-com-a-fundacao-casa-em-2022\/#primaryimage","url":"https:\/\/www.sitsesp.org.br\/novo\/wp-content\/uploads\/2022\/02\/WhatsApp-Image-2022-02-19-at-07.41.31.jpeg","contentUrl":"https:\/\/www.sitsesp.org.br\/novo\/wp-content\/uploads\/2022\/02\/WhatsApp-Image-2022-02-19-at-07.41.31.jpeg","width":800,"height":600},{"@type":"BreadcrumbList","@id":"https:\/\/www.sitsesp.org.br\/novo\/sitsesp-em-movimento-informe-sobre-a-primeira-reuniao-de-negociacao-com-a-fundacao-casa-em-2022\/#breadcrumb","itemListElement":[{"@type":"ListItem","position":1,"name":"In\u00edcio","item":"https:\/\/www.sitsesp.org.br\/novo\/"},{"@type":"ListItem","position":2,"name":"SITSESP EM MOVIMENTO \u2013 Informe sobre a primeira reuni\u00e3o de negocia\u00e7\u00e3o com a Funda\u00e7\u00e3o CASA em 2022"}]},{"@type":"WebSite","@id":"https:\/\/www.sitsesp.org.br\/novo\/#website","url":"https:\/\/www.sitsesp.org.br\/novo\/","name":"Sitsesp","description":"SIndicato da Socioeduca\u00e7\u00e3o do Estado de S\u00e3o Paulo","publisher":{"@id":"https:\/\/www.sitsesp.org.br\/novo\/#organization"},"potentialAction":[{"@type":"SearchAction","target":{"@type":"EntryPoint","urlTemplate":"https:\/\/www.sitsesp.org.br\/novo\/?s={search_term_string}"},"query-input":"required name=search_term_string"}],"inLanguage":"pt-BR"},{"@type":"Organization","@id":"https:\/\/www.sitsesp.org.br\/novo\/#organization","name":"Sitsesp","url":"https:\/\/www.sitsesp.org.br\/novo\/","logo":{"@type":"ImageObject","inLanguage":"pt-BR","@id":"https:\/\/www.sitsesp.org.br\/novo\/#\/schema\/logo\/image\/","url":"https:\/\/www.sitsesp.org.br\/novo\/wp-content\/uploads\/2020\/09\/Design-sem-nome-1.jpg","contentUrl":"https:\/\/www.sitsesp.org.br\/novo\/wp-content\/uploads\/2020\/09\/Design-sem-nome-1.jpg","width":300,"height":300,"caption":"Sitsesp"},"image":{"@id":"https:\/\/www.sitsesp.org.br\/novo\/#\/schema\/logo\/image\/"}},{"@type":"Person","@id":"https:\/\/www.sitsesp.org.br\/novo\/#\/schema\/person\/28e42eec160f373e81d0183b3643edbf","name":"imprensa","image":{"@type":"ImageObject","inLanguage":"pt-BR","@id":"https:\/\/www.sitsesp.org.br\/novo\/#\/schema\/person\/image\/","url":"https:\/\/secure.gravatar.com\/avatar\/8d6ccd8d7d52b8959f34154e87d3fa29?s=96&d=mm&r=g","contentUrl":"https:\/\/secure.gravatar.com\/avatar\/8d6ccd8d7d52b8959f34154e87d3fa29?s=96&d=mm&r=g","caption":"imprensa"}}]}},"_links":{"self":[{"href":"https:\/\/www.sitsesp.org.br\/novo\/wp-json\/wp\/v2\/posts\/8103"}],"collection":[{"href":"https:\/\/www.sitsesp.org.br\/novo\/wp-json\/wp\/v2\/posts"}],"about":[{"href":"https:\/\/www.sitsesp.org.br\/novo\/wp-json\/wp\/v2\/types\/post"}],"author":[{"embeddable":true,"href":"https:\/\/www.sitsesp.org.br\/novo\/wp-json\/wp\/v2\/users\/5"}],"replies":[{"embeddable":true,"href":"https:\/\/www.sitsesp.org.br\/novo\/wp-json\/wp\/v2\/comments?post=8103"}],"version-history":[{"count":4,"href":"https:\/\/www.sitsesp.org.br\/novo\/wp-json\/wp\/v2\/posts\/8103\/revisions"}],"predecessor-version":[{"id":8110,"href":"https:\/\/www.sitsesp.org.br\/novo\/wp-json\/wp\/v2\/posts\/8103\/revisions\/8110"}],"wp:featuredmedia":[{"embeddable":true,"href":"https:\/\/www.sitsesp.org.br\/novo\/wp-json\/wp\/v2\/media\/8104"}],"wp:attachment":[{"href":"https:\/\/www.sitsesp.org.br\/novo\/wp-json\/wp\/v2\/media?parent=8103"}],"wp:term":[{"taxonomy":"category","embeddable":true,"href":"https:\/\/www.sitsesp.org.br\/novo\/wp-json\/wp\/v2\/categories?post=8103"},{"taxonomy":"post_tag","embeddable":true,"href":"https:\/\/www.sitsesp.org.br\/novo\/wp-json\/wp\/v2\/tags?post=8103"}],"curies":[{"name":"wp","href":"https:\/\/api.w.org\/{rel}","templated":true}]}}