{"id":8133,"date":"2022-02-23T08:46:15","date_gmt":"2022-02-23T11:46:15","guid":{"rendered":"https:\/\/sitsesp.org.br\/novo\/?p=8133"},"modified":"2022-02-23T08:49:35","modified_gmt":"2022-02-23T11:49:35","slug":"sitsesp-incansavel-na-luta-da-categoria-deputado-estadual-carlos-giannazi","status":"publish","type":"post","link":"https:\/\/www.sitsesp.org.br\/novo\/sitsesp-incansavel-na-luta-da-categoria-deputado-estadual-carlos-giannazi\/","title":{"rendered":"SITSESP &#8211; INCANS\u00c1VEL NA LUTA DA CATEGORIA, DEPUTADO ESTADUAL CARLOS GIANNAZI"},"content":{"rendered":"<p><!-- VideographyWP Plugin Message: Automatic video embedding prevented by plugin options. --><br \/>\nO deputado estadual Carlos Giannazi \u00e9 um incans\u00e1vel defensor da luta que a categoria da socioeduca\u00e7\u00e3o no estado de S\u00e3o Paulo vem travando, h\u00e1 anos, com esses governos que ano a ano retiram direitos e arrocham o sal\u00e1rio dos servidores da Funda\u00e7\u00e3o CASA.<\/p>\n<p>Uma voz dentro da ALESP, um lutador fora dela e um guerreiro sempre presente na luta pelos nossos direitos.<br \/>\nO SITSESP, representante legal da categoria Socioeducativa, agradece ao deputado, inclusive, por sua live apresentada com sucesso no dia 21 de fevereiro.<\/p>\n<p>Acesse no site do SITSESP os links para assistir ao v\u00eddeo e a live do deputado.<\/p>\n<p><a href=\"https:\/\/www.youtube.com\/watch?v=mR7sgHVrqbw\">Reajuste j\u00e1 aos servidores da Funda\u00e7\u00e3o Casa! &#8211; YouTube<\/a><\/p>\n<p>O SITSESP \u00c9 DE TODOS, PARA TODOS, TRABALHANDO COM TODOS &#8211; SEJA UM FILIADO SITSESP E PARTICIPE DA LUTA<\/p>\n","protected":false},"excerpt":{"rendered":"<p>O deputado estadual Carlos Giannazi \u00e9 um incans\u00e1vel defensor da luta que a categoria da socioeduca\u00e7\u00e3o no estado de S\u00e3o Paulo&hellip;<\/p>\n","protected":false},"author":5,"featured_media":8134,"comment_status":"open","ping_status":"open","sticky":false,"template":"","format":"standard","meta":{"cybocfi_hide_featured_image":"","footnotes":""},"categories":[27,22],"tags":[],"yoast_head":"<!-- This site is optimized with the Yoast SEO plugin v22.8 - https:\/\/yoast.com\/wordpress\/plugins\/seo\/ -->\n<title>SITSESP - INCANS\u00c1VEL NA LUTA DA CATEGORIA, DEPUTADO ESTADUAL CARLOS GIANNAZI - SITSESP<\/title>\n<meta name=\"robots\" content=\"index, follow, max-snippet:-1, max-image-preview:large, max-video-preview:-1\" \/>\n<link rel=\"canonical\" href=\"https:\/\/www.sitsesp.org.br\/novo\/sitsesp-incansavel-na-luta-da-categoria-deputado-estadual-carlos-giannazi\/\" \/>\n<meta property=\"og:locale\" content=\"pt_BR\" \/>\n<meta property=\"og:type\" content=\"article\" \/>\n<meta property=\"og:title\" content=\"SITSESP - INCANS\u00c1VEL NA LUTA DA CATEGORIA, DEPUTADO ESTADUAL CARLOS GIANNAZI - SITSESP\" \/>\n<meta property=\"og:description\" content=\"O deputado estadual Carlos Giannazi \u00e9 um incans\u00e1vel defensor da luta que a categoria da socioeduca\u00e7\u00e3o no estado de S\u00e3o Paulo&hellip;\" \/>\n<meta property=\"og:url\" content=\"https:\/\/www.sitsesp.org.br\/novo\/sitsesp-incansavel-na-luta-da-categoria-deputado-estadual-carlos-giannazi\/\" \/>\n<meta property=\"og:site_name\" content=\"SITSESP\" \/>\n<meta property=\"article:published_time\" content=\"2022-02-23T11:46:15+00:00\" \/>\n<meta property=\"article:modified_time\" content=\"2022-02-23T11:49:35+00:00\" \/>\n<meta property=\"og:image\" content=\"https:\/\/www.sitsesp.org.br\/novo\/wp-content\/uploads\/2022\/02\/2302.jpg\" \/>\n\t<meta property=\"og:image:width\" content=\"800\" \/>\n\t<meta property=\"og:image:height\" content=\"800\" \/>\n\t<meta property=\"og:image:type\" content=\"image\/jpeg\" \/>\n<meta name=\"author\" content=\"imprensa\" \/>\n<meta name=\"twitter:card\" content=\"summary_large_image\" \/>\n<meta name=\"twitter:label1\" content=\"Escrito por\" \/>\n\t<meta name=\"twitter:data1\" content=\"imprensa\" \/>\n\t<meta name=\"twitter:label2\" content=\"Est. tempo de leitura\" \/>\n\t<meta name=\"twitter:data2\" content=\"1 minuto\" \/>\n<script type=\"application\/ld+json\" class=\"yoast-schema-graph\">{\"@context\":\"https:\/\/schema.org\",\"@graph\":[{\"@type\":\"Article\",\"@id\":\"https:\/\/www.sitsesp.org.br\/novo\/sitsesp-incansavel-na-luta-da-categoria-deputado-estadual-carlos-giannazi\/#article\",\"isPartOf\":{\"@id\":\"https:\/\/www.sitsesp.org.br\/novo\/sitsesp-incansavel-na-luta-da-categoria-deputado-estadual-carlos-giannazi\/\"},\"author\":{\"name\":\"imprensa\",\"@id\":\"https:\/\/www.sitsesp.org.br\/novo\/#\/schema\/person\/28e42eec160f373e81d0183b3643edbf\"},\"headline\":\"SITSESP &#8211; INCANS\u00c1VEL NA LUTA DA CATEGORIA, DEPUTADO ESTADUAL CARLOS GIANNAZI\",\"datePublished\":\"2022-02-23T11:46:15+00:00\",\"dateModified\":\"2022-02-23T11:49:35+00:00\",\"mainEntityOfPage\":{\"@id\":\"https:\/\/www.sitsesp.org.br\/novo\/sitsesp-incansavel-na-luta-da-categoria-deputado-estadual-carlos-giannazi\/\"},\"wordCount\":144,\"commentCount\":0,\"publisher\":{\"@id\":\"https:\/\/www.sitsesp.org.br\/novo\/#organization\"},\"image\":{\"@id\":\"https:\/\/www.sitsesp.org.br\/novo\/sitsesp-incansavel-na-luta-da-categoria-deputado-estadual-carlos-giannazi\/#primaryimage\"},\"thumbnailUrl\":\"https:\/\/www.sitsesp.org.br\/novo\/wp-content\/uploads\/2022\/02\/2302.jpg\",\"articleSection\":[\"Destaque\",\"Noticias\"],\"inLanguage\":\"pt-BR\",\"potentialAction\":[{\"@type\":\"CommentAction\",\"name\":\"Comment\",\"target\":[\"https:\/\/www.sitsesp.org.br\/novo\/sitsesp-incansavel-na-luta-da-categoria-deputado-estadual-carlos-giannazi\/#respond\"]}]},{\"@type\":\"WebPage\",\"@id\":\"https:\/\/www.sitsesp.org.br\/novo\/sitsesp-incansavel-na-luta-da-categoria-deputado-estadual-carlos-giannazi\/\",\"url\":\"https:\/\/www.sitsesp.org.br\/novo\/sitsesp-incansavel-na-luta-da-categoria-deputado-estadual-carlos-giannazi\/\",\"name\":\"SITSESP - INCANS\u00c1VEL NA LUTA DA CATEGORIA, DEPUTADO ESTADUAL CARLOS GIANNAZI - SITSESP\",\"isPartOf\":{\"@id\":\"https:\/\/www.sitsesp.org.br\/novo\/#website\"},\"primaryImageOfPage\":{\"@id\":\"https:\/\/www.sitsesp.org.br\/novo\/sitsesp-incansavel-na-luta-da-categoria-deputado-estadual-carlos-giannazi\/#primaryimage\"},\"image\":{\"@id\":\"https:\/\/www.sitsesp.org.br\/novo\/sitsesp-incansavel-na-luta-da-categoria-deputado-estadual-carlos-giannazi\/#primaryimage\"},\"thumbnailUrl\":\"https:\/\/www.sitsesp.org.br\/novo\/wp-content\/uploads\/2022\/02\/2302.jpg\",\"datePublished\":\"2022-02-23T11:46:15+00:00\",\"dateModified\":\"2022-02-23T11:49:35+00:00\",\"breadcrumb\":{\"@id\":\"https:\/\/www.sitsesp.org.br\/novo\/sitsesp-incansavel-na-luta-da-categoria-deputado-estadual-carlos-giannazi\/#breadcrumb\"},\"inLanguage\":\"pt-BR\",\"potentialAction\":[{\"@type\":\"ReadAction\",\"target\":[\"https:\/\/www.sitsesp.org.br\/novo\/sitsesp-incansavel-na-luta-da-categoria-deputado-estadual-carlos-giannazi\/\"]}]},{\"@type\":\"ImageObject\",\"inLanguage\":\"pt-BR\",\"@id\":\"https:\/\/www.sitsesp.org.br\/novo\/sitsesp-incansavel-na-luta-da-categoria-deputado-estadual-carlos-giannazi\/#primaryimage\",\"url\":\"https:\/\/www.sitsesp.org.br\/novo\/wp-content\/uploads\/2022\/02\/2302.jpg\",\"contentUrl\":\"https:\/\/www.sitsesp.org.br\/novo\/wp-content\/uploads\/2022\/02\/2302.jpg\",\"width\":800,\"height\":800},{\"@type\":\"BreadcrumbList\",\"@id\":\"https:\/\/www.sitsesp.org.br\/novo\/sitsesp-incansavel-na-luta-da-categoria-deputado-estadual-carlos-giannazi\/#breadcrumb\",\"itemListElement\":[{\"@type\":\"ListItem\",\"position\":1,\"name\":\"In\u00edcio\",\"item\":\"https:\/\/www.sitsesp.org.br\/novo\/\"},{\"@type\":\"ListItem\",\"position\":2,\"name\":\"SITSESP &#8211; INCANS\u00c1VEL NA LUTA DA CATEGORIA, DEPUTADO ESTADUAL CARLOS GIANNAZI\"}]},{\"@type\":\"WebSite\",\"@id\":\"https:\/\/www.sitsesp.org.br\/novo\/#website\",\"url\":\"https:\/\/www.sitsesp.org.br\/novo\/\",\"name\":\"Sitsesp\",\"description\":\"SIndicato da Socioeduca\u00e7\u00e3o do Estado de S\u00e3o Paulo\",\"publisher\":{\"@id\":\"https:\/\/www.sitsesp.org.br\/novo\/#organization\"},\"potentialAction\":[{\"@type\":\"SearchAction\",\"target\":{\"@type\":\"EntryPoint\",\"urlTemplate\":\"https:\/\/www.sitsesp.org.br\/novo\/?s={search_term_string}\"},\"query-input\":\"required name=search_term_string\"}],\"inLanguage\":\"pt-BR\"},{\"@type\":\"Organization\",\"@id\":\"https:\/\/www.sitsesp.org.br\/novo\/#organization\",\"name\":\"Sitsesp\",\"url\":\"https:\/\/www.sitsesp.org.br\/novo\/\",\"logo\":{\"@type\":\"ImageObject\",\"inLanguage\":\"pt-BR\",\"@id\":\"https:\/\/www.sitsesp.org.br\/novo\/#\/schema\/logo\/image\/\",\"url\":\"https:\/\/www.sitsesp.org.br\/novo\/wp-content\/uploads\/2020\/09\/Design-sem-nome-1.jpg\",\"contentUrl\":\"https:\/\/www.sitsesp.org.br\/novo\/wp-content\/uploads\/2020\/09\/Design-sem-nome-1.jpg\",\"width\":300,\"height\":300,\"caption\":\"Sitsesp\"},\"image\":{\"@id\":\"https:\/\/www.sitsesp.org.br\/novo\/#\/schema\/logo\/image\/\"}},{\"@type\":\"Person\",\"@id\":\"https:\/\/www.sitsesp.org.br\/novo\/#\/schema\/person\/28e42eec160f373e81d0183b3643edbf\",\"name\":\"imprensa\",\"image\":{\"@type\":\"ImageObject\",\"inLanguage\":\"pt-BR\",\"@id\":\"https:\/\/www.sitsesp.org.br\/novo\/#\/schema\/person\/image\/\",\"url\":\"https:\/\/secure.gravatar.com\/avatar\/8d6ccd8d7d52b8959f34154e87d3fa29?s=96&d=mm&r=g\",\"contentUrl\":\"https:\/\/secure.gravatar.com\/avatar\/8d6ccd8d7d52b8959f34154e87d3fa29?s=96&d=mm&r=g\",\"caption\":\"imprensa\"}}]}<\/script>\n<!-- \/ Yoast SEO plugin. -->","yoast_head_json":{"title":"SITSESP - INCANS\u00c1VEL NA LUTA DA CATEGORIA, DEPUTADO ESTADUAL CARLOS GIANNAZI - SITSESP","robots":{"index":"index","follow":"follow","max-snippet":"max-snippet:-1","max-image-preview":"max-image-preview:large","max-video-preview":"max-video-preview:-1"},"canonical":"https:\/\/www.sitsesp.org.br\/novo\/sitsesp-incansavel-na-luta-da-categoria-deputado-estadual-carlos-giannazi\/","og_locale":"pt_BR","og_type":"article","og_title":"SITSESP - INCANS\u00c1VEL NA LUTA DA CATEGORIA, DEPUTADO ESTADUAL CARLOS GIANNAZI - SITSESP","og_description":"O deputado estadual Carlos Giannazi \u00e9 um incans\u00e1vel defensor da luta que a categoria da socioeduca\u00e7\u00e3o no estado de S\u00e3o Paulo&hellip;","og_url":"https:\/\/www.sitsesp.org.br\/novo\/sitsesp-incansavel-na-luta-da-categoria-deputado-estadual-carlos-giannazi\/","og_site_name":"SITSESP","article_published_time":"2022-02-23T11:46:15+00:00","article_modified_time":"2022-02-23T11:49:35+00:00","og_image":[{"width":800,"height":800,"url":"https:\/\/www.sitsesp.org.br\/novo\/wp-content\/uploads\/2022\/02\/2302.jpg","type":"image\/jpeg"}],"author":"imprensa","twitter_card":"summary_large_image","twitter_misc":{"Escrito por":"imprensa","Est. tempo de leitura":"1 minuto"},"schema":{"@context":"https:\/\/schema.org","@graph":[{"@type":"Article","@id":"https:\/\/www.sitsesp.org.br\/novo\/sitsesp-incansavel-na-luta-da-categoria-deputado-estadual-carlos-giannazi\/#article","isPartOf":{"@id":"https:\/\/www.sitsesp.org.br\/novo\/sitsesp-incansavel-na-luta-da-categoria-deputado-estadual-carlos-giannazi\/"},"author":{"name":"imprensa","@id":"https:\/\/www.sitsesp.org.br\/novo\/#\/schema\/person\/28e42eec160f373e81d0183b3643edbf"},"headline":"SITSESP &#8211; INCANS\u00c1VEL NA LUTA DA CATEGORIA, DEPUTADO ESTADUAL CARLOS GIANNAZI","datePublished":"2022-02-23T11:46:15+00:00","dateModified":"2022-02-23T11:49:35+00:00","mainEntityOfPage":{"@id":"https:\/\/www.sitsesp.org.br\/novo\/sitsesp-incansavel-na-luta-da-categoria-deputado-estadual-carlos-giannazi\/"},"wordCount":144,"commentCount":0,"publisher":{"@id":"https:\/\/www.sitsesp.org.br\/novo\/#organization"},"image":{"@id":"https:\/\/www.sitsesp.org.br\/novo\/sitsesp-incansavel-na-luta-da-categoria-deputado-estadual-carlos-giannazi\/#primaryimage"},"thumbnailUrl":"https:\/\/www.sitsesp.org.br\/novo\/wp-content\/uploads\/2022\/02\/2302.jpg","articleSection":["Destaque","Noticias"],"inLanguage":"pt-BR","potentialAction":[{"@type":"CommentAction","name":"Comment","target":["https:\/\/www.sitsesp.org.br\/novo\/sitsesp-incansavel-na-luta-da-categoria-deputado-estadual-carlos-giannazi\/#respond"]}]},{"@type":"WebPage","@id":"https:\/\/www.sitsesp.org.br\/novo\/sitsesp-incansavel-na-luta-da-categoria-deputado-estadual-carlos-giannazi\/","url":"https:\/\/www.sitsesp.org.br\/novo\/sitsesp-incansavel-na-luta-da-categoria-deputado-estadual-carlos-giannazi\/","name":"SITSESP - INCANS\u00c1VEL NA LUTA DA CATEGORIA, DEPUTADO ESTADUAL CARLOS GIANNAZI - SITSESP","isPartOf":{"@id":"https:\/\/www.sitsesp.org.br\/novo\/#website"},"primaryImageOfPage":{"@id":"https:\/\/www.sitsesp.org.br\/novo\/sitsesp-incansavel-na-luta-da-categoria-deputado-estadual-carlos-giannazi\/#primaryimage"},"image":{"@id":"https:\/\/www.sitsesp.org.br\/novo\/sitsesp-incansavel-na-luta-da-categoria-deputado-estadual-carlos-giannazi\/#primaryimage"},"thumbnailUrl":"https:\/\/www.sitsesp.org.br\/novo\/wp-content\/uploads\/2022\/02\/2302.jpg","datePublished":"2022-02-23T11:46:15+00:00","dateModified":"2022-02-23T11:49:35+00:00","breadcrumb":{"@id":"https:\/\/www.sitsesp.org.br\/novo\/sitsesp-incansavel-na-luta-da-categoria-deputado-estadual-carlos-giannazi\/#breadcrumb"},"inLanguage":"pt-BR","potentialAction":[{"@type":"ReadAction","target":["https:\/\/www.sitsesp.org.br\/novo\/sitsesp-incansavel-na-luta-da-categoria-deputado-estadual-carlos-giannazi\/"]}]},{"@type":"ImageObject","inLanguage":"pt-BR","@id":"https:\/\/www.sitsesp.org.br\/novo\/sitsesp-incansavel-na-luta-da-categoria-deputado-estadual-carlos-giannazi\/#primaryimage","url":"https:\/\/www.sitsesp.org.br\/novo\/wp-content\/uploads\/2022\/02\/2302.jpg","contentUrl":"https:\/\/www.sitsesp.org.br\/novo\/wp-content\/uploads\/2022\/02\/2302.jpg","width":800,"height":800},{"@type":"BreadcrumbList","@id":"https:\/\/www.sitsesp.org.br\/novo\/sitsesp-incansavel-na-luta-da-categoria-deputado-estadual-carlos-giannazi\/#breadcrumb","itemListElement":[{"@type":"ListItem","position":1,"name":"In\u00edcio","item":"https:\/\/www.sitsesp.org.br\/novo\/"},{"@type":"ListItem","position":2,"name":"SITSESP &#8211; INCANS\u00c1VEL NA LUTA DA CATEGORIA, DEPUTADO ESTADUAL CARLOS GIANNAZI"}]},{"@type":"WebSite","@id":"https:\/\/www.sitsesp.org.br\/novo\/#website","url":"https:\/\/www.sitsesp.org.br\/novo\/","name":"Sitsesp","description":"SIndicato da Socioeduca\u00e7\u00e3o do Estado de S\u00e3o Paulo","publisher":{"@id":"https:\/\/www.sitsesp.org.br\/novo\/#organization"},"potentialAction":[{"@type":"SearchAction","target":{"@type":"EntryPoint","urlTemplate":"https:\/\/www.sitsesp.org.br\/novo\/?s={search_term_string}"},"query-input":"required name=search_term_string"}],"inLanguage":"pt-BR"},{"@type":"Organization","@id":"https:\/\/www.sitsesp.org.br\/novo\/#organization","name":"Sitsesp","url":"https:\/\/www.sitsesp.org.br\/novo\/","logo":{"@type":"ImageObject","inLanguage":"pt-BR","@id":"https:\/\/www.sitsesp.org.br\/novo\/#\/schema\/logo\/image\/","url":"https:\/\/www.sitsesp.org.br\/novo\/wp-content\/uploads\/2020\/09\/Design-sem-nome-1.jpg","contentUrl":"https:\/\/www.sitsesp.org.br\/novo\/wp-content\/uploads\/2020\/09\/Design-sem-nome-1.jpg","width":300,"height":300,"caption":"Sitsesp"},"image":{"@id":"https:\/\/www.sitsesp.org.br\/novo\/#\/schema\/logo\/image\/"}},{"@type":"Person","@id":"https:\/\/www.sitsesp.org.br\/novo\/#\/schema\/person\/28e42eec160f373e81d0183b3643edbf","name":"imprensa","image":{"@type":"ImageObject","inLanguage":"pt-BR","@id":"https:\/\/www.sitsesp.org.br\/novo\/#\/schema\/person\/image\/","url":"https:\/\/secure.gravatar.com\/avatar\/8d6ccd8d7d52b8959f34154e87d3fa29?s=96&d=mm&r=g","contentUrl":"https:\/\/secure.gravatar.com\/avatar\/8d6ccd8d7d52b8959f34154e87d3fa29?s=96&d=mm&r=g","caption":"imprensa"}}]}},"_links":{"self":[{"href":"https:\/\/www.sitsesp.org.br\/novo\/wp-json\/wp\/v2\/posts\/8133"}],"collection":[{"href":"https:\/\/www.sitsesp.org.br\/novo\/wp-json\/wp\/v2\/posts"}],"about":[{"href":"https:\/\/www.sitsesp.org.br\/novo\/wp-json\/wp\/v2\/types\/post"}],"author":[{"embeddable":true,"href":"https:\/\/www.sitsesp.org.br\/novo\/wp-json\/wp\/v2\/users\/5"}],"replies":[{"embeddable":true,"href":"https:\/\/www.sitsesp.org.br\/novo\/wp-json\/wp\/v2\/comments?post=8133"}],"version-history":[{"count":4,"href":"https:\/\/www.sitsesp.org.br\/novo\/wp-json\/wp\/v2\/posts\/8133\/revisions"}],"predecessor-version":[{"id":8138,"href":"https:\/\/www.sitsesp.org.br\/novo\/wp-json\/wp\/v2\/posts\/8133\/revisions\/8138"}],"wp:featuredmedia":[{"embeddable":true,"href":"https:\/\/www.sitsesp.org.br\/novo\/wp-json\/wp\/v2\/media\/8134"}],"wp:attachment":[{"href":"https:\/\/www.sitsesp.org.br\/novo\/wp-json\/wp\/v2\/media?parent=8133"}],"wp:term":[{"taxonomy":"category","embeddable":true,"href":"https:\/\/www.sitsesp.org.br\/novo\/wp-json\/wp\/v2\/categories?post=8133"},{"taxonomy":"post_tag","embeddable":true,"href":"https:\/\/www.sitsesp.org.br\/novo\/wp-json\/wp\/v2\/tags?post=8133"}],"curies":[{"name":"wp","href":"https:\/\/api.w.org\/{rel}","templated":true}]}}