{"id":8139,"date":"2022-02-23T11:20:09","date_gmt":"2022-02-23T14:20:09","guid":{"rendered":"https:\/\/sitsesp.org.br\/novo\/?p=8139"},"modified":"2022-02-23T11:20:09","modified_gmt":"2022-02-23T14:20:09","slug":"sitsesp-comecou-a-festa-da-fuga-das-algemas","status":"publish","type":"post","link":"https:\/\/www.sitsesp.org.br\/novo\/sitsesp-comecou-a-festa-da-fuga-das-algemas\/","title":{"rendered":"SITSESP &#8211; COME\u00c7OU A FESTA DA FUGA DAS ALGEMAS"},"content":{"rendered":"<p><!-- VideographyWP Plugin Message: Automatic video embedding prevented by plugin options. --><br \/>\nMais uma vez, estamos vendo que aqueles que ficam sentadinhos nos seus gabinetes de gravatinhas, no benef\u00edcio do ar condicionado e nunca prestaram servi\u00e7o no p\u00e1tio, naquele calor infernal do ver\u00e3o e no frio intenso do inverno, nunca sa\u00edram para fazer uma escolta ou acompanharem adolescentes em atividades externas, sejam elas quais forem, nunca acompanharam adolescentes (com uma vontade imensa de fugir na primeira oportunidade) em sa\u00eddas para CAPS, pronto socorro, hospitais, etc., n\u00e3o sabem nada de adolescentes &#8220;criminosos&#8221; ou em cumprimento de medidas socioeducativas como eles gostam de dizer.<\/p>\n<p>Mas essas mesmas pessoas t\u00eam uma habilidade incr\u00edvel de soltar portarias, comunicados e ordens de servi\u00e7o que sempre vem em benef\u00edcio do interno e em detrimento da seguran\u00e7a e sa\u00fade f\u00edsica do servidor de plant\u00e3o.<\/p>\n<p>Prova disso \u00e9 quando essas pessoas soltam um comunicado (002\/2022) que diz que o adolescente deve ser algemado com as m\u00e3os para frente (eles n\u00e3o pensaram que este procedimento pode acarretar num enforcamento do servidor) e que ele deve ter suas algemas retiradas ainda dentro da viatura (viatura n\u00e3o, van de transporte para adolescentes) para poder sair correndo em fuga, na primeira oportunidade de colocar os p\u00e9s na cal\u00e7ada.<\/p>\n<p>Informa\u00e7\u00f5es vindas de Bauru, obtidas por fonte fidedigna, nos informou que na segunda-feira (21), um adolescente do Centro CASA Nelson Mandela em Bauru, cometeu a infra\u00e7\u00e3o de FUGA sendo levado ao CAPS sem algemas com a anu\u00eancia do diretor do Centro, e at\u00e9 o momento este adolescente n\u00e3o foi recapturado.<\/p>\n<p>Mas, com certeza, a corregedoria de posse de comunicado assinado por gestores devidamente &#8220;credenciados&#8221; para soltar comunicados, n\u00e3o vai levar em conta isso, mas vai levar em conta a abertura de sindic\u00e2ncia contra os servidores que estavam respons\u00e1veis pela seguran\u00e7a deste adolescente e transformar em PAD (Processo Administrativo Disciplinar) que poder\u00e1 vir a culminar com demiss\u00e3o por justa causa, como j\u00e1 est\u00e1 acontecendo com a reabertura de centenas ou milhares de PAD no intuito de esvaziar o quadro funcional da institui\u00e7\u00e3o.<\/p>\n<p>Estamos sendo massacrados por esta gest\u00e3o que quer, de toda forma, desqualificar o trabalho dos servidores da Funda\u00e7\u00e3o CASA.<\/p>\n<p>O SITSESP est\u00e1 e estar\u00e1 acompanhando este fato.<\/p>\n","protected":false},"excerpt":{"rendered":"<p>Mais uma vez, estamos vendo que aqueles que ficam sentadinhos nos seus gabinetes de gravatinhas, no benef\u00edcio do ar condicionado e&hellip;<\/p>\n","protected":false},"author":5,"featured_media":8140,"comment_status":"open","ping_status":"open","sticky":false,"template":"","format":"standard","meta":{"cybocfi_hide_featured_image":"","footnotes":""},"categories":[27,22],"tags":[],"yoast_head":"<!-- This site is optimized with the Yoast SEO plugin v22.8 - https:\/\/yoast.com\/wordpress\/plugins\/seo\/ -->\n<title>SITSESP - COME\u00c7OU A FESTA DA FUGA DAS ALGEMAS - SITSESP<\/title>\n<meta name=\"robots\" content=\"index, follow, max-snippet:-1, max-image-preview:large, max-video-preview:-1\" \/>\n<link rel=\"canonical\" href=\"https:\/\/www.sitsesp.org.br\/novo\/sitsesp-comecou-a-festa-da-fuga-das-algemas\/\" \/>\n<meta property=\"og:locale\" content=\"pt_BR\" \/>\n<meta property=\"og:type\" content=\"article\" \/>\n<meta property=\"og:title\" content=\"SITSESP - COME\u00c7OU A FESTA DA FUGA DAS ALGEMAS - SITSESP\" \/>\n<meta property=\"og:description\" content=\"Mais uma vez, estamos vendo que aqueles que ficam sentadinhos nos seus gabinetes de gravatinhas, no benef\u00edcio do ar condicionado e&hellip;\" \/>\n<meta property=\"og:url\" content=\"https:\/\/www.sitsesp.org.br\/novo\/sitsesp-comecou-a-festa-da-fuga-das-algemas\/\" \/>\n<meta property=\"og:site_name\" content=\"SITSESP\" \/>\n<meta property=\"article:published_time\" content=\"2022-02-23T14:20:09+00:00\" \/>\n<meta property=\"og:image\" content=\"https:\/\/www.sitsesp.org.br\/novo\/wp-content\/uploads\/2022\/02\/casa.jpg\" \/>\n\t<meta property=\"og:image:width\" content=\"800\" \/>\n\t<meta property=\"og:image:height\" content=\"298\" \/>\n\t<meta property=\"og:image:type\" content=\"image\/jpeg\" \/>\n<meta name=\"author\" content=\"imprensa\" \/>\n<meta name=\"twitter:card\" content=\"summary_large_image\" \/>\n<meta name=\"twitter:label1\" content=\"Escrito por\" \/>\n\t<meta name=\"twitter:data1\" content=\"imprensa\" \/>\n\t<meta name=\"twitter:label2\" content=\"Est. tempo de leitura\" \/>\n\t<meta name=\"twitter:data2\" content=\"2 minutos\" \/>\n<script type=\"application\/ld+json\" class=\"yoast-schema-graph\">{\"@context\":\"https:\/\/schema.org\",\"@graph\":[{\"@type\":\"Article\",\"@id\":\"https:\/\/www.sitsesp.org.br\/novo\/sitsesp-comecou-a-festa-da-fuga-das-algemas\/#article\",\"isPartOf\":{\"@id\":\"https:\/\/www.sitsesp.org.br\/novo\/sitsesp-comecou-a-festa-da-fuga-das-algemas\/\"},\"author\":{\"name\":\"imprensa\",\"@id\":\"https:\/\/www.sitsesp.org.br\/novo\/#\/schema\/person\/28e42eec160f373e81d0183b3643edbf\"},\"headline\":\"SITSESP &#8211; COME\u00c7OU A FESTA DA FUGA DAS ALGEMAS\",\"datePublished\":\"2022-02-23T14:20:09+00:00\",\"dateModified\":\"2022-02-23T14:20:09+00:00\",\"mainEntityOfPage\":{\"@id\":\"https:\/\/www.sitsesp.org.br\/novo\/sitsesp-comecou-a-festa-da-fuga-das-algemas\/\"},\"wordCount\":391,\"commentCount\":0,\"publisher\":{\"@id\":\"https:\/\/www.sitsesp.org.br\/novo\/#organization\"},\"image\":{\"@id\":\"https:\/\/www.sitsesp.org.br\/novo\/sitsesp-comecou-a-festa-da-fuga-das-algemas\/#primaryimage\"},\"thumbnailUrl\":\"https:\/\/www.sitsesp.org.br\/novo\/wp-content\/uploads\/2022\/02\/casa.jpg\",\"articleSection\":[\"Destaque\",\"Noticias\"],\"inLanguage\":\"pt-BR\",\"potentialAction\":[{\"@type\":\"CommentAction\",\"name\":\"Comment\",\"target\":[\"https:\/\/www.sitsesp.org.br\/novo\/sitsesp-comecou-a-festa-da-fuga-das-algemas\/#respond\"]}]},{\"@type\":\"WebPage\",\"@id\":\"https:\/\/www.sitsesp.org.br\/novo\/sitsesp-comecou-a-festa-da-fuga-das-algemas\/\",\"url\":\"https:\/\/www.sitsesp.org.br\/novo\/sitsesp-comecou-a-festa-da-fuga-das-algemas\/\",\"name\":\"SITSESP - COME\u00c7OU A FESTA DA FUGA DAS ALGEMAS - SITSESP\",\"isPartOf\":{\"@id\":\"https:\/\/www.sitsesp.org.br\/novo\/#website\"},\"primaryImageOfPage\":{\"@id\":\"https:\/\/www.sitsesp.org.br\/novo\/sitsesp-comecou-a-festa-da-fuga-das-algemas\/#primaryimage\"},\"image\":{\"@id\":\"https:\/\/www.sitsesp.org.br\/novo\/sitsesp-comecou-a-festa-da-fuga-das-algemas\/#primaryimage\"},\"thumbnailUrl\":\"https:\/\/www.sitsesp.org.br\/novo\/wp-content\/uploads\/2022\/02\/casa.jpg\",\"datePublished\":\"2022-02-23T14:20:09+00:00\",\"dateModified\":\"2022-02-23T14:20:09+00:00\",\"breadcrumb\":{\"@id\":\"https:\/\/www.sitsesp.org.br\/novo\/sitsesp-comecou-a-festa-da-fuga-das-algemas\/#breadcrumb\"},\"inLanguage\":\"pt-BR\",\"potentialAction\":[{\"@type\":\"ReadAction\",\"target\":[\"https:\/\/www.sitsesp.org.br\/novo\/sitsesp-comecou-a-festa-da-fuga-das-algemas\/\"]}]},{\"@type\":\"ImageObject\",\"inLanguage\":\"pt-BR\",\"@id\":\"https:\/\/www.sitsesp.org.br\/novo\/sitsesp-comecou-a-festa-da-fuga-das-algemas\/#primaryimage\",\"url\":\"https:\/\/www.sitsesp.org.br\/novo\/wp-content\/uploads\/2022\/02\/casa.jpg\",\"contentUrl\":\"https:\/\/www.sitsesp.org.br\/novo\/wp-content\/uploads\/2022\/02\/casa.jpg\",\"width\":800,\"height\":298},{\"@type\":\"BreadcrumbList\",\"@id\":\"https:\/\/www.sitsesp.org.br\/novo\/sitsesp-comecou-a-festa-da-fuga-das-algemas\/#breadcrumb\",\"itemListElement\":[{\"@type\":\"ListItem\",\"position\":1,\"name\":\"In\u00edcio\",\"item\":\"https:\/\/www.sitsesp.org.br\/novo\/\"},{\"@type\":\"ListItem\",\"position\":2,\"name\":\"SITSESP &#8211; COME\u00c7OU A FESTA DA FUGA DAS ALGEMAS\"}]},{\"@type\":\"WebSite\",\"@id\":\"https:\/\/www.sitsesp.org.br\/novo\/#website\",\"url\":\"https:\/\/www.sitsesp.org.br\/novo\/\",\"name\":\"Sitsesp\",\"description\":\"SIndicato da Socioeduca\u00e7\u00e3o do Estado de S\u00e3o Paulo\",\"publisher\":{\"@id\":\"https:\/\/www.sitsesp.org.br\/novo\/#organization\"},\"potentialAction\":[{\"@type\":\"SearchAction\",\"target\":{\"@type\":\"EntryPoint\",\"urlTemplate\":\"https:\/\/www.sitsesp.org.br\/novo\/?s={search_term_string}\"},\"query-input\":\"required name=search_term_string\"}],\"inLanguage\":\"pt-BR\"},{\"@type\":\"Organization\",\"@id\":\"https:\/\/www.sitsesp.org.br\/novo\/#organization\",\"name\":\"Sitsesp\",\"url\":\"https:\/\/www.sitsesp.org.br\/novo\/\",\"logo\":{\"@type\":\"ImageObject\",\"inLanguage\":\"pt-BR\",\"@id\":\"https:\/\/www.sitsesp.org.br\/novo\/#\/schema\/logo\/image\/\",\"url\":\"https:\/\/www.sitsesp.org.br\/novo\/wp-content\/uploads\/2020\/09\/Design-sem-nome-1.jpg\",\"contentUrl\":\"https:\/\/www.sitsesp.org.br\/novo\/wp-content\/uploads\/2020\/09\/Design-sem-nome-1.jpg\",\"width\":300,\"height\":300,\"caption\":\"Sitsesp\"},\"image\":{\"@id\":\"https:\/\/www.sitsesp.org.br\/novo\/#\/schema\/logo\/image\/\"}},{\"@type\":\"Person\",\"@id\":\"https:\/\/www.sitsesp.org.br\/novo\/#\/schema\/person\/28e42eec160f373e81d0183b3643edbf\",\"name\":\"imprensa\",\"image\":{\"@type\":\"ImageObject\",\"inLanguage\":\"pt-BR\",\"@id\":\"https:\/\/www.sitsesp.org.br\/novo\/#\/schema\/person\/image\/\",\"url\":\"https:\/\/secure.gravatar.com\/avatar\/8d6ccd8d7d52b8959f34154e87d3fa29?s=96&d=mm&r=g\",\"contentUrl\":\"https:\/\/secure.gravatar.com\/avatar\/8d6ccd8d7d52b8959f34154e87d3fa29?s=96&d=mm&r=g\",\"caption\":\"imprensa\"}}]}<\/script>\n<!-- \/ Yoast SEO plugin. -->","yoast_head_json":{"title":"SITSESP - COME\u00c7OU A FESTA DA FUGA DAS ALGEMAS - SITSESP","robots":{"index":"index","follow":"follow","max-snippet":"max-snippet:-1","max-image-preview":"max-image-preview:large","max-video-preview":"max-video-preview:-1"},"canonical":"https:\/\/www.sitsesp.org.br\/novo\/sitsesp-comecou-a-festa-da-fuga-das-algemas\/","og_locale":"pt_BR","og_type":"article","og_title":"SITSESP - COME\u00c7OU A FESTA DA FUGA DAS ALGEMAS - SITSESP","og_description":"Mais uma vez, estamos vendo que aqueles que ficam sentadinhos nos seus gabinetes de gravatinhas, no benef\u00edcio do ar condicionado e&hellip;","og_url":"https:\/\/www.sitsesp.org.br\/novo\/sitsesp-comecou-a-festa-da-fuga-das-algemas\/","og_site_name":"SITSESP","article_published_time":"2022-02-23T14:20:09+00:00","og_image":[{"width":800,"height":298,"url":"https:\/\/www.sitsesp.org.br\/novo\/wp-content\/uploads\/2022\/02\/casa.jpg","type":"image\/jpeg"}],"author":"imprensa","twitter_card":"summary_large_image","twitter_misc":{"Escrito por":"imprensa","Est. tempo de leitura":"2 minutos"},"schema":{"@context":"https:\/\/schema.org","@graph":[{"@type":"Article","@id":"https:\/\/www.sitsesp.org.br\/novo\/sitsesp-comecou-a-festa-da-fuga-das-algemas\/#article","isPartOf":{"@id":"https:\/\/www.sitsesp.org.br\/novo\/sitsesp-comecou-a-festa-da-fuga-das-algemas\/"},"author":{"name":"imprensa","@id":"https:\/\/www.sitsesp.org.br\/novo\/#\/schema\/person\/28e42eec160f373e81d0183b3643edbf"},"headline":"SITSESP &#8211; COME\u00c7OU A FESTA DA FUGA DAS ALGEMAS","datePublished":"2022-02-23T14:20:09+00:00","dateModified":"2022-02-23T14:20:09+00:00","mainEntityOfPage":{"@id":"https:\/\/www.sitsesp.org.br\/novo\/sitsesp-comecou-a-festa-da-fuga-das-algemas\/"},"wordCount":391,"commentCount":0,"publisher":{"@id":"https:\/\/www.sitsesp.org.br\/novo\/#organization"},"image":{"@id":"https:\/\/www.sitsesp.org.br\/novo\/sitsesp-comecou-a-festa-da-fuga-das-algemas\/#primaryimage"},"thumbnailUrl":"https:\/\/www.sitsesp.org.br\/novo\/wp-content\/uploads\/2022\/02\/casa.jpg","articleSection":["Destaque","Noticias"],"inLanguage":"pt-BR","potentialAction":[{"@type":"CommentAction","name":"Comment","target":["https:\/\/www.sitsesp.org.br\/novo\/sitsesp-comecou-a-festa-da-fuga-das-algemas\/#respond"]}]},{"@type":"WebPage","@id":"https:\/\/www.sitsesp.org.br\/novo\/sitsesp-comecou-a-festa-da-fuga-das-algemas\/","url":"https:\/\/www.sitsesp.org.br\/novo\/sitsesp-comecou-a-festa-da-fuga-das-algemas\/","name":"SITSESP - COME\u00c7OU A FESTA DA FUGA DAS ALGEMAS - SITSESP","isPartOf":{"@id":"https:\/\/www.sitsesp.org.br\/novo\/#website"},"primaryImageOfPage":{"@id":"https:\/\/www.sitsesp.org.br\/novo\/sitsesp-comecou-a-festa-da-fuga-das-algemas\/#primaryimage"},"image":{"@id":"https:\/\/www.sitsesp.org.br\/novo\/sitsesp-comecou-a-festa-da-fuga-das-algemas\/#primaryimage"},"thumbnailUrl":"https:\/\/www.sitsesp.org.br\/novo\/wp-content\/uploads\/2022\/02\/casa.jpg","datePublished":"2022-02-23T14:20:09+00:00","dateModified":"2022-02-23T14:20:09+00:00","breadcrumb":{"@id":"https:\/\/www.sitsesp.org.br\/novo\/sitsesp-comecou-a-festa-da-fuga-das-algemas\/#breadcrumb"},"inLanguage":"pt-BR","potentialAction":[{"@type":"ReadAction","target":["https:\/\/www.sitsesp.org.br\/novo\/sitsesp-comecou-a-festa-da-fuga-das-algemas\/"]}]},{"@type":"ImageObject","inLanguage":"pt-BR","@id":"https:\/\/www.sitsesp.org.br\/novo\/sitsesp-comecou-a-festa-da-fuga-das-algemas\/#primaryimage","url":"https:\/\/www.sitsesp.org.br\/novo\/wp-content\/uploads\/2022\/02\/casa.jpg","contentUrl":"https:\/\/www.sitsesp.org.br\/novo\/wp-content\/uploads\/2022\/02\/casa.jpg","width":800,"height":298},{"@type":"BreadcrumbList","@id":"https:\/\/www.sitsesp.org.br\/novo\/sitsesp-comecou-a-festa-da-fuga-das-algemas\/#breadcrumb","itemListElement":[{"@type":"ListItem","position":1,"name":"In\u00edcio","item":"https:\/\/www.sitsesp.org.br\/novo\/"},{"@type":"ListItem","position":2,"name":"SITSESP &#8211; COME\u00c7OU A FESTA DA FUGA DAS ALGEMAS"}]},{"@type":"WebSite","@id":"https:\/\/www.sitsesp.org.br\/novo\/#website","url":"https:\/\/www.sitsesp.org.br\/novo\/","name":"Sitsesp","description":"SIndicato da Socioeduca\u00e7\u00e3o do Estado de S\u00e3o Paulo","publisher":{"@id":"https:\/\/www.sitsesp.org.br\/novo\/#organization"},"potentialAction":[{"@type":"SearchAction","target":{"@type":"EntryPoint","urlTemplate":"https:\/\/www.sitsesp.org.br\/novo\/?s={search_term_string}"},"query-input":"required name=search_term_string"}],"inLanguage":"pt-BR"},{"@type":"Organization","@id":"https:\/\/www.sitsesp.org.br\/novo\/#organization","name":"Sitsesp","url":"https:\/\/www.sitsesp.org.br\/novo\/","logo":{"@type":"ImageObject","inLanguage":"pt-BR","@id":"https:\/\/www.sitsesp.org.br\/novo\/#\/schema\/logo\/image\/","url":"https:\/\/www.sitsesp.org.br\/novo\/wp-content\/uploads\/2020\/09\/Design-sem-nome-1.jpg","contentUrl":"https:\/\/www.sitsesp.org.br\/novo\/wp-content\/uploads\/2020\/09\/Design-sem-nome-1.jpg","width":300,"height":300,"caption":"Sitsesp"},"image":{"@id":"https:\/\/www.sitsesp.org.br\/novo\/#\/schema\/logo\/image\/"}},{"@type":"Person","@id":"https:\/\/www.sitsesp.org.br\/novo\/#\/schema\/person\/28e42eec160f373e81d0183b3643edbf","name":"imprensa","image":{"@type":"ImageObject","inLanguage":"pt-BR","@id":"https:\/\/www.sitsesp.org.br\/novo\/#\/schema\/person\/image\/","url":"https:\/\/secure.gravatar.com\/avatar\/8d6ccd8d7d52b8959f34154e87d3fa29?s=96&d=mm&r=g","contentUrl":"https:\/\/secure.gravatar.com\/avatar\/8d6ccd8d7d52b8959f34154e87d3fa29?s=96&d=mm&r=g","caption":"imprensa"}}]}},"_links":{"self":[{"href":"https:\/\/www.sitsesp.org.br\/novo\/wp-json\/wp\/v2\/posts\/8139"}],"collection":[{"href":"https:\/\/www.sitsesp.org.br\/novo\/wp-json\/wp\/v2\/posts"}],"about":[{"href":"https:\/\/www.sitsesp.org.br\/novo\/wp-json\/wp\/v2\/types\/post"}],"author":[{"embeddable":true,"href":"https:\/\/www.sitsesp.org.br\/novo\/wp-json\/wp\/v2\/users\/5"}],"replies":[{"embeddable":true,"href":"https:\/\/www.sitsesp.org.br\/novo\/wp-json\/wp\/v2\/comments?post=8139"}],"version-history":[{"count":1,"href":"https:\/\/www.sitsesp.org.br\/novo\/wp-json\/wp\/v2\/posts\/8139\/revisions"}],"predecessor-version":[{"id":8141,"href":"https:\/\/www.sitsesp.org.br\/novo\/wp-json\/wp\/v2\/posts\/8139\/revisions\/8141"}],"wp:featuredmedia":[{"embeddable":true,"href":"https:\/\/www.sitsesp.org.br\/novo\/wp-json\/wp\/v2\/media\/8140"}],"wp:attachment":[{"href":"https:\/\/www.sitsesp.org.br\/novo\/wp-json\/wp\/v2\/media?parent=8139"}],"wp:term":[{"taxonomy":"category","embeddable":true,"href":"https:\/\/www.sitsesp.org.br\/novo\/wp-json\/wp\/v2\/categories?post=8139"},{"taxonomy":"post_tag","embeddable":true,"href":"https:\/\/www.sitsesp.org.br\/novo\/wp-json\/wp\/v2\/tags?post=8139"}],"curies":[{"name":"wp","href":"https:\/\/api.w.org\/{rel}","templated":true}]}}