{"id":8161,"date":"2022-02-24T18:48:35","date_gmt":"2022-02-24T21:48:35","guid":{"rendered":"https:\/\/sitsesp.org.br\/novo\/?p=8161"},"modified":"2022-02-25T07:48:57","modified_gmt":"2022-02-25T10:48:57","slug":"sitsesp-nao-e-materia-repetida-a-farra-das-algemas-continua","status":"publish","type":"post","link":"https:\/\/www.sitsesp.org.br\/novo\/sitsesp-nao-e-materia-repetida-a-farra-das-algemas-continua\/","title":{"rendered":"SITSESP &#8211; N\u00c3O \u00c9 MAT\u00c9RIA REPETIDA, A FARRA DAS ALGEMAS CONTINUA"},"content":{"rendered":"<p><!-- VideographyWP Plugin Message: Automatic video embedding prevented by plugin options. --><br \/>\nHoje 24\/02, por volta de 11:00hs, dois adolescentes estavam sendo conduzidos do Centro CASA Terra Nova em Itaquaquecetuba para o Centro CASA em S\u00e3o Jos\u00e9 dos Campos para tratamento odontol\u00f3gico, ao retornar para o Centro de origem pela rodovia Ayrton Senna, ao lado de uma mata, os adolescentes estavam com as algemas colocadas com as m\u00e3os para frente, um deles enforcou um dos servidores que fazia a escolta e o amea\u00e7ou com o aux\u00edlio da algema, pedindo para abrir a porta do ve\u00edculo condutor, e empreenderam fuga mata a dentro.<\/p>\n<p>Os dois adolescentes fugiram algemados.<\/p>\n<p>O servidor sofreu ferimentos no pesco\u00e7o e nas m\u00e3os.<\/p>\n<p>Estavam no acompanhamento dos adolescentes o motorista, e os dois agentes, sendo um, do sexo feminino.<\/p>\n<p>Ontem mesmo a imprensa do SITSESP, publicou uma mat\u00e9ria com a chamada &#8220;COME\u00c7OU A FESTA DAS FUGAS DAS ALGEMAS&#8221; em refer\u00eancia a um adolescente que fugiu quando era levado sem algemas do Centro CASA Nelson Mandela em Bauru, para consulta no CAPS daquela cidade e na pr\u00f3pria mat\u00e9ria, chamamos a aten\u00e7\u00e3o que isso poderia acontecer, e aconteceu.<\/p>\n<p>Hoje estamos divulgando esta fuga de dois adolescentes algemados que fizeram v\u00edtima mais um servidor no cumprimento do seu trabalho.<\/p>\n<p>Com certeza estaremos divulgando muitas mat\u00e9rias de fugas de adolescentes enquanto n\u00e3o revogarem o comunicado SUPSEG n\u00b0 002\/2022.<\/p>\n<p>Segundo informa\u00e7\u00f5es oficiais at\u00e9 o momento do fechamento dessa mat\u00e9ria, os adolescentes n\u00e3o foram localizados.<\/p>\n<p>E, com certeza, a corregedoria da Funda\u00e7\u00e3o CASA vai abrir sindic\u00e2ncia e sancionar os servidores com o pagamento das algemas ou coisa pior, pois \u00e9 sempre assim que a hist\u00f3ria termina dentro da Funda\u00e7\u00e3o CASA e sua corregedoria.<\/p>\n<p>Os diretores Aline e Gerson do SITSESP est\u00e3o averiguando os fatos no Centro CASA Terra Nova de Itaquaquecetuba.<\/p>\n<p><img fetchpriority=\"high\" decoding=\"async\" class=\"alignnone size-medium wp-image-8164\" src=\"https:\/\/sitsesp.org.br\/novo\/wp-content\/uploads\/2022\/02\/WhatsApp-Image-2022-02-24-at-20.44.10-300x225.jpeg\" alt=\"\" width=\"300\" height=\"225\" srcset=\"https:\/\/www.sitsesp.org.br\/novo\/wp-content\/uploads\/2022\/02\/WhatsApp-Image-2022-02-24-at-20.44.10-300x225.jpeg 300w, https:\/\/www.sitsesp.org.br\/novo\/wp-content\/uploads\/2022\/02\/WhatsApp-Image-2022-02-24-at-20.44.10-768x576.jpeg 768w, https:\/\/www.sitsesp.org.br\/novo\/wp-content\/uploads\/2022\/02\/WhatsApp-Image-2022-02-24-at-20.44.10-585x439.jpeg 585w, https:\/\/www.sitsesp.org.br\/novo\/wp-content\/uploads\/2022\/02\/WhatsApp-Image-2022-02-24-at-20.44.10.jpeg 800w\" sizes=\"(max-width: 300px) 100vw, 300px\" \/><\/p>\n","protected":false},"excerpt":{"rendered":"<p>Hoje 24\/02, por volta de 11:00hs, dois adolescentes estavam sendo conduzidos do Centro CASA Terra Nova em Itaquaquecetuba para o Centro&hellip;<\/p>\n","protected":false},"author":5,"featured_media":8168,"comment_status":"open","ping_status":"open","sticky":false,"template":"","format":"standard","meta":{"cybocfi_hide_featured_image":"","footnotes":""},"categories":[27,22],"tags":[],"yoast_head":"<!-- This site is optimized with the Yoast SEO plugin v22.8 - https:\/\/yoast.com\/wordpress\/plugins\/seo\/ -->\n<title>SITSESP - N\u00c3O \u00c9 MAT\u00c9RIA REPETIDA, A FARRA DAS ALGEMAS CONTINUA - SITSESP<\/title>\n<meta name=\"robots\" content=\"index, follow, max-snippet:-1, max-image-preview:large, max-video-preview:-1\" \/>\n<link rel=\"canonical\" href=\"https:\/\/www.sitsesp.org.br\/novo\/sitsesp-nao-e-materia-repetida-a-farra-das-algemas-continua\/\" \/>\n<meta property=\"og:locale\" content=\"pt_BR\" \/>\n<meta property=\"og:type\" content=\"article\" \/>\n<meta property=\"og:title\" content=\"SITSESP - N\u00c3O \u00c9 MAT\u00c9RIA REPETIDA, A FARRA DAS ALGEMAS CONTINUA - SITSESP\" \/>\n<meta property=\"og:description\" content=\"Hoje 24\/02, por volta de 11:00hs, dois adolescentes estavam sendo conduzidos do Centro CASA Terra Nova em Itaquaquecetuba para o Centro&hellip;\" \/>\n<meta property=\"og:url\" content=\"https:\/\/www.sitsesp.org.br\/novo\/sitsesp-nao-e-materia-repetida-a-farra-das-algemas-continua\/\" \/>\n<meta property=\"og:site_name\" content=\"SITSESP\" \/>\n<meta property=\"article:published_time\" content=\"2022-02-24T21:48:35+00:00\" \/>\n<meta property=\"article:modified_time\" content=\"2022-02-25T10:48:57+00:00\" \/>\n<meta property=\"og:image\" content=\"https:\/\/www.sitsesp.org.br\/novo\/wp-content\/uploads\/2022\/02\/2402-1.jpg\" \/>\n\t<meta property=\"og:image:width\" content=\"800\" \/>\n\t<meta property=\"og:image:height\" content=\"800\" \/>\n\t<meta property=\"og:image:type\" content=\"image\/jpeg\" \/>\n<meta name=\"author\" content=\"imprensa\" \/>\n<meta name=\"twitter:card\" content=\"summary_large_image\" \/>\n<meta name=\"twitter:label1\" content=\"Escrito por\" \/>\n\t<meta name=\"twitter:data1\" content=\"imprensa\" \/>\n\t<meta name=\"twitter:label2\" content=\"Est. tempo de leitura\" \/>\n\t<meta name=\"twitter:data2\" content=\"2 minutos\" \/>\n<script type=\"application\/ld+json\" class=\"yoast-schema-graph\">{\"@context\":\"https:\/\/schema.org\",\"@graph\":[{\"@type\":\"Article\",\"@id\":\"https:\/\/www.sitsesp.org.br\/novo\/sitsesp-nao-e-materia-repetida-a-farra-das-algemas-continua\/#article\",\"isPartOf\":{\"@id\":\"https:\/\/www.sitsesp.org.br\/novo\/sitsesp-nao-e-materia-repetida-a-farra-das-algemas-continua\/\"},\"author\":{\"name\":\"imprensa\",\"@id\":\"https:\/\/www.sitsesp.org.br\/novo\/#\/schema\/person\/28e42eec160f373e81d0183b3643edbf\"},\"headline\":\"SITSESP &#8211; N\u00c3O \u00c9 MAT\u00c9RIA REPETIDA, A FARRA DAS ALGEMAS CONTINUA\",\"datePublished\":\"2022-02-24T21:48:35+00:00\",\"dateModified\":\"2022-02-25T10:48:57+00:00\",\"mainEntityOfPage\":{\"@id\":\"https:\/\/www.sitsesp.org.br\/novo\/sitsesp-nao-e-materia-repetida-a-farra-das-algemas-continua\/\"},\"wordCount\":320,\"commentCount\":0,\"publisher\":{\"@id\":\"https:\/\/www.sitsesp.org.br\/novo\/#organization\"},\"image\":{\"@id\":\"https:\/\/www.sitsesp.org.br\/novo\/sitsesp-nao-e-materia-repetida-a-farra-das-algemas-continua\/#primaryimage\"},\"thumbnailUrl\":\"https:\/\/www.sitsesp.org.br\/novo\/wp-content\/uploads\/2022\/02\/2402-1.jpg\",\"articleSection\":[\"Destaque\",\"Noticias\"],\"inLanguage\":\"pt-BR\",\"potentialAction\":[{\"@type\":\"CommentAction\",\"name\":\"Comment\",\"target\":[\"https:\/\/www.sitsesp.org.br\/novo\/sitsesp-nao-e-materia-repetida-a-farra-das-algemas-continua\/#respond\"]}]},{\"@type\":\"WebPage\",\"@id\":\"https:\/\/www.sitsesp.org.br\/novo\/sitsesp-nao-e-materia-repetida-a-farra-das-algemas-continua\/\",\"url\":\"https:\/\/www.sitsesp.org.br\/novo\/sitsesp-nao-e-materia-repetida-a-farra-das-algemas-continua\/\",\"name\":\"SITSESP - N\u00c3O \u00c9 MAT\u00c9RIA REPETIDA, A FARRA DAS ALGEMAS CONTINUA - SITSESP\",\"isPartOf\":{\"@id\":\"https:\/\/www.sitsesp.org.br\/novo\/#website\"},\"primaryImageOfPage\":{\"@id\":\"https:\/\/www.sitsesp.org.br\/novo\/sitsesp-nao-e-materia-repetida-a-farra-das-algemas-continua\/#primaryimage\"},\"image\":{\"@id\":\"https:\/\/www.sitsesp.org.br\/novo\/sitsesp-nao-e-materia-repetida-a-farra-das-algemas-continua\/#primaryimage\"},\"thumbnailUrl\":\"https:\/\/www.sitsesp.org.br\/novo\/wp-content\/uploads\/2022\/02\/2402-1.jpg\",\"datePublished\":\"2022-02-24T21:48:35+00:00\",\"dateModified\":\"2022-02-25T10:48:57+00:00\",\"breadcrumb\":{\"@id\":\"https:\/\/www.sitsesp.org.br\/novo\/sitsesp-nao-e-materia-repetida-a-farra-das-algemas-continua\/#breadcrumb\"},\"inLanguage\":\"pt-BR\",\"potentialAction\":[{\"@type\":\"ReadAction\",\"target\":[\"https:\/\/www.sitsesp.org.br\/novo\/sitsesp-nao-e-materia-repetida-a-farra-das-algemas-continua\/\"]}]},{\"@type\":\"ImageObject\",\"inLanguage\":\"pt-BR\",\"@id\":\"https:\/\/www.sitsesp.org.br\/novo\/sitsesp-nao-e-materia-repetida-a-farra-das-algemas-continua\/#primaryimage\",\"url\":\"https:\/\/www.sitsesp.org.br\/novo\/wp-content\/uploads\/2022\/02\/2402-1.jpg\",\"contentUrl\":\"https:\/\/www.sitsesp.org.br\/novo\/wp-content\/uploads\/2022\/02\/2402-1.jpg\",\"width\":800,\"height\":800},{\"@type\":\"BreadcrumbList\",\"@id\":\"https:\/\/www.sitsesp.org.br\/novo\/sitsesp-nao-e-materia-repetida-a-farra-das-algemas-continua\/#breadcrumb\",\"itemListElement\":[{\"@type\":\"ListItem\",\"position\":1,\"name\":\"In\u00edcio\",\"item\":\"https:\/\/www.sitsesp.org.br\/novo\/\"},{\"@type\":\"ListItem\",\"position\":2,\"name\":\"SITSESP &#8211; N\u00c3O \u00c9 MAT\u00c9RIA REPETIDA, A FARRA DAS ALGEMAS CONTINUA\"}]},{\"@type\":\"WebSite\",\"@id\":\"https:\/\/www.sitsesp.org.br\/novo\/#website\",\"url\":\"https:\/\/www.sitsesp.org.br\/novo\/\",\"name\":\"Sitsesp\",\"description\":\"SIndicato da Socioeduca\u00e7\u00e3o do Estado de S\u00e3o Paulo\",\"publisher\":{\"@id\":\"https:\/\/www.sitsesp.org.br\/novo\/#organization\"},\"potentialAction\":[{\"@type\":\"SearchAction\",\"target\":{\"@type\":\"EntryPoint\",\"urlTemplate\":\"https:\/\/www.sitsesp.org.br\/novo\/?s={search_term_string}\"},\"query-input\":\"required name=search_term_string\"}],\"inLanguage\":\"pt-BR\"},{\"@type\":\"Organization\",\"@id\":\"https:\/\/www.sitsesp.org.br\/novo\/#organization\",\"name\":\"Sitsesp\",\"url\":\"https:\/\/www.sitsesp.org.br\/novo\/\",\"logo\":{\"@type\":\"ImageObject\",\"inLanguage\":\"pt-BR\",\"@id\":\"https:\/\/www.sitsesp.org.br\/novo\/#\/schema\/logo\/image\/\",\"url\":\"https:\/\/www.sitsesp.org.br\/novo\/wp-content\/uploads\/2020\/09\/Design-sem-nome-1.jpg\",\"contentUrl\":\"https:\/\/www.sitsesp.org.br\/novo\/wp-content\/uploads\/2020\/09\/Design-sem-nome-1.jpg\",\"width\":300,\"height\":300,\"caption\":\"Sitsesp\"},\"image\":{\"@id\":\"https:\/\/www.sitsesp.org.br\/novo\/#\/schema\/logo\/image\/\"}},{\"@type\":\"Person\",\"@id\":\"https:\/\/www.sitsesp.org.br\/novo\/#\/schema\/person\/28e42eec160f373e81d0183b3643edbf\",\"name\":\"imprensa\",\"image\":{\"@type\":\"ImageObject\",\"inLanguage\":\"pt-BR\",\"@id\":\"https:\/\/www.sitsesp.org.br\/novo\/#\/schema\/person\/image\/\",\"url\":\"https:\/\/secure.gravatar.com\/avatar\/8d6ccd8d7d52b8959f34154e87d3fa29?s=96&d=mm&r=g\",\"contentUrl\":\"https:\/\/secure.gravatar.com\/avatar\/8d6ccd8d7d52b8959f34154e87d3fa29?s=96&d=mm&r=g\",\"caption\":\"imprensa\"}}]}<\/script>\n<!-- \/ Yoast SEO plugin. -->","yoast_head_json":{"title":"SITSESP - N\u00c3O \u00c9 MAT\u00c9RIA REPETIDA, A FARRA DAS ALGEMAS CONTINUA - SITSESP","robots":{"index":"index","follow":"follow","max-snippet":"max-snippet:-1","max-image-preview":"max-image-preview:large","max-video-preview":"max-video-preview:-1"},"canonical":"https:\/\/www.sitsesp.org.br\/novo\/sitsesp-nao-e-materia-repetida-a-farra-das-algemas-continua\/","og_locale":"pt_BR","og_type":"article","og_title":"SITSESP - N\u00c3O \u00c9 MAT\u00c9RIA REPETIDA, A FARRA DAS ALGEMAS CONTINUA - SITSESP","og_description":"Hoje 24\/02, por volta de 11:00hs, dois adolescentes estavam sendo conduzidos do Centro CASA Terra Nova em Itaquaquecetuba para o Centro&hellip;","og_url":"https:\/\/www.sitsesp.org.br\/novo\/sitsesp-nao-e-materia-repetida-a-farra-das-algemas-continua\/","og_site_name":"SITSESP","article_published_time":"2022-02-24T21:48:35+00:00","article_modified_time":"2022-02-25T10:48:57+00:00","og_image":[{"width":800,"height":800,"url":"https:\/\/www.sitsesp.org.br\/novo\/wp-content\/uploads\/2022\/02\/2402-1.jpg","type":"image\/jpeg"}],"author":"imprensa","twitter_card":"summary_large_image","twitter_misc":{"Escrito por":"imprensa","Est. tempo de leitura":"2 minutos"},"schema":{"@context":"https:\/\/schema.org","@graph":[{"@type":"Article","@id":"https:\/\/www.sitsesp.org.br\/novo\/sitsesp-nao-e-materia-repetida-a-farra-das-algemas-continua\/#article","isPartOf":{"@id":"https:\/\/www.sitsesp.org.br\/novo\/sitsesp-nao-e-materia-repetida-a-farra-das-algemas-continua\/"},"author":{"name":"imprensa","@id":"https:\/\/www.sitsesp.org.br\/novo\/#\/schema\/person\/28e42eec160f373e81d0183b3643edbf"},"headline":"SITSESP &#8211; N\u00c3O \u00c9 MAT\u00c9RIA REPETIDA, A FARRA DAS ALGEMAS CONTINUA","datePublished":"2022-02-24T21:48:35+00:00","dateModified":"2022-02-25T10:48:57+00:00","mainEntityOfPage":{"@id":"https:\/\/www.sitsesp.org.br\/novo\/sitsesp-nao-e-materia-repetida-a-farra-das-algemas-continua\/"},"wordCount":320,"commentCount":0,"publisher":{"@id":"https:\/\/www.sitsesp.org.br\/novo\/#organization"},"image":{"@id":"https:\/\/www.sitsesp.org.br\/novo\/sitsesp-nao-e-materia-repetida-a-farra-das-algemas-continua\/#primaryimage"},"thumbnailUrl":"https:\/\/www.sitsesp.org.br\/novo\/wp-content\/uploads\/2022\/02\/2402-1.jpg","articleSection":["Destaque","Noticias"],"inLanguage":"pt-BR","potentialAction":[{"@type":"CommentAction","name":"Comment","target":["https:\/\/www.sitsesp.org.br\/novo\/sitsesp-nao-e-materia-repetida-a-farra-das-algemas-continua\/#respond"]}]},{"@type":"WebPage","@id":"https:\/\/www.sitsesp.org.br\/novo\/sitsesp-nao-e-materia-repetida-a-farra-das-algemas-continua\/","url":"https:\/\/www.sitsesp.org.br\/novo\/sitsesp-nao-e-materia-repetida-a-farra-das-algemas-continua\/","name":"SITSESP - N\u00c3O \u00c9 MAT\u00c9RIA REPETIDA, A FARRA DAS ALGEMAS CONTINUA - SITSESP","isPartOf":{"@id":"https:\/\/www.sitsesp.org.br\/novo\/#website"},"primaryImageOfPage":{"@id":"https:\/\/www.sitsesp.org.br\/novo\/sitsesp-nao-e-materia-repetida-a-farra-das-algemas-continua\/#primaryimage"},"image":{"@id":"https:\/\/www.sitsesp.org.br\/novo\/sitsesp-nao-e-materia-repetida-a-farra-das-algemas-continua\/#primaryimage"},"thumbnailUrl":"https:\/\/www.sitsesp.org.br\/novo\/wp-content\/uploads\/2022\/02\/2402-1.jpg","datePublished":"2022-02-24T21:48:35+00:00","dateModified":"2022-02-25T10:48:57+00:00","breadcrumb":{"@id":"https:\/\/www.sitsesp.org.br\/novo\/sitsesp-nao-e-materia-repetida-a-farra-das-algemas-continua\/#breadcrumb"},"inLanguage":"pt-BR","potentialAction":[{"@type":"ReadAction","target":["https:\/\/www.sitsesp.org.br\/novo\/sitsesp-nao-e-materia-repetida-a-farra-das-algemas-continua\/"]}]},{"@type":"ImageObject","inLanguage":"pt-BR","@id":"https:\/\/www.sitsesp.org.br\/novo\/sitsesp-nao-e-materia-repetida-a-farra-das-algemas-continua\/#primaryimage","url":"https:\/\/www.sitsesp.org.br\/novo\/wp-content\/uploads\/2022\/02\/2402-1.jpg","contentUrl":"https:\/\/www.sitsesp.org.br\/novo\/wp-content\/uploads\/2022\/02\/2402-1.jpg","width":800,"height":800},{"@type":"BreadcrumbList","@id":"https:\/\/www.sitsesp.org.br\/novo\/sitsesp-nao-e-materia-repetida-a-farra-das-algemas-continua\/#breadcrumb","itemListElement":[{"@type":"ListItem","position":1,"name":"In\u00edcio","item":"https:\/\/www.sitsesp.org.br\/novo\/"},{"@type":"ListItem","position":2,"name":"SITSESP &#8211; N\u00c3O \u00c9 MAT\u00c9RIA REPETIDA, A FARRA DAS ALGEMAS CONTINUA"}]},{"@type":"WebSite","@id":"https:\/\/www.sitsesp.org.br\/novo\/#website","url":"https:\/\/www.sitsesp.org.br\/novo\/","name":"Sitsesp","description":"SIndicato da Socioeduca\u00e7\u00e3o do Estado de S\u00e3o Paulo","publisher":{"@id":"https:\/\/www.sitsesp.org.br\/novo\/#organization"},"potentialAction":[{"@type":"SearchAction","target":{"@type":"EntryPoint","urlTemplate":"https:\/\/www.sitsesp.org.br\/novo\/?s={search_term_string}"},"query-input":"required name=search_term_string"}],"inLanguage":"pt-BR"},{"@type":"Organization","@id":"https:\/\/www.sitsesp.org.br\/novo\/#organization","name":"Sitsesp","url":"https:\/\/www.sitsesp.org.br\/novo\/","logo":{"@type":"ImageObject","inLanguage":"pt-BR","@id":"https:\/\/www.sitsesp.org.br\/novo\/#\/schema\/logo\/image\/","url":"https:\/\/www.sitsesp.org.br\/novo\/wp-content\/uploads\/2020\/09\/Design-sem-nome-1.jpg","contentUrl":"https:\/\/www.sitsesp.org.br\/novo\/wp-content\/uploads\/2020\/09\/Design-sem-nome-1.jpg","width":300,"height":300,"caption":"Sitsesp"},"image":{"@id":"https:\/\/www.sitsesp.org.br\/novo\/#\/schema\/logo\/image\/"}},{"@type":"Person","@id":"https:\/\/www.sitsesp.org.br\/novo\/#\/schema\/person\/28e42eec160f373e81d0183b3643edbf","name":"imprensa","image":{"@type":"ImageObject","inLanguage":"pt-BR","@id":"https:\/\/www.sitsesp.org.br\/novo\/#\/schema\/person\/image\/","url":"https:\/\/secure.gravatar.com\/avatar\/8d6ccd8d7d52b8959f34154e87d3fa29?s=96&d=mm&r=g","contentUrl":"https:\/\/secure.gravatar.com\/avatar\/8d6ccd8d7d52b8959f34154e87d3fa29?s=96&d=mm&r=g","caption":"imprensa"}}]}},"_links":{"self":[{"href":"https:\/\/www.sitsesp.org.br\/novo\/wp-json\/wp\/v2\/posts\/8161"}],"collection":[{"href":"https:\/\/www.sitsesp.org.br\/novo\/wp-json\/wp\/v2\/posts"}],"about":[{"href":"https:\/\/www.sitsesp.org.br\/novo\/wp-json\/wp\/v2\/types\/post"}],"author":[{"embeddable":true,"href":"https:\/\/www.sitsesp.org.br\/novo\/wp-json\/wp\/v2\/users\/5"}],"replies":[{"embeddable":true,"href":"https:\/\/www.sitsesp.org.br\/novo\/wp-json\/wp\/v2\/comments?post=8161"}],"version-history":[{"count":2,"href":"https:\/\/www.sitsesp.org.br\/novo\/wp-json\/wp\/v2\/posts\/8161\/revisions"}],"predecessor-version":[{"id":8165,"href":"https:\/\/www.sitsesp.org.br\/novo\/wp-json\/wp\/v2\/posts\/8161\/revisions\/8165"}],"wp:featuredmedia":[{"embeddable":true,"href":"https:\/\/www.sitsesp.org.br\/novo\/wp-json\/wp\/v2\/media\/8168"}],"wp:attachment":[{"href":"https:\/\/www.sitsesp.org.br\/novo\/wp-json\/wp\/v2\/media?parent=8161"}],"wp:term":[{"taxonomy":"category","embeddable":true,"href":"https:\/\/www.sitsesp.org.br\/novo\/wp-json\/wp\/v2\/categories?post=8161"},{"taxonomy":"post_tag","embeddable":true,"href":"https:\/\/www.sitsesp.org.br\/novo\/wp-json\/wp\/v2\/tags?post=8161"}],"curies":[{"name":"wp","href":"https:\/\/api.w.org\/{rel}","templated":true}]}}