{"id":8184,"date":"2022-03-01T08:39:15","date_gmt":"2022-03-01T11:39:15","guid":{"rendered":"https:\/\/sitsesp.org.br\/novo\/?p=8184"},"modified":"2022-03-01T09:21:46","modified_gmt":"2022-03-01T12:21:46","slug":"sitsesp-complexo-vila-maria-ui-nova-vida-tumulto-e-falta-de-funcionarios","status":"publish","type":"post","link":"https:\/\/www.sitsesp.org.br\/novo\/sitsesp-complexo-vila-maria-ui-nova-vida-tumulto-e-falta-de-funcionarios\/","title":{"rendered":"SITSESP &#8211; COMPLEXO VILA MARIA, UI NOVA VIDA &#8211; TUMULTO E FALTA DE FUNCION\u00c1RIOS"},"content":{"rendered":"<p><!-- VideographyWP Plugin Message: Automatic video embedding prevented by plugin options. --><br \/>\nNo in\u00edcio da noite desta segunda-feira (28) um tumulto no Centro CASA UI Nova Vida no complexo Vila Maria gerou um alerta aos diretores do SITSESP.<\/p>\n<p>O SITSESP, atrav\u00e9s da diretora da sa\u00fade Ant\u00f4nia, averiguou que por volta das 18h30, no procedimento da enfermagem daquele Centro, teria acontecido um tumulto.<\/p>\n<p>A diretora Ant\u00f4nia, em contato com servidores do Centro, constatou que um adolescente, ao ser atendido na enfermaria para curativo de um abcesso na perna (fur\u00fanculo), n\u00e3o gostou e jogou uma gaze na servidora que fazia seu atendimento e come\u00e7ou a xinga-la.<\/p>\n<p>De pronto ela chamou os servidores para apoia-la e alguns adolescentes come\u00e7aram a tumultuar o ambiente Socioeducativo, quebrando partes de lixeiras para se armarem e agredir os servidores no plant\u00e3o, bem como, o grupo de suporte.<\/p>\n<p>A diretora Aline e o diretor Gerson do SITSESP, de posse destas informa\u00e7\u00f5es, seguiram para o complexo para avaliarem a situa\u00e7\u00e3o, conversar com os servidores e orient\u00e1-los.<\/p>\n<p>Apurou-se que dois servidores foram agredidos, um com contus\u00e3o no tornozelo e virilha e o outro levou um soco no peito.<br \/>\nPor volta de 23h os envolvidos, junto com a gest\u00e3o, ainda encontravam-se no Centro elaborando o TC -Termo Circunstanciado para se dirigir a delegacia e ser confeccionado o Boletim de Ocorr\u00eancia, passando ainda, pelo exame de corpo e delito quando um novo tumulto aconteceu nos quartos daquele Centro, sendo controlado em seguida.<br \/>\nOs diretores presentes orientaram os servidores para que fa\u00e7am a CAT &#8211; Comunica\u00e7\u00e3o de Acidente no Trabalho e constataram aquilo que vem acontecendo nos Centros, a falta de efetivo funcional.<\/p>\n<p>O CASA Nova Vida conta com aproximadamente 47 adolescentes e no m\u00f3dulo I (ambiente Socioeducativo) havia 23 adolescentes para quatro servidores no plant\u00e3o noturno e para os dois m\u00f3dulos existentes naquele centro (m\u00f3dulo I e II), no plant\u00e3o noturno, apenas cinco servidores.<\/p>\n<p>O SITSESP estar\u00e1 acompanhando para provid\u00eancias e esclarecimentos.<\/p>\n<div id=\"penci-post-gallery__66904\" class=\"penci-post-gallery-container justified column-2\" data-height=\"150\" data-margin=\"3\"><a class=\"item-gallery-justified\" href=\"https:\/\/www.sitsesp.org.br\/novo\/wp-content\/uploads\/2022\/03\/WhatsApp-Image-2022-03-01-at-08.11.24.jpeg\"><img decoding=\"async\" src=\"https:\/\/www.sitsesp.org.br\/novo\/wp-content\/uploads\/2022\/03\/WhatsApp-Image-2022-03-01-at-08.11.24-585x329.jpeg\" alt=\"\" title=\"WhatsApp Image 2022-03-01 at 08.11.24\"><\/a><a class=\"item-gallery-justified\" href=\"https:\/\/www.sitsesp.org.br\/novo\/wp-content\/uploads\/2022\/03\/WhatsApp-Image-2022-03-01-at-08.11.24-1.jpeg\"><img decoding=\"async\" src=\"https:\/\/www.sitsesp.org.br\/novo\/wp-content\/uploads\/2022\/03\/WhatsApp-Image-2022-03-01-at-08.11.24-1-585x328.jpeg\" alt=\"\" title=\"WhatsApp Image 2022-03-01 at 08.11.24 (1)\"><\/a><\/div>\n<p>O SITSESP \u00c9 DE TODOS, PARA TODOS, TRABALHANDO COM TODOS &#8211; SEJA UM FILIADO SITSESP E PARTICIPE DA LUTA.<\/p>\n","protected":false},"excerpt":{"rendered":"<p>No in\u00edcio da noite desta segunda-feira (28) um tumulto no Centro CASA UI Nova Vida no complexo Vila Maria gerou um&hellip;<\/p>\n","protected":false},"author":5,"featured_media":8185,"comment_status":"open","ping_status":"open","sticky":false,"template":"","format":"standard","meta":{"cybocfi_hide_featured_image":"","footnotes":""},"categories":[27,22],"tags":[],"yoast_head":"<!-- This site is optimized with the Yoast SEO plugin v22.8 - https:\/\/yoast.com\/wordpress\/plugins\/seo\/ -->\n<title>SITSESP - COMPLEXO VILA MARIA, UI NOVA VIDA - TUMULTO E FALTA DE FUNCION\u00c1RIOS - SITSESP<\/title>\n<meta name=\"robots\" content=\"index, follow, max-snippet:-1, max-image-preview:large, max-video-preview:-1\" \/>\n<link rel=\"canonical\" href=\"https:\/\/www.sitsesp.org.br\/novo\/sitsesp-complexo-vila-maria-ui-nova-vida-tumulto-e-falta-de-funcionarios\/\" \/>\n<meta property=\"og:locale\" content=\"pt_BR\" \/>\n<meta property=\"og:type\" content=\"article\" \/>\n<meta property=\"og:title\" content=\"SITSESP - COMPLEXO VILA MARIA, UI NOVA VIDA - TUMULTO E FALTA DE FUNCION\u00c1RIOS - SITSESP\" \/>\n<meta property=\"og:description\" content=\"No in\u00edcio da noite desta segunda-feira (28) um tumulto no Centro CASA UI Nova Vida no complexo Vila Maria gerou um&hellip;\" \/>\n<meta property=\"og:url\" content=\"https:\/\/www.sitsesp.org.br\/novo\/sitsesp-complexo-vila-maria-ui-nova-vida-tumulto-e-falta-de-funcionarios\/\" \/>\n<meta property=\"og:site_name\" content=\"SITSESP\" \/>\n<meta property=\"article:published_time\" content=\"2022-03-01T11:39:15+00:00\" \/>\n<meta property=\"article:modified_time\" content=\"2022-03-01T12:21:46+00:00\" \/>\n<meta property=\"og:image\" content=\"https:\/\/www.sitsesp.org.br\/novo\/wp-content\/uploads\/2022\/03\/WhatsApp-Image-2022-03-01-at-08.11.24-1.jpeg\" \/>\n\t<meta property=\"og:image:width\" content=\"800\" \/>\n\t<meta property=\"og:image:height\" content=\"449\" \/>\n\t<meta property=\"og:image:type\" content=\"image\/jpeg\" \/>\n<meta name=\"author\" content=\"imprensa\" \/>\n<meta name=\"twitter:card\" content=\"summary_large_image\" \/>\n<meta name=\"twitter:label1\" content=\"Escrito por\" \/>\n\t<meta name=\"twitter:data1\" content=\"imprensa\" \/>\n\t<meta name=\"twitter:label2\" content=\"Est. tempo de leitura\" \/>\n\t<meta name=\"twitter:data2\" content=\"2 minutos\" \/>\n<script type=\"application\/ld+json\" class=\"yoast-schema-graph\">{\"@context\":\"https:\/\/schema.org\",\"@graph\":[{\"@type\":\"Article\",\"@id\":\"https:\/\/www.sitsesp.org.br\/novo\/sitsesp-complexo-vila-maria-ui-nova-vida-tumulto-e-falta-de-funcionarios\/#article\",\"isPartOf\":{\"@id\":\"https:\/\/www.sitsesp.org.br\/novo\/sitsesp-complexo-vila-maria-ui-nova-vida-tumulto-e-falta-de-funcionarios\/\"},\"author\":{\"name\":\"imprensa\",\"@id\":\"https:\/\/www.sitsesp.org.br\/novo\/#\/schema\/person\/28e42eec160f373e81d0183b3643edbf\"},\"headline\":\"SITSESP &#8211; COMPLEXO VILA MARIA, UI NOVA VIDA &#8211; TUMULTO E FALTA DE FUNCION\u00c1RIOS\",\"datePublished\":\"2022-03-01T11:39:15+00:00\",\"dateModified\":\"2022-03-01T12:21:46+00:00\",\"mainEntityOfPage\":{\"@id\":\"https:\/\/www.sitsesp.org.br\/novo\/sitsesp-complexo-vila-maria-ui-nova-vida-tumulto-e-falta-de-funcionarios\/\"},\"wordCount\":367,\"commentCount\":0,\"publisher\":{\"@id\":\"https:\/\/www.sitsesp.org.br\/novo\/#organization\"},\"image\":{\"@id\":\"https:\/\/www.sitsesp.org.br\/novo\/sitsesp-complexo-vila-maria-ui-nova-vida-tumulto-e-falta-de-funcionarios\/#primaryimage\"},\"thumbnailUrl\":\"https:\/\/www.sitsesp.org.br\/novo\/wp-content\/uploads\/2022\/03\/WhatsApp-Image-2022-03-01-at-08.11.24-1.jpeg\",\"articleSection\":[\"Destaque\",\"Noticias\"],\"inLanguage\":\"pt-BR\",\"potentialAction\":[{\"@type\":\"CommentAction\",\"name\":\"Comment\",\"target\":[\"https:\/\/www.sitsesp.org.br\/novo\/sitsesp-complexo-vila-maria-ui-nova-vida-tumulto-e-falta-de-funcionarios\/#respond\"]}]},{\"@type\":\"WebPage\",\"@id\":\"https:\/\/www.sitsesp.org.br\/novo\/sitsesp-complexo-vila-maria-ui-nova-vida-tumulto-e-falta-de-funcionarios\/\",\"url\":\"https:\/\/www.sitsesp.org.br\/novo\/sitsesp-complexo-vila-maria-ui-nova-vida-tumulto-e-falta-de-funcionarios\/\",\"name\":\"SITSESP - COMPLEXO VILA MARIA, UI NOVA VIDA - TUMULTO E FALTA DE FUNCION\u00c1RIOS - SITSESP\",\"isPartOf\":{\"@id\":\"https:\/\/www.sitsesp.org.br\/novo\/#website\"},\"primaryImageOfPage\":{\"@id\":\"https:\/\/www.sitsesp.org.br\/novo\/sitsesp-complexo-vila-maria-ui-nova-vida-tumulto-e-falta-de-funcionarios\/#primaryimage\"},\"image\":{\"@id\":\"https:\/\/www.sitsesp.org.br\/novo\/sitsesp-complexo-vila-maria-ui-nova-vida-tumulto-e-falta-de-funcionarios\/#primaryimage\"},\"thumbnailUrl\":\"https:\/\/www.sitsesp.org.br\/novo\/wp-content\/uploads\/2022\/03\/WhatsApp-Image-2022-03-01-at-08.11.24-1.jpeg\",\"datePublished\":\"2022-03-01T11:39:15+00:00\",\"dateModified\":\"2022-03-01T12:21:46+00:00\",\"breadcrumb\":{\"@id\":\"https:\/\/www.sitsesp.org.br\/novo\/sitsesp-complexo-vila-maria-ui-nova-vida-tumulto-e-falta-de-funcionarios\/#breadcrumb\"},\"inLanguage\":\"pt-BR\",\"potentialAction\":[{\"@type\":\"ReadAction\",\"target\":[\"https:\/\/www.sitsesp.org.br\/novo\/sitsesp-complexo-vila-maria-ui-nova-vida-tumulto-e-falta-de-funcionarios\/\"]}]},{\"@type\":\"ImageObject\",\"inLanguage\":\"pt-BR\",\"@id\":\"https:\/\/www.sitsesp.org.br\/novo\/sitsesp-complexo-vila-maria-ui-nova-vida-tumulto-e-falta-de-funcionarios\/#primaryimage\",\"url\":\"https:\/\/www.sitsesp.org.br\/novo\/wp-content\/uploads\/2022\/03\/WhatsApp-Image-2022-03-01-at-08.11.24-1.jpeg\",\"contentUrl\":\"https:\/\/www.sitsesp.org.br\/novo\/wp-content\/uploads\/2022\/03\/WhatsApp-Image-2022-03-01-at-08.11.24-1.jpeg\",\"width\":800,\"height\":449},{\"@type\":\"BreadcrumbList\",\"@id\":\"https:\/\/www.sitsesp.org.br\/novo\/sitsesp-complexo-vila-maria-ui-nova-vida-tumulto-e-falta-de-funcionarios\/#breadcrumb\",\"itemListElement\":[{\"@type\":\"ListItem\",\"position\":1,\"name\":\"In\u00edcio\",\"item\":\"https:\/\/www.sitsesp.org.br\/novo\/\"},{\"@type\":\"ListItem\",\"position\":2,\"name\":\"SITSESP &#8211; COMPLEXO VILA MARIA, UI NOVA VIDA &#8211; TUMULTO E FALTA DE FUNCION\u00c1RIOS\"}]},{\"@type\":\"WebSite\",\"@id\":\"https:\/\/www.sitsesp.org.br\/novo\/#website\",\"url\":\"https:\/\/www.sitsesp.org.br\/novo\/\",\"name\":\"Sitsesp\",\"description\":\"SIndicato da Socioeduca\u00e7\u00e3o do Estado de S\u00e3o Paulo\",\"publisher\":{\"@id\":\"https:\/\/www.sitsesp.org.br\/novo\/#organization\"},\"potentialAction\":[{\"@type\":\"SearchAction\",\"target\":{\"@type\":\"EntryPoint\",\"urlTemplate\":\"https:\/\/www.sitsesp.org.br\/novo\/?s={search_term_string}\"},\"query-input\":\"required name=search_term_string\"}],\"inLanguage\":\"pt-BR\"},{\"@type\":\"Organization\",\"@id\":\"https:\/\/www.sitsesp.org.br\/novo\/#organization\",\"name\":\"Sitsesp\",\"url\":\"https:\/\/www.sitsesp.org.br\/novo\/\",\"logo\":{\"@type\":\"ImageObject\",\"inLanguage\":\"pt-BR\",\"@id\":\"https:\/\/www.sitsesp.org.br\/novo\/#\/schema\/logo\/image\/\",\"url\":\"https:\/\/www.sitsesp.org.br\/novo\/wp-content\/uploads\/2020\/09\/Design-sem-nome-1.jpg\",\"contentUrl\":\"https:\/\/www.sitsesp.org.br\/novo\/wp-content\/uploads\/2020\/09\/Design-sem-nome-1.jpg\",\"width\":300,\"height\":300,\"caption\":\"Sitsesp\"},\"image\":{\"@id\":\"https:\/\/www.sitsesp.org.br\/novo\/#\/schema\/logo\/image\/\"}},{\"@type\":\"Person\",\"@id\":\"https:\/\/www.sitsesp.org.br\/novo\/#\/schema\/person\/28e42eec160f373e81d0183b3643edbf\",\"name\":\"imprensa\",\"image\":{\"@type\":\"ImageObject\",\"inLanguage\":\"pt-BR\",\"@id\":\"https:\/\/www.sitsesp.org.br\/novo\/#\/schema\/person\/image\/\",\"url\":\"https:\/\/secure.gravatar.com\/avatar\/8d6ccd8d7d52b8959f34154e87d3fa29?s=96&d=mm&r=g\",\"contentUrl\":\"https:\/\/secure.gravatar.com\/avatar\/8d6ccd8d7d52b8959f34154e87d3fa29?s=96&d=mm&r=g\",\"caption\":\"imprensa\"}}]}<\/script>\n<!-- \/ Yoast SEO plugin. -->","yoast_head_json":{"title":"SITSESP - COMPLEXO VILA MARIA, UI NOVA VIDA - TUMULTO E FALTA DE FUNCION\u00c1RIOS - SITSESP","robots":{"index":"index","follow":"follow","max-snippet":"max-snippet:-1","max-image-preview":"max-image-preview:large","max-video-preview":"max-video-preview:-1"},"canonical":"https:\/\/www.sitsesp.org.br\/novo\/sitsesp-complexo-vila-maria-ui-nova-vida-tumulto-e-falta-de-funcionarios\/","og_locale":"pt_BR","og_type":"article","og_title":"SITSESP - COMPLEXO VILA MARIA, UI NOVA VIDA - TUMULTO E FALTA DE FUNCION\u00c1RIOS - SITSESP","og_description":"No in\u00edcio da noite desta segunda-feira (28) um tumulto no Centro CASA UI Nova Vida no complexo Vila Maria gerou um&hellip;","og_url":"https:\/\/www.sitsesp.org.br\/novo\/sitsesp-complexo-vila-maria-ui-nova-vida-tumulto-e-falta-de-funcionarios\/","og_site_name":"SITSESP","article_published_time":"2022-03-01T11:39:15+00:00","article_modified_time":"2022-03-01T12:21:46+00:00","og_image":[{"width":800,"height":449,"url":"https:\/\/www.sitsesp.org.br\/novo\/wp-content\/uploads\/2022\/03\/WhatsApp-Image-2022-03-01-at-08.11.24-1.jpeg","type":"image\/jpeg"}],"author":"imprensa","twitter_card":"summary_large_image","twitter_misc":{"Escrito por":"imprensa","Est. tempo de leitura":"2 minutos"},"schema":{"@context":"https:\/\/schema.org","@graph":[{"@type":"Article","@id":"https:\/\/www.sitsesp.org.br\/novo\/sitsesp-complexo-vila-maria-ui-nova-vida-tumulto-e-falta-de-funcionarios\/#article","isPartOf":{"@id":"https:\/\/www.sitsesp.org.br\/novo\/sitsesp-complexo-vila-maria-ui-nova-vida-tumulto-e-falta-de-funcionarios\/"},"author":{"name":"imprensa","@id":"https:\/\/www.sitsesp.org.br\/novo\/#\/schema\/person\/28e42eec160f373e81d0183b3643edbf"},"headline":"SITSESP &#8211; COMPLEXO VILA MARIA, UI NOVA VIDA &#8211; TUMULTO E FALTA DE FUNCION\u00c1RIOS","datePublished":"2022-03-01T11:39:15+00:00","dateModified":"2022-03-01T12:21:46+00:00","mainEntityOfPage":{"@id":"https:\/\/www.sitsesp.org.br\/novo\/sitsesp-complexo-vila-maria-ui-nova-vida-tumulto-e-falta-de-funcionarios\/"},"wordCount":367,"commentCount":0,"publisher":{"@id":"https:\/\/www.sitsesp.org.br\/novo\/#organization"},"image":{"@id":"https:\/\/www.sitsesp.org.br\/novo\/sitsesp-complexo-vila-maria-ui-nova-vida-tumulto-e-falta-de-funcionarios\/#primaryimage"},"thumbnailUrl":"https:\/\/www.sitsesp.org.br\/novo\/wp-content\/uploads\/2022\/03\/WhatsApp-Image-2022-03-01-at-08.11.24-1.jpeg","articleSection":["Destaque","Noticias"],"inLanguage":"pt-BR","potentialAction":[{"@type":"CommentAction","name":"Comment","target":["https:\/\/www.sitsesp.org.br\/novo\/sitsesp-complexo-vila-maria-ui-nova-vida-tumulto-e-falta-de-funcionarios\/#respond"]}]},{"@type":"WebPage","@id":"https:\/\/www.sitsesp.org.br\/novo\/sitsesp-complexo-vila-maria-ui-nova-vida-tumulto-e-falta-de-funcionarios\/","url":"https:\/\/www.sitsesp.org.br\/novo\/sitsesp-complexo-vila-maria-ui-nova-vida-tumulto-e-falta-de-funcionarios\/","name":"SITSESP - COMPLEXO VILA MARIA, UI NOVA VIDA - TUMULTO E FALTA DE FUNCION\u00c1RIOS - SITSESP","isPartOf":{"@id":"https:\/\/www.sitsesp.org.br\/novo\/#website"},"primaryImageOfPage":{"@id":"https:\/\/www.sitsesp.org.br\/novo\/sitsesp-complexo-vila-maria-ui-nova-vida-tumulto-e-falta-de-funcionarios\/#primaryimage"},"image":{"@id":"https:\/\/www.sitsesp.org.br\/novo\/sitsesp-complexo-vila-maria-ui-nova-vida-tumulto-e-falta-de-funcionarios\/#primaryimage"},"thumbnailUrl":"https:\/\/www.sitsesp.org.br\/novo\/wp-content\/uploads\/2022\/03\/WhatsApp-Image-2022-03-01-at-08.11.24-1.jpeg","datePublished":"2022-03-01T11:39:15+00:00","dateModified":"2022-03-01T12:21:46+00:00","breadcrumb":{"@id":"https:\/\/www.sitsesp.org.br\/novo\/sitsesp-complexo-vila-maria-ui-nova-vida-tumulto-e-falta-de-funcionarios\/#breadcrumb"},"inLanguage":"pt-BR","potentialAction":[{"@type":"ReadAction","target":["https:\/\/www.sitsesp.org.br\/novo\/sitsesp-complexo-vila-maria-ui-nova-vida-tumulto-e-falta-de-funcionarios\/"]}]},{"@type":"ImageObject","inLanguage":"pt-BR","@id":"https:\/\/www.sitsesp.org.br\/novo\/sitsesp-complexo-vila-maria-ui-nova-vida-tumulto-e-falta-de-funcionarios\/#primaryimage","url":"https:\/\/www.sitsesp.org.br\/novo\/wp-content\/uploads\/2022\/03\/WhatsApp-Image-2022-03-01-at-08.11.24-1.jpeg","contentUrl":"https:\/\/www.sitsesp.org.br\/novo\/wp-content\/uploads\/2022\/03\/WhatsApp-Image-2022-03-01-at-08.11.24-1.jpeg","width":800,"height":449},{"@type":"BreadcrumbList","@id":"https:\/\/www.sitsesp.org.br\/novo\/sitsesp-complexo-vila-maria-ui-nova-vida-tumulto-e-falta-de-funcionarios\/#breadcrumb","itemListElement":[{"@type":"ListItem","position":1,"name":"In\u00edcio","item":"https:\/\/www.sitsesp.org.br\/novo\/"},{"@type":"ListItem","position":2,"name":"SITSESP &#8211; COMPLEXO VILA MARIA, UI NOVA VIDA &#8211; TUMULTO E FALTA DE FUNCION\u00c1RIOS"}]},{"@type":"WebSite","@id":"https:\/\/www.sitsesp.org.br\/novo\/#website","url":"https:\/\/www.sitsesp.org.br\/novo\/","name":"Sitsesp","description":"SIndicato da Socioeduca\u00e7\u00e3o do Estado de S\u00e3o Paulo","publisher":{"@id":"https:\/\/www.sitsesp.org.br\/novo\/#organization"},"potentialAction":[{"@type":"SearchAction","target":{"@type":"EntryPoint","urlTemplate":"https:\/\/www.sitsesp.org.br\/novo\/?s={search_term_string}"},"query-input":"required name=search_term_string"}],"inLanguage":"pt-BR"},{"@type":"Organization","@id":"https:\/\/www.sitsesp.org.br\/novo\/#organization","name":"Sitsesp","url":"https:\/\/www.sitsesp.org.br\/novo\/","logo":{"@type":"ImageObject","inLanguage":"pt-BR","@id":"https:\/\/www.sitsesp.org.br\/novo\/#\/schema\/logo\/image\/","url":"https:\/\/www.sitsesp.org.br\/novo\/wp-content\/uploads\/2020\/09\/Design-sem-nome-1.jpg","contentUrl":"https:\/\/www.sitsesp.org.br\/novo\/wp-content\/uploads\/2020\/09\/Design-sem-nome-1.jpg","width":300,"height":300,"caption":"Sitsesp"},"image":{"@id":"https:\/\/www.sitsesp.org.br\/novo\/#\/schema\/logo\/image\/"}},{"@type":"Person","@id":"https:\/\/www.sitsesp.org.br\/novo\/#\/schema\/person\/28e42eec160f373e81d0183b3643edbf","name":"imprensa","image":{"@type":"ImageObject","inLanguage":"pt-BR","@id":"https:\/\/www.sitsesp.org.br\/novo\/#\/schema\/person\/image\/","url":"https:\/\/secure.gravatar.com\/avatar\/8d6ccd8d7d52b8959f34154e87d3fa29?s=96&d=mm&r=g","contentUrl":"https:\/\/secure.gravatar.com\/avatar\/8d6ccd8d7d52b8959f34154e87d3fa29?s=96&d=mm&r=g","caption":"imprensa"}}]}},"_links":{"self":[{"href":"https:\/\/www.sitsesp.org.br\/novo\/wp-json\/wp\/v2\/posts\/8184"}],"collection":[{"href":"https:\/\/www.sitsesp.org.br\/novo\/wp-json\/wp\/v2\/posts"}],"about":[{"href":"https:\/\/www.sitsesp.org.br\/novo\/wp-json\/wp\/v2\/types\/post"}],"author":[{"embeddable":true,"href":"https:\/\/www.sitsesp.org.br\/novo\/wp-json\/wp\/v2\/users\/5"}],"replies":[{"embeddable":true,"href":"https:\/\/www.sitsesp.org.br\/novo\/wp-json\/wp\/v2\/comments?post=8184"}],"version-history":[{"count":4,"href":"https:\/\/www.sitsesp.org.br\/novo\/wp-json\/wp\/v2\/posts\/8184\/revisions"}],"predecessor-version":[{"id":8190,"href":"https:\/\/www.sitsesp.org.br\/novo\/wp-json\/wp\/v2\/posts\/8184\/revisions\/8190"}],"wp:featuredmedia":[{"embeddable":true,"href":"https:\/\/www.sitsesp.org.br\/novo\/wp-json\/wp\/v2\/media\/8185"}],"wp:attachment":[{"href":"https:\/\/www.sitsesp.org.br\/novo\/wp-json\/wp\/v2\/media?parent=8184"}],"wp:term":[{"taxonomy":"category","embeddable":true,"href":"https:\/\/www.sitsesp.org.br\/novo\/wp-json\/wp\/v2\/categories?post=8184"},{"taxonomy":"post_tag","embeddable":true,"href":"https:\/\/www.sitsesp.org.br\/novo\/wp-json\/wp\/v2\/tags?post=8184"}],"curies":[{"name":"wp","href":"https:\/\/api.w.org\/{rel}","templated":true}]}}