{"id":8402,"date":"2022-03-21T14:17:07","date_gmt":"2022-03-21T17:17:07","guid":{"rendered":"https:\/\/sitsesp.org.br\/novo\/?p=8402"},"modified":"2022-03-21T14:17:07","modified_gmt":"2022-03-21T17:17:07","slug":"sitsesp-em-movimento-ato-dos-servidores-socioeducativos-arranca-o-compromisso-verbal-de-no-minimo-1033-de-reajuste-salarial","status":"publish","type":"post","link":"https:\/\/www.sitsesp.org.br\/novo\/sitsesp-em-movimento-ato-dos-servidores-socioeducativos-arranca-o-compromisso-verbal-de-no-minimo-1033-de-reajuste-salarial\/","title":{"rendered":"SITSESP EM MOVIMENTO | ATO DOS SERVIDORES SOCIOEDUCATIVOS ARRANCA O COMPROMISSO VERBAL DE, NO M\u00cdNIMO, 10,33% DE REAJUSTE SALARIAL."},"content":{"rendered":"<p><!-- VideographyWP Plugin Message: Automatic video embedding prevented by plugin options. --><br \/>\nAconteceu na manh\u00e3 desta segunda-feira (21) o ato dos servidores da categoria socioeducativa em defesa da Campanha Salarial 2022. O ato foi organizado pelo SITSESP que disponibilizou transporte para os servidores do interior, carro de som, faixas e uma interven\u00e7\u00e3o cultural para agitar o evento. O ato contou com a presen\u00e7a da presidente do SITSESP, Claudia Maria, bem como, de diretores do SITSESP, delegados sindicais, cipeiros, deputados, vereadores e in\u00fameros servidores socioeducativos, aproximadamente 300 trabalhadores.<\/p>\n<p>O ato aconteceu em frente \u00e0 sede da Funda\u00e7\u00e3o CASA e mostrou a indigna\u00e7\u00e3o da categoria com as atuais condi\u00e7\u00f5es de trabalho! Essa \u00e9 a categoria socioeducativa e entidade sindical unidos na LUTA por um reajuste justo, pela valoriza\u00e7\u00e3o do servidor socioeducativo, por sa\u00fade e seguran\u00e7a em nossos locais de trabalho! Como, tamb\u00e9m, pela inclus\u00e3o da categoria no PL 02\/2022, pois somos servi\u00e7o essencial e n\u00e3o paramos durante a pandemia!<\/p>\n<p>Ap\u00f3s algumas horas de manifesta\u00e7\u00e3o, a press\u00e3o chegou ao gabinete da Funda\u00e7\u00e3o CASA, que pediu para receber uma comitiva dos manifestantes, que foi liderada pela presidente Claudia para tratar da campanha salarial. O chefe de gabinete Yuri, representante da Funda\u00e7\u00e3o CASA, assumiu o compromisso verbal de que a categoria ter\u00e1, no m\u00ednimo, 10,33% de reajuste salarial, assim como, a implementa\u00e7\u00e3o do Plano de Cargo e Sal\u00e1rios, inicialmente com avalia\u00e7\u00f5es de 2016, 2017 e 2018. Al\u00e9m disso, a comitiva tratou sobre a grande possibilidade de a ALESP aprovar a inser\u00e7\u00e3o da categoria no reajuste de 20%, acontecendo isso, o governador dever\u00e1 sancionar a lei e a Funda\u00e7\u00e3o CASA ter\u00e1 que acatar. O PL 02\/2022, que garantiria o reajuste de 20%, est\u00e1 previsto para ser votado nesta quarta-feira (23). Na reuni\u00e3o, a comitiva tamb\u00e9m foi informada de que o comunicado do PDI ser\u00e1 publicado no dia 22\/03 e que dever\u00e1 haver concurso p\u00fablico para todas as carreiras.<\/p>\n<p><strong>Unidos podemos fazer a diferen\u00e7a!<\/strong><\/p>\n<div id=\"penci-post-gallery__67439\" class=\"penci-post-gallery-container justified column-3\" data-height=\"150\" data-margin=\"3\"><a class=\"item-gallery-justified\" href=\"https:\/\/www.sitsesp.org.br\/novo\/wp-content\/uploads\/2022\/03\/WhatsApp-Image-2022-03-21-at-10.37.44.jpeg\"><img decoding=\"async\" src=\"https:\/\/www.sitsesp.org.br\/novo\/wp-content\/uploads\/2022\/03\/WhatsApp-Image-2022-03-21-at-10.37.44-585x263.jpeg\" alt=\"\" title=\"WhatsApp Image 2022-03-21 at 10.37.44\"><\/a><a class=\"item-gallery-justified\" href=\"https:\/\/www.sitsesp.org.br\/novo\/wp-content\/uploads\/2022\/03\/WhatsApp-Image-2022-03-21-at-10.37.49.jpeg\"><img decoding=\"async\" src=\"https:\/\/www.sitsesp.org.br\/novo\/wp-content\/uploads\/2022\/03\/WhatsApp-Image-2022-03-21-at-10.37.49-585x263.jpeg\" alt=\"\" title=\"WhatsApp Image 2022-03-21 at 10.37.49\"><\/a><a class=\"item-gallery-justified\" href=\"https:\/\/www.sitsesp.org.br\/novo\/wp-content\/uploads\/2022\/03\/WhatsApp-Image-2022-03-21-at-10.37.45.jpeg\"><img decoding=\"async\" src=\"https:\/\/www.sitsesp.org.br\/novo\/wp-content\/uploads\/2022\/03\/WhatsApp-Image-2022-03-21-at-10.37.45-585x263.jpeg\" alt=\"\" title=\"WhatsApp Image 2022-03-21 at 10.37.45\"><\/a><a class=\"item-gallery-justified\" href=\"https:\/\/www.sitsesp.org.br\/novo\/wp-content\/uploads\/2022\/03\/WhatsApp-Image-2022-03-21-at-10.37.43.jpeg\"><img decoding=\"async\" src=\"https:\/\/www.sitsesp.org.br\/novo\/wp-content\/uploads\/2022\/03\/WhatsApp-Image-2022-03-21-at-10.37.43-585x263.jpeg\" alt=\"\" title=\"WhatsApp Image 2022-03-21 at 10.37.43\"><\/a><a class=\"item-gallery-justified\" href=\"https:\/\/www.sitsesp.org.br\/novo\/wp-content\/uploads\/2022\/03\/WhatsApp-Image-2022-03-21-at-10.37.51.jpeg\"><img decoding=\"async\" src=\"https:\/\/www.sitsesp.org.br\/novo\/wp-content\/uploads\/2022\/03\/WhatsApp-Image-2022-03-21-at-10.37.51-585x263.jpeg\" alt=\"\" title=\"WhatsApp Image 2022-03-21 at 10.37.51\"><\/a><a class=\"item-gallery-justified\" href=\"https:\/\/www.sitsesp.org.br\/novo\/wp-content\/uploads\/2022\/03\/WhatsApp-Image-2022-03-21-at-10.37.52.jpeg\"><img decoding=\"async\" src=\"https:\/\/www.sitsesp.org.br\/novo\/wp-content\/uploads\/2022\/03\/WhatsApp-Image-2022-03-21-at-10.37.52-585x263.jpeg\" alt=\"\" title=\"WhatsApp Image 2022-03-21 at 10.37.52\"><\/a><a class=\"item-gallery-justified\" href=\"https:\/\/www.sitsesp.org.br\/novo\/wp-content\/uploads\/2022\/03\/WhatsApp-Image-2022-03-21-at-13.59.52.jpeg\"><img decoding=\"async\" src=\"https:\/\/www.sitsesp.org.br\/novo\/wp-content\/uploads\/2022\/03\/WhatsApp-Image-2022-03-21-at-13.59.52-585x439.jpeg\" alt=\"\" title=\"WhatsApp Image 2022-03-21 at 13.59.52\"><\/a><a class=\"item-gallery-justified\" href=\"https:\/\/www.sitsesp.org.br\/novo\/wp-content\/uploads\/2022\/03\/WhatsApp-Image-2022-03-21-at-10.37.52-1.jpeg\"><img decoding=\"async\" src=\"https:\/\/www.sitsesp.org.br\/novo\/wp-content\/uploads\/2022\/03\/WhatsApp-Image-2022-03-21-at-10.37.52-1-585x263.jpeg\" alt=\"\" title=\"WhatsApp Image 2022-03-21 at 10.37.52 (1)\"><\/a><a class=\"item-gallery-justified\" href=\"https:\/\/www.sitsesp.org.br\/novo\/wp-content\/uploads\/2022\/03\/WhatsApp-Image-2022-03-21-at-10.37.50.jpeg\"><img decoding=\"async\" src=\"https:\/\/www.sitsesp.org.br\/novo\/wp-content\/uploads\/2022\/03\/WhatsApp-Image-2022-03-21-at-10.37.50-585x263.jpeg\" alt=\"\" title=\"WhatsApp Image 2022-03-21 at 10.37.50\"><\/a><a class=\"item-gallery-justified\" href=\"https:\/\/www.sitsesp.org.br\/novo\/wp-content\/uploads\/2022\/03\/WhatsApp-Image-2022-03-21-at-10.37.42.jpeg\"><img decoding=\"async\" src=\"https:\/\/www.sitsesp.org.br\/novo\/wp-content\/uploads\/2022\/03\/WhatsApp-Image-2022-03-21-at-10.37.42-585x263.jpeg\" alt=\"\" title=\"WhatsApp Image 2022-03-21 at 10.37.42\"><\/a><a class=\"item-gallery-justified\" href=\"https:\/\/www.sitsesp.org.br\/novo\/wp-content\/uploads\/2022\/03\/WhatsApp-Image-2022-03-21-at-11.07.14.jpeg\"><img decoding=\"async\" src=\"https:\/\/www.sitsesp.org.br\/novo\/wp-content\/uploads\/2022\/03\/WhatsApp-Image-2022-03-21-at-11.07.14.jpeg\" alt=\"\" title=\"WhatsApp Image 2022-03-21 at 11.07.14\"><\/a><a class=\"item-gallery-justified\" href=\"https:\/\/www.sitsesp.org.br\/novo\/wp-content\/uploads\/2022\/03\/WhatsApp-Image-2022-03-21-at-13.59.52-1.jpeg\"><img decoding=\"async\" src=\"https:\/\/www.sitsesp.org.br\/novo\/wp-content\/uploads\/2022\/03\/WhatsApp-Image-2022-03-21-at-13.59.52-1-585x439.jpeg\" alt=\"\" title=\"WhatsApp Image 2022-03-21 at 13.59.52 (1)\"><\/a><a class=\"item-gallery-justified\" href=\"https:\/\/www.sitsesp.org.br\/novo\/wp-content\/uploads\/2022\/03\/WhatsApp-Image-2022-03-21-at-11.01.00.jpeg\"><img decoding=\"async\" src=\"https:\/\/www.sitsesp.org.br\/novo\/wp-content\/uploads\/2022\/03\/WhatsApp-Image-2022-03-21-at-11.01.00-585x439.jpeg\" alt=\"\" title=\"WhatsApp Image 2022-03-21 at 11.01.00\"><\/a><a class=\"item-gallery-justified\" href=\"https:\/\/www.sitsesp.org.br\/novo\/wp-content\/uploads\/2022\/03\/WhatsApp-Image-2022-03-21-at-11.13.26-1.jpeg\"><img decoding=\"async\" src=\"https:\/\/www.sitsesp.org.br\/novo\/wp-content\/uploads\/2022\/03\/WhatsApp-Image-2022-03-21-at-11.13.26-1-585x439.jpeg\" alt=\"\" title=\"WhatsApp Image 2022-03-21 at 11.13.26 (1)\"><\/a><a class=\"item-gallery-justified\" href=\"https:\/\/www.sitsesp.org.br\/novo\/wp-content\/uploads\/2022\/03\/WhatsApp-Image-2022-03-21-at-11.13.26.jpeg\"><img decoding=\"async\" src=\"https:\/\/www.sitsesp.org.br\/novo\/wp-content\/uploads\/2022\/03\/WhatsApp-Image-2022-03-21-at-11.13.26-585x439.jpeg\" alt=\"\" title=\"WhatsApp Image 2022-03-21 at 11.13.26\"><\/a><a class=\"item-gallery-justified\" href=\"https:\/\/www.sitsesp.org.br\/novo\/wp-content\/uploads\/2022\/03\/WhatsApp-Image-2022-03-21-at-12.31.55.jpeg\"><img decoding=\"async\" src=\"https:\/\/www.sitsesp.org.br\/novo\/wp-content\/uploads\/2022\/03\/WhatsApp-Image-2022-03-21-at-12.31.55-585x263.jpeg\" alt=\"\" title=\"WhatsApp Image 2022-03-21 at 12.31.55\"><\/a><a class=\"item-gallery-justified\" href=\"https:\/\/www.sitsesp.org.br\/novo\/wp-content\/uploads\/2022\/03\/WhatsApp-Image-2022-03-21-at-11.13.26-2.jpeg\"><img decoding=\"async\" src=\"https:\/\/www.sitsesp.org.br\/novo\/wp-content\/uploads\/2022\/03\/WhatsApp-Image-2022-03-21-at-11.13.26-2-585x439.jpeg\" alt=\"\" title=\"WhatsApp Image 2022-03-21 at 11.13.26 (2)\"><\/a><\/div>\n<p><strong>O SITSESP \u00c9 DE TODOS, PARA TODOS, TRABALHANDO COM TODOS &#8211; SEJA UM FILIADO SITSESP E PARTICIPE DA LUTA<\/strong><\/p>\n","protected":false},"excerpt":{"rendered":"<p>Aconteceu na manh\u00e3 desta segunda-feira (21) o ato dos servidores da categoria socioeducativa em defesa da Campanha Salarial 2022. O ato&hellip;<\/p>\n","protected":false},"author":5,"featured_media":8409,"comment_status":"open","ping_status":"open","sticky":false,"template":"","format":"standard","meta":{"cybocfi_hide_featured_image":"","footnotes":""},"categories":[27,22],"tags":[67,44,38,40,37,39],"yoast_head":"<!-- This site is optimized with the Yoast SEO plugin v22.8 - https:\/\/yoast.com\/wordpress\/plugins\/seo\/ -->\n<title>SITSESP EM MOVIMENTO | ATO DOS SERVIDORES SOCIOEDUCATIVOS ARRANCA O COMPROMISSO VERBAL DE, NO M\u00cdNIMO, 10,33% DE REAJUSTE SALARIAL. - SITSESP<\/title>\n<meta name=\"robots\" content=\"index, follow, max-snippet:-1, max-image-preview:large, max-video-preview:-1\" \/>\n<link rel=\"canonical\" href=\"https:\/\/www.sitsesp.org.br\/novo\/sitsesp-em-movimento-ato-dos-servidores-socioeducativos-arranca-o-compromisso-verbal-de-no-minimo-1033-de-reajuste-salarial\/\" \/>\n<meta property=\"og:locale\" content=\"pt_BR\" \/>\n<meta property=\"og:type\" content=\"article\" \/>\n<meta property=\"og:title\" content=\"SITSESP EM MOVIMENTO | ATO DOS SERVIDORES SOCIOEDUCATIVOS ARRANCA O COMPROMISSO VERBAL DE, NO M\u00cdNIMO, 10,33% DE REAJUSTE SALARIAL. - SITSESP\" \/>\n<meta property=\"og:description\" content=\"Aconteceu na manh\u00e3 desta segunda-feira (21) o ato dos servidores da categoria socioeducativa em defesa da Campanha Salarial 2022. O ato&hellip;\" \/>\n<meta property=\"og:url\" content=\"https:\/\/www.sitsesp.org.br\/novo\/sitsesp-em-movimento-ato-dos-servidores-socioeducativos-arranca-o-compromisso-verbal-de-no-minimo-1033-de-reajuste-salarial\/\" \/>\n<meta property=\"og:site_name\" content=\"SITSESP\" \/>\n<meta property=\"article:published_time\" content=\"2022-03-21T17:17:07+00:00\" \/>\n<meta property=\"og:image\" content=\"https:\/\/www.sitsesp.org.br\/novo\/wp-content\/uploads\/2022\/03\/WhatsApp-Image-2022-03-21-at-10.37.44.jpeg\" \/>\n\t<meta property=\"og:image:width\" content=\"800\" \/>\n\t<meta property=\"og:image:height\" content=\"360\" \/>\n\t<meta property=\"og:image:type\" content=\"image\/jpeg\" \/>\n<meta name=\"author\" content=\"imprensa\" \/>\n<meta name=\"twitter:card\" content=\"summary_large_image\" \/>\n<meta name=\"twitter:label1\" content=\"Escrito por\" \/>\n\t<meta name=\"twitter:data1\" content=\"imprensa\" \/>\n\t<meta name=\"twitter:label2\" content=\"Est. tempo de leitura\" \/>\n\t<meta name=\"twitter:data2\" content=\"2 minutos\" \/>\n<script type=\"application\/ld+json\" class=\"yoast-schema-graph\">{\"@context\":\"https:\/\/schema.org\",\"@graph\":[{\"@type\":\"Article\",\"@id\":\"https:\/\/www.sitsesp.org.br\/novo\/sitsesp-em-movimento-ato-dos-servidores-socioeducativos-arranca-o-compromisso-verbal-de-no-minimo-1033-de-reajuste-salarial\/#article\",\"isPartOf\":{\"@id\":\"https:\/\/www.sitsesp.org.br\/novo\/sitsesp-em-movimento-ato-dos-servidores-socioeducativos-arranca-o-compromisso-verbal-de-no-minimo-1033-de-reajuste-salarial\/\"},\"author\":{\"name\":\"imprensa\",\"@id\":\"https:\/\/www.sitsesp.org.br\/novo\/#\/schema\/person\/28e42eec160f373e81d0183b3643edbf\"},\"headline\":\"SITSESP EM MOVIMENTO | ATO DOS SERVIDORES SOCIOEDUCATIVOS ARRANCA O COMPROMISSO VERBAL DE, NO M\u00cdNIMO, 10,33% DE REAJUSTE SALARIAL.\",\"datePublished\":\"2022-03-21T17:17:07+00:00\",\"dateModified\":\"2022-03-21T17:17:07+00:00\",\"mainEntityOfPage\":{\"@id\":\"https:\/\/www.sitsesp.org.br\/novo\/sitsesp-em-movimento-ato-dos-servidores-socioeducativos-arranca-o-compromisso-verbal-de-no-minimo-1033-de-reajuste-salarial\/\"},\"wordCount\":357,\"commentCount\":0,\"publisher\":{\"@id\":\"https:\/\/www.sitsesp.org.br\/novo\/#organization\"},\"image\":{\"@id\":\"https:\/\/www.sitsesp.org.br\/novo\/sitsesp-em-movimento-ato-dos-servidores-socioeducativos-arranca-o-compromisso-verbal-de-no-minimo-1033-de-reajuste-salarial\/#primaryimage\"},\"thumbnailUrl\":\"https:\/\/www.sitsesp.org.br\/novo\/wp-content\/uploads\/2022\/03\/WhatsApp-Image-2022-03-21-at-10.37.44.jpeg\",\"keywords\":[\"2022\",\"campanha salarial\",\"Funda\u00e7\u00e3o CASA\",\"SINDICATO\",\"SITSESP\",\"SOCIOEDUCA\u00c7\u00c3O\"],\"articleSection\":[\"Destaque\",\"Noticias\"],\"inLanguage\":\"pt-BR\",\"potentialAction\":[{\"@type\":\"CommentAction\",\"name\":\"Comment\",\"target\":[\"https:\/\/www.sitsesp.org.br\/novo\/sitsesp-em-movimento-ato-dos-servidores-socioeducativos-arranca-o-compromisso-verbal-de-no-minimo-1033-de-reajuste-salarial\/#respond\"]}]},{\"@type\":\"WebPage\",\"@id\":\"https:\/\/www.sitsesp.org.br\/novo\/sitsesp-em-movimento-ato-dos-servidores-socioeducativos-arranca-o-compromisso-verbal-de-no-minimo-1033-de-reajuste-salarial\/\",\"url\":\"https:\/\/www.sitsesp.org.br\/novo\/sitsesp-em-movimento-ato-dos-servidores-socioeducativos-arranca-o-compromisso-verbal-de-no-minimo-1033-de-reajuste-salarial\/\",\"name\":\"SITSESP EM MOVIMENTO | ATO DOS SERVIDORES SOCIOEDUCATIVOS ARRANCA O COMPROMISSO VERBAL DE, NO M\u00cdNIMO, 10,33% DE REAJUSTE SALARIAL. - SITSESP\",\"isPartOf\":{\"@id\":\"https:\/\/www.sitsesp.org.br\/novo\/#website\"},\"primaryImageOfPage\":{\"@id\":\"https:\/\/www.sitsesp.org.br\/novo\/sitsesp-em-movimento-ato-dos-servidores-socioeducativos-arranca-o-compromisso-verbal-de-no-minimo-1033-de-reajuste-salarial\/#primaryimage\"},\"image\":{\"@id\":\"https:\/\/www.sitsesp.org.br\/novo\/sitsesp-em-movimento-ato-dos-servidores-socioeducativos-arranca-o-compromisso-verbal-de-no-minimo-1033-de-reajuste-salarial\/#primaryimage\"},\"thumbnailUrl\":\"https:\/\/www.sitsesp.org.br\/novo\/wp-content\/uploads\/2022\/03\/WhatsApp-Image-2022-03-21-at-10.37.44.jpeg\",\"datePublished\":\"2022-03-21T17:17:07+00:00\",\"dateModified\":\"2022-03-21T17:17:07+00:00\",\"breadcrumb\":{\"@id\":\"https:\/\/www.sitsesp.org.br\/novo\/sitsesp-em-movimento-ato-dos-servidores-socioeducativos-arranca-o-compromisso-verbal-de-no-minimo-1033-de-reajuste-salarial\/#breadcrumb\"},\"inLanguage\":\"pt-BR\",\"potentialAction\":[{\"@type\":\"ReadAction\",\"target\":[\"https:\/\/www.sitsesp.org.br\/novo\/sitsesp-em-movimento-ato-dos-servidores-socioeducativos-arranca-o-compromisso-verbal-de-no-minimo-1033-de-reajuste-salarial\/\"]}]},{\"@type\":\"ImageObject\",\"inLanguage\":\"pt-BR\",\"@id\":\"https:\/\/www.sitsesp.org.br\/novo\/sitsesp-em-movimento-ato-dos-servidores-socioeducativos-arranca-o-compromisso-verbal-de-no-minimo-1033-de-reajuste-salarial\/#primaryimage\",\"url\":\"https:\/\/www.sitsesp.org.br\/novo\/wp-content\/uploads\/2022\/03\/WhatsApp-Image-2022-03-21-at-10.37.44.jpeg\",\"contentUrl\":\"https:\/\/www.sitsesp.org.br\/novo\/wp-content\/uploads\/2022\/03\/WhatsApp-Image-2022-03-21-at-10.37.44.jpeg\",\"width\":800,\"height\":360},{\"@type\":\"BreadcrumbList\",\"@id\":\"https:\/\/www.sitsesp.org.br\/novo\/sitsesp-em-movimento-ato-dos-servidores-socioeducativos-arranca-o-compromisso-verbal-de-no-minimo-1033-de-reajuste-salarial\/#breadcrumb\",\"itemListElement\":[{\"@type\":\"ListItem\",\"position\":1,\"name\":\"In\u00edcio\",\"item\":\"https:\/\/www.sitsesp.org.br\/novo\/\"},{\"@type\":\"ListItem\",\"position\":2,\"name\":\"SITSESP EM MOVIMENTO | ATO DOS SERVIDORES SOCIOEDUCATIVOS ARRANCA O COMPROMISSO VERBAL DE, NO M\u00cdNIMO, 10,33% DE REAJUSTE SALARIAL.\"}]},{\"@type\":\"WebSite\",\"@id\":\"https:\/\/www.sitsesp.org.br\/novo\/#website\",\"url\":\"https:\/\/www.sitsesp.org.br\/novo\/\",\"name\":\"Sitsesp\",\"description\":\"SIndicato da Socioeduca\u00e7\u00e3o do Estado de S\u00e3o Paulo\",\"publisher\":{\"@id\":\"https:\/\/www.sitsesp.org.br\/novo\/#organization\"},\"potentialAction\":[{\"@type\":\"SearchAction\",\"target\":{\"@type\":\"EntryPoint\",\"urlTemplate\":\"https:\/\/www.sitsesp.org.br\/novo\/?s={search_term_string}\"},\"query-input\":\"required name=search_term_string\"}],\"inLanguage\":\"pt-BR\"},{\"@type\":\"Organization\",\"@id\":\"https:\/\/www.sitsesp.org.br\/novo\/#organization\",\"name\":\"Sitsesp\",\"url\":\"https:\/\/www.sitsesp.org.br\/novo\/\",\"logo\":{\"@type\":\"ImageObject\",\"inLanguage\":\"pt-BR\",\"@id\":\"https:\/\/www.sitsesp.org.br\/novo\/#\/schema\/logo\/image\/\",\"url\":\"https:\/\/www.sitsesp.org.br\/novo\/wp-content\/uploads\/2020\/09\/Design-sem-nome-1.jpg\",\"contentUrl\":\"https:\/\/www.sitsesp.org.br\/novo\/wp-content\/uploads\/2020\/09\/Design-sem-nome-1.jpg\",\"width\":300,\"height\":300,\"caption\":\"Sitsesp\"},\"image\":{\"@id\":\"https:\/\/www.sitsesp.org.br\/novo\/#\/schema\/logo\/image\/\"}},{\"@type\":\"Person\",\"@id\":\"https:\/\/www.sitsesp.org.br\/novo\/#\/schema\/person\/28e42eec160f373e81d0183b3643edbf\",\"name\":\"imprensa\",\"image\":{\"@type\":\"ImageObject\",\"inLanguage\":\"pt-BR\",\"@id\":\"https:\/\/www.sitsesp.org.br\/novo\/#\/schema\/person\/image\/\",\"url\":\"https:\/\/secure.gravatar.com\/avatar\/8d6ccd8d7d52b8959f34154e87d3fa29?s=96&d=mm&r=g\",\"contentUrl\":\"https:\/\/secure.gravatar.com\/avatar\/8d6ccd8d7d52b8959f34154e87d3fa29?s=96&d=mm&r=g\",\"caption\":\"imprensa\"}}]}<\/script>\n<!-- \/ Yoast SEO plugin. -->","yoast_head_json":{"title":"SITSESP EM MOVIMENTO | ATO DOS SERVIDORES SOCIOEDUCATIVOS ARRANCA O COMPROMISSO VERBAL DE, NO M\u00cdNIMO, 10,33% DE REAJUSTE SALARIAL. - SITSESP","robots":{"index":"index","follow":"follow","max-snippet":"max-snippet:-1","max-image-preview":"max-image-preview:large","max-video-preview":"max-video-preview:-1"},"canonical":"https:\/\/www.sitsesp.org.br\/novo\/sitsesp-em-movimento-ato-dos-servidores-socioeducativos-arranca-o-compromisso-verbal-de-no-minimo-1033-de-reajuste-salarial\/","og_locale":"pt_BR","og_type":"article","og_title":"SITSESP EM MOVIMENTO | ATO DOS SERVIDORES SOCIOEDUCATIVOS ARRANCA O COMPROMISSO VERBAL DE, NO M\u00cdNIMO, 10,33% DE REAJUSTE SALARIAL. - SITSESP","og_description":"Aconteceu na manh\u00e3 desta segunda-feira (21) o ato dos servidores da categoria socioeducativa em defesa da Campanha Salarial 2022. O ato&hellip;","og_url":"https:\/\/www.sitsesp.org.br\/novo\/sitsesp-em-movimento-ato-dos-servidores-socioeducativos-arranca-o-compromisso-verbal-de-no-minimo-1033-de-reajuste-salarial\/","og_site_name":"SITSESP","article_published_time":"2022-03-21T17:17:07+00:00","og_image":[{"width":800,"height":360,"url":"https:\/\/www.sitsesp.org.br\/novo\/wp-content\/uploads\/2022\/03\/WhatsApp-Image-2022-03-21-at-10.37.44.jpeg","type":"image\/jpeg"}],"author":"imprensa","twitter_card":"summary_large_image","twitter_misc":{"Escrito por":"imprensa","Est. tempo de leitura":"2 minutos"},"schema":{"@context":"https:\/\/schema.org","@graph":[{"@type":"Article","@id":"https:\/\/www.sitsesp.org.br\/novo\/sitsesp-em-movimento-ato-dos-servidores-socioeducativos-arranca-o-compromisso-verbal-de-no-minimo-1033-de-reajuste-salarial\/#article","isPartOf":{"@id":"https:\/\/www.sitsesp.org.br\/novo\/sitsesp-em-movimento-ato-dos-servidores-socioeducativos-arranca-o-compromisso-verbal-de-no-minimo-1033-de-reajuste-salarial\/"},"author":{"name":"imprensa","@id":"https:\/\/www.sitsesp.org.br\/novo\/#\/schema\/person\/28e42eec160f373e81d0183b3643edbf"},"headline":"SITSESP EM MOVIMENTO | ATO DOS SERVIDORES SOCIOEDUCATIVOS ARRANCA O COMPROMISSO VERBAL DE, NO M\u00cdNIMO, 10,33% DE REAJUSTE SALARIAL.","datePublished":"2022-03-21T17:17:07+00:00","dateModified":"2022-03-21T17:17:07+00:00","mainEntityOfPage":{"@id":"https:\/\/www.sitsesp.org.br\/novo\/sitsesp-em-movimento-ato-dos-servidores-socioeducativos-arranca-o-compromisso-verbal-de-no-minimo-1033-de-reajuste-salarial\/"},"wordCount":357,"commentCount":0,"publisher":{"@id":"https:\/\/www.sitsesp.org.br\/novo\/#organization"},"image":{"@id":"https:\/\/www.sitsesp.org.br\/novo\/sitsesp-em-movimento-ato-dos-servidores-socioeducativos-arranca-o-compromisso-verbal-de-no-minimo-1033-de-reajuste-salarial\/#primaryimage"},"thumbnailUrl":"https:\/\/www.sitsesp.org.br\/novo\/wp-content\/uploads\/2022\/03\/WhatsApp-Image-2022-03-21-at-10.37.44.jpeg","keywords":["2022","campanha salarial","Funda\u00e7\u00e3o CASA","SINDICATO","SITSESP","SOCIOEDUCA\u00c7\u00c3O"],"articleSection":["Destaque","Noticias"],"inLanguage":"pt-BR","potentialAction":[{"@type":"CommentAction","name":"Comment","target":["https:\/\/www.sitsesp.org.br\/novo\/sitsesp-em-movimento-ato-dos-servidores-socioeducativos-arranca-o-compromisso-verbal-de-no-minimo-1033-de-reajuste-salarial\/#respond"]}]},{"@type":"WebPage","@id":"https:\/\/www.sitsesp.org.br\/novo\/sitsesp-em-movimento-ato-dos-servidores-socioeducativos-arranca-o-compromisso-verbal-de-no-minimo-1033-de-reajuste-salarial\/","url":"https:\/\/www.sitsesp.org.br\/novo\/sitsesp-em-movimento-ato-dos-servidores-socioeducativos-arranca-o-compromisso-verbal-de-no-minimo-1033-de-reajuste-salarial\/","name":"SITSESP EM MOVIMENTO | ATO DOS SERVIDORES SOCIOEDUCATIVOS ARRANCA O COMPROMISSO VERBAL DE, NO M\u00cdNIMO, 10,33% DE REAJUSTE SALARIAL. - SITSESP","isPartOf":{"@id":"https:\/\/www.sitsesp.org.br\/novo\/#website"},"primaryImageOfPage":{"@id":"https:\/\/www.sitsesp.org.br\/novo\/sitsesp-em-movimento-ato-dos-servidores-socioeducativos-arranca-o-compromisso-verbal-de-no-minimo-1033-de-reajuste-salarial\/#primaryimage"},"image":{"@id":"https:\/\/www.sitsesp.org.br\/novo\/sitsesp-em-movimento-ato-dos-servidores-socioeducativos-arranca-o-compromisso-verbal-de-no-minimo-1033-de-reajuste-salarial\/#primaryimage"},"thumbnailUrl":"https:\/\/www.sitsesp.org.br\/novo\/wp-content\/uploads\/2022\/03\/WhatsApp-Image-2022-03-21-at-10.37.44.jpeg","datePublished":"2022-03-21T17:17:07+00:00","dateModified":"2022-03-21T17:17:07+00:00","breadcrumb":{"@id":"https:\/\/www.sitsesp.org.br\/novo\/sitsesp-em-movimento-ato-dos-servidores-socioeducativos-arranca-o-compromisso-verbal-de-no-minimo-1033-de-reajuste-salarial\/#breadcrumb"},"inLanguage":"pt-BR","potentialAction":[{"@type":"ReadAction","target":["https:\/\/www.sitsesp.org.br\/novo\/sitsesp-em-movimento-ato-dos-servidores-socioeducativos-arranca-o-compromisso-verbal-de-no-minimo-1033-de-reajuste-salarial\/"]}]},{"@type":"ImageObject","inLanguage":"pt-BR","@id":"https:\/\/www.sitsesp.org.br\/novo\/sitsesp-em-movimento-ato-dos-servidores-socioeducativos-arranca-o-compromisso-verbal-de-no-minimo-1033-de-reajuste-salarial\/#primaryimage","url":"https:\/\/www.sitsesp.org.br\/novo\/wp-content\/uploads\/2022\/03\/WhatsApp-Image-2022-03-21-at-10.37.44.jpeg","contentUrl":"https:\/\/www.sitsesp.org.br\/novo\/wp-content\/uploads\/2022\/03\/WhatsApp-Image-2022-03-21-at-10.37.44.jpeg","width":800,"height":360},{"@type":"BreadcrumbList","@id":"https:\/\/www.sitsesp.org.br\/novo\/sitsesp-em-movimento-ato-dos-servidores-socioeducativos-arranca-o-compromisso-verbal-de-no-minimo-1033-de-reajuste-salarial\/#breadcrumb","itemListElement":[{"@type":"ListItem","position":1,"name":"In\u00edcio","item":"https:\/\/www.sitsesp.org.br\/novo\/"},{"@type":"ListItem","position":2,"name":"SITSESP EM MOVIMENTO | ATO DOS SERVIDORES SOCIOEDUCATIVOS ARRANCA O COMPROMISSO VERBAL DE, NO M\u00cdNIMO, 10,33% DE REAJUSTE SALARIAL."}]},{"@type":"WebSite","@id":"https:\/\/www.sitsesp.org.br\/novo\/#website","url":"https:\/\/www.sitsesp.org.br\/novo\/","name":"Sitsesp","description":"SIndicato da Socioeduca\u00e7\u00e3o do Estado de S\u00e3o Paulo","publisher":{"@id":"https:\/\/www.sitsesp.org.br\/novo\/#organization"},"potentialAction":[{"@type":"SearchAction","target":{"@type":"EntryPoint","urlTemplate":"https:\/\/www.sitsesp.org.br\/novo\/?s={search_term_string}"},"query-input":"required name=search_term_string"}],"inLanguage":"pt-BR"},{"@type":"Organization","@id":"https:\/\/www.sitsesp.org.br\/novo\/#organization","name":"Sitsesp","url":"https:\/\/www.sitsesp.org.br\/novo\/","logo":{"@type":"ImageObject","inLanguage":"pt-BR","@id":"https:\/\/www.sitsesp.org.br\/novo\/#\/schema\/logo\/image\/","url":"https:\/\/www.sitsesp.org.br\/novo\/wp-content\/uploads\/2020\/09\/Design-sem-nome-1.jpg","contentUrl":"https:\/\/www.sitsesp.org.br\/novo\/wp-content\/uploads\/2020\/09\/Design-sem-nome-1.jpg","width":300,"height":300,"caption":"Sitsesp"},"image":{"@id":"https:\/\/www.sitsesp.org.br\/novo\/#\/schema\/logo\/image\/"}},{"@type":"Person","@id":"https:\/\/www.sitsesp.org.br\/novo\/#\/schema\/person\/28e42eec160f373e81d0183b3643edbf","name":"imprensa","image":{"@type":"ImageObject","inLanguage":"pt-BR","@id":"https:\/\/www.sitsesp.org.br\/novo\/#\/schema\/person\/image\/","url":"https:\/\/secure.gravatar.com\/avatar\/8d6ccd8d7d52b8959f34154e87d3fa29?s=96&d=mm&r=g","contentUrl":"https:\/\/secure.gravatar.com\/avatar\/8d6ccd8d7d52b8959f34154e87d3fa29?s=96&d=mm&r=g","caption":"imprensa"}}]}},"_links":{"self":[{"href":"https:\/\/www.sitsesp.org.br\/novo\/wp-json\/wp\/v2\/posts\/8402"}],"collection":[{"href":"https:\/\/www.sitsesp.org.br\/novo\/wp-json\/wp\/v2\/posts"}],"about":[{"href":"https:\/\/www.sitsesp.org.br\/novo\/wp-json\/wp\/v2\/types\/post"}],"author":[{"embeddable":true,"href":"https:\/\/www.sitsesp.org.br\/novo\/wp-json\/wp\/v2\/users\/5"}],"replies":[{"embeddable":true,"href":"https:\/\/www.sitsesp.org.br\/novo\/wp-json\/wp\/v2\/comments?post=8402"}],"version-history":[{"count":1,"href":"https:\/\/www.sitsesp.org.br\/novo\/wp-json\/wp\/v2\/posts\/8402\/revisions"}],"predecessor-version":[{"id":8420,"href":"https:\/\/www.sitsesp.org.br\/novo\/wp-json\/wp\/v2\/posts\/8402\/revisions\/8420"}],"wp:featuredmedia":[{"embeddable":true,"href":"https:\/\/www.sitsesp.org.br\/novo\/wp-json\/wp\/v2\/media\/8409"}],"wp:attachment":[{"href":"https:\/\/www.sitsesp.org.br\/novo\/wp-json\/wp\/v2\/media?parent=8402"}],"wp:term":[{"taxonomy":"category","embeddable":true,"href":"https:\/\/www.sitsesp.org.br\/novo\/wp-json\/wp\/v2\/categories?post=8402"},{"taxonomy":"post_tag","embeddable":true,"href":"https:\/\/www.sitsesp.org.br\/novo\/wp-json\/wp\/v2\/tags?post=8402"}],"curies":[{"name":"wp","href":"https:\/\/api.w.org\/{rel}","templated":true}]}}