{"id":8444,"date":"2022-03-23T10:51:07","date_gmt":"2022-03-23T13:51:07","guid":{"rendered":"https:\/\/sitsesp.org.br\/novo\/?p=8444"},"modified":"2022-03-23T10:51:07","modified_gmt":"2022-03-23T13:51:07","slug":"mais-uma-vez-o-descaso-politico-com-a-categoria-socioeducativa-apareceu-alesp-nega-a-inclusao-da-categoria-no-reajuste-de-20","status":"publish","type":"post","link":"https:\/\/www.sitsesp.org.br\/novo\/mais-uma-vez-o-descaso-politico-com-a-categoria-socioeducativa-apareceu-alesp-nega-a-inclusao-da-categoria-no-reajuste-de-20\/","title":{"rendered":"MAIS UMA VEZ O DESCASO POL\u00cdTICO COM A CATEGORIA SOCIOEDUCATIVA APARECEU \u2013ALESP NEGA A INCLUS\u00c3O DA CATEGORIA NO REAJUSTE DE 20%"},"content":{"rendered":"<p><!-- VideographyWP Plugin Message: Automatic video embedding prevented by plugin options. --><br \/>\nFoi votado na noite de ontem, ter\u00e7a-feira (22), o projeto de lei que incluiria a categoria socioeducativa no reajuste de 20% oferecido pelo governador D\u00f3ria a algumas poucas categorias de servidores p\u00fablicos. Infelizmente, apesar de toda a press\u00e3o colocada pelo SITSESP e o apoio de alguns parlamentares, o relat\u00f3rio apresentado foi contra a categoria socioeducativa e nosso direito foi negado.<\/p>\n<p>O l\u00edder do governo e presidente da casa, Vin\u00edcius Camarinha (PSB), era contra as emendas que beneficiavam os servidores socioeducativos. Por responsabilidade dele e do col\u00e9gio de comiss\u00e3o, liderado pelo deputado Zerbini (PSDB), que elaborou um relat\u00f3rio contr\u00e1rio a emenda que incluiria os servidores da socioeduca\u00e7\u00e3o no reajuste de 20%, a emenda foi negada. No final foram 18 votos a favor do parecer do relator deputado Zerbini (e contr\u00e1rios aos servidores socioeducativos), 06 votos a favor das emendas que beneficiariam os socioeducadores e uma absten\u00e7\u00e3o.<\/p>\n<p>Vamos continuar unidos, pressionando a Funda\u00e7\u00e3o CASA e lutando por um reajuste digno, pois, como falou o governador D\u00f3ria, a Funda\u00e7\u00e3o tem autonomia para conceder reajustes aos seus servidores. Confira o v\u00eddeo gravado na noite de ontem ap\u00f3s a sess\u00e3o na ALESP.<\/p>\n<div style=\"width: 640px;\" class=\"wp-video\"><!--[if lt IE 9]><script>document.createElement('video');<\/script><![endif]-->\n<video class=\"wp-video-shortcode\" id=\"video-8444-1\" width=\"640\" height=\"352\" preload=\"metadata\" controls=\"controls\"><source type=\"video\/mp4\" src=\"https:\/\/sitsesp.org.br\/novo\/wp-content\/uploads\/2022\/03\/alespb.mp4?_=1\" \/><a href=\"https:\/\/sitsesp.org.br\/novo\/wp-content\/uploads\/2022\/03\/alespb.mp4\">https:\/\/sitsesp.org.br\/novo\/wp-content\/uploads\/2022\/03\/alespb.mp4<\/a><\/video><\/div>\n","protected":false},"excerpt":{"rendered":"<p>Foi votado na noite de ontem, ter\u00e7a-feira (22), o projeto de lei que incluiria a categoria socioeducativa no reajuste de 20%&hellip;<\/p>\n","protected":false},"author":5,"featured_media":8445,"comment_status":"open","ping_status":"open","sticky":false,"template":"","format":"standard","meta":{"cybocfi_hide_featured_image":"","footnotes":""},"categories":[27,22],"tags":[],"yoast_head":"<!-- This site is optimized with the Yoast SEO plugin v22.8 - https:\/\/yoast.com\/wordpress\/plugins\/seo\/ -->\n<title>MAIS UMA VEZ O DESCASO POL\u00cdTICO COM A CATEGORIA SOCIOEDUCATIVA APARECEU \u2013ALESP NEGA A INCLUS\u00c3O DA CATEGORIA NO REAJUSTE DE 20% - SITSESP<\/title>\n<meta name=\"robots\" content=\"index, follow, max-snippet:-1, max-image-preview:large, max-video-preview:-1\" \/>\n<link rel=\"canonical\" href=\"https:\/\/www.sitsesp.org.br\/novo\/mais-uma-vez-o-descaso-politico-com-a-categoria-socioeducativa-apareceu-alesp-nega-a-inclusao-da-categoria-no-reajuste-de-20\/\" \/>\n<meta property=\"og:locale\" content=\"pt_BR\" \/>\n<meta property=\"og:type\" content=\"article\" \/>\n<meta property=\"og:title\" content=\"MAIS UMA VEZ O DESCASO POL\u00cdTICO COM A CATEGORIA SOCIOEDUCATIVA APARECEU \u2013ALESP NEGA A INCLUS\u00c3O DA CATEGORIA NO REAJUSTE DE 20% - SITSESP\" \/>\n<meta property=\"og:description\" content=\"Foi votado na noite de ontem, ter\u00e7a-feira (22), o projeto de lei que incluiria a categoria socioeducativa no reajuste de 20%&hellip;\" \/>\n<meta property=\"og:url\" content=\"https:\/\/www.sitsesp.org.br\/novo\/mais-uma-vez-o-descaso-politico-com-a-categoria-socioeducativa-apareceu-alesp-nega-a-inclusao-da-categoria-no-reajuste-de-20\/\" \/>\n<meta property=\"og:site_name\" content=\"SITSESP\" \/>\n<meta property=\"article:published_time\" content=\"2022-03-23T13:51:07+00:00\" \/>\n<meta property=\"og:image\" content=\"https:\/\/www.sitsesp.org.br\/novo\/wp-content\/uploads\/2022\/03\/Sem-Titulo-1.png\" \/>\n\t<meta property=\"og:image:width\" content=\"541\" \/>\n\t<meta property=\"og:image:height\" content=\"291\" \/>\n\t<meta property=\"og:image:type\" content=\"image\/png\" \/>\n<meta name=\"author\" content=\"imprensa\" \/>\n<meta name=\"twitter:card\" content=\"summary_large_image\" \/>\n<meta name=\"twitter:label1\" content=\"Escrito por\" \/>\n\t<meta name=\"twitter:data1\" content=\"imprensa\" \/>\n\t<meta name=\"twitter:label2\" content=\"Est. tempo de leitura\" \/>\n\t<meta name=\"twitter:data2\" content=\"2 minutos\" \/>\n<script type=\"application\/ld+json\" class=\"yoast-schema-graph\">{\"@context\":\"https:\/\/schema.org\",\"@graph\":[{\"@type\":\"Article\",\"@id\":\"https:\/\/www.sitsesp.org.br\/novo\/mais-uma-vez-o-descaso-politico-com-a-categoria-socioeducativa-apareceu-alesp-nega-a-inclusao-da-categoria-no-reajuste-de-20\/#article\",\"isPartOf\":{\"@id\":\"https:\/\/www.sitsesp.org.br\/novo\/mais-uma-vez-o-descaso-politico-com-a-categoria-socioeducativa-apareceu-alesp-nega-a-inclusao-da-categoria-no-reajuste-de-20\/\"},\"author\":{\"name\":\"imprensa\",\"@id\":\"https:\/\/www.sitsesp.org.br\/novo\/#\/schema\/person\/28e42eec160f373e81d0183b3643edbf\"},\"headline\":\"MAIS UMA VEZ O DESCASO POL\u00cdTICO COM A CATEGORIA SOCIOEDUCATIVA APARECEU \u2013ALESP NEGA A INCLUS\u00c3O DA CATEGORIA NO REAJUSTE DE 20%\",\"datePublished\":\"2022-03-23T13:51:07+00:00\",\"dateModified\":\"2022-03-23T13:51:07+00:00\",\"mainEntityOfPage\":{\"@id\":\"https:\/\/www.sitsesp.org.br\/novo\/mais-uma-vez-o-descaso-politico-com-a-categoria-socioeducativa-apareceu-alesp-nega-a-inclusao-da-categoria-no-reajuste-de-20\/\"},\"wordCount\":238,\"commentCount\":0,\"publisher\":{\"@id\":\"https:\/\/www.sitsesp.org.br\/novo\/#organization\"},\"image\":{\"@id\":\"https:\/\/www.sitsesp.org.br\/novo\/mais-uma-vez-o-descaso-politico-com-a-categoria-socioeducativa-apareceu-alesp-nega-a-inclusao-da-categoria-no-reajuste-de-20\/#primaryimage\"},\"thumbnailUrl\":\"https:\/\/www.sitsesp.org.br\/novo\/wp-content\/uploads\/2022\/03\/Sem-Titulo-1.png\",\"articleSection\":[\"Destaque\",\"Noticias\"],\"inLanguage\":\"pt-BR\",\"potentialAction\":[{\"@type\":\"CommentAction\",\"name\":\"Comment\",\"target\":[\"https:\/\/www.sitsesp.org.br\/novo\/mais-uma-vez-o-descaso-politico-com-a-categoria-socioeducativa-apareceu-alesp-nega-a-inclusao-da-categoria-no-reajuste-de-20\/#respond\"]}]},{\"@type\":\"WebPage\",\"@id\":\"https:\/\/www.sitsesp.org.br\/novo\/mais-uma-vez-o-descaso-politico-com-a-categoria-socioeducativa-apareceu-alesp-nega-a-inclusao-da-categoria-no-reajuste-de-20\/\",\"url\":\"https:\/\/www.sitsesp.org.br\/novo\/mais-uma-vez-o-descaso-politico-com-a-categoria-socioeducativa-apareceu-alesp-nega-a-inclusao-da-categoria-no-reajuste-de-20\/\",\"name\":\"MAIS UMA VEZ O DESCASO POL\u00cdTICO COM A CATEGORIA SOCIOEDUCATIVA APARECEU \u2013ALESP NEGA A INCLUS\u00c3O DA CATEGORIA NO REAJUSTE DE 20% - SITSESP\",\"isPartOf\":{\"@id\":\"https:\/\/www.sitsesp.org.br\/novo\/#website\"},\"primaryImageOfPage\":{\"@id\":\"https:\/\/www.sitsesp.org.br\/novo\/mais-uma-vez-o-descaso-politico-com-a-categoria-socioeducativa-apareceu-alesp-nega-a-inclusao-da-categoria-no-reajuste-de-20\/#primaryimage\"},\"image\":{\"@id\":\"https:\/\/www.sitsesp.org.br\/novo\/mais-uma-vez-o-descaso-politico-com-a-categoria-socioeducativa-apareceu-alesp-nega-a-inclusao-da-categoria-no-reajuste-de-20\/#primaryimage\"},\"thumbnailUrl\":\"https:\/\/www.sitsesp.org.br\/novo\/wp-content\/uploads\/2022\/03\/Sem-Titulo-1.png\",\"datePublished\":\"2022-03-23T13:51:07+00:00\",\"dateModified\":\"2022-03-23T13:51:07+00:00\",\"breadcrumb\":{\"@id\":\"https:\/\/www.sitsesp.org.br\/novo\/mais-uma-vez-o-descaso-politico-com-a-categoria-socioeducativa-apareceu-alesp-nega-a-inclusao-da-categoria-no-reajuste-de-20\/#breadcrumb\"},\"inLanguage\":\"pt-BR\",\"potentialAction\":[{\"@type\":\"ReadAction\",\"target\":[\"https:\/\/www.sitsesp.org.br\/novo\/mais-uma-vez-o-descaso-politico-com-a-categoria-socioeducativa-apareceu-alesp-nega-a-inclusao-da-categoria-no-reajuste-de-20\/\"]}]},{\"@type\":\"ImageObject\",\"inLanguage\":\"pt-BR\",\"@id\":\"https:\/\/www.sitsesp.org.br\/novo\/mais-uma-vez-o-descaso-politico-com-a-categoria-socioeducativa-apareceu-alesp-nega-a-inclusao-da-categoria-no-reajuste-de-20\/#primaryimage\",\"url\":\"https:\/\/www.sitsesp.org.br\/novo\/wp-content\/uploads\/2022\/03\/Sem-Titulo-1.png\",\"contentUrl\":\"https:\/\/www.sitsesp.org.br\/novo\/wp-content\/uploads\/2022\/03\/Sem-Titulo-1.png\",\"width\":541,\"height\":291},{\"@type\":\"BreadcrumbList\",\"@id\":\"https:\/\/www.sitsesp.org.br\/novo\/mais-uma-vez-o-descaso-politico-com-a-categoria-socioeducativa-apareceu-alesp-nega-a-inclusao-da-categoria-no-reajuste-de-20\/#breadcrumb\",\"itemListElement\":[{\"@type\":\"ListItem\",\"position\":1,\"name\":\"In\u00edcio\",\"item\":\"https:\/\/www.sitsesp.org.br\/novo\/\"},{\"@type\":\"ListItem\",\"position\":2,\"name\":\"MAIS UMA VEZ O DESCASO POL\u00cdTICO COM A CATEGORIA SOCIOEDUCATIVA APARECEU \u2013ALESP NEGA A INCLUS\u00c3O DA CATEGORIA NO REAJUSTE DE 20%\"}]},{\"@type\":\"WebSite\",\"@id\":\"https:\/\/www.sitsesp.org.br\/novo\/#website\",\"url\":\"https:\/\/www.sitsesp.org.br\/novo\/\",\"name\":\"Sitsesp\",\"description\":\"SIndicato da Socioeduca\u00e7\u00e3o do Estado de S\u00e3o Paulo\",\"publisher\":{\"@id\":\"https:\/\/www.sitsesp.org.br\/novo\/#organization\"},\"potentialAction\":[{\"@type\":\"SearchAction\",\"target\":{\"@type\":\"EntryPoint\",\"urlTemplate\":\"https:\/\/www.sitsesp.org.br\/novo\/?s={search_term_string}\"},\"query-input\":\"required name=search_term_string\"}],\"inLanguage\":\"pt-BR\"},{\"@type\":\"Organization\",\"@id\":\"https:\/\/www.sitsesp.org.br\/novo\/#organization\",\"name\":\"Sitsesp\",\"url\":\"https:\/\/www.sitsesp.org.br\/novo\/\",\"logo\":{\"@type\":\"ImageObject\",\"inLanguage\":\"pt-BR\",\"@id\":\"https:\/\/www.sitsesp.org.br\/novo\/#\/schema\/logo\/image\/\",\"url\":\"https:\/\/www.sitsesp.org.br\/novo\/wp-content\/uploads\/2020\/09\/Design-sem-nome-1.jpg\",\"contentUrl\":\"https:\/\/www.sitsesp.org.br\/novo\/wp-content\/uploads\/2020\/09\/Design-sem-nome-1.jpg\",\"width\":300,\"height\":300,\"caption\":\"Sitsesp\"},\"image\":{\"@id\":\"https:\/\/www.sitsesp.org.br\/novo\/#\/schema\/logo\/image\/\"}},{\"@type\":\"Person\",\"@id\":\"https:\/\/www.sitsesp.org.br\/novo\/#\/schema\/person\/28e42eec160f373e81d0183b3643edbf\",\"name\":\"imprensa\",\"image\":{\"@type\":\"ImageObject\",\"inLanguage\":\"pt-BR\",\"@id\":\"https:\/\/www.sitsesp.org.br\/novo\/#\/schema\/person\/image\/\",\"url\":\"https:\/\/secure.gravatar.com\/avatar\/8d6ccd8d7d52b8959f34154e87d3fa29?s=96&d=mm&r=g\",\"contentUrl\":\"https:\/\/secure.gravatar.com\/avatar\/8d6ccd8d7d52b8959f34154e87d3fa29?s=96&d=mm&r=g\",\"caption\":\"imprensa\"}}]}<\/script>\n<!-- \/ Yoast SEO plugin. -->","yoast_head_json":{"title":"MAIS UMA VEZ O DESCASO POL\u00cdTICO COM A CATEGORIA SOCIOEDUCATIVA APARECEU \u2013ALESP NEGA A INCLUS\u00c3O DA CATEGORIA NO REAJUSTE DE 20% - SITSESP","robots":{"index":"index","follow":"follow","max-snippet":"max-snippet:-1","max-image-preview":"max-image-preview:large","max-video-preview":"max-video-preview:-1"},"canonical":"https:\/\/www.sitsesp.org.br\/novo\/mais-uma-vez-o-descaso-politico-com-a-categoria-socioeducativa-apareceu-alesp-nega-a-inclusao-da-categoria-no-reajuste-de-20\/","og_locale":"pt_BR","og_type":"article","og_title":"MAIS UMA VEZ O DESCASO POL\u00cdTICO COM A CATEGORIA SOCIOEDUCATIVA APARECEU \u2013ALESP NEGA A INCLUS\u00c3O DA CATEGORIA NO REAJUSTE DE 20% - SITSESP","og_description":"Foi votado na noite de ontem, ter\u00e7a-feira (22), o projeto de lei que incluiria a categoria socioeducativa no reajuste de 20%&hellip;","og_url":"https:\/\/www.sitsesp.org.br\/novo\/mais-uma-vez-o-descaso-politico-com-a-categoria-socioeducativa-apareceu-alesp-nega-a-inclusao-da-categoria-no-reajuste-de-20\/","og_site_name":"SITSESP","article_published_time":"2022-03-23T13:51:07+00:00","og_image":[{"width":541,"height":291,"url":"https:\/\/www.sitsesp.org.br\/novo\/wp-content\/uploads\/2022\/03\/Sem-Titulo-1.png","type":"image\/png"}],"author":"imprensa","twitter_card":"summary_large_image","twitter_misc":{"Escrito por":"imprensa","Est. tempo de leitura":"2 minutos"},"schema":{"@context":"https:\/\/schema.org","@graph":[{"@type":"Article","@id":"https:\/\/www.sitsesp.org.br\/novo\/mais-uma-vez-o-descaso-politico-com-a-categoria-socioeducativa-apareceu-alesp-nega-a-inclusao-da-categoria-no-reajuste-de-20\/#article","isPartOf":{"@id":"https:\/\/www.sitsesp.org.br\/novo\/mais-uma-vez-o-descaso-politico-com-a-categoria-socioeducativa-apareceu-alesp-nega-a-inclusao-da-categoria-no-reajuste-de-20\/"},"author":{"name":"imprensa","@id":"https:\/\/www.sitsesp.org.br\/novo\/#\/schema\/person\/28e42eec160f373e81d0183b3643edbf"},"headline":"MAIS UMA VEZ O DESCASO POL\u00cdTICO COM A CATEGORIA SOCIOEDUCATIVA APARECEU \u2013ALESP NEGA A INCLUS\u00c3O DA CATEGORIA NO REAJUSTE DE 20%","datePublished":"2022-03-23T13:51:07+00:00","dateModified":"2022-03-23T13:51:07+00:00","mainEntityOfPage":{"@id":"https:\/\/www.sitsesp.org.br\/novo\/mais-uma-vez-o-descaso-politico-com-a-categoria-socioeducativa-apareceu-alesp-nega-a-inclusao-da-categoria-no-reajuste-de-20\/"},"wordCount":238,"commentCount":0,"publisher":{"@id":"https:\/\/www.sitsesp.org.br\/novo\/#organization"},"image":{"@id":"https:\/\/www.sitsesp.org.br\/novo\/mais-uma-vez-o-descaso-politico-com-a-categoria-socioeducativa-apareceu-alesp-nega-a-inclusao-da-categoria-no-reajuste-de-20\/#primaryimage"},"thumbnailUrl":"https:\/\/www.sitsesp.org.br\/novo\/wp-content\/uploads\/2022\/03\/Sem-Titulo-1.png","articleSection":["Destaque","Noticias"],"inLanguage":"pt-BR","potentialAction":[{"@type":"CommentAction","name":"Comment","target":["https:\/\/www.sitsesp.org.br\/novo\/mais-uma-vez-o-descaso-politico-com-a-categoria-socioeducativa-apareceu-alesp-nega-a-inclusao-da-categoria-no-reajuste-de-20\/#respond"]}]},{"@type":"WebPage","@id":"https:\/\/www.sitsesp.org.br\/novo\/mais-uma-vez-o-descaso-politico-com-a-categoria-socioeducativa-apareceu-alesp-nega-a-inclusao-da-categoria-no-reajuste-de-20\/","url":"https:\/\/www.sitsesp.org.br\/novo\/mais-uma-vez-o-descaso-politico-com-a-categoria-socioeducativa-apareceu-alesp-nega-a-inclusao-da-categoria-no-reajuste-de-20\/","name":"MAIS UMA VEZ O DESCASO POL\u00cdTICO COM A CATEGORIA SOCIOEDUCATIVA APARECEU \u2013ALESP NEGA A INCLUS\u00c3O DA CATEGORIA NO REAJUSTE DE 20% - SITSESP","isPartOf":{"@id":"https:\/\/www.sitsesp.org.br\/novo\/#website"},"primaryImageOfPage":{"@id":"https:\/\/www.sitsesp.org.br\/novo\/mais-uma-vez-o-descaso-politico-com-a-categoria-socioeducativa-apareceu-alesp-nega-a-inclusao-da-categoria-no-reajuste-de-20\/#primaryimage"},"image":{"@id":"https:\/\/www.sitsesp.org.br\/novo\/mais-uma-vez-o-descaso-politico-com-a-categoria-socioeducativa-apareceu-alesp-nega-a-inclusao-da-categoria-no-reajuste-de-20\/#primaryimage"},"thumbnailUrl":"https:\/\/www.sitsesp.org.br\/novo\/wp-content\/uploads\/2022\/03\/Sem-Titulo-1.png","datePublished":"2022-03-23T13:51:07+00:00","dateModified":"2022-03-23T13:51:07+00:00","breadcrumb":{"@id":"https:\/\/www.sitsesp.org.br\/novo\/mais-uma-vez-o-descaso-politico-com-a-categoria-socioeducativa-apareceu-alesp-nega-a-inclusao-da-categoria-no-reajuste-de-20\/#breadcrumb"},"inLanguage":"pt-BR","potentialAction":[{"@type":"ReadAction","target":["https:\/\/www.sitsesp.org.br\/novo\/mais-uma-vez-o-descaso-politico-com-a-categoria-socioeducativa-apareceu-alesp-nega-a-inclusao-da-categoria-no-reajuste-de-20\/"]}]},{"@type":"ImageObject","inLanguage":"pt-BR","@id":"https:\/\/www.sitsesp.org.br\/novo\/mais-uma-vez-o-descaso-politico-com-a-categoria-socioeducativa-apareceu-alesp-nega-a-inclusao-da-categoria-no-reajuste-de-20\/#primaryimage","url":"https:\/\/www.sitsesp.org.br\/novo\/wp-content\/uploads\/2022\/03\/Sem-Titulo-1.png","contentUrl":"https:\/\/www.sitsesp.org.br\/novo\/wp-content\/uploads\/2022\/03\/Sem-Titulo-1.png","width":541,"height":291},{"@type":"BreadcrumbList","@id":"https:\/\/www.sitsesp.org.br\/novo\/mais-uma-vez-o-descaso-politico-com-a-categoria-socioeducativa-apareceu-alesp-nega-a-inclusao-da-categoria-no-reajuste-de-20\/#breadcrumb","itemListElement":[{"@type":"ListItem","position":1,"name":"In\u00edcio","item":"https:\/\/www.sitsesp.org.br\/novo\/"},{"@type":"ListItem","position":2,"name":"MAIS UMA VEZ O DESCASO POL\u00cdTICO COM A CATEGORIA SOCIOEDUCATIVA APARECEU \u2013ALESP NEGA A INCLUS\u00c3O DA CATEGORIA NO REAJUSTE DE 20%"}]},{"@type":"WebSite","@id":"https:\/\/www.sitsesp.org.br\/novo\/#website","url":"https:\/\/www.sitsesp.org.br\/novo\/","name":"Sitsesp","description":"SIndicato da Socioeduca\u00e7\u00e3o do Estado de S\u00e3o Paulo","publisher":{"@id":"https:\/\/www.sitsesp.org.br\/novo\/#organization"},"potentialAction":[{"@type":"SearchAction","target":{"@type":"EntryPoint","urlTemplate":"https:\/\/www.sitsesp.org.br\/novo\/?s={search_term_string}"},"query-input":"required name=search_term_string"}],"inLanguage":"pt-BR"},{"@type":"Organization","@id":"https:\/\/www.sitsesp.org.br\/novo\/#organization","name":"Sitsesp","url":"https:\/\/www.sitsesp.org.br\/novo\/","logo":{"@type":"ImageObject","inLanguage":"pt-BR","@id":"https:\/\/www.sitsesp.org.br\/novo\/#\/schema\/logo\/image\/","url":"https:\/\/www.sitsesp.org.br\/novo\/wp-content\/uploads\/2020\/09\/Design-sem-nome-1.jpg","contentUrl":"https:\/\/www.sitsesp.org.br\/novo\/wp-content\/uploads\/2020\/09\/Design-sem-nome-1.jpg","width":300,"height":300,"caption":"Sitsesp"},"image":{"@id":"https:\/\/www.sitsesp.org.br\/novo\/#\/schema\/logo\/image\/"}},{"@type":"Person","@id":"https:\/\/www.sitsesp.org.br\/novo\/#\/schema\/person\/28e42eec160f373e81d0183b3643edbf","name":"imprensa","image":{"@type":"ImageObject","inLanguage":"pt-BR","@id":"https:\/\/www.sitsesp.org.br\/novo\/#\/schema\/person\/image\/","url":"https:\/\/secure.gravatar.com\/avatar\/8d6ccd8d7d52b8959f34154e87d3fa29?s=96&d=mm&r=g","contentUrl":"https:\/\/secure.gravatar.com\/avatar\/8d6ccd8d7d52b8959f34154e87d3fa29?s=96&d=mm&r=g","caption":"imprensa"}}]}},"_links":{"self":[{"href":"https:\/\/www.sitsesp.org.br\/novo\/wp-json\/wp\/v2\/posts\/8444"}],"collection":[{"href":"https:\/\/www.sitsesp.org.br\/novo\/wp-json\/wp\/v2\/posts"}],"about":[{"href":"https:\/\/www.sitsesp.org.br\/novo\/wp-json\/wp\/v2\/types\/post"}],"author":[{"embeddable":true,"href":"https:\/\/www.sitsesp.org.br\/novo\/wp-json\/wp\/v2\/users\/5"}],"replies":[{"embeddable":true,"href":"https:\/\/www.sitsesp.org.br\/novo\/wp-json\/wp\/v2\/comments?post=8444"}],"version-history":[{"count":1,"href":"https:\/\/www.sitsesp.org.br\/novo\/wp-json\/wp\/v2\/posts\/8444\/revisions"}],"predecessor-version":[{"id":8447,"href":"https:\/\/www.sitsesp.org.br\/novo\/wp-json\/wp\/v2\/posts\/8444\/revisions\/8447"}],"wp:featuredmedia":[{"embeddable":true,"href":"https:\/\/www.sitsesp.org.br\/novo\/wp-json\/wp\/v2\/media\/8445"}],"wp:attachment":[{"href":"https:\/\/www.sitsesp.org.br\/novo\/wp-json\/wp\/v2\/media?parent=8444"}],"wp:term":[{"taxonomy":"category","embeddable":true,"href":"https:\/\/www.sitsesp.org.br\/novo\/wp-json\/wp\/v2\/categories?post=8444"},{"taxonomy":"post_tag","embeddable":true,"href":"https:\/\/www.sitsesp.org.br\/novo\/wp-json\/wp\/v2\/tags?post=8444"}],"curies":[{"name":"wp","href":"https:\/\/api.w.org\/{rel}","templated":true}]}}