{"id":8502,"date":"2022-03-26T13:03:26","date_gmt":"2022-03-26T16:03:26","guid":{"rendered":"https:\/\/sitsesp.org.br\/novo\/?p=8502"},"modified":"2022-03-26T13:03:26","modified_gmt":"2022-03-26T16:03:26","slug":"socioeducadores-aprovam-reajuste-salarial-de-1033-e-aas-aceitam-a-escala-de-trabalho-2x2","status":"publish","type":"post","link":"https:\/\/www.sitsesp.org.br\/novo\/socioeducadores-aprovam-reajuste-salarial-de-1033-e-aas-aceitam-a-escala-de-trabalho-2x2\/","title":{"rendered":"Socioeducadores aprovam reajuste salarial de 10,33% e AAS aceitam a escala de trabalho 2&#215;2"},"content":{"rendered":"<p><!-- VideographyWP Plugin Message: Automatic video embedding prevented by plugin options. --><br \/>\nNa manh\u00e3 deste s\u00e1bado (26) ocorreram duas assembleias com os socioeducadores para decidir sobre as propostas da Funda\u00e7\u00e3o CASA, uma referente a escala de trabalho dos agentes de apoio socioeducativos e outra sobre as negocia\u00e7\u00f5es das pautas econ\u00f4micas.<\/p>\n<p>\u00c0s 08h30 teve in\u00edcio a assembleia geral dos agentes de apoio socioeducativos com a finalidade de responder \u00e0 proposta da escala de trabalho oferecida pela Funda\u00e7\u00e3o CASA, escala 2 x 2 sem folgas. A assembleia contou com mais de 600 agentes. 58% dos trabalhadores presentes na assembleia aceitaram a proposta da Funda\u00e7\u00e3o CASA.<\/p>\n<p>J\u00e1 \u00e0s 10h30 teve in\u00edcio a assembleia geral dos socioeducadores para dar uma resposta \u00e0s propostas econ\u00f4micas que a Funda\u00e7\u00e3o CASA apresentou. Lembrando que as cl\u00e1usulas sociais est\u00e3o garantidas at\u00e9 o ano de 2023. J\u00e1 as cl\u00e1usulas econ\u00f4micas est\u00e3o em negocia\u00e7\u00e3o. O SITSESP, desde o in\u00edcio da campanha salarial, pontuou que o reajuste justo para repor as perdas salariais deveria ser de 36%, levando em considera\u00e7\u00e3o que a categoria n\u00e3o teve reajuste nas campanhas salariais 2020 e 2021.<\/p>\n<p>A proposta da Funda\u00e7\u00e3o CASA de reajuste salarial de 10,33% refletido nos benef\u00edcios (vale refei\u00e7\u00e3o, alimenta\u00e7\u00e3o, aux\u00edlio funeral e creche) foi aprovada por 76% dos servidores em assembleia.<\/p>\n","protected":false},"excerpt":{"rendered":"<p>Na manh\u00e3 deste s\u00e1bado (26) ocorreram duas assembleias com os socioeducadores para decidir sobre as propostas da Funda\u00e7\u00e3o CASA, uma referente&hellip;<\/p>\n","protected":false},"author":5,"featured_media":8503,"comment_status":"open","ping_status":"open","sticky":false,"template":"","format":"standard","meta":{"cybocfi_hide_featured_image":"","footnotes":""},"categories":[27,22],"tags":[],"yoast_head":"<!-- This site is optimized with the Yoast SEO plugin v22.8 - https:\/\/yoast.com\/wordpress\/plugins\/seo\/ -->\n<title>Socioeducadores aprovam reajuste salarial de 10,33% e AAS aceitam a escala de trabalho 2x2 - SITSESP<\/title>\n<meta name=\"robots\" content=\"index, follow, max-snippet:-1, max-image-preview:large, max-video-preview:-1\" \/>\n<link rel=\"canonical\" href=\"https:\/\/www.sitsesp.org.br\/novo\/socioeducadores-aprovam-reajuste-salarial-de-1033-e-aas-aceitam-a-escala-de-trabalho-2x2\/\" \/>\n<meta property=\"og:locale\" content=\"pt_BR\" \/>\n<meta property=\"og:type\" content=\"article\" \/>\n<meta property=\"og:title\" content=\"Socioeducadores aprovam reajuste salarial de 10,33% e AAS aceitam a escala de trabalho 2x2 - SITSESP\" \/>\n<meta property=\"og:description\" content=\"Na manh\u00e3 deste s\u00e1bado (26) ocorreram duas assembleias com os socioeducadores para decidir sobre as propostas da Funda\u00e7\u00e3o CASA, uma referente&hellip;\" \/>\n<meta property=\"og:url\" content=\"https:\/\/www.sitsesp.org.br\/novo\/socioeducadores-aprovam-reajuste-salarial-de-1033-e-aas-aceitam-a-escala-de-trabalho-2x2\/\" \/>\n<meta property=\"og:site_name\" content=\"SITSESP\" \/>\n<meta property=\"article:published_time\" content=\"2022-03-26T16:03:26+00:00\" \/>\n<meta property=\"og:image\" content=\"https:\/\/www.sitsesp.org.br\/novo\/wp-content\/uploads\/2022\/03\/2603.jpg\" \/>\n\t<meta property=\"og:image:width\" content=\"800\" \/>\n\t<meta property=\"og:image:height\" content=\"800\" \/>\n\t<meta property=\"og:image:type\" content=\"image\/jpeg\" \/>\n<meta name=\"author\" content=\"imprensa\" \/>\n<meta name=\"twitter:card\" content=\"summary_large_image\" \/>\n<meta name=\"twitter:label1\" content=\"Escrito por\" \/>\n\t<meta name=\"twitter:data1\" content=\"imprensa\" \/>\n\t<meta name=\"twitter:label2\" content=\"Est. tempo de leitura\" \/>\n\t<meta name=\"twitter:data2\" content=\"2 minutos\" \/>\n<script type=\"application\/ld+json\" class=\"yoast-schema-graph\">{\"@context\":\"https:\/\/schema.org\",\"@graph\":[{\"@type\":\"Article\",\"@id\":\"https:\/\/www.sitsesp.org.br\/novo\/socioeducadores-aprovam-reajuste-salarial-de-1033-e-aas-aceitam-a-escala-de-trabalho-2x2\/#article\",\"isPartOf\":{\"@id\":\"https:\/\/www.sitsesp.org.br\/novo\/socioeducadores-aprovam-reajuste-salarial-de-1033-e-aas-aceitam-a-escala-de-trabalho-2x2\/\"},\"author\":{\"name\":\"imprensa\",\"@id\":\"https:\/\/www.sitsesp.org.br\/novo\/#\/schema\/person\/28e42eec160f373e81d0183b3643edbf\"},\"headline\":\"Socioeducadores aprovam reajuste salarial de 10,33% e AAS aceitam a escala de trabalho 2&#215;2\",\"datePublished\":\"2022-03-26T16:03:26+00:00\",\"dateModified\":\"2022-03-26T16:03:26+00:00\",\"mainEntityOfPage\":{\"@id\":\"https:\/\/www.sitsesp.org.br\/novo\/socioeducadores-aprovam-reajuste-salarial-de-1033-e-aas-aceitam-a-escala-de-trabalho-2x2\/\"},\"wordCount\":222,\"commentCount\":0,\"publisher\":{\"@id\":\"https:\/\/www.sitsesp.org.br\/novo\/#organization\"},\"image\":{\"@id\":\"https:\/\/www.sitsesp.org.br\/novo\/socioeducadores-aprovam-reajuste-salarial-de-1033-e-aas-aceitam-a-escala-de-trabalho-2x2\/#primaryimage\"},\"thumbnailUrl\":\"https:\/\/www.sitsesp.org.br\/novo\/wp-content\/uploads\/2022\/03\/2603.jpg\",\"articleSection\":[\"Destaque\",\"Noticias\"],\"inLanguage\":\"pt-BR\",\"potentialAction\":[{\"@type\":\"CommentAction\",\"name\":\"Comment\",\"target\":[\"https:\/\/www.sitsesp.org.br\/novo\/socioeducadores-aprovam-reajuste-salarial-de-1033-e-aas-aceitam-a-escala-de-trabalho-2x2\/#respond\"]}]},{\"@type\":\"WebPage\",\"@id\":\"https:\/\/www.sitsesp.org.br\/novo\/socioeducadores-aprovam-reajuste-salarial-de-1033-e-aas-aceitam-a-escala-de-trabalho-2x2\/\",\"url\":\"https:\/\/www.sitsesp.org.br\/novo\/socioeducadores-aprovam-reajuste-salarial-de-1033-e-aas-aceitam-a-escala-de-trabalho-2x2\/\",\"name\":\"Socioeducadores aprovam reajuste salarial de 10,33% e AAS aceitam a escala de trabalho 2x2 - SITSESP\",\"isPartOf\":{\"@id\":\"https:\/\/www.sitsesp.org.br\/novo\/#website\"},\"primaryImageOfPage\":{\"@id\":\"https:\/\/www.sitsesp.org.br\/novo\/socioeducadores-aprovam-reajuste-salarial-de-1033-e-aas-aceitam-a-escala-de-trabalho-2x2\/#primaryimage\"},\"image\":{\"@id\":\"https:\/\/www.sitsesp.org.br\/novo\/socioeducadores-aprovam-reajuste-salarial-de-1033-e-aas-aceitam-a-escala-de-trabalho-2x2\/#primaryimage\"},\"thumbnailUrl\":\"https:\/\/www.sitsesp.org.br\/novo\/wp-content\/uploads\/2022\/03\/2603.jpg\",\"datePublished\":\"2022-03-26T16:03:26+00:00\",\"dateModified\":\"2022-03-26T16:03:26+00:00\",\"breadcrumb\":{\"@id\":\"https:\/\/www.sitsesp.org.br\/novo\/socioeducadores-aprovam-reajuste-salarial-de-1033-e-aas-aceitam-a-escala-de-trabalho-2x2\/#breadcrumb\"},\"inLanguage\":\"pt-BR\",\"potentialAction\":[{\"@type\":\"ReadAction\",\"target\":[\"https:\/\/www.sitsesp.org.br\/novo\/socioeducadores-aprovam-reajuste-salarial-de-1033-e-aas-aceitam-a-escala-de-trabalho-2x2\/\"]}]},{\"@type\":\"ImageObject\",\"inLanguage\":\"pt-BR\",\"@id\":\"https:\/\/www.sitsesp.org.br\/novo\/socioeducadores-aprovam-reajuste-salarial-de-1033-e-aas-aceitam-a-escala-de-trabalho-2x2\/#primaryimage\",\"url\":\"https:\/\/www.sitsesp.org.br\/novo\/wp-content\/uploads\/2022\/03\/2603.jpg\",\"contentUrl\":\"https:\/\/www.sitsesp.org.br\/novo\/wp-content\/uploads\/2022\/03\/2603.jpg\",\"width\":800,\"height\":800},{\"@type\":\"BreadcrumbList\",\"@id\":\"https:\/\/www.sitsesp.org.br\/novo\/socioeducadores-aprovam-reajuste-salarial-de-1033-e-aas-aceitam-a-escala-de-trabalho-2x2\/#breadcrumb\",\"itemListElement\":[{\"@type\":\"ListItem\",\"position\":1,\"name\":\"In\u00edcio\",\"item\":\"https:\/\/www.sitsesp.org.br\/novo\/\"},{\"@type\":\"ListItem\",\"position\":2,\"name\":\"Socioeducadores aprovam reajuste salarial de 10,33% e AAS aceitam a escala de trabalho 2&#215;2\"}]},{\"@type\":\"WebSite\",\"@id\":\"https:\/\/www.sitsesp.org.br\/novo\/#website\",\"url\":\"https:\/\/www.sitsesp.org.br\/novo\/\",\"name\":\"Sitsesp\",\"description\":\"SIndicato da Socioeduca\u00e7\u00e3o do Estado de S\u00e3o Paulo\",\"publisher\":{\"@id\":\"https:\/\/www.sitsesp.org.br\/novo\/#organization\"},\"potentialAction\":[{\"@type\":\"SearchAction\",\"target\":{\"@type\":\"EntryPoint\",\"urlTemplate\":\"https:\/\/www.sitsesp.org.br\/novo\/?s={search_term_string}\"},\"query-input\":\"required name=search_term_string\"}],\"inLanguage\":\"pt-BR\"},{\"@type\":\"Organization\",\"@id\":\"https:\/\/www.sitsesp.org.br\/novo\/#organization\",\"name\":\"Sitsesp\",\"url\":\"https:\/\/www.sitsesp.org.br\/novo\/\",\"logo\":{\"@type\":\"ImageObject\",\"inLanguage\":\"pt-BR\",\"@id\":\"https:\/\/www.sitsesp.org.br\/novo\/#\/schema\/logo\/image\/\",\"url\":\"https:\/\/www.sitsesp.org.br\/novo\/wp-content\/uploads\/2020\/09\/Design-sem-nome-1.jpg\",\"contentUrl\":\"https:\/\/www.sitsesp.org.br\/novo\/wp-content\/uploads\/2020\/09\/Design-sem-nome-1.jpg\",\"width\":300,\"height\":300,\"caption\":\"Sitsesp\"},\"image\":{\"@id\":\"https:\/\/www.sitsesp.org.br\/novo\/#\/schema\/logo\/image\/\"}},{\"@type\":\"Person\",\"@id\":\"https:\/\/www.sitsesp.org.br\/novo\/#\/schema\/person\/28e42eec160f373e81d0183b3643edbf\",\"name\":\"imprensa\",\"image\":{\"@type\":\"ImageObject\",\"inLanguage\":\"pt-BR\",\"@id\":\"https:\/\/www.sitsesp.org.br\/novo\/#\/schema\/person\/image\/\",\"url\":\"https:\/\/secure.gravatar.com\/avatar\/8d6ccd8d7d52b8959f34154e87d3fa29?s=96&d=mm&r=g\",\"contentUrl\":\"https:\/\/secure.gravatar.com\/avatar\/8d6ccd8d7d52b8959f34154e87d3fa29?s=96&d=mm&r=g\",\"caption\":\"imprensa\"}}]}<\/script>\n<!-- \/ Yoast SEO plugin. -->","yoast_head_json":{"title":"Socioeducadores aprovam reajuste salarial de 10,33% e AAS aceitam a escala de trabalho 2x2 - SITSESP","robots":{"index":"index","follow":"follow","max-snippet":"max-snippet:-1","max-image-preview":"max-image-preview:large","max-video-preview":"max-video-preview:-1"},"canonical":"https:\/\/www.sitsesp.org.br\/novo\/socioeducadores-aprovam-reajuste-salarial-de-1033-e-aas-aceitam-a-escala-de-trabalho-2x2\/","og_locale":"pt_BR","og_type":"article","og_title":"Socioeducadores aprovam reajuste salarial de 10,33% e AAS aceitam a escala de trabalho 2x2 - SITSESP","og_description":"Na manh\u00e3 deste s\u00e1bado (26) ocorreram duas assembleias com os socioeducadores para decidir sobre as propostas da Funda\u00e7\u00e3o CASA, uma referente&hellip;","og_url":"https:\/\/www.sitsesp.org.br\/novo\/socioeducadores-aprovam-reajuste-salarial-de-1033-e-aas-aceitam-a-escala-de-trabalho-2x2\/","og_site_name":"SITSESP","article_published_time":"2022-03-26T16:03:26+00:00","og_image":[{"width":800,"height":800,"url":"https:\/\/www.sitsesp.org.br\/novo\/wp-content\/uploads\/2022\/03\/2603.jpg","type":"image\/jpeg"}],"author":"imprensa","twitter_card":"summary_large_image","twitter_misc":{"Escrito por":"imprensa","Est. tempo de leitura":"2 minutos"},"schema":{"@context":"https:\/\/schema.org","@graph":[{"@type":"Article","@id":"https:\/\/www.sitsesp.org.br\/novo\/socioeducadores-aprovam-reajuste-salarial-de-1033-e-aas-aceitam-a-escala-de-trabalho-2x2\/#article","isPartOf":{"@id":"https:\/\/www.sitsesp.org.br\/novo\/socioeducadores-aprovam-reajuste-salarial-de-1033-e-aas-aceitam-a-escala-de-trabalho-2x2\/"},"author":{"name":"imprensa","@id":"https:\/\/www.sitsesp.org.br\/novo\/#\/schema\/person\/28e42eec160f373e81d0183b3643edbf"},"headline":"Socioeducadores aprovam reajuste salarial de 10,33% e AAS aceitam a escala de trabalho 2&#215;2","datePublished":"2022-03-26T16:03:26+00:00","dateModified":"2022-03-26T16:03:26+00:00","mainEntityOfPage":{"@id":"https:\/\/www.sitsesp.org.br\/novo\/socioeducadores-aprovam-reajuste-salarial-de-1033-e-aas-aceitam-a-escala-de-trabalho-2x2\/"},"wordCount":222,"commentCount":0,"publisher":{"@id":"https:\/\/www.sitsesp.org.br\/novo\/#organization"},"image":{"@id":"https:\/\/www.sitsesp.org.br\/novo\/socioeducadores-aprovam-reajuste-salarial-de-1033-e-aas-aceitam-a-escala-de-trabalho-2x2\/#primaryimage"},"thumbnailUrl":"https:\/\/www.sitsesp.org.br\/novo\/wp-content\/uploads\/2022\/03\/2603.jpg","articleSection":["Destaque","Noticias"],"inLanguage":"pt-BR","potentialAction":[{"@type":"CommentAction","name":"Comment","target":["https:\/\/www.sitsesp.org.br\/novo\/socioeducadores-aprovam-reajuste-salarial-de-1033-e-aas-aceitam-a-escala-de-trabalho-2x2\/#respond"]}]},{"@type":"WebPage","@id":"https:\/\/www.sitsesp.org.br\/novo\/socioeducadores-aprovam-reajuste-salarial-de-1033-e-aas-aceitam-a-escala-de-trabalho-2x2\/","url":"https:\/\/www.sitsesp.org.br\/novo\/socioeducadores-aprovam-reajuste-salarial-de-1033-e-aas-aceitam-a-escala-de-trabalho-2x2\/","name":"Socioeducadores aprovam reajuste salarial de 10,33% e AAS aceitam a escala de trabalho 2x2 - SITSESP","isPartOf":{"@id":"https:\/\/www.sitsesp.org.br\/novo\/#website"},"primaryImageOfPage":{"@id":"https:\/\/www.sitsesp.org.br\/novo\/socioeducadores-aprovam-reajuste-salarial-de-1033-e-aas-aceitam-a-escala-de-trabalho-2x2\/#primaryimage"},"image":{"@id":"https:\/\/www.sitsesp.org.br\/novo\/socioeducadores-aprovam-reajuste-salarial-de-1033-e-aas-aceitam-a-escala-de-trabalho-2x2\/#primaryimage"},"thumbnailUrl":"https:\/\/www.sitsesp.org.br\/novo\/wp-content\/uploads\/2022\/03\/2603.jpg","datePublished":"2022-03-26T16:03:26+00:00","dateModified":"2022-03-26T16:03:26+00:00","breadcrumb":{"@id":"https:\/\/www.sitsesp.org.br\/novo\/socioeducadores-aprovam-reajuste-salarial-de-1033-e-aas-aceitam-a-escala-de-trabalho-2x2\/#breadcrumb"},"inLanguage":"pt-BR","potentialAction":[{"@type":"ReadAction","target":["https:\/\/www.sitsesp.org.br\/novo\/socioeducadores-aprovam-reajuste-salarial-de-1033-e-aas-aceitam-a-escala-de-trabalho-2x2\/"]}]},{"@type":"ImageObject","inLanguage":"pt-BR","@id":"https:\/\/www.sitsesp.org.br\/novo\/socioeducadores-aprovam-reajuste-salarial-de-1033-e-aas-aceitam-a-escala-de-trabalho-2x2\/#primaryimage","url":"https:\/\/www.sitsesp.org.br\/novo\/wp-content\/uploads\/2022\/03\/2603.jpg","contentUrl":"https:\/\/www.sitsesp.org.br\/novo\/wp-content\/uploads\/2022\/03\/2603.jpg","width":800,"height":800},{"@type":"BreadcrumbList","@id":"https:\/\/www.sitsesp.org.br\/novo\/socioeducadores-aprovam-reajuste-salarial-de-1033-e-aas-aceitam-a-escala-de-trabalho-2x2\/#breadcrumb","itemListElement":[{"@type":"ListItem","position":1,"name":"In\u00edcio","item":"https:\/\/www.sitsesp.org.br\/novo\/"},{"@type":"ListItem","position":2,"name":"Socioeducadores aprovam reajuste salarial de 10,33% e AAS aceitam a escala de trabalho 2&#215;2"}]},{"@type":"WebSite","@id":"https:\/\/www.sitsesp.org.br\/novo\/#website","url":"https:\/\/www.sitsesp.org.br\/novo\/","name":"Sitsesp","description":"SIndicato da Socioeduca\u00e7\u00e3o do Estado de S\u00e3o Paulo","publisher":{"@id":"https:\/\/www.sitsesp.org.br\/novo\/#organization"},"potentialAction":[{"@type":"SearchAction","target":{"@type":"EntryPoint","urlTemplate":"https:\/\/www.sitsesp.org.br\/novo\/?s={search_term_string}"},"query-input":"required name=search_term_string"}],"inLanguage":"pt-BR"},{"@type":"Organization","@id":"https:\/\/www.sitsesp.org.br\/novo\/#organization","name":"Sitsesp","url":"https:\/\/www.sitsesp.org.br\/novo\/","logo":{"@type":"ImageObject","inLanguage":"pt-BR","@id":"https:\/\/www.sitsesp.org.br\/novo\/#\/schema\/logo\/image\/","url":"https:\/\/www.sitsesp.org.br\/novo\/wp-content\/uploads\/2020\/09\/Design-sem-nome-1.jpg","contentUrl":"https:\/\/www.sitsesp.org.br\/novo\/wp-content\/uploads\/2020\/09\/Design-sem-nome-1.jpg","width":300,"height":300,"caption":"Sitsesp"},"image":{"@id":"https:\/\/www.sitsesp.org.br\/novo\/#\/schema\/logo\/image\/"}},{"@type":"Person","@id":"https:\/\/www.sitsesp.org.br\/novo\/#\/schema\/person\/28e42eec160f373e81d0183b3643edbf","name":"imprensa","image":{"@type":"ImageObject","inLanguage":"pt-BR","@id":"https:\/\/www.sitsesp.org.br\/novo\/#\/schema\/person\/image\/","url":"https:\/\/secure.gravatar.com\/avatar\/8d6ccd8d7d52b8959f34154e87d3fa29?s=96&d=mm&r=g","contentUrl":"https:\/\/secure.gravatar.com\/avatar\/8d6ccd8d7d52b8959f34154e87d3fa29?s=96&d=mm&r=g","caption":"imprensa"}}]}},"_links":{"self":[{"href":"https:\/\/www.sitsesp.org.br\/novo\/wp-json\/wp\/v2\/posts\/8502"}],"collection":[{"href":"https:\/\/www.sitsesp.org.br\/novo\/wp-json\/wp\/v2\/posts"}],"about":[{"href":"https:\/\/www.sitsesp.org.br\/novo\/wp-json\/wp\/v2\/types\/post"}],"author":[{"embeddable":true,"href":"https:\/\/www.sitsesp.org.br\/novo\/wp-json\/wp\/v2\/users\/5"}],"replies":[{"embeddable":true,"href":"https:\/\/www.sitsesp.org.br\/novo\/wp-json\/wp\/v2\/comments?post=8502"}],"version-history":[{"count":1,"href":"https:\/\/www.sitsesp.org.br\/novo\/wp-json\/wp\/v2\/posts\/8502\/revisions"}],"predecessor-version":[{"id":8504,"href":"https:\/\/www.sitsesp.org.br\/novo\/wp-json\/wp\/v2\/posts\/8502\/revisions\/8504"}],"wp:featuredmedia":[{"embeddable":true,"href":"https:\/\/www.sitsesp.org.br\/novo\/wp-json\/wp\/v2\/media\/8503"}],"wp:attachment":[{"href":"https:\/\/www.sitsesp.org.br\/novo\/wp-json\/wp\/v2\/media?parent=8502"}],"wp:term":[{"taxonomy":"category","embeddable":true,"href":"https:\/\/www.sitsesp.org.br\/novo\/wp-json\/wp\/v2\/categories?post=8502"},{"taxonomy":"post_tag","embeddable":true,"href":"https:\/\/www.sitsesp.org.br\/novo\/wp-json\/wp\/v2\/tags?post=8502"}],"curies":[{"name":"wp","href":"https:\/\/api.w.org\/{rel}","templated":true}]}}