{"id":8899,"date":"2022-05-25T15:30:12","date_gmt":"2022-05-25T18:30:12","guid":{"rendered":"https:\/\/sitsesp.org.br\/novo\/?p=8899"},"modified":"2022-05-25T15:30:12","modified_gmt":"2022-05-25T18:30:12","slug":"sitsesp-em-movimento-conversa-com-coronel-tadeu-da-comissao-de-seguranca-publica","status":"publish","type":"post","link":"https:\/\/www.sitsesp.org.br\/novo\/sitsesp-em-movimento-conversa-com-coronel-tadeu-da-comissao-de-seguranca-publica\/","title":{"rendered":"SITSESP EM MOVIMENTO | CONVERSA COM CORONEL TADEU DA COMISS\u00c3O DE SEGURAN\u00c7A P\u00daBLICA"},"content":{"rendered":"<p><!-- VideographyWP Plugin Message: Automatic video embedding prevented by plugin options. --><br \/>\nEm conversa com o deputado federal Coronel Tadeu sobre o PL 3387\/2019, que ser\u00e1 votado na CSP \u2013 Comiss\u00e3o de Seguran\u00e7a P\u00fablica, da qual o deputado Coronel Tadeu faz parte, este afirmou sua inten\u00e7\u00e3o de votar a favor do PL, o que nos deixa esperan\u00e7osos para que seja aprovado nesta comiss\u00e3o.<\/p>\n<p>O PL 3387\/2019 recoloca o Sistema Socioeducativo no SUSP (Sistema \u00danico de Seguran\u00e7a P\u00fablica) e foi aprovado pela Comiss\u00e3o de Seguridade Social de Fam\u00edlia com apenas tr\u00eas votos contr\u00e1rios. Agora o projeto de lei necessita da aprova\u00e7\u00e3o de mais duas comiss\u00f5es, sendo que, a pr\u00f3xima \u00e9 a CSP &#8211; Comiss\u00e3o de Seguran\u00e7a P\u00fablica, que conta com a presen\u00e7a do deputado Coronel Tadeu e relatoria do deputado Sanderson que tamb\u00e9m \u00e9 estritamente voltado para a seguran\u00e7a p\u00fablica.<\/p>\n<p>O deputado federal Coronel Tadeu deixou um breve v\u00eddeo ratificando sua inten\u00e7\u00e3o para que sejamos vitoriosos em mais esta batalha e temos, tamb\u00e9m, os agradecimentos da presidente do SITSESP Claudia Maria.<\/p>\n<div style=\"width: 1170px;\" class=\"wp-video\"><!--[if lt IE 9]><script>document.createElement('video');<\/script><![endif]-->\n<video class=\"wp-video-shortcode\" id=\"video-8899-1\" width=\"1170\" height=\"658\" preload=\"metadata\" controls=\"controls\"><source type=\"video\/mp4\" src=\"https:\/\/sitsesp.org.br\/novo\/wp-content\/uploads\/2022\/05\/WhatsApp-Video-2022-05-25-at-14.23.17.mp4?_=1\" \/><a href=\"https:\/\/sitsesp.org.br\/novo\/wp-content\/uploads\/2022\/05\/WhatsApp-Video-2022-05-25-at-14.23.17.mp4\">https:\/\/sitsesp.org.br\/novo\/wp-content\/uploads\/2022\/05\/WhatsApp-Video-2022-05-25-at-14.23.17.mp4<\/a><\/video><\/div>\n<p>O SITSESP \u00c9 DE TODOS, PARA TODOS, TRABALHANDO COM TODOS &#8211; SEJA UM FILIADO SITSESP E PARTICIPE DA LUTA<\/p>\n","protected":false},"excerpt":{"rendered":"<p>Em conversa com o deputado federal Coronel Tadeu sobre o PL 3387\/2019, que ser\u00e1 votado na CSP \u2013 Comiss\u00e3o de Seguran\u00e7a&hellip;<\/p>\n","protected":false},"author":5,"featured_media":8901,"comment_status":"open","ping_status":"open","sticky":false,"template":"","format":"standard","meta":{"cybocfi_hide_featured_image":"","footnotes":""},"categories":[27,22],"tags":[],"yoast_head":"<!-- This site is optimized with the Yoast SEO plugin v22.8 - https:\/\/yoast.com\/wordpress\/plugins\/seo\/ -->\n<title>SITSESP EM MOVIMENTO | CONVERSA COM CORONEL TADEU DA COMISS\u00c3O DE SEGURAN\u00c7A P\u00daBLICA - SITSESP<\/title>\n<meta name=\"robots\" content=\"index, follow, max-snippet:-1, max-image-preview:large, max-video-preview:-1\" \/>\n<link rel=\"canonical\" href=\"https:\/\/www.sitsesp.org.br\/novo\/sitsesp-em-movimento-conversa-com-coronel-tadeu-da-comissao-de-seguranca-publica\/\" \/>\n<meta property=\"og:locale\" content=\"pt_BR\" \/>\n<meta property=\"og:type\" content=\"article\" \/>\n<meta property=\"og:title\" content=\"SITSESP EM MOVIMENTO | CONVERSA COM CORONEL TADEU DA COMISS\u00c3O DE SEGURAN\u00c7A P\u00daBLICA - SITSESP\" \/>\n<meta property=\"og:description\" content=\"Em conversa com o deputado federal Coronel Tadeu sobre o PL 3387\/2019, que ser\u00e1 votado na CSP \u2013 Comiss\u00e3o de Seguran\u00e7a&hellip;\" \/>\n<meta property=\"og:url\" content=\"https:\/\/www.sitsesp.org.br\/novo\/sitsesp-em-movimento-conversa-com-coronel-tadeu-da-comissao-de-seguranca-publica\/\" \/>\n<meta property=\"og:site_name\" content=\"SITSESP\" \/>\n<meta property=\"article:published_time\" content=\"2022-05-25T18:30:12+00:00\" \/>\n<meta property=\"og:image\" content=\"https:\/\/www.sitsesp.org.br\/novo\/wp-content\/uploads\/2022\/05\/2505b.jpg\" \/>\n\t<meta property=\"og:image:width\" content=\"800\" \/>\n\t<meta property=\"og:image:height\" content=\"800\" \/>\n\t<meta property=\"og:image:type\" content=\"image\/jpeg\" \/>\n<meta name=\"author\" content=\"imprensa\" \/>\n<meta name=\"twitter:card\" content=\"summary_large_image\" \/>\n<meta name=\"twitter:label1\" content=\"Escrito por\" \/>\n\t<meta name=\"twitter:data1\" content=\"imprensa\" \/>\n\t<meta name=\"twitter:label2\" content=\"Est. tempo de leitura\" \/>\n\t<meta name=\"twitter:data2\" content=\"1 minuto\" \/>\n<script type=\"application\/ld+json\" class=\"yoast-schema-graph\">{\"@context\":\"https:\/\/schema.org\",\"@graph\":[{\"@type\":\"Article\",\"@id\":\"https:\/\/www.sitsesp.org.br\/novo\/sitsesp-em-movimento-conversa-com-coronel-tadeu-da-comissao-de-seguranca-publica\/#article\",\"isPartOf\":{\"@id\":\"https:\/\/www.sitsesp.org.br\/novo\/sitsesp-em-movimento-conversa-com-coronel-tadeu-da-comissao-de-seguranca-publica\/\"},\"author\":{\"name\":\"imprensa\",\"@id\":\"https:\/\/www.sitsesp.org.br\/novo\/#\/schema\/person\/28e42eec160f373e81d0183b3643edbf\"},\"headline\":\"SITSESP EM MOVIMENTO | CONVERSA COM CORONEL TADEU DA COMISS\u00c3O DE SEGURAN\u00c7A P\u00daBLICA\",\"datePublished\":\"2022-05-25T18:30:12+00:00\",\"dateModified\":\"2022-05-25T18:30:12+00:00\",\"mainEntityOfPage\":{\"@id\":\"https:\/\/www.sitsesp.org.br\/novo\/sitsesp-em-movimento-conversa-com-coronel-tadeu-da-comissao-de-seguranca-publica\/\"},\"wordCount\":228,\"commentCount\":0,\"publisher\":{\"@id\":\"https:\/\/www.sitsesp.org.br\/novo\/#organization\"},\"image\":{\"@id\":\"https:\/\/www.sitsesp.org.br\/novo\/sitsesp-em-movimento-conversa-com-coronel-tadeu-da-comissao-de-seguranca-publica\/#primaryimage\"},\"thumbnailUrl\":\"https:\/\/www.sitsesp.org.br\/novo\/wp-content\/uploads\/2022\/05\/2505b.jpg\",\"articleSection\":[\"Destaque\",\"Noticias\"],\"inLanguage\":\"pt-BR\",\"potentialAction\":[{\"@type\":\"CommentAction\",\"name\":\"Comment\",\"target\":[\"https:\/\/www.sitsesp.org.br\/novo\/sitsesp-em-movimento-conversa-com-coronel-tadeu-da-comissao-de-seguranca-publica\/#respond\"]}]},{\"@type\":\"WebPage\",\"@id\":\"https:\/\/www.sitsesp.org.br\/novo\/sitsesp-em-movimento-conversa-com-coronel-tadeu-da-comissao-de-seguranca-publica\/\",\"url\":\"https:\/\/www.sitsesp.org.br\/novo\/sitsesp-em-movimento-conversa-com-coronel-tadeu-da-comissao-de-seguranca-publica\/\",\"name\":\"SITSESP EM MOVIMENTO | CONVERSA COM CORONEL TADEU DA COMISS\u00c3O DE SEGURAN\u00c7A P\u00daBLICA - SITSESP\",\"isPartOf\":{\"@id\":\"https:\/\/www.sitsesp.org.br\/novo\/#website\"},\"primaryImageOfPage\":{\"@id\":\"https:\/\/www.sitsesp.org.br\/novo\/sitsesp-em-movimento-conversa-com-coronel-tadeu-da-comissao-de-seguranca-publica\/#primaryimage\"},\"image\":{\"@id\":\"https:\/\/www.sitsesp.org.br\/novo\/sitsesp-em-movimento-conversa-com-coronel-tadeu-da-comissao-de-seguranca-publica\/#primaryimage\"},\"thumbnailUrl\":\"https:\/\/www.sitsesp.org.br\/novo\/wp-content\/uploads\/2022\/05\/2505b.jpg\",\"datePublished\":\"2022-05-25T18:30:12+00:00\",\"dateModified\":\"2022-05-25T18:30:12+00:00\",\"breadcrumb\":{\"@id\":\"https:\/\/www.sitsesp.org.br\/novo\/sitsesp-em-movimento-conversa-com-coronel-tadeu-da-comissao-de-seguranca-publica\/#breadcrumb\"},\"inLanguage\":\"pt-BR\",\"potentialAction\":[{\"@type\":\"ReadAction\",\"target\":[\"https:\/\/www.sitsesp.org.br\/novo\/sitsesp-em-movimento-conversa-com-coronel-tadeu-da-comissao-de-seguranca-publica\/\"]}]},{\"@type\":\"ImageObject\",\"inLanguage\":\"pt-BR\",\"@id\":\"https:\/\/www.sitsesp.org.br\/novo\/sitsesp-em-movimento-conversa-com-coronel-tadeu-da-comissao-de-seguranca-publica\/#primaryimage\",\"url\":\"https:\/\/www.sitsesp.org.br\/novo\/wp-content\/uploads\/2022\/05\/2505b.jpg\",\"contentUrl\":\"https:\/\/www.sitsesp.org.br\/novo\/wp-content\/uploads\/2022\/05\/2505b.jpg\",\"width\":800,\"height\":800},{\"@type\":\"BreadcrumbList\",\"@id\":\"https:\/\/www.sitsesp.org.br\/novo\/sitsesp-em-movimento-conversa-com-coronel-tadeu-da-comissao-de-seguranca-publica\/#breadcrumb\",\"itemListElement\":[{\"@type\":\"ListItem\",\"position\":1,\"name\":\"In\u00edcio\",\"item\":\"https:\/\/www.sitsesp.org.br\/novo\/\"},{\"@type\":\"ListItem\",\"position\":2,\"name\":\"SITSESP EM MOVIMENTO | CONVERSA COM CORONEL TADEU DA COMISS\u00c3O DE SEGURAN\u00c7A P\u00daBLICA\"}]},{\"@type\":\"WebSite\",\"@id\":\"https:\/\/www.sitsesp.org.br\/novo\/#website\",\"url\":\"https:\/\/www.sitsesp.org.br\/novo\/\",\"name\":\"Sitsesp\",\"description\":\"SIndicato da Socioeduca\u00e7\u00e3o do Estado de S\u00e3o Paulo\",\"publisher\":{\"@id\":\"https:\/\/www.sitsesp.org.br\/novo\/#organization\"},\"potentialAction\":[{\"@type\":\"SearchAction\",\"target\":{\"@type\":\"EntryPoint\",\"urlTemplate\":\"https:\/\/www.sitsesp.org.br\/novo\/?s={search_term_string}\"},\"query-input\":\"required name=search_term_string\"}],\"inLanguage\":\"pt-BR\"},{\"@type\":\"Organization\",\"@id\":\"https:\/\/www.sitsesp.org.br\/novo\/#organization\",\"name\":\"Sitsesp\",\"url\":\"https:\/\/www.sitsesp.org.br\/novo\/\",\"logo\":{\"@type\":\"ImageObject\",\"inLanguage\":\"pt-BR\",\"@id\":\"https:\/\/www.sitsesp.org.br\/novo\/#\/schema\/logo\/image\/\",\"url\":\"https:\/\/www.sitsesp.org.br\/novo\/wp-content\/uploads\/2020\/09\/Design-sem-nome-1.jpg\",\"contentUrl\":\"https:\/\/www.sitsesp.org.br\/novo\/wp-content\/uploads\/2020\/09\/Design-sem-nome-1.jpg\",\"width\":300,\"height\":300,\"caption\":\"Sitsesp\"},\"image\":{\"@id\":\"https:\/\/www.sitsesp.org.br\/novo\/#\/schema\/logo\/image\/\"}},{\"@type\":\"Person\",\"@id\":\"https:\/\/www.sitsesp.org.br\/novo\/#\/schema\/person\/28e42eec160f373e81d0183b3643edbf\",\"name\":\"imprensa\",\"image\":{\"@type\":\"ImageObject\",\"inLanguage\":\"pt-BR\",\"@id\":\"https:\/\/www.sitsesp.org.br\/novo\/#\/schema\/person\/image\/\",\"url\":\"https:\/\/secure.gravatar.com\/avatar\/8d6ccd8d7d52b8959f34154e87d3fa29?s=96&d=mm&r=g\",\"contentUrl\":\"https:\/\/secure.gravatar.com\/avatar\/8d6ccd8d7d52b8959f34154e87d3fa29?s=96&d=mm&r=g\",\"caption\":\"imprensa\"}}]}<\/script>\n<!-- \/ Yoast SEO plugin. -->","yoast_head_json":{"title":"SITSESP EM MOVIMENTO | CONVERSA COM CORONEL TADEU DA COMISS\u00c3O DE SEGURAN\u00c7A P\u00daBLICA - SITSESP","robots":{"index":"index","follow":"follow","max-snippet":"max-snippet:-1","max-image-preview":"max-image-preview:large","max-video-preview":"max-video-preview:-1"},"canonical":"https:\/\/www.sitsesp.org.br\/novo\/sitsesp-em-movimento-conversa-com-coronel-tadeu-da-comissao-de-seguranca-publica\/","og_locale":"pt_BR","og_type":"article","og_title":"SITSESP EM MOVIMENTO | CONVERSA COM CORONEL TADEU DA COMISS\u00c3O DE SEGURAN\u00c7A P\u00daBLICA - SITSESP","og_description":"Em conversa com o deputado federal Coronel Tadeu sobre o PL 3387\/2019, que ser\u00e1 votado na CSP \u2013 Comiss\u00e3o de Seguran\u00e7a&hellip;","og_url":"https:\/\/www.sitsesp.org.br\/novo\/sitsesp-em-movimento-conversa-com-coronel-tadeu-da-comissao-de-seguranca-publica\/","og_site_name":"SITSESP","article_published_time":"2022-05-25T18:30:12+00:00","og_image":[{"width":800,"height":800,"url":"https:\/\/www.sitsesp.org.br\/novo\/wp-content\/uploads\/2022\/05\/2505b.jpg","type":"image\/jpeg"}],"author":"imprensa","twitter_card":"summary_large_image","twitter_misc":{"Escrito por":"imprensa","Est. tempo de leitura":"1 minuto"},"schema":{"@context":"https:\/\/schema.org","@graph":[{"@type":"Article","@id":"https:\/\/www.sitsesp.org.br\/novo\/sitsesp-em-movimento-conversa-com-coronel-tadeu-da-comissao-de-seguranca-publica\/#article","isPartOf":{"@id":"https:\/\/www.sitsesp.org.br\/novo\/sitsesp-em-movimento-conversa-com-coronel-tadeu-da-comissao-de-seguranca-publica\/"},"author":{"name":"imprensa","@id":"https:\/\/www.sitsesp.org.br\/novo\/#\/schema\/person\/28e42eec160f373e81d0183b3643edbf"},"headline":"SITSESP EM MOVIMENTO | CONVERSA COM CORONEL TADEU DA COMISS\u00c3O DE SEGURAN\u00c7A P\u00daBLICA","datePublished":"2022-05-25T18:30:12+00:00","dateModified":"2022-05-25T18:30:12+00:00","mainEntityOfPage":{"@id":"https:\/\/www.sitsesp.org.br\/novo\/sitsesp-em-movimento-conversa-com-coronel-tadeu-da-comissao-de-seguranca-publica\/"},"wordCount":228,"commentCount":0,"publisher":{"@id":"https:\/\/www.sitsesp.org.br\/novo\/#organization"},"image":{"@id":"https:\/\/www.sitsesp.org.br\/novo\/sitsesp-em-movimento-conversa-com-coronel-tadeu-da-comissao-de-seguranca-publica\/#primaryimage"},"thumbnailUrl":"https:\/\/www.sitsesp.org.br\/novo\/wp-content\/uploads\/2022\/05\/2505b.jpg","articleSection":["Destaque","Noticias"],"inLanguage":"pt-BR","potentialAction":[{"@type":"CommentAction","name":"Comment","target":["https:\/\/www.sitsesp.org.br\/novo\/sitsesp-em-movimento-conversa-com-coronel-tadeu-da-comissao-de-seguranca-publica\/#respond"]}]},{"@type":"WebPage","@id":"https:\/\/www.sitsesp.org.br\/novo\/sitsesp-em-movimento-conversa-com-coronel-tadeu-da-comissao-de-seguranca-publica\/","url":"https:\/\/www.sitsesp.org.br\/novo\/sitsesp-em-movimento-conversa-com-coronel-tadeu-da-comissao-de-seguranca-publica\/","name":"SITSESP EM MOVIMENTO | CONVERSA COM CORONEL TADEU DA COMISS\u00c3O DE SEGURAN\u00c7A P\u00daBLICA - SITSESP","isPartOf":{"@id":"https:\/\/www.sitsesp.org.br\/novo\/#website"},"primaryImageOfPage":{"@id":"https:\/\/www.sitsesp.org.br\/novo\/sitsesp-em-movimento-conversa-com-coronel-tadeu-da-comissao-de-seguranca-publica\/#primaryimage"},"image":{"@id":"https:\/\/www.sitsesp.org.br\/novo\/sitsesp-em-movimento-conversa-com-coronel-tadeu-da-comissao-de-seguranca-publica\/#primaryimage"},"thumbnailUrl":"https:\/\/www.sitsesp.org.br\/novo\/wp-content\/uploads\/2022\/05\/2505b.jpg","datePublished":"2022-05-25T18:30:12+00:00","dateModified":"2022-05-25T18:30:12+00:00","breadcrumb":{"@id":"https:\/\/www.sitsesp.org.br\/novo\/sitsesp-em-movimento-conversa-com-coronel-tadeu-da-comissao-de-seguranca-publica\/#breadcrumb"},"inLanguage":"pt-BR","potentialAction":[{"@type":"ReadAction","target":["https:\/\/www.sitsesp.org.br\/novo\/sitsesp-em-movimento-conversa-com-coronel-tadeu-da-comissao-de-seguranca-publica\/"]}]},{"@type":"ImageObject","inLanguage":"pt-BR","@id":"https:\/\/www.sitsesp.org.br\/novo\/sitsesp-em-movimento-conversa-com-coronel-tadeu-da-comissao-de-seguranca-publica\/#primaryimage","url":"https:\/\/www.sitsesp.org.br\/novo\/wp-content\/uploads\/2022\/05\/2505b.jpg","contentUrl":"https:\/\/www.sitsesp.org.br\/novo\/wp-content\/uploads\/2022\/05\/2505b.jpg","width":800,"height":800},{"@type":"BreadcrumbList","@id":"https:\/\/www.sitsesp.org.br\/novo\/sitsesp-em-movimento-conversa-com-coronel-tadeu-da-comissao-de-seguranca-publica\/#breadcrumb","itemListElement":[{"@type":"ListItem","position":1,"name":"In\u00edcio","item":"https:\/\/www.sitsesp.org.br\/novo\/"},{"@type":"ListItem","position":2,"name":"SITSESP EM MOVIMENTO | CONVERSA COM CORONEL TADEU DA COMISS\u00c3O DE SEGURAN\u00c7A P\u00daBLICA"}]},{"@type":"WebSite","@id":"https:\/\/www.sitsesp.org.br\/novo\/#website","url":"https:\/\/www.sitsesp.org.br\/novo\/","name":"Sitsesp","description":"SIndicato da Socioeduca\u00e7\u00e3o do Estado de S\u00e3o Paulo","publisher":{"@id":"https:\/\/www.sitsesp.org.br\/novo\/#organization"},"potentialAction":[{"@type":"SearchAction","target":{"@type":"EntryPoint","urlTemplate":"https:\/\/www.sitsesp.org.br\/novo\/?s={search_term_string}"},"query-input":"required name=search_term_string"}],"inLanguage":"pt-BR"},{"@type":"Organization","@id":"https:\/\/www.sitsesp.org.br\/novo\/#organization","name":"Sitsesp","url":"https:\/\/www.sitsesp.org.br\/novo\/","logo":{"@type":"ImageObject","inLanguage":"pt-BR","@id":"https:\/\/www.sitsesp.org.br\/novo\/#\/schema\/logo\/image\/","url":"https:\/\/www.sitsesp.org.br\/novo\/wp-content\/uploads\/2020\/09\/Design-sem-nome-1.jpg","contentUrl":"https:\/\/www.sitsesp.org.br\/novo\/wp-content\/uploads\/2020\/09\/Design-sem-nome-1.jpg","width":300,"height":300,"caption":"Sitsesp"},"image":{"@id":"https:\/\/www.sitsesp.org.br\/novo\/#\/schema\/logo\/image\/"}},{"@type":"Person","@id":"https:\/\/www.sitsesp.org.br\/novo\/#\/schema\/person\/28e42eec160f373e81d0183b3643edbf","name":"imprensa","image":{"@type":"ImageObject","inLanguage":"pt-BR","@id":"https:\/\/www.sitsesp.org.br\/novo\/#\/schema\/person\/image\/","url":"https:\/\/secure.gravatar.com\/avatar\/8d6ccd8d7d52b8959f34154e87d3fa29?s=96&d=mm&r=g","contentUrl":"https:\/\/secure.gravatar.com\/avatar\/8d6ccd8d7d52b8959f34154e87d3fa29?s=96&d=mm&r=g","caption":"imprensa"}}]}},"_links":{"self":[{"href":"https:\/\/www.sitsesp.org.br\/novo\/wp-json\/wp\/v2\/posts\/8899"}],"collection":[{"href":"https:\/\/www.sitsesp.org.br\/novo\/wp-json\/wp\/v2\/posts"}],"about":[{"href":"https:\/\/www.sitsesp.org.br\/novo\/wp-json\/wp\/v2\/types\/post"}],"author":[{"embeddable":true,"href":"https:\/\/www.sitsesp.org.br\/novo\/wp-json\/wp\/v2\/users\/5"}],"replies":[{"embeddable":true,"href":"https:\/\/www.sitsesp.org.br\/novo\/wp-json\/wp\/v2\/comments?post=8899"}],"version-history":[{"count":1,"href":"https:\/\/www.sitsesp.org.br\/novo\/wp-json\/wp\/v2\/posts\/8899\/revisions"}],"predecessor-version":[{"id":8902,"href":"https:\/\/www.sitsesp.org.br\/novo\/wp-json\/wp\/v2\/posts\/8899\/revisions\/8902"}],"wp:featuredmedia":[{"embeddable":true,"href":"https:\/\/www.sitsesp.org.br\/novo\/wp-json\/wp\/v2\/media\/8901"}],"wp:attachment":[{"href":"https:\/\/www.sitsesp.org.br\/novo\/wp-json\/wp\/v2\/media?parent=8899"}],"wp:term":[{"taxonomy":"category","embeddable":true,"href":"https:\/\/www.sitsesp.org.br\/novo\/wp-json\/wp\/v2\/categories?post=8899"},{"taxonomy":"post_tag","embeddable":true,"href":"https:\/\/www.sitsesp.org.br\/novo\/wp-json\/wp\/v2\/tags?post=8899"}],"curies":[{"name":"wp","href":"https:\/\/api.w.org\/{rel}","templated":true}]}}